{"id":178792,"date":"2026-01-28T10:01:00","date_gmt":"2026-01-28T13:01:00","guid":{"rendered":"https:\/\/portaltela.pt\/noticias\/2026\/01\/28\/protecao-civil-regista-3-300-ocorrencias-no-continente-por-depressao-kristin\/"},"modified":"2026-01-28T10:01:00","modified_gmt":"2026-01-28T13:01:00","slug":"protecao-civil-regista-3-300-ocorrencias-no-continente-por-depressao-kristin","status":"publish","type":"post","link":"https:\/\/portaltela.pt\/noticias\/2026\/01\/28\/protecao-civil-regista-3-300-ocorrencias-no-continente-por-depressao-kristin\/","title":{"rendered":"Prote\u00e7\u00e3o Civil regista 3.300 ocorr\u00eancias no continente por depress\u00e3o Kristin"},"content":{"rendered":"<p>A Prote\u00e7\u00e3o Civil informou que o n\u00famero de ocorr\u00eancias registadas no continente atingiu 3.300, em consequ\u00eancia da depress\u00e3o Kristin. A atualiza\u00e7\u00e3o foi divulgada pela institui\u00e7\u00e3o nas \u00faltimas horas.<\/p>\n<p>Segundo a nota oficial, as situa\u00e7\u00f5es reportadas abrangem diversas regi\u00f5es do territ\u00f3rio continental, com impacto significativo em vias e infraestruturas locais. Detalhes adicionais n\u00e3o foram tornados p\u00fablicos.<\/p>\n<p>As autoridades pol\u00edticas e de prote\u00e7\u00e3o civil reiteraram a necessidade de manter cautela e seguir as instru\u00e7\u00f5es das autoridades locais, como evacua\u00e7\u00e3o ou isolamento de \u00e1reas inund\u00e1veis, conforme a evolu\u00e7\u00e3o das condi\u00e7\u00f5es meteorol\u00f3gicas.<\/p>\n<p>Informa\u00e7\u00e3o adicional est\u00e1 dispon\u00edvel apenas para subscritores; n\u00e3o foram facultadas mais explica\u00e7\u00f5es p\u00fablicas neste momento. A Prote\u00e7\u00e3o Civil continua a monitorizar a situa\u00e7\u00e3o e a pedir colabora\u00e7\u00e3o da popula\u00e7\u00e3o.<\/p>\n","protected":false},"excerpt":{"rendered":"<ul>\n<li>A Prote\u00e7\u00e3o Civil reporta um aumento para 3.300 ocorr\u00eancias no continente, associado \u00e0 depress\u00e3o Kristin.<\/li>\n<li>O acr\u00e9scimo reflete o impacto da depress\u00e3o nas ocorr\u00eancias registadas pela institui\u00e7\u00e3o.<\/li>\n<li>A not\u00edcia completa n\u00e3o est\u00e1 dispon\u00edvel publicamente; apenas subscritores t\u00eam acesso ao conte\u00fado.<\/li>\n<li>N\u00e3o foram fornecidos detalhes adicionais sobre a evolu\u00e7\u00e3o das ocorr\u00eancias ou medidas espec\u00edficas.<\/li>\n<li>A informa\u00e7\u00e3o foi comunicada pela entidade respons\u00e1vel, sem indica\u00e7\u00e3o de datas exatas ou regi\u00f5es espec\u00edficas.<\/li>\n<\/ul>\n","protected":false},"author":2,"featured_media":178793,"comment_status":"closed","ping_status":"closed","sticky":false,"template":"","format":"standard","meta":{"footnotes":""},"categories":[1],"tags":[2938,2051,320,250,3738],"class_list":["post-178792","post","type-post","status-publish","format-standard","has-post-thumbnail","hentry","category-noticias","tag-evacuacao","tag-inundacao","tag-protecao-civil","tag-seguranca-publica","tag-vias-de-comunicacao"],"yoast_head":"<!-- This site is optimized with the Yoast SEO plugin v27.2 - https:\/\/yoast.com\/product\/yoast-seo-wordpress\/ -->\n<title>Prote\u00e7\u00e3o Civil regista 3.300 ocorr\u00eancias no continente por depress\u00e3o Kristin - Portal Tela Portugal<\/title>\n<meta name=\"robots\" content=\"index, follow, max-snippet:-1, max-image-preview:large, max-video-preview:-1\" \/>\n<meta property=\"og:locale\" content=\"pt_PT\" \/>\n<meta property=\"og:type\" content=\"article\" \/>\n<meta property=\"og:title\" content=\"Prote\u00e7\u00e3o Civil regista 3.300 ocorr\u00eancias no continente por depress\u00e3o Kristin - Portal Tela Portugal\" \/>\n<meta property=\"og:description\" content=\"A Prote\u00e7\u00e3o Civil reporta um aumento para 3.300 ocorr\u00eancias no continente, associado \u00e0 depress\u00e3o Kristin. O acr\u00e9scimo reflete o impacto da depress\u00e3o nas ocorr\u00eancias registadas pela institui\u00e7\u00e3o. A not\u00edcia completa n\u00e3o est\u00e1 dispon\u00edvel publicamente; apenas subscritores t\u00eam acesso ao conte\u00fado. N\u00e3o foram fornecidos detalhes adicionais sobre a evolu\u00e7\u00e3o das ocorr\u00eancias ou medidas espec\u00edficas. A informa\u00e7\u00e3o foi comunicada pela entidade respons\u00e1vel, sem indica\u00e7\u00e3o de datas exatas ou regi\u00f5es espec\u00edficas.\" \/>\n<meta property=\"og:url\" content=\"https:\/\/portaltela.pt\/noticias\/2026\/01\/28\/protecao-civil-regista-3-300-ocorrencias-no-continente-por-depressao-kristin\/\" \/>\n<meta property=\"og:site_name\" content=\"Portal Tela Portugal\" \/>\n<meta property=\"article:published_time\" content=\"2026-01-28T13:01:00+00:00\" \/>\n<meta name=\"author\" content=\"Telinha\" \/>\n<meta name=\"twitter:card\" content=\"summary_large_image\" \/>\n<meta name=\"twitter:label1\" content=\"Escrito por\" \/>\n\t<meta name=\"twitter:data1\" content=\"Telinha\" \/>\n\t<meta name=\"twitter:label2\" content=\"Tempo estimado de leitura\" \/>\n\t<meta name=\"twitter:data2\" content=\"1 minuto\" \/>\n<script type=\"application\/ld+json\" class=\"yoast-schema-graph\">{\"@context\":\"https:\/\/schema.org\",\"@graph\":[{\"@type\":\"Article\",\"@id\":\"https:\/\/portaltela.pt\/noticias\/2026\/01\/28\/protecao-civil-regista-3-300-ocorrencias-no-continente-por-depressao-kristin\/#article\",\"isPartOf\":{\"@id\":\"https:\/\/portaltela.pt\/noticias\/2026\/01\/28\/protecao-civil-regista-3-300-ocorrencias-no-continente-por-depressao-kristin\/\"},\"author\":{\"name\":\"Telinha\",\"@id\":\"https:\/\/portaltela.pt\/#\/schema\/person\/c4278d4a6028830caff9ee44b42d32ed\"},\"headline\":\"Prote\u00e7\u00e3o Civil regista 3.300 ocorr\u00eancias no continente por depress\u00e3o Kristin\",\"datePublished\":\"2026-01-28T13:01:00+00:00\",\"mainEntityOfPage\":{\"@id\":\"https:\/\/portaltela.pt\/noticias\/2026\/01\/28\/protecao-civil-regista-3-300-ocorrencias-no-continente-por-depressao-kristin\/\"},\"wordCount\":157,\"image\":{\"@id\":\"https:\/\/portaltela.pt\/noticias\/2026\/01\/28\/protecao-civil-regista-3-300-ocorrencias-no-continente-por-depressao-kristin\/#primaryimage\"},\"thumbnailUrl\":\"https:\/\/portaltela.pt\/s.01k8rhncp4jt1\/2026\/01\/CACHE_780X1200_ANALOG_WATERMARKED_46441431_14746227_28012026114459.jpg\",\"keywords\":[\"evacua\u00e7\u00e3o\",\"inunda\u00e7\u00e3o\",\"prote\u00e7\u00e3o civil\",\"seguran\u00e7a p\u00fablica\",\"vias de comunica\u00e7\u00e3o\"],\"articleSection\":[\"Not\u00edcias\"],\"inLanguage\":\"pt-PT\"},{\"@type\":\"WebPage\",\"@id\":\"https:\/\/portaltela.pt\/noticias\/2026\/01\/28\/protecao-civil-regista-3-300-ocorrencias-no-continente-por-depressao-kristin\/\",\"url\":\"https:\/\/portaltela.pt\/noticias\/2026\/01\/28\/protecao-civil-regista-3-300-ocorrencias-no-continente-por-depressao-kristin\/\",\"name\":\"Prote\u00e7\u00e3o Civil regista 3.300 ocorr\u00eancias no continente por depress\u00e3o Kristin - Portal Tela Portugal\",\"isPartOf\":{\"@id\":\"https:\/\/portaltela.pt\/#website\"},\"primaryImageOfPage\":{\"@id\":\"https:\/\/portaltela.pt\/noticias\/2026\/01\/28\/protecao-civil-regista-3-300-ocorrencias-no-continente-por-depressao-kristin\/#primaryimage\"},\"image\":{\"@id\":\"https:\/\/portaltela.pt\/noticias\/2026\/01\/28\/protecao-civil-regista-3-300-ocorrencias-no-continente-por-depressao-kristin\/#primaryimage\"},\"thumbnailUrl\":\"https:\/\/portaltela.pt\/s.01k8rhncp4jt1\/2026\/01\/CACHE_780X1200_ANALOG_WATERMARKED_46441431_14746227_28012026114459.jpg\",\"datePublished\":\"2026-01-28T13:01:00+00:00\",\"author\":{\"@id\":\"https:\/\/portaltela.pt\/#\/schema\/person\/c4278d4a6028830caff9ee44b42d32ed\"},\"breadcrumb\":{\"@id\":\"https:\/\/portaltela.pt\/noticias\/2026\/01\/28\/protecao-civil-regista-3-300-ocorrencias-no-continente-por-depressao-kristin\/#breadcrumb\"},\"inLanguage\":\"pt-PT\",\"potentialAction\":[{\"@type\":\"ReadAction\",\"target\":[\"https:\/\/portaltela.pt\/noticias\/2026\/01\/28\/protecao-civil-regista-3-300-ocorrencias-no-continente-por-depressao-kristin\/\"]}]},{\"@type\":\"ImageObject\",\"inLanguage\":\"pt-PT\",\"@id\":\"https:\/\/portaltela.pt\/noticias\/2026\/01\/28\/protecao-civil-regista-3-300-ocorrencias-no-continente-por-depressao-kristin\/#primaryimage\",\"url\":\"https:\/\/portaltela.pt\/s.01k8rhncp4jt1\/2026\/01\/CACHE_780X1200_ANALOG_WATERMARKED_46441431_14746227_28012026114459.jpg\",\"contentUrl\":\"https:\/\/portaltela.pt\/s.01k8rhncp4jt1\/2026\/01\/CACHE_780X1200_ANALOG_WATERMARKED_46441431_14746227_28012026114459.jpg\",\"width\":768,\"height\":512,\"caption\":\"Prote\u00e7\u00e3o Civil aumenta para 3.300 ocorr\u00eancias no continente devido a depress\u00e3o Kristin\"},{\"@type\":\"BreadcrumbList\",\"@id\":\"https:\/\/portaltela.pt\/noticias\/2026\/01\/28\/protecao-civil-regista-3-300-ocorrencias-no-continente-por-depressao-kristin\/#breadcrumb\",\"itemListElement\":[{\"@type\":\"ListItem\",\"position\":1,\"name\":\"In\u00edcio\",\"item\":\"https:\/\/portaltela.pt\/\"},{\"@type\":\"ListItem\",\"position\":2,\"name\":\"Prote\u00e7\u00e3o Civil regista 3.300 ocorr\u00eancias no continente por depress\u00e3o Kristin\"}]},{\"@type\":\"WebSite\",\"@id\":\"https:\/\/portaltela.pt\/#website\",\"url\":\"https:\/\/portaltela.pt\/\",\"name\":\"Portal Tela Portugal\",\"description\":\"\",\"potentialAction\":[{\"@type\":\"SearchAction\",\"target\":{\"@type\":\"EntryPoint\",\"urlTemplate\":\"https:\/\/portaltela.pt\/?s={search_term_string}\"},\"query-input\":{\"@type\":\"PropertyValueSpecification\",\"valueRequired\":true,\"valueName\":\"search_term_string\"}}],\"inLanguage\":\"pt-PT\"},{\"@type\":\"Person\",\"@id\":\"https:\/\/portaltela.pt\/#\/schema\/person\/c4278d4a6028830caff9ee44b42d32ed\",\"name\":\"Telinha\",\"image\":{\"@type\":\"ImageObject\",\"inLanguage\":\"pt-PT\",\"@id\":\"https:\/\/portaltela.pt\/s.01k8rhncp4jt1\/2025\/11\/talking-bot-125x125.png\",\"url\":\"https:\/\/portaltela.pt\/s.01k8rhncp4jt1\/2025\/11\/talking-bot-125x125.png\",\"contentUrl\":\"https:\/\/portaltela.pt\/s.01k8rhncp4jt1\/2025\/11\/talking-bot-125x125.png\",\"caption\":\"Telinha\"},\"sameAs\":[\"https:\/\/portaltela.pt\/\"],\"url\":\"https:\/\/portaltela.pt\/por\/367410592786\/\"}]}<\/script>\n<!-- \/ Yoast SEO plugin. -->","yoast_head_json":{"title":"Prote\u00e7\u00e3o Civil regista 3.300 ocorr\u00eancias no continente por depress\u00e3o Kristin - Portal Tela Portugal","robots":{"index":"index","follow":"follow","max-snippet":"max-snippet:-1","max-image-preview":"max-image-preview:large","max-video-preview":"max-video-preview:-1"},"og_locale":"pt_PT","og_type":"article","og_title":"Prote\u00e7\u00e3o Civil regista 3.300 ocorr\u00eancias no continente por depress\u00e3o Kristin - Portal Tela Portugal","og_description":"A Prote\u00e7\u00e3o Civil reporta um aumento para 3.300 ocorr\u00eancias no continente, associado \u00e0 depress\u00e3o Kristin. O acr\u00e9scimo reflete o impacto da depress\u00e3o nas ocorr\u00eancias registadas pela institui\u00e7\u00e3o. A not\u00edcia completa n\u00e3o est\u00e1 dispon\u00edvel publicamente; apenas subscritores t\u00eam acesso ao conte\u00fado. N\u00e3o foram fornecidos detalhes adicionais sobre a evolu\u00e7\u00e3o das ocorr\u00eancias ou medidas espec\u00edficas. A informa\u00e7\u00e3o foi comunicada pela entidade respons\u00e1vel, sem indica\u00e7\u00e3o de datas exatas ou regi\u00f5es espec\u00edficas.","og_url":"https:\/\/portaltela.pt\/noticias\/2026\/01\/28\/protecao-civil-regista-3-300-ocorrencias-no-continente-por-depressao-kristin\/","og_site_name":"Portal Tela Portugal","article_published_time":"2026-01-28T13:01:00+00:00","author":"Telinha","twitter_card":"summary_large_image","twitter_misc":{"Escrito por":"Telinha","Tempo estimado de leitura":"1 minuto"},"schema":{"@context":"https:\/\/schema.org","@graph":[{"@type":"Article","@id":"https:\/\/portaltela.pt\/noticias\/2026\/01\/28\/protecao-civil-regista-3-300-ocorrencias-no-continente-por-depressao-kristin\/#article","isPartOf":{"@id":"https:\/\/portaltela.pt\/noticias\/2026\/01\/28\/protecao-civil-regista-3-300-ocorrencias-no-continente-por-depressao-kristin\/"},"author":{"name":"Telinha","@id":"https:\/\/portaltela.pt\/#\/schema\/person\/c4278d4a6028830caff9ee44b42d32ed"},"headline":"Prote\u00e7\u00e3o Civil regista 3.300 ocorr\u00eancias no continente por depress\u00e3o Kristin","datePublished":"2026-01-28T13:01:00+00:00","mainEntityOfPage":{"@id":"https:\/\/portaltela.pt\/noticias\/2026\/01\/28\/protecao-civil-regista-3-300-ocorrencias-no-continente-por-depressao-kristin\/"},"wordCount":157,"image":{"@id":"https:\/\/portaltela.pt\/noticias\/2026\/01\/28\/protecao-civil-regista-3-300-ocorrencias-no-continente-por-depressao-kristin\/#primaryimage"},"thumbnailUrl":"https:\/\/portaltela.pt\/s.01k8rhncp4jt1\/2026\/01\/CACHE_780X1200_ANALOG_WATERMARKED_46441431_14746227_28012026114459.jpg","keywords":["evacua\u00e7\u00e3o","inunda\u00e7\u00e3o","prote\u00e7\u00e3o civil","seguran\u00e7a p\u00fablica","vias de comunica\u00e7\u00e3o"],"articleSection":["Not\u00edcias"],"inLanguage":"pt-PT"},{"@type":"WebPage","@id":"https:\/\/portaltela.pt\/noticias\/2026\/01\/28\/protecao-civil-regista-3-300-ocorrencias-no-continente-por-depressao-kristin\/","url":"https:\/\/portaltela.pt\/noticias\/2026\/01\/28\/protecao-civil-regista-3-300-ocorrencias-no-continente-por-depressao-kristin\/","name":"Prote\u00e7\u00e3o Civil regista 3.300 ocorr\u00eancias no continente por depress\u00e3o Kristin - Portal Tela Portugal","isPartOf":{"@id":"https:\/\/portaltela.pt\/#website"},"primaryImageOfPage":{"@id":"https:\/\/portaltela.pt\/noticias\/2026\/01\/28\/protecao-civil-regista-3-300-ocorrencias-no-continente-por-depressao-kristin\/#primaryimage"},"image":{"@id":"https:\/\/portaltela.pt\/noticias\/2026\/01\/28\/protecao-civil-regista-3-300-ocorrencias-no-continente-por-depressao-kristin\/#primaryimage"},"thumbnailUrl":"https:\/\/portaltela.pt\/s.01k8rhncp4jt1\/2026\/01\/CACHE_780X1200_ANALOG_WATERMARKED_46441431_14746227_28012026114459.jpg","datePublished":"2026-01-28T13:01:00+00:00","author":{"@id":"https:\/\/portaltela.pt\/#\/schema\/person\/c4278d4a6028830caff9ee44b42d32ed"},"breadcrumb":{"@id":"https:\/\/portaltela.pt\/noticias\/2026\/01\/28\/protecao-civil-regista-3-300-ocorrencias-no-continente-por-depressao-kristin\/#breadcrumb"},"inLanguage":"pt-PT","potentialAction":[{"@type":"ReadAction","target":["https:\/\/portaltela.pt\/noticias\/2026\/01\/28\/protecao-civil-regista-3-300-ocorrencias-no-continente-por-depressao-kristin\/"]}]},{"@type":"ImageObject","inLanguage":"pt-PT","@id":"https:\/\/portaltela.pt\/noticias\/2026\/01\/28\/protecao-civil-regista-3-300-ocorrencias-no-continente-por-depressao-kristin\/#primaryimage","url":"https:\/\/portaltela.pt\/s.01k8rhncp4jt1\/2026\/01\/CACHE_780X1200_ANALOG_WATERMARKED_46441431_14746227_28012026114459.jpg","contentUrl":"https:\/\/portaltela.pt\/s.01k8rhncp4jt1\/2026\/01\/CACHE_780X1200_ANALOG_WATERMARKED_46441431_14746227_28012026114459.jpg","width":768,"height":512,"caption":"Prote\u00e7\u00e3o Civil aumenta para 3.300 ocorr\u00eancias no continente devido a depress\u00e3o Kristin"},{"@type":"BreadcrumbList","@id":"https:\/\/portaltela.pt\/noticias\/2026\/01\/28\/protecao-civil-regista-3-300-ocorrencias-no-continente-por-depressao-kristin\/#breadcrumb","itemListElement":[{"@type":"ListItem","position":1,"name":"In\u00edcio","item":"https:\/\/portaltela.pt\/"},{"@type":"ListItem","position":2,"name":"Prote\u00e7\u00e3o Civil regista 3.300 ocorr\u00eancias no continente por depress\u00e3o Kristin"}]},{"@type":"WebSite","@id":"https:\/\/portaltela.pt\/#website","url":"https:\/\/portaltela.pt\/","name":"Portal Tela Portugal","description":"","potentialAction":[{"@type":"SearchAction","target":{"@type":"EntryPoint","urlTemplate":"https:\/\/portaltela.pt\/?s={search_term_string}"},"query-input":{"@type":"PropertyValueSpecification","valueRequired":true,"valueName":"search_term_string"}}],"inLanguage":"pt-PT"},{"@type":"Person","@id":"https:\/\/portaltela.pt\/#\/schema\/person\/c4278d4a6028830caff9ee44b42d32ed","name":"Telinha","image":{"@type":"ImageObject","inLanguage":"pt-PT","@id":"https:\/\/portaltela.pt\/s.01k8rhncp4jt1\/2025\/11\/talking-bot-125x125.png","url":"https:\/\/portaltela.pt\/s.01k8rhncp4jt1\/2025\/11\/talking-bot-125x125.png","contentUrl":"https:\/\/portaltela.pt\/s.01k8rhncp4jt1\/2025\/11\/talking-bot-125x125.png","caption":"Telinha"},"sameAs":["https:\/\/portaltela.pt\/"],"url":"https:\/\/portaltela.pt\/por\/367410592786\/"}]}},"_links":{"self":[{"href":"https:\/\/portaltela.pt\/api\/wp\/v2\/posts\/178792","targetHints":{"allow":["GET"]}}],"collection":[{"href":"https:\/\/portaltela.pt\/api\/wp\/v2\/posts"}],"about":[{"href":"https:\/\/portaltela.pt\/api\/wp\/v2\/types\/post"}],"author":[{"embeddable":true,"href":"https:\/\/portaltela.pt\/api\/wp\/v2\/users\/2"}],"replies":[{"embeddable":true,"href":"https:\/\/portaltela.pt\/api\/wp\/v2\/comments?post=178792"}],"version-history":[{"count":0,"href":"https:\/\/portaltela.pt\/api\/wp\/v2\/posts\/178792\/revisions"}],"wp:featuredmedia":[{"embeddable":true,"href":"https:\/\/portaltela.pt\/api\/wp\/v2\/media\/178793"}],"wp:attachment":[{"href":"https:\/\/portaltela.pt\/api\/wp\/v2\/media?parent=178792"}],"wp:term":[{"taxonomy":"category","embeddable":true,"href":"https:\/\/portaltela.pt\/api\/wp\/v2\/categories?post=178792"},{"taxonomy":"post_tag","embeddable":true,"href":"https:\/\/portaltela.pt\/api\/wp\/v2\/tags?post=178792"}],"curies":[{"name":"wp","href":"https:\/\/api.w.org\/{rel}","templated":true}]}}