{"id":178768,"date":"2026-01-28T09:51:33","date_gmt":"2026-01-28T12:51:33","guid":{"rendered":"https:\/\/portaltela.pt\/noticias\/2026\/01\/28\/condenado-a-25-anos-de-prisao-por-homicidio-de-ex-companheira-em-odivelas\/"},"modified":"2026-01-28T09:51:33","modified_gmt":"2026-01-28T12:51:33","slug":"condenado-a-25-anos-de-prisao-por-homicidio-de-ex-companheira-em-odivelas","status":"publish","type":"post","link":"https:\/\/portaltela.pt\/noticias\/2026\/01\/28\/condenado-a-25-anos-de-prisao-por-homicidio-de-ex-companheira-em-odivelas\/","title":{"rendered":"Condenado a 25 anos de pris\u00e3o por homic\u00eddio de ex-companheira em Odivelas"},"content":{"rendered":"<p>Um homem de 62 anos foi condenado a 25 anos de cadeia pelo homic\u00eddio qualificado de que foi v\u00edtima a ex-companheira, em Odivelas, a 20 de setembro de 2024. O crime ocorreu numa rua da Ramada, em frente a v\u00e1rias testemunhas, incluindo o genro da v\u00edtima, agente da PSP, que alertou as autoridades. O julgamento decorreu no tribunal de Loures.<\/p>\n<p>O tribunal ficou ainda a saber que o arguido disparou quatro tiros \u00e0 queima-roupa, atingindo a v\u00edtima no abd\u00f3men e na cabe\u00e7a, perante testemunhas presentes no local. A acusa\u00e7\u00e3o apontou que os factos ocorreram diante de v\u00e1rias pessoas.<\/p>\n<p>O casal manteve rela\u00e7\u00e3o entre 2016 e 2023. Segundo o Minist\u00e9rio P\u00fablico, o homem nunca aceitou o fim do relacionamento e perseguiu e amea\u00e7ou a v\u00edtima. A v\u00edtima tinha 54 anos e era m\u00e3e de tr\u00eas filhos, com idades entre 20 e 31 anos, com quem residia.<\/p>\n","protected":false},"excerpt":{"rendered":"<ul>\n<li>Em Odivelas, um homem de 62 anos foi condenado a 25 anos de cadeia por matar a ex-companheira a tiro, em Ramada, na presen\u00e7a de v\u00e1rias testemunhas, a 20 de setembro de 2024.<\/li>\n<li>O caso foi julgado no tribunal de Loures, e o homem foi considerado culpado de homic\u00eddio qualificado, viol\u00eancia dom\u00e9stica e deten\u00e7\u00e3o de arma proibida.<\/li>\n<li>O Minist\u00e9rio P\u00fablico refere que o arguido atingiu a v\u00edtima com quatro tiros de pistola a queima-roupa, um no abd\u00f3men e tr\u00eas na cabe\u00e7a, na presen\u00e7a de v\u00e1rias testemunhas.<\/li>\n<li>O casal foi companheiro entre 2016 e 2023; o arguido nunca se conformou com o fim da rela\u00e7\u00e3o, perseguindo e amea\u00e7ando a v\u00edtima.<\/li>\n<li>A v\u00edtima tinha 54 anos e tr\u00eas filhos, com idades entre 20 e 31 anos.<\/li>\n<\/ul>\n","protected":false},"author":2,"featured_media":178775,"comment_status":"closed","ping_status":"closed","sticky":false,"template":"","format":"standard","meta":{"footnotes":""},"categories":[1],"tags":[147,1345,803,1281,3378,214],"class_list":["post-178768","post","type-post","status-publish","format-standard","has-post-thumbnail","hentry","category-noticias","tag-crime","tag-homicidio","tag-justica","tag-odivelas","tag-perseguicao-agravada","tag-violencia-domestica"],"yoast_head":"<!-- This site is optimized with the Yoast SEO plugin v27.2 - https:\/\/yoast.com\/product\/yoast-seo-wordpress\/ -->\n<title>Condenado a 25 anos de pris\u00e3o por homic\u00eddio de ex-companheira em Odivelas - Portal Tela Portugal<\/title>\n<meta name=\"robots\" content=\"index, follow, max-snippet:-1, max-image-preview:large, max-video-preview:-1\" \/>\n<meta property=\"og:locale\" content=\"pt_PT\" \/>\n<meta property=\"og:type\" content=\"article\" \/>\n<meta property=\"og:title\" content=\"Condenado a 25 anos de pris\u00e3o por homic\u00eddio de ex-companheira em Odivelas - Portal Tela Portugal\" \/>\n<meta property=\"og:description\" content=\"Em Odivelas, um homem de 62 anos foi condenado a 25 anos de cadeia por matar a ex-companheira a tiro, em Ramada, na presen\u00e7a de v\u00e1rias testemunhas, a 20 de setembro de 2024. O caso foi julgado no tribunal de Loures, e o homem foi considerado culpado de homic\u00eddio qualificado, viol\u00eancia dom\u00e9stica e deten\u00e7\u00e3o de arma proibida. O Minist\u00e9rio P\u00fablico refere que o arguido atingiu a v\u00edtima com quatro tiros de pistola a queima-roupa, um no abd\u00f3men e tr\u00eas na cabe\u00e7a, na presen\u00e7a de v\u00e1rias testemunhas. O casal foi companheiro entre 2016 e 2023; o arguido nunca se conformou com o fim da rela\u00e7\u00e3o, perseguindo e amea\u00e7ando a v\u00edtima. A v\u00edtima tinha 54 anos e tr\u00eas filhos, com idades entre 20 e 31 anos.\" \/>\n<meta property=\"og:url\" content=\"https:\/\/portaltela.pt\/noticias\/2026\/01\/28\/condenado-a-25-anos-de-prisao-por-homicidio-de-ex-companheira-em-odivelas\/\" \/>\n<meta property=\"og:site_name\" content=\"Portal Tela Portugal\" \/>\n<meta property=\"article:published_time\" content=\"2026-01-28T12:51:33+00:00\" \/>\n<meta name=\"author\" content=\"Telinha\" \/>\n<meta name=\"twitter:card\" content=\"summary_large_image\" \/>\n<meta name=\"twitter:label1\" content=\"Escrito por\" \/>\n\t<meta name=\"twitter:data1\" content=\"Telinha\" \/>\n\t<meta name=\"twitter:label2\" content=\"Tempo estimado de leitura\" \/>\n\t<meta name=\"twitter:data2\" content=\"1 minuto\" \/>\n<script type=\"application\/ld+json\" class=\"yoast-schema-graph\">{\"@context\":\"https:\/\/schema.org\",\"@graph\":[{\"@type\":\"Article\",\"@id\":\"https:\/\/portaltela.pt\/noticias\/2026\/01\/28\/condenado-a-25-anos-de-prisao-por-homicidio-de-ex-companheira-em-odivelas\/#article\",\"isPartOf\":{\"@id\":\"https:\/\/portaltela.pt\/noticias\/2026\/01\/28\/condenado-a-25-anos-de-prisao-por-homicidio-de-ex-companheira-em-odivelas\/\"},\"author\":{\"name\":\"Telinha\",\"@id\":\"https:\/\/portaltela.pt\/#\/schema\/person\/c4278d4a6028830caff9ee44b42d32ed\"},\"headline\":\"Condenado a 25 anos de pris\u00e3o por homic\u00eddio de ex-companheira em Odivelas\",\"datePublished\":\"2026-01-28T12:51:33+00:00\",\"mainEntityOfPage\":{\"@id\":\"https:\/\/portaltela.pt\/noticias\/2026\/01\/28\/condenado-a-25-anos-de-prisao-por-homicidio-de-ex-companheira-em-odivelas\/\"},\"wordCount\":165,\"image\":{\"@id\":\"https:\/\/portaltela.pt\/noticias\/2026\/01\/28\/condenado-a-25-anos-de-prisao-por-homicidio-de-ex-companheira-em-odivelas\/#primaryimage\"},\"thumbnailUrl\":\"https:\/\/portaltela.pt\/s.01k8rhncp4jt1\/2026\/01\/img_1500x1000uu2026-01-28-12-50-55-2263070.jpg\",\"keywords\":[\"crime\",\"homic\u00eddio\",\"justi\u00e7a\",\"Odivelas\",\"persegui\u00e7\u00e3o agravada\",\"viol\u00eancia dom\u00e9stica\"],\"articleSection\":[\"Not\u00edcias\"],\"inLanguage\":\"pt-PT\"},{\"@type\":\"WebPage\",\"@id\":\"https:\/\/portaltela.pt\/noticias\/2026\/01\/28\/condenado-a-25-anos-de-prisao-por-homicidio-de-ex-companheira-em-odivelas\/\",\"url\":\"https:\/\/portaltela.pt\/noticias\/2026\/01\/28\/condenado-a-25-anos-de-prisao-por-homicidio-de-ex-companheira-em-odivelas\/\",\"name\":\"Condenado a 25 anos de pris\u00e3o por homic\u00eddio de ex-companheira em Odivelas - Portal Tela Portugal\",\"isPartOf\":{\"@id\":\"https:\/\/portaltela.pt\/#website\"},\"primaryImageOfPage\":{\"@id\":\"https:\/\/portaltela.pt\/noticias\/2026\/01\/28\/condenado-a-25-anos-de-prisao-por-homicidio-de-ex-companheira-em-odivelas\/#primaryimage\"},\"image\":{\"@id\":\"https:\/\/portaltela.pt\/noticias\/2026\/01\/28\/condenado-a-25-anos-de-prisao-por-homicidio-de-ex-companheira-em-odivelas\/#primaryimage\"},\"thumbnailUrl\":\"https:\/\/portaltela.pt\/s.01k8rhncp4jt1\/2026\/01\/img_1500x1000uu2026-01-28-12-50-55-2263070.jpg\",\"datePublished\":\"2026-01-28T12:51:33+00:00\",\"author\":{\"@id\":\"https:\/\/portaltela.pt\/#\/schema\/person\/c4278d4a6028830caff9ee44b42d32ed\"},\"breadcrumb\":{\"@id\":\"https:\/\/portaltela.pt\/noticias\/2026\/01\/28\/condenado-a-25-anos-de-prisao-por-homicidio-de-ex-companheira-em-odivelas\/#breadcrumb\"},\"inLanguage\":\"pt-PT\",\"potentialAction\":[{\"@type\":\"ReadAction\",\"target\":[\"https:\/\/portaltela.pt\/noticias\/2026\/01\/28\/condenado-a-25-anos-de-prisao-por-homicidio-de-ex-companheira-em-odivelas\/\"]}]},{\"@type\":\"ImageObject\",\"inLanguage\":\"pt-PT\",\"@id\":\"https:\/\/portaltela.pt\/noticias\/2026\/01\/28\/condenado-a-25-anos-de-prisao-por-homicidio-de-ex-companheira-em-odivelas\/#primaryimage\",\"url\":\"https:\/\/portaltela.pt\/s.01k8rhncp4jt1\/2026\/01\/img_1500x1000uu2026-01-28-12-50-55-2263070.jpg\",\"contentUrl\":\"https:\/\/portaltela.pt\/s.01k8rhncp4jt1\/2026\/01\/img_1500x1000uu2026-01-28-12-50-55-2263070.jpg\",\"width\":796,\"height\":448,\"caption\":\"Autoridades no local do crime\"},{\"@type\":\"BreadcrumbList\",\"@id\":\"https:\/\/portaltela.pt\/noticias\/2026\/01\/28\/condenado-a-25-anos-de-prisao-por-homicidio-de-ex-companheira-em-odivelas\/#breadcrumb\",\"itemListElement\":[{\"@type\":\"ListItem\",\"position\":1,\"name\":\"In\u00edcio\",\"item\":\"https:\/\/portaltela.pt\/\"},{\"@type\":\"ListItem\",\"position\":2,\"name\":\"Condenado a 25 anos de pris\u00e3o por homic\u00eddio de ex-companheira em Odivelas\"}]},{\"@type\":\"WebSite\",\"@id\":\"https:\/\/portaltela.pt\/#website\",\"url\":\"https:\/\/portaltela.pt\/\",\"name\":\"Portal Tela Portugal\",\"description\":\"\",\"potentialAction\":[{\"@type\":\"SearchAction\",\"target\":{\"@type\":\"EntryPoint\",\"urlTemplate\":\"https:\/\/portaltela.pt\/?s={search_term_string}\"},\"query-input\":{\"@type\":\"PropertyValueSpecification\",\"valueRequired\":true,\"valueName\":\"search_term_string\"}}],\"inLanguage\":\"pt-PT\"},{\"@type\":\"Person\",\"@id\":\"https:\/\/portaltela.pt\/#\/schema\/person\/c4278d4a6028830caff9ee44b42d32ed\",\"name\":\"Telinha\",\"image\":{\"@type\":\"ImageObject\",\"inLanguage\":\"pt-PT\",\"@id\":\"https:\/\/portaltela.pt\/s.01k8rhncp4jt1\/2025\/11\/talking-bot-125x125.png\",\"url\":\"https:\/\/portaltela.pt\/s.01k8rhncp4jt1\/2025\/11\/talking-bot-125x125.png\",\"contentUrl\":\"https:\/\/portaltela.pt\/s.01k8rhncp4jt1\/2025\/11\/talking-bot-125x125.png\",\"caption\":\"Telinha\"},\"sameAs\":[\"https:\/\/portaltela.pt\/\"],\"url\":\"https:\/\/portaltela.pt\/por\/367410592786\/\"}]}<\/script>\n<!-- \/ Yoast SEO plugin. -->","yoast_head_json":{"title":"Condenado a 25 anos de pris\u00e3o por homic\u00eddio de ex-companheira em Odivelas - Portal Tela Portugal","robots":{"index":"index","follow":"follow","max-snippet":"max-snippet:-1","max-image-preview":"max-image-preview:large","max-video-preview":"max-video-preview:-1"},"og_locale":"pt_PT","og_type":"article","og_title":"Condenado a 25 anos de pris\u00e3o por homic\u00eddio de ex-companheira em Odivelas - Portal Tela Portugal","og_description":"Em Odivelas, um homem de 62 anos foi condenado a 25 anos de cadeia por matar a ex-companheira a tiro, em Ramada, na presen\u00e7a de v\u00e1rias testemunhas, a 20 de setembro de 2024. O caso foi julgado no tribunal de Loures, e o homem foi considerado culpado de homic\u00eddio qualificado, viol\u00eancia dom\u00e9stica e deten\u00e7\u00e3o de arma proibida. O Minist\u00e9rio P\u00fablico refere que o arguido atingiu a v\u00edtima com quatro tiros de pistola a queima-roupa, um no abd\u00f3men e tr\u00eas na cabe\u00e7a, na presen\u00e7a de v\u00e1rias testemunhas. O casal foi companheiro entre 2016 e 2023; o arguido nunca se conformou com o fim da rela\u00e7\u00e3o, perseguindo e amea\u00e7ando a v\u00edtima. A v\u00edtima tinha 54 anos e tr\u00eas filhos, com idades entre 20 e 31 anos.","og_url":"https:\/\/portaltela.pt\/noticias\/2026\/01\/28\/condenado-a-25-anos-de-prisao-por-homicidio-de-ex-companheira-em-odivelas\/","og_site_name":"Portal Tela Portugal","article_published_time":"2026-01-28T12:51:33+00:00","author":"Telinha","twitter_card":"summary_large_image","twitter_misc":{"Escrito por":"Telinha","Tempo estimado de leitura":"1 minuto"},"schema":{"@context":"https:\/\/schema.org","@graph":[{"@type":"Article","@id":"https:\/\/portaltela.pt\/noticias\/2026\/01\/28\/condenado-a-25-anos-de-prisao-por-homicidio-de-ex-companheira-em-odivelas\/#article","isPartOf":{"@id":"https:\/\/portaltela.pt\/noticias\/2026\/01\/28\/condenado-a-25-anos-de-prisao-por-homicidio-de-ex-companheira-em-odivelas\/"},"author":{"name":"Telinha","@id":"https:\/\/portaltela.pt\/#\/schema\/person\/c4278d4a6028830caff9ee44b42d32ed"},"headline":"Condenado a 25 anos de pris\u00e3o por homic\u00eddio de ex-companheira em Odivelas","datePublished":"2026-01-28T12:51:33+00:00","mainEntityOfPage":{"@id":"https:\/\/portaltela.pt\/noticias\/2026\/01\/28\/condenado-a-25-anos-de-prisao-por-homicidio-de-ex-companheira-em-odivelas\/"},"wordCount":165,"image":{"@id":"https:\/\/portaltela.pt\/noticias\/2026\/01\/28\/condenado-a-25-anos-de-prisao-por-homicidio-de-ex-companheira-em-odivelas\/#primaryimage"},"thumbnailUrl":"https:\/\/portaltela.pt\/s.01k8rhncp4jt1\/2026\/01\/img_1500x1000uu2026-01-28-12-50-55-2263070.jpg","keywords":["crime","homic\u00eddio","justi\u00e7a","Odivelas","persegui\u00e7\u00e3o agravada","viol\u00eancia dom\u00e9stica"],"articleSection":["Not\u00edcias"],"inLanguage":"pt-PT"},{"@type":"WebPage","@id":"https:\/\/portaltela.pt\/noticias\/2026\/01\/28\/condenado-a-25-anos-de-prisao-por-homicidio-de-ex-companheira-em-odivelas\/","url":"https:\/\/portaltela.pt\/noticias\/2026\/01\/28\/condenado-a-25-anos-de-prisao-por-homicidio-de-ex-companheira-em-odivelas\/","name":"Condenado a 25 anos de pris\u00e3o por homic\u00eddio de ex-companheira em Odivelas - Portal Tela Portugal","isPartOf":{"@id":"https:\/\/portaltela.pt\/#website"},"primaryImageOfPage":{"@id":"https:\/\/portaltela.pt\/noticias\/2026\/01\/28\/condenado-a-25-anos-de-prisao-por-homicidio-de-ex-companheira-em-odivelas\/#primaryimage"},"image":{"@id":"https:\/\/portaltela.pt\/noticias\/2026\/01\/28\/condenado-a-25-anos-de-prisao-por-homicidio-de-ex-companheira-em-odivelas\/#primaryimage"},"thumbnailUrl":"https:\/\/portaltela.pt\/s.01k8rhncp4jt1\/2026\/01\/img_1500x1000uu2026-01-28-12-50-55-2263070.jpg","datePublished":"2026-01-28T12:51:33+00:00","author":{"@id":"https:\/\/portaltela.pt\/#\/schema\/person\/c4278d4a6028830caff9ee44b42d32ed"},"breadcrumb":{"@id":"https:\/\/portaltela.pt\/noticias\/2026\/01\/28\/condenado-a-25-anos-de-prisao-por-homicidio-de-ex-companheira-em-odivelas\/#breadcrumb"},"inLanguage":"pt-PT","potentialAction":[{"@type":"ReadAction","target":["https:\/\/portaltela.pt\/noticias\/2026\/01\/28\/condenado-a-25-anos-de-prisao-por-homicidio-de-ex-companheira-em-odivelas\/"]}]},{"@type":"ImageObject","inLanguage":"pt-PT","@id":"https:\/\/portaltela.pt\/noticias\/2026\/01\/28\/condenado-a-25-anos-de-prisao-por-homicidio-de-ex-companheira-em-odivelas\/#primaryimage","url":"https:\/\/portaltela.pt\/s.01k8rhncp4jt1\/2026\/01\/img_1500x1000uu2026-01-28-12-50-55-2263070.jpg","contentUrl":"https:\/\/portaltela.pt\/s.01k8rhncp4jt1\/2026\/01\/img_1500x1000uu2026-01-28-12-50-55-2263070.jpg","width":796,"height":448,"caption":"Autoridades no local do crime"},{"@type":"BreadcrumbList","@id":"https:\/\/portaltela.pt\/noticias\/2026\/01\/28\/condenado-a-25-anos-de-prisao-por-homicidio-de-ex-companheira-em-odivelas\/#breadcrumb","itemListElement":[{"@type":"ListItem","position":1,"name":"In\u00edcio","item":"https:\/\/portaltela.pt\/"},{"@type":"ListItem","position":2,"name":"Condenado a 25 anos de pris\u00e3o por homic\u00eddio de ex-companheira em Odivelas"}]},{"@type":"WebSite","@id":"https:\/\/portaltela.pt\/#website","url":"https:\/\/portaltela.pt\/","name":"Portal Tela Portugal","description":"","potentialAction":[{"@type":"SearchAction","target":{"@type":"EntryPoint","urlTemplate":"https:\/\/portaltela.pt\/?s={search_term_string}"},"query-input":{"@type":"PropertyValueSpecification","valueRequired":true,"valueName":"search_term_string"}}],"inLanguage":"pt-PT"},{"@type":"Person","@id":"https:\/\/portaltela.pt\/#\/schema\/person\/c4278d4a6028830caff9ee44b42d32ed","name":"Telinha","image":{"@type":"ImageObject","inLanguage":"pt-PT","@id":"https:\/\/portaltela.pt\/s.01k8rhncp4jt1\/2025\/11\/talking-bot-125x125.png","url":"https:\/\/portaltela.pt\/s.01k8rhncp4jt1\/2025\/11\/talking-bot-125x125.png","contentUrl":"https:\/\/portaltela.pt\/s.01k8rhncp4jt1\/2025\/11\/talking-bot-125x125.png","caption":"Telinha"},"sameAs":["https:\/\/portaltela.pt\/"],"url":"https:\/\/portaltela.pt\/por\/367410592786\/"}]}},"_links":{"self":[{"href":"https:\/\/portaltela.pt\/api\/wp\/v2\/posts\/178768","targetHints":{"allow":["GET"]}}],"collection":[{"href":"https:\/\/portaltela.pt\/api\/wp\/v2\/posts"}],"about":[{"href":"https:\/\/portaltela.pt\/api\/wp\/v2\/types\/post"}],"author":[{"embeddable":true,"href":"https:\/\/portaltela.pt\/api\/wp\/v2\/users\/2"}],"replies":[{"embeddable":true,"href":"https:\/\/portaltela.pt\/api\/wp\/v2\/comments?post=178768"}],"version-history":[{"count":0,"href":"https:\/\/portaltela.pt\/api\/wp\/v2\/posts\/178768\/revisions"}],"wp:featuredmedia":[{"embeddable":true,"href":"https:\/\/portaltela.pt\/api\/wp\/v2\/media\/178775"}],"wp:attachment":[{"href":"https:\/\/portaltela.pt\/api\/wp\/v2\/media?parent=178768"}],"wp:term":[{"taxonomy":"category","embeddable":true,"href":"https:\/\/portaltela.pt\/api\/wp\/v2\/categories?post=178768"},{"taxonomy":"post_tag","embeddable":true,"href":"https:\/\/portaltela.pt\/api\/wp\/v2\/tags?post=178768"}],"curies":[{"name":"wp","href":"https:\/\/api.w.org\/{rel}","templated":true}]}}