{"id":178761,"date":"2026-01-28T09:58:41","date_gmt":"2026-01-28T12:58:41","guid":{"rendered":"https:\/\/portaltela.pt\/noticias\/2026\/01\/28\/cao-espancado-ate-a-morte-por-adolescentes-no-brasil-gera-revolta-publica\/"},"modified":"2026-01-28T09:58:41","modified_gmt":"2026-01-28T12:58:41","slug":"cao-espancado-ate-a-morte-por-adolescentes-no-brasil-gera-revolta-publica","status":"publish","type":"post","link":"https:\/\/portaltela.pt\/noticias\/2026\/01\/28\/cao-espancado-ate-a-morte-por-adolescentes-no-brasil-gera-revolta-publica\/","title":{"rendered":"C\u00e3o espancado at\u00e9 \u00e0 morte por adolescentes no Brasil gera revolta p\u00fablica"},"content":{"rendered":"<p>O c\u00e3o comunit\u00e1rio Orelha, conhecido na Praia Brava, Florian\u00f3polis, foi agredido a 4 de janeiro por um grupo de adolescentes. A gravidade dos ferimentos levou \u00e0 eutan\u00e1sia no dia seguinte, 5 de janeiro, numa cl\u00ednica veterin\u00e1ria.<\/p>\n<p>A Pol\u00edcia Civil identificou pelo menos quatro jovens suspeitos de envolvimento direto. A investiga\u00e7\u00e3o utiliza imagens de c\u00e2maras de seguran\u00e7a e depoimentos de moradores para sustentar as suspeitas.<\/p>\n<p>Tr\u00eas adultos \u2014 pais e tio de um dos menores \u2014 s\u00e3o investigados por coa\u00e7\u00e3o de testemunha, segundo o jornal g1. A investiga\u00e7\u00e3o tamb\u00e9m apura a exist\u00eancia de outra agress\u00e3o contra Caramelo, outro c\u00e3o da comunidade, supostamente associada ao mesmo grupo.<\/p>\n<p>Orelha era uma presen\u00e7a constante no quotidiano da Praia Brava e funcionava como s\u00edmbolo de conviv\u00eancia e cuidado comunit\u00e1rio, alimentado pela popula\u00e7\u00e3o h\u00e1 anos. O animal foi encontrado ainda com vida, mas em estado muito grave.<\/p>\n<p>Exames realizados apontam que Orelha sofreu pancada na cabe\u00e7a com um objeto contundente sem ponta ou l\u00e2mina. O instrumento utilizado ainda n\u00e3o foi localizado pelas autoridades.<\/p>\n<p>A not\u00edcia s\u00f3 chegou \u00e0 Pol\u00edcia Civil no dia 16 de janeiro, ampliando a mobiliza\u00e7\u00e3o social. Nas redes sociais, o movimento #Justi\u00e7aPorOrelha ganhou express\u00e3o, com v\u00e1rias manifesta\u00e7\u00f5es p\u00fablicas.<\/p>\n<p>Moradores da Praia Brava j\u00e1 realizaram duas marchas de protesto, reunindo dezenas de pessoas. A Associa\u00e7\u00e3o de Moradores sublinhou que Orelha era parte essencial da vida local e do cuidado com os animais da regi\u00e3o.<\/p>\n","protected":false},"excerpt":{"rendered":"<ul>\n<li>Quatro adolescentes s\u00e3o suspeitos de ter atacado Orelha, o c\u00e3o comunit\u00e1rio da Praia Brava, em Florian\u00f3polis, Brasil, a 4 de janeiro.<\/li>\n<li>O c\u00e3o foi encontrado vivo no dia seguinte, mas com ferimentos graves; a eutan\u00e1sia foi realizada a 5 de janeiro.<\/li>\n<li>A Pol\u00edcia Civil identificou os suspeitos com base em imagens de c\u00e2maras de seguran\u00e7a e testemunhos; tr\u00eas adultos s\u00e3o suspeitos de coagir uma testemunha.<\/li>\n<li>A pol\u00edcia investiga tamb\u00e9m o poss\u00edvel envolvimento do grupo no afogamento de Caramelo, outro c\u00e3o da Praia Brava, com imagens a mostrar os jovens a peg\u00e1-lo ao colo e atir\u00e1-lo ao mar.<\/li>\n<li>A morte de Orelha gerou revolta p\u00fablica e nas redes sociais, com a hashtag #Justi\u00e7aPorOrelha e dois protestos organizados pela comunidade local.<\/li>\n<\/ul>\n","protected":false},"author":2,"featured_media":178765,"comment_status":"closed","ping_status":"closed","sticky":false,"template":"","format":"standard","meta":{"footnotes":""},"categories":[1],"tags":[3091,2863,2547,803,2857,939],"class_list":["post-178761","post","type-post","status-publish","format-standard","has-post-thumbnail","hentry","category-noticias","tag-animais","tag-animais-de-rua","tag-brasil","tag-justica","tag-protestos","tag-violencia"],"yoast_head":"<!-- This site is optimized with the Yoast SEO plugin v27.2 - https:\/\/yoast.com\/product\/yoast-seo-wordpress\/ -->\n<title>C\u00e3o espancado at\u00e9 \u00e0 morte por adolescentes no Brasil gera revolta p\u00fablica - Portal Tela Portugal<\/title>\n<meta name=\"robots\" content=\"index, follow, max-snippet:-1, max-image-preview:large, max-video-preview:-1\" \/>\n<meta property=\"og:locale\" content=\"pt_PT\" \/>\n<meta property=\"og:type\" content=\"article\" \/>\n<meta property=\"og:title\" content=\"C\u00e3o espancado at\u00e9 \u00e0 morte por adolescentes no Brasil gera revolta p\u00fablica - Portal Tela Portugal\" \/>\n<meta property=\"og:description\" content=\"Quatro adolescentes s\u00e3o suspeitos de ter atacado Orelha, o c\u00e3o comunit\u00e1rio da Praia Brava, em Florian\u00f3polis, Brasil, a 4 de janeiro. O c\u00e3o foi encontrado vivo no dia seguinte, mas com ferimentos graves; a eutan\u00e1sia foi realizada a 5 de janeiro. A Pol\u00edcia Civil identificou os suspeitos com base em imagens de c\u00e2maras de seguran\u00e7a e testemunhos; tr\u00eas adultos s\u00e3o suspeitos de coagir uma testemunha. A pol\u00edcia investiga tamb\u00e9m o poss\u00edvel envolvimento do grupo no afogamento de Caramelo, outro c\u00e3o da Praia Brava, com imagens a mostrar os jovens a peg\u00e1-lo ao colo e atir\u00e1-lo ao mar. A morte de Orelha gerou revolta p\u00fablica e nas redes sociais, com a hashtag #Justi\u00e7aPorOrelha e dois protestos organizados pela comunidade local.\" \/>\n<meta property=\"og:url\" content=\"https:\/\/portaltela.pt\/noticias\/2026\/01\/28\/cao-espancado-ate-a-morte-por-adolescentes-no-brasil-gera-revolta-publica\/\" \/>\n<meta property=\"og:site_name\" content=\"Portal Tela Portugal\" \/>\n<meta property=\"article:published_time\" content=\"2026-01-28T12:58:41+00:00\" \/>\n<meta name=\"author\" content=\"Telinha\" \/>\n<meta name=\"twitter:card\" content=\"summary_large_image\" \/>\n<meta name=\"twitter:label1\" content=\"Escrito por\" \/>\n\t<meta name=\"twitter:data1\" content=\"Telinha\" \/>\n\t<meta name=\"twitter:label2\" content=\"Tempo estimado de leitura\" \/>\n\t<meta name=\"twitter:data2\" content=\"1 minuto\" \/>\n<script type=\"application\/ld+json\" class=\"yoast-schema-graph\">{\"@context\":\"https:\/\/schema.org\",\"@graph\":[{\"@type\":\"Article\",\"@id\":\"https:\/\/portaltela.pt\/noticias\/2026\/01\/28\/cao-espancado-ate-a-morte-por-adolescentes-no-brasil-gera-revolta-publica\/#article\",\"isPartOf\":{\"@id\":\"https:\/\/portaltela.pt\/noticias\/2026\/01\/28\/cao-espancado-ate-a-morte-por-adolescentes-no-brasil-gera-revolta-publica\/\"},\"author\":{\"name\":\"Telinha\",\"@id\":\"https:\/\/portaltela.pt\/#\/schema\/person\/c4278d4a6028830caff9ee44b42d32ed\"},\"headline\":\"C\u00e3o espancado at\u00e9 \u00e0 morte por adolescentes no Brasil gera revolta p\u00fablica\",\"datePublished\":\"2026-01-28T12:58:41+00:00\",\"mainEntityOfPage\":{\"@id\":\"https:\/\/portaltela.pt\/noticias\/2026\/01\/28\/cao-espancado-ate-a-morte-por-adolescentes-no-brasil-gera-revolta-publica\/\"},\"wordCount\":272,\"image\":{\"@id\":\"https:\/\/portaltela.pt\/noticias\/2026\/01\/28\/cao-espancado-ate-a-morte-por-adolescentes-no-brasil-gera-revolta-publica\/#primaryimage\"},\"thumbnailUrl\":\"https:\/\/portaltela.pt\/s.01k8rhncp4jt1\/2026\/01\/img_1500x1000uu2026-01-28-12-42-50-2263068-im-639052010121923545.jpg\",\"keywords\":[\"animais\",\"Animais de Rua\",\"Brasil\",\"justi\u00e7a\",\"protestos\",\"viol\u00eancia\"],\"articleSection\":[\"Not\u00edcias\"],\"inLanguage\":\"pt-PT\"},{\"@type\":\"WebPage\",\"@id\":\"https:\/\/portaltela.pt\/noticias\/2026\/01\/28\/cao-espancado-ate-a-morte-por-adolescentes-no-brasil-gera-revolta-publica\/\",\"url\":\"https:\/\/portaltela.pt\/noticias\/2026\/01\/28\/cao-espancado-ate-a-morte-por-adolescentes-no-brasil-gera-revolta-publica\/\",\"name\":\"C\u00e3o espancado at\u00e9 \u00e0 morte por adolescentes no Brasil gera revolta p\u00fablica - Portal Tela Portugal\",\"isPartOf\":{\"@id\":\"https:\/\/portaltela.pt\/#website\"},\"primaryImageOfPage\":{\"@id\":\"https:\/\/portaltela.pt\/noticias\/2026\/01\/28\/cao-espancado-ate-a-morte-por-adolescentes-no-brasil-gera-revolta-publica\/#primaryimage\"},\"image\":{\"@id\":\"https:\/\/portaltela.pt\/noticias\/2026\/01\/28\/cao-espancado-ate-a-morte-por-adolescentes-no-brasil-gera-revolta-publica\/#primaryimage\"},\"thumbnailUrl\":\"https:\/\/portaltela.pt\/s.01k8rhncp4jt1\/2026\/01\/img_1500x1000uu2026-01-28-12-42-50-2263068-im-639052010121923545.jpg\",\"datePublished\":\"2026-01-28T12:58:41+00:00\",\"author\":{\"@id\":\"https:\/\/portaltela.pt\/#\/schema\/person\/c4278d4a6028830caff9ee44b42d32ed\"},\"breadcrumb\":{\"@id\":\"https:\/\/portaltela.pt\/noticias\/2026\/01\/28\/cao-espancado-ate-a-morte-por-adolescentes-no-brasil-gera-revolta-publica\/#breadcrumb\"},\"inLanguage\":\"pt-PT\",\"potentialAction\":[{\"@type\":\"ReadAction\",\"target\":[\"https:\/\/portaltela.pt\/noticias\/2026\/01\/28\/cao-espancado-ate-a-morte-por-adolescentes-no-brasil-gera-revolta-publica\/\"]}]},{\"@type\":\"ImageObject\",\"inLanguage\":\"pt-PT\",\"@id\":\"https:\/\/portaltela.pt\/noticias\/2026\/01\/28\/cao-espancado-ate-a-morte-por-adolescentes-no-brasil-gera-revolta-publica\/#primaryimage\",\"url\":\"https:\/\/portaltela.pt\/s.01k8rhncp4jt1\/2026\/01\/img_1500x1000uu2026-01-28-12-42-50-2263068-im-639052010121923545.jpg\",\"contentUrl\":\"https:\/\/portaltela.pt\/s.01k8rhncp4jt1\/2026\/01\/img_1500x1000uu2026-01-28-12-42-50-2263068-im-639052010121923545.jpg\",\"width\":796,\"height\":448,\"caption\":\"Orelha, c\u00e3o comunit\u00e1rio da Praia Brava\"},{\"@type\":\"BreadcrumbList\",\"@id\":\"https:\/\/portaltela.pt\/noticias\/2026\/01\/28\/cao-espancado-ate-a-morte-por-adolescentes-no-brasil-gera-revolta-publica\/#breadcrumb\",\"itemListElement\":[{\"@type\":\"ListItem\",\"position\":1,\"name\":\"In\u00edcio\",\"item\":\"https:\/\/portaltela.pt\/\"},{\"@type\":\"ListItem\",\"position\":2,\"name\":\"C\u00e3o espancado at\u00e9 \u00e0 morte por adolescentes no Brasil gera revolta p\u00fablica\"}]},{\"@type\":\"WebSite\",\"@id\":\"https:\/\/portaltela.pt\/#website\",\"url\":\"https:\/\/portaltela.pt\/\",\"name\":\"Portal Tela Portugal\",\"description\":\"\",\"potentialAction\":[{\"@type\":\"SearchAction\",\"target\":{\"@type\":\"EntryPoint\",\"urlTemplate\":\"https:\/\/portaltela.pt\/?s={search_term_string}\"},\"query-input\":{\"@type\":\"PropertyValueSpecification\",\"valueRequired\":true,\"valueName\":\"search_term_string\"}}],\"inLanguage\":\"pt-PT\"},{\"@type\":\"Person\",\"@id\":\"https:\/\/portaltela.pt\/#\/schema\/person\/c4278d4a6028830caff9ee44b42d32ed\",\"name\":\"Telinha\",\"image\":{\"@type\":\"ImageObject\",\"inLanguage\":\"pt-PT\",\"@id\":\"https:\/\/portaltela.pt\/s.01k8rhncp4jt1\/2025\/11\/talking-bot-125x125.png\",\"url\":\"https:\/\/portaltela.pt\/s.01k8rhncp4jt1\/2025\/11\/talking-bot-125x125.png\",\"contentUrl\":\"https:\/\/portaltela.pt\/s.01k8rhncp4jt1\/2025\/11\/talking-bot-125x125.png\",\"caption\":\"Telinha\"},\"sameAs\":[\"https:\/\/portaltela.pt\/\"],\"url\":\"https:\/\/portaltela.pt\/por\/367410592786\/\"}]}<\/script>\n<!-- \/ Yoast SEO plugin. -->","yoast_head_json":{"title":"C\u00e3o espancado at\u00e9 \u00e0 morte por adolescentes no Brasil gera revolta p\u00fablica - Portal Tela Portugal","robots":{"index":"index","follow":"follow","max-snippet":"max-snippet:-1","max-image-preview":"max-image-preview:large","max-video-preview":"max-video-preview:-1"},"og_locale":"pt_PT","og_type":"article","og_title":"C\u00e3o espancado at\u00e9 \u00e0 morte por adolescentes no Brasil gera revolta p\u00fablica - Portal Tela Portugal","og_description":"Quatro adolescentes s\u00e3o suspeitos de ter atacado Orelha, o c\u00e3o comunit\u00e1rio da Praia Brava, em Florian\u00f3polis, Brasil, a 4 de janeiro. O c\u00e3o foi encontrado vivo no dia seguinte, mas com ferimentos graves; a eutan\u00e1sia foi realizada a 5 de janeiro. A Pol\u00edcia Civil identificou os suspeitos com base em imagens de c\u00e2maras de seguran\u00e7a e testemunhos; tr\u00eas adultos s\u00e3o suspeitos de coagir uma testemunha. A pol\u00edcia investiga tamb\u00e9m o poss\u00edvel envolvimento do grupo no afogamento de Caramelo, outro c\u00e3o da Praia Brava, com imagens a mostrar os jovens a peg\u00e1-lo ao colo e atir\u00e1-lo ao mar. A morte de Orelha gerou revolta p\u00fablica e nas redes sociais, com a hashtag #Justi\u00e7aPorOrelha e dois protestos organizados pela comunidade local.","og_url":"https:\/\/portaltela.pt\/noticias\/2026\/01\/28\/cao-espancado-ate-a-morte-por-adolescentes-no-brasil-gera-revolta-publica\/","og_site_name":"Portal Tela Portugal","article_published_time":"2026-01-28T12:58:41+00:00","author":"Telinha","twitter_card":"summary_large_image","twitter_misc":{"Escrito por":"Telinha","Tempo estimado de leitura":"1 minuto"},"schema":{"@context":"https:\/\/schema.org","@graph":[{"@type":"Article","@id":"https:\/\/portaltela.pt\/noticias\/2026\/01\/28\/cao-espancado-ate-a-morte-por-adolescentes-no-brasil-gera-revolta-publica\/#article","isPartOf":{"@id":"https:\/\/portaltela.pt\/noticias\/2026\/01\/28\/cao-espancado-ate-a-morte-por-adolescentes-no-brasil-gera-revolta-publica\/"},"author":{"name":"Telinha","@id":"https:\/\/portaltela.pt\/#\/schema\/person\/c4278d4a6028830caff9ee44b42d32ed"},"headline":"C\u00e3o espancado at\u00e9 \u00e0 morte por adolescentes no Brasil gera revolta p\u00fablica","datePublished":"2026-01-28T12:58:41+00:00","mainEntityOfPage":{"@id":"https:\/\/portaltela.pt\/noticias\/2026\/01\/28\/cao-espancado-ate-a-morte-por-adolescentes-no-brasil-gera-revolta-publica\/"},"wordCount":272,"image":{"@id":"https:\/\/portaltela.pt\/noticias\/2026\/01\/28\/cao-espancado-ate-a-morte-por-adolescentes-no-brasil-gera-revolta-publica\/#primaryimage"},"thumbnailUrl":"https:\/\/portaltela.pt\/s.01k8rhncp4jt1\/2026\/01\/img_1500x1000uu2026-01-28-12-42-50-2263068-im-639052010121923545.jpg","keywords":["animais","Animais de Rua","Brasil","justi\u00e7a","protestos","viol\u00eancia"],"articleSection":["Not\u00edcias"],"inLanguage":"pt-PT"},{"@type":"WebPage","@id":"https:\/\/portaltela.pt\/noticias\/2026\/01\/28\/cao-espancado-ate-a-morte-por-adolescentes-no-brasil-gera-revolta-publica\/","url":"https:\/\/portaltela.pt\/noticias\/2026\/01\/28\/cao-espancado-ate-a-morte-por-adolescentes-no-brasil-gera-revolta-publica\/","name":"C\u00e3o espancado at\u00e9 \u00e0 morte por adolescentes no Brasil gera revolta p\u00fablica - Portal Tela Portugal","isPartOf":{"@id":"https:\/\/portaltela.pt\/#website"},"primaryImageOfPage":{"@id":"https:\/\/portaltela.pt\/noticias\/2026\/01\/28\/cao-espancado-ate-a-morte-por-adolescentes-no-brasil-gera-revolta-publica\/#primaryimage"},"image":{"@id":"https:\/\/portaltela.pt\/noticias\/2026\/01\/28\/cao-espancado-ate-a-morte-por-adolescentes-no-brasil-gera-revolta-publica\/#primaryimage"},"thumbnailUrl":"https:\/\/portaltela.pt\/s.01k8rhncp4jt1\/2026\/01\/img_1500x1000uu2026-01-28-12-42-50-2263068-im-639052010121923545.jpg","datePublished":"2026-01-28T12:58:41+00:00","author":{"@id":"https:\/\/portaltela.pt\/#\/schema\/person\/c4278d4a6028830caff9ee44b42d32ed"},"breadcrumb":{"@id":"https:\/\/portaltela.pt\/noticias\/2026\/01\/28\/cao-espancado-ate-a-morte-por-adolescentes-no-brasil-gera-revolta-publica\/#breadcrumb"},"inLanguage":"pt-PT","potentialAction":[{"@type":"ReadAction","target":["https:\/\/portaltela.pt\/noticias\/2026\/01\/28\/cao-espancado-ate-a-morte-por-adolescentes-no-brasil-gera-revolta-publica\/"]}]},{"@type":"ImageObject","inLanguage":"pt-PT","@id":"https:\/\/portaltela.pt\/noticias\/2026\/01\/28\/cao-espancado-ate-a-morte-por-adolescentes-no-brasil-gera-revolta-publica\/#primaryimage","url":"https:\/\/portaltela.pt\/s.01k8rhncp4jt1\/2026\/01\/img_1500x1000uu2026-01-28-12-42-50-2263068-im-639052010121923545.jpg","contentUrl":"https:\/\/portaltela.pt\/s.01k8rhncp4jt1\/2026\/01\/img_1500x1000uu2026-01-28-12-42-50-2263068-im-639052010121923545.jpg","width":796,"height":448,"caption":"Orelha, c\u00e3o comunit\u00e1rio da Praia Brava"},{"@type":"BreadcrumbList","@id":"https:\/\/portaltela.pt\/noticias\/2026\/01\/28\/cao-espancado-ate-a-morte-por-adolescentes-no-brasil-gera-revolta-publica\/#breadcrumb","itemListElement":[{"@type":"ListItem","position":1,"name":"In\u00edcio","item":"https:\/\/portaltela.pt\/"},{"@type":"ListItem","position":2,"name":"C\u00e3o espancado at\u00e9 \u00e0 morte por adolescentes no Brasil gera revolta p\u00fablica"}]},{"@type":"WebSite","@id":"https:\/\/portaltela.pt\/#website","url":"https:\/\/portaltela.pt\/","name":"Portal Tela Portugal","description":"","potentialAction":[{"@type":"SearchAction","target":{"@type":"EntryPoint","urlTemplate":"https:\/\/portaltela.pt\/?s={search_term_string}"},"query-input":{"@type":"PropertyValueSpecification","valueRequired":true,"valueName":"search_term_string"}}],"inLanguage":"pt-PT"},{"@type":"Person","@id":"https:\/\/portaltela.pt\/#\/schema\/person\/c4278d4a6028830caff9ee44b42d32ed","name":"Telinha","image":{"@type":"ImageObject","inLanguage":"pt-PT","@id":"https:\/\/portaltela.pt\/s.01k8rhncp4jt1\/2025\/11\/talking-bot-125x125.png","url":"https:\/\/portaltela.pt\/s.01k8rhncp4jt1\/2025\/11\/talking-bot-125x125.png","contentUrl":"https:\/\/portaltela.pt\/s.01k8rhncp4jt1\/2025\/11\/talking-bot-125x125.png","caption":"Telinha"},"sameAs":["https:\/\/portaltela.pt\/"],"url":"https:\/\/portaltela.pt\/por\/367410592786\/"}]}},"_links":{"self":[{"href":"https:\/\/portaltela.pt\/api\/wp\/v2\/posts\/178761","targetHints":{"allow":["GET"]}}],"collection":[{"href":"https:\/\/portaltela.pt\/api\/wp\/v2\/posts"}],"about":[{"href":"https:\/\/portaltela.pt\/api\/wp\/v2\/types\/post"}],"author":[{"embeddable":true,"href":"https:\/\/portaltela.pt\/api\/wp\/v2\/users\/2"}],"replies":[{"embeddable":true,"href":"https:\/\/portaltela.pt\/api\/wp\/v2\/comments?post=178761"}],"version-history":[{"count":0,"href":"https:\/\/portaltela.pt\/api\/wp\/v2\/posts\/178761\/revisions"}],"wp:featuredmedia":[{"embeddable":true,"href":"https:\/\/portaltela.pt\/api\/wp\/v2\/media\/178765"}],"wp:attachment":[{"href":"https:\/\/portaltela.pt\/api\/wp\/v2\/media?parent=178761"}],"wp:term":[{"taxonomy":"category","embeddable":true,"href":"https:\/\/portaltela.pt\/api\/wp\/v2\/categories?post=178761"},{"taxonomy":"post_tag","embeddable":true,"href":"https:\/\/portaltela.pt\/api\/wp\/v2\/tags?post=178761"}],"curies":[{"name":"wp","href":"https:\/\/api.w.org\/{rel}","templated":true}]}}