{"id":178754,"date":"2026-01-28T09:55:00","date_gmt":"2026-01-28T12:55:00","guid":{"rendered":"https:\/\/portaltela.pt\/noticias\/2026\/01\/28\/ryanair-acusa-governo-de-travar-crescimento-da-portela-para-proteger-a-tap\/"},"modified":"2026-01-28T09:55:00","modified_gmt":"2026-01-28T12:55:00","slug":"ryanair-acusa-governo-de-travar-crescimento-da-portela-para-proteger-a-tap","status":"publish","type":"post","link":"https:\/\/portaltela.pt\/noticias\/2026\/01\/28\/ryanair-acusa-governo-de-travar-crescimento-da-portela-para-proteger-a-tap\/","title":{"rendered":"Ryanair acusa Governo de travar crescimento da Portela para proteger a TAP"},"content":{"rendered":"<p>O presidente executivo da Ryanair acusou o Governo portugu\u00eas de limitar o crescimento do aeroporto da Portela para proteger a TAP. A cr\u00edtica foi feita numa confer\u00eancia de imprensa em Lisboa nesta quarta-feira.<\/p>\n<p>Segundo o CEO, o t\u00e9cnico n\u00e3o est\u00e1 na infraestrutura f\u00edsica, mas em decis\u00f5es pol\u00edticas. Alega que a capacidade poderia ser ampliada hoje, sem obras, para permitir mais tr\u00e1fego de passageiros.<\/p>\n<p>A Ryanair defende a expans\u00e3o do Terminal 2 e a abertura do Montijo, classificando o atual atraso como um bloqueio prolongado. Diz que a solu\u00e7\u00e3o seria simples e barata, com impacto direto na conectividade da cidade.<\/p>\n<h3>Montijo e Terminal 2<\/h3>\n<p>O diretor-geral afirmou que o Montijo \u00e9 subaproveitado e deveria funcionar como segundo aeroporto central, refor\u00e7ando a liga\u00e7\u00e3o com o centro de Lisboa atrav\u00e9s da ponte Vasco da Gama.<\/p>\n<p>A empresa sustenta que a capacidade adicional no Montijo poderia ser obtida com simples medidas de gest\u00e3o, sem necessidade de grandes investimentos.<\/p>\n<h3>Fiscalidade ambiental e A\u00e7ores<\/h3>\n<p>Na confer\u00eancia, o executivo criticou a fiscalidade ambiental europeia, dizendo que penaliza liga\u00e7\u00f5es para os A\u00e7ores e torna cursos entre Lisboa e arquip\u00e9lagos economicamente invi\u00e1veis.<\/p>\n<p>Garantiu que voos a destinos fora da Uni\u00e3o Europeia, como Marrocos, beneficiam de isen\u00e7\u00f5es. Alega que a pol\u00edtica atual reduz o interesse de viajantes para as ilhas.<\/p>\n<h3>Contexto europeu e impactos<\/h3>\n<p>O CEO refor\u00e7ou que a atual estrutura de ETS cria distor\u00e7\u00f5es de mercado e estimula voos para fora da UE, prejudicando passageiros europeus e regi\u00f5es perif\u00e9ricas.<\/p>\n<p>Concluiu que a abordagem atual n\u00e3o favorece a conectividade regional e pediu revis\u00e3o das regras de tributa\u00e7\u00e3o ambiental para ilhas como os A\u00e7ores e Madeira. Fonte: Jornal de Not\u00edcias.<\/p>\n","protected":false},"excerpt":{"rendered":"<ul>\n<li>O presidente executivo da Ryanair acusa o Governo de impedir o crescimento do aeroporto da Portela para proteger a TAP, dizendo que Lisboa podia crescer para 35 milh\u00f5es de passageiros sem novas infraestruturas.<\/li>\n<li>Afirma que o problema \u00e9 pol\u00edtico, n\u00e3o t\u00e9cnico: o Terminal 2 podia ser ampliado e o Montijo poderia abrir, classificando o atual bloqueio como prolongado.<\/li>\n<li>O&#8217;Leary sustenta que apenas ap\u00f3s a privatiza\u00e7\u00e3o da TAP \u00e9 que a capacidade de Lisboa poderia aumentar.<\/li>\n<li>Alega que a fiscalidade ambiental europeia tornou as rotas para os A\u00e7ores economicamente invi\u00e1veis, citando 96 euros de ETS para uma fam\u00edlia de quatro pessoas.<\/li>\n<li>Critica a Uni\u00e3o Europeia e o ETS, dizendo que a taxa\u00e7\u00e3o incentiva voos para fora da UE e defende a aboli\u00e7\u00e3o do imposto para regi\u00f5es perif\u00e9ricas como A\u00e7ores e Madeira.<\/li>\n<\/ul>\n","protected":false},"author":2,"featured_media":178766,"comment_status":"closed","ping_status":"closed","sticky":false,"template":"","format":"standard","meta":{"footnotes":""},"categories":[1],"tags":[822,3302,1241,981,859,1058],"class_list":["post-178754","post","type-post","status-publish","format-standard","has-post-thumbnail","hentry","category-noticias","tag-acores","tag-aeroportos","tag-emissoes-de-gases-de-estufa","tag-lisboa","tag-madeira","tag-montijo"],"yoast_head":"<!-- This site is optimized with the Yoast SEO plugin v27.2 - https:\/\/yoast.com\/product\/yoast-seo-wordpress\/ -->\n<title>Ryanair acusa Governo de travar crescimento da Portela para proteger a TAP - Portal Tela Portugal<\/title>\n<meta name=\"robots\" content=\"index, follow, max-snippet:-1, max-image-preview:large, max-video-preview:-1\" \/>\n<meta property=\"og:locale\" content=\"pt_PT\" \/>\n<meta property=\"og:type\" content=\"article\" \/>\n<meta property=\"og:title\" content=\"Ryanair acusa Governo de travar crescimento da Portela para proteger a TAP - Portal Tela Portugal\" \/>\n<meta property=\"og:description\" content=\"O presidente executivo da Ryanair acusa o Governo de impedir o crescimento do aeroporto da Portela para proteger a TAP, dizendo que Lisboa podia crescer para 35 milh\u00f5es de passageiros sem novas infraestruturas. Afirma que o problema \u00e9 pol\u00edtico, n\u00e3o t\u00e9cnico: o Terminal 2 podia ser ampliado e o Montijo poderia abrir, classificando o atual bloqueio como prolongado. O&#039;Leary sustenta que apenas ap\u00f3s a privatiza\u00e7\u00e3o da TAP \u00e9 que a capacidade de Lisboa poderia aumentar. Alega que a fiscalidade ambiental europeia tornou as rotas para os A\u00e7ores economicamente invi\u00e1veis, citando 96 euros de ETS para uma fam\u00edlia de quatro pessoas. Critica a Uni\u00e3o Europeia e o ETS, dizendo que a taxa\u00e7\u00e3o incentiva voos para fora da UE e defende a aboli\u00e7\u00e3o do imposto para regi\u00f5es perif\u00e9ricas como A\u00e7ores e Madeira.\" \/>\n<meta property=\"og:url\" content=\"https:\/\/portaltela.pt\/noticias\/2026\/01\/28\/ryanair-acusa-governo-de-travar-crescimento-da-portela-para-proteger-a-tap\/\" \/>\n<meta property=\"og:site_name\" content=\"Portal Tela Portugal\" \/>\n<meta property=\"article:published_time\" content=\"2026-01-28T12:55:00+00:00\" \/>\n<meta name=\"author\" content=\"Telinha\" \/>\n<meta name=\"twitter:card\" content=\"summary_large_image\" \/>\n<meta name=\"twitter:label1\" content=\"Escrito por\" \/>\n\t<meta name=\"twitter:data1\" content=\"Telinha\" \/>\n\t<meta name=\"twitter:label2\" content=\"Tempo estimado de leitura\" \/>\n\t<meta name=\"twitter:data2\" content=\"1 minuto\" \/>\n<script type=\"application\/ld+json\" class=\"yoast-schema-graph\">{\"@context\":\"https:\/\/schema.org\",\"@graph\":[{\"@type\":\"Article\",\"@id\":\"https:\/\/portaltela.pt\/noticias\/2026\/01\/28\/ryanair-acusa-governo-de-travar-crescimento-da-portela-para-proteger-a-tap\/#article\",\"isPartOf\":{\"@id\":\"https:\/\/portaltela.pt\/noticias\/2026\/01\/28\/ryanair-acusa-governo-de-travar-crescimento-da-portela-para-proteger-a-tap\/\"},\"author\":{\"name\":\"Telinha\",\"@id\":\"https:\/\/portaltela.pt\/#\/schema\/person\/c4278d4a6028830caff9ee44b42d32ed\"},\"headline\":\"Ryanair acusa Governo de travar crescimento da Portela para proteger a TAP\",\"datePublished\":\"2026-01-28T12:55:00+00:00\",\"mainEntityOfPage\":{\"@id\":\"https:\/\/portaltela.pt\/noticias\/2026\/01\/28\/ryanair-acusa-governo-de-travar-crescimento-da-portela-para-proteger-a-tap\/\"},\"wordCount\":311,\"image\":{\"@id\":\"https:\/\/portaltela.pt\/noticias\/2026\/01\/28\/ryanair-acusa-governo-de-travar-crescimento-da-portela-para-proteger-a-tap\/#primaryimage\"},\"thumbnailUrl\":\"https:\/\/portaltela.pt\/s.01k8rhncp4jt1\/2026\/01\/image-1950.jpg\",\"keywords\":[\"A\u00e7ores\",\"aeroportos\",\"Emiss\u00f5es de Gases de Estufa\",\"Lisboa\",\"Madeira\",\"Montijo\"],\"articleSection\":[\"Not\u00edcias\"],\"inLanguage\":\"pt-PT\"},{\"@type\":\"WebPage\",\"@id\":\"https:\/\/portaltela.pt\/noticias\/2026\/01\/28\/ryanair-acusa-governo-de-travar-crescimento-da-portela-para-proteger-a-tap\/\",\"url\":\"https:\/\/portaltela.pt\/noticias\/2026\/01\/28\/ryanair-acusa-governo-de-travar-crescimento-da-portela-para-proteger-a-tap\/\",\"name\":\"Ryanair acusa Governo de travar crescimento da Portela para proteger a TAP - Portal Tela Portugal\",\"isPartOf\":{\"@id\":\"https:\/\/portaltela.pt\/#website\"},\"primaryImageOfPage\":{\"@id\":\"https:\/\/portaltela.pt\/noticias\/2026\/01\/28\/ryanair-acusa-governo-de-travar-crescimento-da-portela-para-proteger-a-tap\/#primaryimage\"},\"image\":{\"@id\":\"https:\/\/portaltela.pt\/noticias\/2026\/01\/28\/ryanair-acusa-governo-de-travar-crescimento-da-portela-para-proteger-a-tap\/#primaryimage\"},\"thumbnailUrl\":\"https:\/\/portaltela.pt\/s.01k8rhncp4jt1\/2026\/01\/image-1950.jpg\",\"datePublished\":\"2026-01-28T12:55:00+00:00\",\"author\":{\"@id\":\"https:\/\/portaltela.pt\/#\/schema\/person\/c4278d4a6028830caff9ee44b42d32ed\"},\"breadcrumb\":{\"@id\":\"https:\/\/portaltela.pt\/noticias\/2026\/01\/28\/ryanair-acusa-governo-de-travar-crescimento-da-portela-para-proteger-a-tap\/#breadcrumb\"},\"inLanguage\":\"pt-PT\",\"potentialAction\":[{\"@type\":\"ReadAction\",\"target\":[\"https:\/\/portaltela.pt\/noticias\/2026\/01\/28\/ryanair-acusa-governo-de-travar-crescimento-da-portela-para-proteger-a-tap\/\"]}]},{\"@type\":\"ImageObject\",\"inLanguage\":\"pt-PT\",\"@id\":\"https:\/\/portaltela.pt\/noticias\/2026\/01\/28\/ryanair-acusa-governo-de-travar-crescimento-da-portela-para-proteger-a-tap\/#primaryimage\",\"url\":\"https:\/\/portaltela.pt\/s.01k8rhncp4jt1\/2026\/01\/image-1950.jpg\",\"contentUrl\":\"https:\/\/portaltela.pt\/s.01k8rhncp4jt1\/2026\/01\/image-1950.jpg\",\"width\":796,\"height\":448,\"caption\":\"Imagem de contexto do artigo Ryanair acusa Governo de travar crescimento da Portela para proteger a TAP\"},{\"@type\":\"BreadcrumbList\",\"@id\":\"https:\/\/portaltela.pt\/noticias\/2026\/01\/28\/ryanair-acusa-governo-de-travar-crescimento-da-portela-para-proteger-a-tap\/#breadcrumb\",\"itemListElement\":[{\"@type\":\"ListItem\",\"position\":1,\"name\":\"In\u00edcio\",\"item\":\"https:\/\/portaltela.pt\/\"},{\"@type\":\"ListItem\",\"position\":2,\"name\":\"Ryanair acusa Governo de travar crescimento da Portela para proteger a TAP\"}]},{\"@type\":\"WebSite\",\"@id\":\"https:\/\/portaltela.pt\/#website\",\"url\":\"https:\/\/portaltela.pt\/\",\"name\":\"Portal Tela Portugal\",\"description\":\"\",\"potentialAction\":[{\"@type\":\"SearchAction\",\"target\":{\"@type\":\"EntryPoint\",\"urlTemplate\":\"https:\/\/portaltela.pt\/?s={search_term_string}\"},\"query-input\":{\"@type\":\"PropertyValueSpecification\",\"valueRequired\":true,\"valueName\":\"search_term_string\"}}],\"inLanguage\":\"pt-PT\"},{\"@type\":\"Person\",\"@id\":\"https:\/\/portaltela.pt\/#\/schema\/person\/c4278d4a6028830caff9ee44b42d32ed\",\"name\":\"Telinha\",\"image\":{\"@type\":\"ImageObject\",\"inLanguage\":\"pt-PT\",\"@id\":\"https:\/\/portaltela.pt\/s.01k8rhncp4jt1\/2025\/11\/talking-bot-125x125.png\",\"url\":\"https:\/\/portaltela.pt\/s.01k8rhncp4jt1\/2025\/11\/talking-bot-125x125.png\",\"contentUrl\":\"https:\/\/portaltela.pt\/s.01k8rhncp4jt1\/2025\/11\/talking-bot-125x125.png\",\"caption\":\"Telinha\"},\"sameAs\":[\"https:\/\/portaltela.pt\/\"],\"url\":\"https:\/\/portaltela.pt\/por\/367410592786\/\"}]}<\/script>\n<!-- \/ Yoast SEO plugin. -->","yoast_head_json":{"title":"Ryanair acusa Governo de travar crescimento da Portela para proteger a TAP - Portal Tela Portugal","robots":{"index":"index","follow":"follow","max-snippet":"max-snippet:-1","max-image-preview":"max-image-preview:large","max-video-preview":"max-video-preview:-1"},"og_locale":"pt_PT","og_type":"article","og_title":"Ryanair acusa Governo de travar crescimento da Portela para proteger a TAP - Portal Tela Portugal","og_description":"O presidente executivo da Ryanair acusa o Governo de impedir o crescimento do aeroporto da Portela para proteger a TAP, dizendo que Lisboa podia crescer para 35 milh\u00f5es de passageiros sem novas infraestruturas. Afirma que o problema \u00e9 pol\u00edtico, n\u00e3o t\u00e9cnico: o Terminal 2 podia ser ampliado e o Montijo poderia abrir, classificando o atual bloqueio como prolongado. O'Leary sustenta que apenas ap\u00f3s a privatiza\u00e7\u00e3o da TAP \u00e9 que a capacidade de Lisboa poderia aumentar. Alega que a fiscalidade ambiental europeia tornou as rotas para os A\u00e7ores economicamente invi\u00e1veis, citando 96 euros de ETS para uma fam\u00edlia de quatro pessoas. Critica a Uni\u00e3o Europeia e o ETS, dizendo que a taxa\u00e7\u00e3o incentiva voos para fora da UE e defende a aboli\u00e7\u00e3o do imposto para regi\u00f5es perif\u00e9ricas como A\u00e7ores e Madeira.","og_url":"https:\/\/portaltela.pt\/noticias\/2026\/01\/28\/ryanair-acusa-governo-de-travar-crescimento-da-portela-para-proteger-a-tap\/","og_site_name":"Portal Tela Portugal","article_published_time":"2026-01-28T12:55:00+00:00","author":"Telinha","twitter_card":"summary_large_image","twitter_misc":{"Escrito por":"Telinha","Tempo estimado de leitura":"1 minuto"},"schema":{"@context":"https:\/\/schema.org","@graph":[{"@type":"Article","@id":"https:\/\/portaltela.pt\/noticias\/2026\/01\/28\/ryanair-acusa-governo-de-travar-crescimento-da-portela-para-proteger-a-tap\/#article","isPartOf":{"@id":"https:\/\/portaltela.pt\/noticias\/2026\/01\/28\/ryanair-acusa-governo-de-travar-crescimento-da-portela-para-proteger-a-tap\/"},"author":{"name":"Telinha","@id":"https:\/\/portaltela.pt\/#\/schema\/person\/c4278d4a6028830caff9ee44b42d32ed"},"headline":"Ryanair acusa Governo de travar crescimento da Portela para proteger a TAP","datePublished":"2026-01-28T12:55:00+00:00","mainEntityOfPage":{"@id":"https:\/\/portaltela.pt\/noticias\/2026\/01\/28\/ryanair-acusa-governo-de-travar-crescimento-da-portela-para-proteger-a-tap\/"},"wordCount":311,"image":{"@id":"https:\/\/portaltela.pt\/noticias\/2026\/01\/28\/ryanair-acusa-governo-de-travar-crescimento-da-portela-para-proteger-a-tap\/#primaryimage"},"thumbnailUrl":"https:\/\/portaltela.pt\/s.01k8rhncp4jt1\/2026\/01\/image-1950.jpg","keywords":["A\u00e7ores","aeroportos","Emiss\u00f5es de Gases de Estufa","Lisboa","Madeira","Montijo"],"articleSection":["Not\u00edcias"],"inLanguage":"pt-PT"},{"@type":"WebPage","@id":"https:\/\/portaltela.pt\/noticias\/2026\/01\/28\/ryanair-acusa-governo-de-travar-crescimento-da-portela-para-proteger-a-tap\/","url":"https:\/\/portaltela.pt\/noticias\/2026\/01\/28\/ryanair-acusa-governo-de-travar-crescimento-da-portela-para-proteger-a-tap\/","name":"Ryanair acusa Governo de travar crescimento da Portela para proteger a TAP - Portal Tela Portugal","isPartOf":{"@id":"https:\/\/portaltela.pt\/#website"},"primaryImageOfPage":{"@id":"https:\/\/portaltela.pt\/noticias\/2026\/01\/28\/ryanair-acusa-governo-de-travar-crescimento-da-portela-para-proteger-a-tap\/#primaryimage"},"image":{"@id":"https:\/\/portaltela.pt\/noticias\/2026\/01\/28\/ryanair-acusa-governo-de-travar-crescimento-da-portela-para-proteger-a-tap\/#primaryimage"},"thumbnailUrl":"https:\/\/portaltela.pt\/s.01k8rhncp4jt1\/2026\/01\/image-1950.jpg","datePublished":"2026-01-28T12:55:00+00:00","author":{"@id":"https:\/\/portaltela.pt\/#\/schema\/person\/c4278d4a6028830caff9ee44b42d32ed"},"breadcrumb":{"@id":"https:\/\/portaltela.pt\/noticias\/2026\/01\/28\/ryanair-acusa-governo-de-travar-crescimento-da-portela-para-proteger-a-tap\/#breadcrumb"},"inLanguage":"pt-PT","potentialAction":[{"@type":"ReadAction","target":["https:\/\/portaltela.pt\/noticias\/2026\/01\/28\/ryanair-acusa-governo-de-travar-crescimento-da-portela-para-proteger-a-tap\/"]}]},{"@type":"ImageObject","inLanguage":"pt-PT","@id":"https:\/\/portaltela.pt\/noticias\/2026\/01\/28\/ryanair-acusa-governo-de-travar-crescimento-da-portela-para-proteger-a-tap\/#primaryimage","url":"https:\/\/portaltela.pt\/s.01k8rhncp4jt1\/2026\/01\/image-1950.jpg","contentUrl":"https:\/\/portaltela.pt\/s.01k8rhncp4jt1\/2026\/01\/image-1950.jpg","width":796,"height":448,"caption":"Imagem de contexto do artigo Ryanair acusa Governo de travar crescimento da Portela para proteger a TAP"},{"@type":"BreadcrumbList","@id":"https:\/\/portaltela.pt\/noticias\/2026\/01\/28\/ryanair-acusa-governo-de-travar-crescimento-da-portela-para-proteger-a-tap\/#breadcrumb","itemListElement":[{"@type":"ListItem","position":1,"name":"In\u00edcio","item":"https:\/\/portaltela.pt\/"},{"@type":"ListItem","position":2,"name":"Ryanair acusa Governo de travar crescimento da Portela para proteger a TAP"}]},{"@type":"WebSite","@id":"https:\/\/portaltela.pt\/#website","url":"https:\/\/portaltela.pt\/","name":"Portal Tela Portugal","description":"","potentialAction":[{"@type":"SearchAction","target":{"@type":"EntryPoint","urlTemplate":"https:\/\/portaltela.pt\/?s={search_term_string}"},"query-input":{"@type":"PropertyValueSpecification","valueRequired":true,"valueName":"search_term_string"}}],"inLanguage":"pt-PT"},{"@type":"Person","@id":"https:\/\/portaltela.pt\/#\/schema\/person\/c4278d4a6028830caff9ee44b42d32ed","name":"Telinha","image":{"@type":"ImageObject","inLanguage":"pt-PT","@id":"https:\/\/portaltela.pt\/s.01k8rhncp4jt1\/2025\/11\/talking-bot-125x125.png","url":"https:\/\/portaltela.pt\/s.01k8rhncp4jt1\/2025\/11\/talking-bot-125x125.png","contentUrl":"https:\/\/portaltela.pt\/s.01k8rhncp4jt1\/2025\/11\/talking-bot-125x125.png","caption":"Telinha"},"sameAs":["https:\/\/portaltela.pt\/"],"url":"https:\/\/portaltela.pt\/por\/367410592786\/"}]}},"_links":{"self":[{"href":"https:\/\/portaltela.pt\/api\/wp\/v2\/posts\/178754","targetHints":{"allow":["GET"]}}],"collection":[{"href":"https:\/\/portaltela.pt\/api\/wp\/v2\/posts"}],"about":[{"href":"https:\/\/portaltela.pt\/api\/wp\/v2\/types\/post"}],"author":[{"embeddable":true,"href":"https:\/\/portaltela.pt\/api\/wp\/v2\/users\/2"}],"replies":[{"embeddable":true,"href":"https:\/\/portaltela.pt\/api\/wp\/v2\/comments?post=178754"}],"version-history":[{"count":0,"href":"https:\/\/portaltela.pt\/api\/wp\/v2\/posts\/178754\/revisions"}],"wp:featuredmedia":[{"embeddable":true,"href":"https:\/\/portaltela.pt\/api\/wp\/v2\/media\/178766"}],"wp:attachment":[{"href":"https:\/\/portaltela.pt\/api\/wp\/v2\/media?parent=178754"}],"wp:term":[{"taxonomy":"category","embeddable":true,"href":"https:\/\/portaltela.pt\/api\/wp\/v2\/categories?post=178754"},{"taxonomy":"post_tag","embeddable":true,"href":"https:\/\/portaltela.pt\/api\/wp\/v2\/tags?post=178754"}],"curies":[{"name":"wp","href":"https:\/\/api.w.org\/{rel}","templated":true}]}}