{"id":178697,"date":"2026-01-28T09:08:00","date_gmt":"2026-01-28T12:08:00","guid":{"rendered":"https:\/\/portaltela.pt\/noticias\/2026\/01\/28\/oito-feiras-de-fumeiro-para-saborear-chouricas-e-enchidos\/"},"modified":"2026-01-28T09:08:00","modified_gmt":"2026-01-28T12:08:00","slug":"oito-feiras-de-fumeiro-para-saborear-chouricas-e-enchidos","status":"publish","type":"post","link":"https:\/\/portaltela.pt\/noticias\/2026\/01\/28\/oito-feiras-de-fumeiro-para-saborear-chouricas-e-enchidos\/","title":{"rendered":"Oito feiras de fumeiro para saborear chouri\u00e7as e enchidos"},"content":{"rendered":"<p>Do fumeiro \u00e0s mesas, o inverno reserva feiras que valorizam a tradi\u00e7\u00e3o: oito eventos nacionais destacam enchidos, alheiras e companheiras que acompanham a gastronomia regional. O fumeiro, feito artesanalmente, \u00e9 o protagonista de festas que atraem milhares de visitantes.<\/p>\n<p>Entre as refer\u00eancias, Montalegre e Boticas destacam-se pela sua express\u00e3o cultural, ligada \u00e0 gastronomia e ao folclore. As edi\u00e7\u00f5es recentes mostraram a for\u00e7a destas feiras na regi\u00e3o transmontana e a diversidade de saberes transmitidos de gera\u00e7\u00e3o em gera\u00e7\u00e3o.<\/p>\n<p>A Feira do Fumeiro de Vinhais recebe visitantes com 46 edi\u00e7\u00f5es dedicadas a lingui\u00e7as, chouri\u00e7os e alheiras, entre outros. A regi\u00e3o valoriza a carne de porco b\u00edsara e os produtos certificados.<\/p>\n<p>A Feira do Fumeiro de Vieira do Minho foi antecipada para evitar coincid\u00eancia com a segunda volta das elei\u00e7\u00f5es presidenciais. O evento decorre na Pra\u00e7a Dr. Guilherme de Abreu e envolve produtores, artes\u00e3os e casas de turismo rural.<\/p>\n<p>A Feira de S\u00e3o Br\u00e1s, Valpa\u00e7os, reivindica mais de 200 anos de hist\u00f3ria. Contar\u00e1 com 41 expositores e inclui ca\u00e7a ao javali, corridas de cavalos e chega de bois, em frente a uma mostra de fumeiro tradicional transmontano.<\/p>\n<p>A Feira do Fumeiro de Ponte da Barca acontece na Pra\u00e7a Fern\u00e3o de Magalh\u00e3es, com chouri\u00e7os, alheiras, presuntos e vinhos. O programa inclui o Concurso de Broa Caseira, provas de fumeiro e apresenta\u00e7\u00f5es de folclore.<\/p>\n<p>O Festival de Sabores Mirandeses, em Miranda do Douro, celebra a gastronomia da regi\u00e3o do Planalto Mirand\u00eas. De 13 a 15 de fevereiro, o certame re\u00fane fumeiro, artesanato e manifesta\u00e7\u00f5es culturais locais.<\/p>\n<p>A Festa da Orelheira e do Fumeiro decorre em Cabeceiras de Basto, no Pavilh\u00e3o Gimnodesportivo de Refojos de Basto. A festa inclui gastronomia, artesanato, folclore e anima\u00e7\u00e3o cultural, com mais uma edi\u00e7\u00e3o no calend\u00e1rio.<\/p>\n<p>A Feira da Alheira de Mirandela presta homenagem ao seu alimento-s\u00edmbolo entre 26 de fevereiro e 1 de mar\u00e7o. A edi\u00e7\u00e3o da 26.\u00aa entrega fumeiro certificado, acompanhado de queijos, azeites e vinhos.<\/p>\n<p>Trancoso recebe a Feira do Fumeiro, dos Sabores e do Artesanato do Nordeste da Beira, de 27 de fevereiro a 1 de mar\u00e7o e a 7 e 8 de mar\u00e7o. O evento centraliza enchidos, queijos, mel, vinhos, artesanato e do\u00e7aria no Pavilh\u00e3o Multiusos.<\/p>\n<p>Entre outras paragens, Vila Nova de Paiva prepara a Feira do Fumeiro do Demo nos dias 7 e 8 de mar\u00e7o, no Parque Urbano de Touro. A edi\u00e7\u00e3o promete fumeiros, tasquinhas e cantares.<\/p>\n<p>Bai\u00e3o mostra a XX Feira do Fumeiro, do Cozido \u00e0 Portuguesa e dos Vinhos, de 13 a 15 de mar\u00e7o, com a promessa de diversidade e tradi\u00e7\u00e3o no recinto da Feira do Tijelinho.<\/p>\n<p>Ourique encerra o ciclo com a 18.\u00aa Feira do Porco Alentejano, de 20 a 22 de mar\u00e7o, celebrando cultura rural, gastronomia e identidade local.<\/p>\n","protected":false},"excerpt":{"rendered":"<ul>\n<li>V\u00e1rias feiras do fumeiro ocupam o inverno nacional, com destaque para Montalegre e Boticas, que d\u00e3o carta de natureza \u00e0 gastronomia, artesanato e cultura popular da regi\u00e3o.<\/li>\n<li>Em Vinhais acontece a Feira do Fumeiro, j\u00e1 com 46 edi\u00e7\u00f5es, cerca de 80 mil visitantes anuais e 500 expositores; a edi\u00e7\u00e3o de 2026 est\u00e1 marcada para 5 a 8 de fevereiro.<\/li>\n<li>Vieira do Minho adiou a Feira do Fumeiro para 30 de janeiro a 1 de fevereiro, para n\u00e3o coincidir com a segunda volta das elei\u00e7\u00f5es presidenciais.<\/li>\n<li>Outras feiras destacadas incluem S\u00e3o Br\u00e1s (Valpa\u00e7os), Ponte da Barca, Miranda do Douro, Cabeceiras de Basto, Mirandela e Trancoso, com programa\u00e7\u00f5es que juntam fumeiro, gastronomia, artesanato e atividades culturais.<\/li>\n<li>No conjunto, a agenda inclui ainda eventos em Bai\u00e3o, Vila Nova de Paiva e Ourique, entre fevereiro e mar\u00e7o, mantendo o fumeiro como fio condutor da cultura rural e da identidade regional.<\/li>\n<\/ul>\n","protected":false},"author":2,"featured_media":178700,"comment_status":"closed","ping_status":"closed","sticky":false,"template":"","format":"standard","meta":{"footnotes":""},"categories":[1],"tags":[1369,1315,2014,4564,2146,4101],"class_list":["post-178697","post","type-post","status-publish","format-standard","has-post-thumbnail","hentry","category-noticias","tag-baiao","tag-mirandela","tag-ourique","tag-ponte-da-barca","tag-valpacos","tag-vinhais"],"yoast_head":"<!-- This site is optimized with the Yoast SEO plugin v27.2 - https:\/\/yoast.com\/product\/yoast-seo-wordpress\/ -->\n<title>Oito feiras de fumeiro para saborear chouri\u00e7as e enchidos - Portal Tela Portugal<\/title>\n<meta name=\"robots\" content=\"index, follow, max-snippet:-1, max-image-preview:large, max-video-preview:-1\" \/>\n<meta property=\"og:locale\" content=\"pt_PT\" \/>\n<meta property=\"og:type\" content=\"article\" \/>\n<meta property=\"og:title\" content=\"Oito feiras de fumeiro para saborear chouri\u00e7as e enchidos - Portal Tela Portugal\" \/>\n<meta property=\"og:description\" content=\"V\u00e1rias feiras do fumeiro ocupam o inverno nacional, com destaque para Montalegre e Boticas, que d\u00e3o carta de natureza \u00e0 gastronomia, artesanato e cultura popular da regi\u00e3o. Em Vinhais acontece a Feira do Fumeiro, j\u00e1 com 46 edi\u00e7\u00f5es, cerca de 80 mil visitantes anuais e 500 expositores; a edi\u00e7\u00e3o de 2026 est\u00e1 marcada para 5 a 8 de fevereiro. Vieira do Minho adiou a Feira do Fumeiro para 30 de janeiro a 1 de fevereiro, para n\u00e3o coincidir com a segunda volta das elei\u00e7\u00f5es presidenciais. Outras feiras destacadas incluem S\u00e3o Br\u00e1s (Valpa\u00e7os), Ponte da Barca, Miranda do Douro, Cabeceiras de Basto, Mirandela e Trancoso, com programa\u00e7\u00f5es que juntam fumeiro, gastronomia, artesanato e atividades culturais. No conjunto, a agenda inclui ainda eventos em Bai\u00e3o, Vila Nova de Paiva e Ourique, entre fevereiro e mar\u00e7o, mantendo o fumeiro como fio condutor da cultura rural e da identidade regional.\" \/>\n<meta property=\"og:url\" content=\"https:\/\/portaltela.pt\/noticias\/2026\/01\/28\/oito-feiras-de-fumeiro-para-saborear-chouricas-e-enchidos\/\" \/>\n<meta property=\"og:site_name\" content=\"Portal Tela Portugal\" \/>\n<meta property=\"article:published_time\" content=\"2026-01-28T12:08:00+00:00\" \/>\n<meta name=\"author\" content=\"Telinha\" \/>\n<meta name=\"twitter:card\" content=\"summary_large_image\" \/>\n<meta name=\"twitter:label1\" content=\"Escrito por\" \/>\n\t<meta name=\"twitter:data1\" content=\"Telinha\" \/>\n\t<meta name=\"twitter:label2\" content=\"Tempo estimado de leitura\" \/>\n\t<meta name=\"twitter:data2\" content=\"2 minutos\" \/>\n<script type=\"application\/ld+json\" class=\"yoast-schema-graph\">{\"@context\":\"https:\/\/schema.org\",\"@graph\":[{\"@type\":\"Article\",\"@id\":\"https:\/\/portaltela.pt\/noticias\/2026\/01\/28\/oito-feiras-de-fumeiro-para-saborear-chouricas-e-enchidos\/#article\",\"isPartOf\":{\"@id\":\"https:\/\/portaltela.pt\/noticias\/2026\/01\/28\/oito-feiras-de-fumeiro-para-saborear-chouricas-e-enchidos\/\"},\"author\":{\"name\":\"Telinha\",\"@id\":\"https:\/\/portaltela.pt\/#\/schema\/person\/c4278d4a6028830caff9ee44b42d32ed\"},\"headline\":\"Oito feiras de fumeiro para saborear chouri\u00e7as e enchidos\",\"datePublished\":\"2026-01-28T12:08:00+00:00\",\"mainEntityOfPage\":{\"@id\":\"https:\/\/portaltela.pt\/noticias\/2026\/01\/28\/oito-feiras-de-fumeiro-para-saborear-chouricas-e-enchidos\/\"},\"wordCount\":486,\"image\":{\"@id\":\"https:\/\/portaltela.pt\/noticias\/2026\/01\/28\/oito-feiras-de-fumeiro-para-saborear-chouricas-e-enchidos\/#primaryimage\"},\"thumbnailUrl\":\"https:\/\/portaltela.pt\/s.01k8rhncp4jt1\/2026\/01\/2062401.jpg\",\"keywords\":[\"Bai\u00e3o\",\"Mirandela\",\"Ourique\",\"Ponte da Barca\",\"Valpa\u00e7os\",\"Vinhais\"],\"articleSection\":[\"Not\u00edcias\"],\"inLanguage\":\"pt-PT\"},{\"@type\":\"WebPage\",\"@id\":\"https:\/\/portaltela.pt\/noticias\/2026\/01\/28\/oito-feiras-de-fumeiro-para-saborear-chouricas-e-enchidos\/\",\"url\":\"https:\/\/portaltela.pt\/noticias\/2026\/01\/28\/oito-feiras-de-fumeiro-para-saborear-chouricas-e-enchidos\/\",\"name\":\"Oito feiras de fumeiro para saborear chouri\u00e7as e enchidos - Portal Tela Portugal\",\"isPartOf\":{\"@id\":\"https:\/\/portaltela.pt\/#website\"},\"primaryImageOfPage\":{\"@id\":\"https:\/\/portaltela.pt\/noticias\/2026\/01\/28\/oito-feiras-de-fumeiro-para-saborear-chouricas-e-enchidos\/#primaryimage\"},\"image\":{\"@id\":\"https:\/\/portaltela.pt\/noticias\/2026\/01\/28\/oito-feiras-de-fumeiro-para-saborear-chouricas-e-enchidos\/#primaryimage\"},\"thumbnailUrl\":\"https:\/\/portaltela.pt\/s.01k8rhncp4jt1\/2026\/01\/2062401.jpg\",\"datePublished\":\"2026-01-28T12:08:00+00:00\",\"author\":{\"@id\":\"https:\/\/portaltela.pt\/#\/schema\/person\/c4278d4a6028830caff9ee44b42d32ed\"},\"breadcrumb\":{\"@id\":\"https:\/\/portaltela.pt\/noticias\/2026\/01\/28\/oito-feiras-de-fumeiro-para-saborear-chouricas-e-enchidos\/#breadcrumb\"},\"inLanguage\":\"pt-PT\",\"potentialAction\":[{\"@type\":\"ReadAction\",\"target\":[\"https:\/\/portaltela.pt\/noticias\/2026\/01\/28\/oito-feiras-de-fumeiro-para-saborear-chouricas-e-enchidos\/\"]}]},{\"@type\":\"ImageObject\",\"inLanguage\":\"pt-PT\",\"@id\":\"https:\/\/portaltela.pt\/noticias\/2026\/01\/28\/oito-feiras-de-fumeiro-para-saborear-chouricas-e-enchidos\/#primaryimage\",\"url\":\"https:\/\/portaltela.pt\/s.01k8rhncp4jt1\/2026\/01\/2062401.jpg\",\"contentUrl\":\"https:\/\/portaltela.pt\/s.01k8rhncp4jt1\/2026\/01\/2062401.jpg\",\"width\":796,\"height\":448,\"caption\":\"Exemplar da ruralidade, o ritual do fumeiro continua a marcar a agenda de comezainas\"},{\"@type\":\"BreadcrumbList\",\"@id\":\"https:\/\/portaltela.pt\/noticias\/2026\/01\/28\/oito-feiras-de-fumeiro-para-saborear-chouricas-e-enchidos\/#breadcrumb\",\"itemListElement\":[{\"@type\":\"ListItem\",\"position\":1,\"name\":\"In\u00edcio\",\"item\":\"https:\/\/portaltela.pt\/\"},{\"@type\":\"ListItem\",\"position\":2,\"name\":\"Oito feiras de fumeiro para saborear chouri\u00e7as e enchidos\"}]},{\"@type\":\"WebSite\",\"@id\":\"https:\/\/portaltela.pt\/#website\",\"url\":\"https:\/\/portaltela.pt\/\",\"name\":\"Portal Tela Portugal\",\"description\":\"\",\"potentialAction\":[{\"@type\":\"SearchAction\",\"target\":{\"@type\":\"EntryPoint\",\"urlTemplate\":\"https:\/\/portaltela.pt\/?s={search_term_string}\"},\"query-input\":{\"@type\":\"PropertyValueSpecification\",\"valueRequired\":true,\"valueName\":\"search_term_string\"}}],\"inLanguage\":\"pt-PT\"},{\"@type\":\"Person\",\"@id\":\"https:\/\/portaltela.pt\/#\/schema\/person\/c4278d4a6028830caff9ee44b42d32ed\",\"name\":\"Telinha\",\"image\":{\"@type\":\"ImageObject\",\"inLanguage\":\"pt-PT\",\"@id\":\"https:\/\/portaltela.pt\/s.01k8rhncp4jt1\/2025\/11\/talking-bot-125x125.png\",\"url\":\"https:\/\/portaltela.pt\/s.01k8rhncp4jt1\/2025\/11\/talking-bot-125x125.png\",\"contentUrl\":\"https:\/\/portaltela.pt\/s.01k8rhncp4jt1\/2025\/11\/talking-bot-125x125.png\",\"caption\":\"Telinha\"},\"sameAs\":[\"https:\/\/portaltela.pt\/\"],\"url\":\"https:\/\/portaltela.pt\/por\/367410592786\/\"}]}<\/script>\n<!-- \/ Yoast SEO plugin. -->","yoast_head_json":{"title":"Oito feiras de fumeiro para saborear chouri\u00e7as e enchidos - Portal Tela Portugal","robots":{"index":"index","follow":"follow","max-snippet":"max-snippet:-1","max-image-preview":"max-image-preview:large","max-video-preview":"max-video-preview:-1"},"og_locale":"pt_PT","og_type":"article","og_title":"Oito feiras de fumeiro para saborear chouri\u00e7as e enchidos - Portal Tela Portugal","og_description":"V\u00e1rias feiras do fumeiro ocupam o inverno nacional, com destaque para Montalegre e Boticas, que d\u00e3o carta de natureza \u00e0 gastronomia, artesanato e cultura popular da regi\u00e3o. Em Vinhais acontece a Feira do Fumeiro, j\u00e1 com 46 edi\u00e7\u00f5es, cerca de 80 mil visitantes anuais e 500 expositores; a edi\u00e7\u00e3o de 2026 est\u00e1 marcada para 5 a 8 de fevereiro. Vieira do Minho adiou a Feira do Fumeiro para 30 de janeiro a 1 de fevereiro, para n\u00e3o coincidir com a segunda volta das elei\u00e7\u00f5es presidenciais. Outras feiras destacadas incluem S\u00e3o Br\u00e1s (Valpa\u00e7os), Ponte da Barca, Miranda do Douro, Cabeceiras de Basto, Mirandela e Trancoso, com programa\u00e7\u00f5es que juntam fumeiro, gastronomia, artesanato e atividades culturais. No conjunto, a agenda inclui ainda eventos em Bai\u00e3o, Vila Nova de Paiva e Ourique, entre fevereiro e mar\u00e7o, mantendo o fumeiro como fio condutor da cultura rural e da identidade regional.","og_url":"https:\/\/portaltela.pt\/noticias\/2026\/01\/28\/oito-feiras-de-fumeiro-para-saborear-chouricas-e-enchidos\/","og_site_name":"Portal Tela Portugal","article_published_time":"2026-01-28T12:08:00+00:00","author":"Telinha","twitter_card":"summary_large_image","twitter_misc":{"Escrito por":"Telinha","Tempo estimado de leitura":"2 minutos"},"schema":{"@context":"https:\/\/schema.org","@graph":[{"@type":"Article","@id":"https:\/\/portaltela.pt\/noticias\/2026\/01\/28\/oito-feiras-de-fumeiro-para-saborear-chouricas-e-enchidos\/#article","isPartOf":{"@id":"https:\/\/portaltela.pt\/noticias\/2026\/01\/28\/oito-feiras-de-fumeiro-para-saborear-chouricas-e-enchidos\/"},"author":{"name":"Telinha","@id":"https:\/\/portaltela.pt\/#\/schema\/person\/c4278d4a6028830caff9ee44b42d32ed"},"headline":"Oito feiras de fumeiro para saborear chouri\u00e7as e enchidos","datePublished":"2026-01-28T12:08:00+00:00","mainEntityOfPage":{"@id":"https:\/\/portaltela.pt\/noticias\/2026\/01\/28\/oito-feiras-de-fumeiro-para-saborear-chouricas-e-enchidos\/"},"wordCount":486,"image":{"@id":"https:\/\/portaltela.pt\/noticias\/2026\/01\/28\/oito-feiras-de-fumeiro-para-saborear-chouricas-e-enchidos\/#primaryimage"},"thumbnailUrl":"https:\/\/portaltela.pt\/s.01k8rhncp4jt1\/2026\/01\/2062401.jpg","keywords":["Bai\u00e3o","Mirandela","Ourique","Ponte da Barca","Valpa\u00e7os","Vinhais"],"articleSection":["Not\u00edcias"],"inLanguage":"pt-PT"},{"@type":"WebPage","@id":"https:\/\/portaltela.pt\/noticias\/2026\/01\/28\/oito-feiras-de-fumeiro-para-saborear-chouricas-e-enchidos\/","url":"https:\/\/portaltela.pt\/noticias\/2026\/01\/28\/oito-feiras-de-fumeiro-para-saborear-chouricas-e-enchidos\/","name":"Oito feiras de fumeiro para saborear chouri\u00e7as e enchidos - Portal Tela Portugal","isPartOf":{"@id":"https:\/\/portaltela.pt\/#website"},"primaryImageOfPage":{"@id":"https:\/\/portaltela.pt\/noticias\/2026\/01\/28\/oito-feiras-de-fumeiro-para-saborear-chouricas-e-enchidos\/#primaryimage"},"image":{"@id":"https:\/\/portaltela.pt\/noticias\/2026\/01\/28\/oito-feiras-de-fumeiro-para-saborear-chouricas-e-enchidos\/#primaryimage"},"thumbnailUrl":"https:\/\/portaltela.pt\/s.01k8rhncp4jt1\/2026\/01\/2062401.jpg","datePublished":"2026-01-28T12:08:00+00:00","author":{"@id":"https:\/\/portaltela.pt\/#\/schema\/person\/c4278d4a6028830caff9ee44b42d32ed"},"breadcrumb":{"@id":"https:\/\/portaltela.pt\/noticias\/2026\/01\/28\/oito-feiras-de-fumeiro-para-saborear-chouricas-e-enchidos\/#breadcrumb"},"inLanguage":"pt-PT","potentialAction":[{"@type":"ReadAction","target":["https:\/\/portaltela.pt\/noticias\/2026\/01\/28\/oito-feiras-de-fumeiro-para-saborear-chouricas-e-enchidos\/"]}]},{"@type":"ImageObject","inLanguage":"pt-PT","@id":"https:\/\/portaltela.pt\/noticias\/2026\/01\/28\/oito-feiras-de-fumeiro-para-saborear-chouricas-e-enchidos\/#primaryimage","url":"https:\/\/portaltela.pt\/s.01k8rhncp4jt1\/2026\/01\/2062401.jpg","contentUrl":"https:\/\/portaltela.pt\/s.01k8rhncp4jt1\/2026\/01\/2062401.jpg","width":796,"height":448,"caption":"Exemplar da ruralidade, o ritual do fumeiro continua a marcar a agenda de comezainas"},{"@type":"BreadcrumbList","@id":"https:\/\/portaltela.pt\/noticias\/2026\/01\/28\/oito-feiras-de-fumeiro-para-saborear-chouricas-e-enchidos\/#breadcrumb","itemListElement":[{"@type":"ListItem","position":1,"name":"In\u00edcio","item":"https:\/\/portaltela.pt\/"},{"@type":"ListItem","position":2,"name":"Oito feiras de fumeiro para saborear chouri\u00e7as e enchidos"}]},{"@type":"WebSite","@id":"https:\/\/portaltela.pt\/#website","url":"https:\/\/portaltela.pt\/","name":"Portal Tela Portugal","description":"","potentialAction":[{"@type":"SearchAction","target":{"@type":"EntryPoint","urlTemplate":"https:\/\/portaltela.pt\/?s={search_term_string}"},"query-input":{"@type":"PropertyValueSpecification","valueRequired":true,"valueName":"search_term_string"}}],"inLanguage":"pt-PT"},{"@type":"Person","@id":"https:\/\/portaltela.pt\/#\/schema\/person\/c4278d4a6028830caff9ee44b42d32ed","name":"Telinha","image":{"@type":"ImageObject","inLanguage":"pt-PT","@id":"https:\/\/portaltela.pt\/s.01k8rhncp4jt1\/2025\/11\/talking-bot-125x125.png","url":"https:\/\/portaltela.pt\/s.01k8rhncp4jt1\/2025\/11\/talking-bot-125x125.png","contentUrl":"https:\/\/portaltela.pt\/s.01k8rhncp4jt1\/2025\/11\/talking-bot-125x125.png","caption":"Telinha"},"sameAs":["https:\/\/portaltela.pt\/"],"url":"https:\/\/portaltela.pt\/por\/367410592786\/"}]}},"_links":{"self":[{"href":"https:\/\/portaltela.pt\/api\/wp\/v2\/posts\/178697","targetHints":{"allow":["GET"]}}],"collection":[{"href":"https:\/\/portaltela.pt\/api\/wp\/v2\/posts"}],"about":[{"href":"https:\/\/portaltela.pt\/api\/wp\/v2\/types\/post"}],"author":[{"embeddable":true,"href":"https:\/\/portaltela.pt\/api\/wp\/v2\/users\/2"}],"replies":[{"embeddable":true,"href":"https:\/\/portaltela.pt\/api\/wp\/v2\/comments?post=178697"}],"version-history":[{"count":0,"href":"https:\/\/portaltela.pt\/api\/wp\/v2\/posts\/178697\/revisions"}],"wp:featuredmedia":[{"embeddable":true,"href":"https:\/\/portaltela.pt\/api\/wp\/v2\/media\/178700"}],"wp:attachment":[{"href":"https:\/\/portaltela.pt\/api\/wp\/v2\/media?parent=178697"}],"wp:term":[{"taxonomy":"category","embeddable":true,"href":"https:\/\/portaltela.pt\/api\/wp\/v2\/categories?post=178697"},{"taxonomy":"post_tag","embeddable":true,"href":"https:\/\/portaltela.pt\/api\/wp\/v2\/tags?post=178697"}],"curies":[{"name":"wp","href":"https:\/\/api.w.org\/{rel}","templated":true}]}}