{"id":178558,"date":"2026-01-28T07:54:57","date_gmt":"2026-01-28T10:54:57","guid":{"rendered":"https:\/\/portaltela.pt\/noticias\/2026\/01\/28\/miguel-gavinhos-assume-presidencia-da-associacao-de-municipios-da-cova-da-beira\/"},"modified":"2026-01-28T07:54:57","modified_gmt":"2026-01-28T10:54:57","slug":"miguel-gavinhos-assume-presidencia-da-associacao-de-municipios-da-cova-da-beira","status":"publish","type":"post","link":"https:\/\/portaltela.pt\/noticias\/politica\/2026\/01\/28\/miguel-gavinhos-assume-presidencia-da-associacao-de-municipios-da-cova-da-beira\/","title":{"rendered":"Miguel Gavinhos assume presid\u00eancia da Associa\u00e7\u00e3o de Munic\u00edpios da Cova da Beira"},"content":{"rendered":"<p>Miguel Gavinhos foi eleito presidente da Associa\u00e7\u00e3o de Munic\u00edpios da Cova da Beira (AMCB) por unanimidade na reuni\u00e3o eleitoral de 27 de janeiro, realizada nos Pa\u00e7os do Concelho da Guarda. A escolha foi anunciada durante o encontro com a presen\u00e7a de representantes das 13 autarquias associadas.<\/p>\n<p>A AMCB, que integra os munic\u00edpios de Almeida, Belmonte, Celorico da Beira, Figueira de Castelo Rodrigo, Fornos de Algodres, Fund\u00e3o, Guarda, Manteigas, Meda, Penamacor, Pinhel, Sabugal e Trancoso, tem como objetivo potenciar a coes\u00e3o territorial. Gavinhos destacou a transi\u00e7\u00e3o energ\u00e9tica, coopera\u00e7\u00e3o transfronteiri\u00e7a e mobilidade el\u00e9ctrica como eixos centrais do mandato.<\/p>\n<p>Al\u00e9m de presidir a AMCB, Miguel Gavinhos passa a liderar a Enerarea \u2013 Ag\u00eancia Regional de Energia e Ambiente da Beira Interior, que agrega tamb\u00e9m outros munic\u00edpios da regi\u00e3o. Esta nomea\u00e7\u00e3o refor\u00e7a a liga\u00e7\u00e3o entre a associa\u00e7\u00e3o e a ag\u00eancia na gest\u00e3o de pol\u00edticas de energia, ambiente e desenvolvimento regional.<\/p>\n<h3>Composi\u00e7\u00e3o dos \u00f3rg\u00e3os sociais<\/h3>\n<p><strong>Conselho Diretivo<\/strong>:<\/p>\n<ul>\n<li>Presidente: Miguel Gavinhos, Presidente da C\u00e2mara Municipal do Fund\u00e3o<\/li>\n<li>Vogal: Carlos Manuel Martins Condesso, C\u00e2mara de Figueira de Castelo Rodrigo<\/li>\n<li>Vogal: Ant\u00f3nio Jos\u00e9 Monteiro Machado, C\u00e2mara de Almeida<\/li>\n<li>Vogal: Daniela Patr\u00edcia Monteiro Capelo, C\u00e2mara de Pinhel<\/li>\n<li>Vogal: Jos\u00e9 Miguel Ribeiro de Oliveira, C\u00e2mara de Penamacor<\/li>\n<\/ul>\n<p><strong>Mesa da Assembleia<\/strong>:<\/p>\n<ul>\n<li>Presidente: S\u00e9rgio Fernando da Silva Costa, C\u00e2mara da Guarda<\/li>\n<li>Vice-presidente: V\u00edtor Manuel Dias Proen\u00e7a, C\u00e2mara do Sabugal<\/li>\n<li>Secret\u00e1rio: Alexandre Filipe Fernandes Lote, C\u00e2mara de Fornos de Algodres<\/li>\n<\/ul>\n","protected":false},"excerpt":{"rendered":"<ul>\n<li>Miguel Gavinhos foi eleito presidente da Associa\u00e7\u00e3o de Munic\u00edpios da Cova da Beira (AMCB) por unanimidade, na reuni\u00e3o realizada a 27 de janeiro nos Pa\u00e7os do Concelho da Guarda.<\/li>\n<li>A AMCB re\u00fane treze autarquias da Beira Interior: Almeida, Belmonte, Celorico da Beira, Figueira de Castelo Rodrigo, Fornos de Algodres, Fund\u00e3o, Guarda, Manteigas, Meda, Penamacor, Pinhel, Sabugal e Trancoso.<\/li>\n<li>No mandato, o eixo principal \u00e9 a coes\u00e3o territorial, com foco na transi\u00e7\u00e3o energ\u00e9tica e ambiental, coopera\u00e7\u00e3o transfronteiri\u00e7a, limpeza urbana, valoriza\u00e7\u00e3o de biores\u00edduos, mobilidade el\u00e9ctrica, Grande Pr\u00e9mio de Ciclismo Beiras e Serra da Estrela e feiras econ\u00f3micas regionais.<\/li>\n<li>Gavinhos passa a liderar tamb\u00e9m a Enerarea \u2013 Ag\u00eancia Regional de Energia e Ambiente da Beira Interior, que agrega munic\u00edpios da AMCB e de outros concelhos da regi\u00e3o.<\/li>\n<li>Estruturas sociais: Conselho Directivo com Gavinhos \u00e0 frente; Mesa da Assembleia liderada pelo presidente da C\u00e2mara da Guarda, S\u00e9rgio Costa, entre outros membros.<\/li>\n<\/ul>\n","protected":false},"author":2,"featured_media":178579,"comment_status":"closed","ping_status":"closed","sticky":false,"template":"","format":"standard","meta":{"footnotes":""},"categories":[1,5],"tags":[4212,1846,174,4557,2772,4171],"class_list":["post-178558","post","type-post","status-publish","format-standard","has-post-thumbnail","hentry","category-noticias","category-politica","tag-almeida","tag-beira-interior","tag-energia","tag-figueira-de-castelo-rodrigo","tag-fundao","tag-mobilidade-sustentavel"],"yoast_head":"<!-- This site is optimized with the Yoast SEO plugin v27.2 - https:\/\/yoast.com\/product\/yoast-seo-wordpress\/ -->\n<title>Miguel Gavinhos assume presid\u00eancia da Associa\u00e7\u00e3o de Munic\u00edpios da Cova da Beira - Portal Tela Portugal<\/title>\n<meta name=\"robots\" content=\"index, follow, max-snippet:-1, max-image-preview:large, max-video-preview:-1\" \/>\n<meta property=\"og:locale\" content=\"pt_PT\" \/>\n<meta property=\"og:type\" content=\"article\" \/>\n<meta property=\"og:title\" content=\"Miguel Gavinhos assume presid\u00eancia da Associa\u00e7\u00e3o de Munic\u00edpios da Cova da Beira - Portal Tela Portugal\" \/>\n<meta property=\"og:description\" content=\"Miguel Gavinhos foi eleito presidente da Associa\u00e7\u00e3o de Munic\u00edpios da Cova da Beira (AMCB) por unanimidade, na reuni\u00e3o realizada a 27 de janeiro nos Pa\u00e7os do Concelho da Guarda. A AMCB re\u00fane treze autarquias da Beira Interior: Almeida, Belmonte, Celorico da Beira, Figueira de Castelo Rodrigo, Fornos de Algodres, Fund\u00e3o, Guarda, Manteigas, Meda, Penamacor, Pinhel, Sabugal e Trancoso. No mandato, o eixo principal \u00e9 a coes\u00e3o territorial, com foco na transi\u00e7\u00e3o energ\u00e9tica e ambiental, coopera\u00e7\u00e3o transfronteiri\u00e7a, limpeza urbana, valoriza\u00e7\u00e3o de biores\u00edduos, mobilidade el\u00e9ctrica, Grande Pr\u00e9mio de Ciclismo Beiras e Serra da Estrela e feiras econ\u00f3micas regionais. Gavinhos passa a liderar tamb\u00e9m a Enerarea \u2013 Ag\u00eancia Regional de Energia e Ambiente da Beira Interior, que agrega munic\u00edpios da AMCB e de outros concelhos da regi\u00e3o. Estruturas sociais: Conselho Directivo com Gavinhos \u00e0 frente; Mesa da Assembleia liderada pelo presidente da C\u00e2mara da Guarda, S\u00e9rgio Costa, entre outros membros.\" \/>\n<meta property=\"og:url\" content=\"https:\/\/portaltela.pt\/noticias\/2026\/01\/28\/miguel-gavinhos-assume-presidencia-da-associacao-de-municipios-da-cova-da-beira\/\" \/>\n<meta property=\"og:site_name\" content=\"Portal Tela Portugal\" \/>\n<meta property=\"article:published_time\" content=\"2026-01-28T10:54:57+00:00\" \/>\n<meta name=\"author\" content=\"Telinha\" \/>\n<meta name=\"twitter:card\" content=\"summary_large_image\" \/>\n<meta name=\"twitter:label1\" content=\"Escrito por\" \/>\n\t<meta name=\"twitter:data1\" content=\"Telinha\" \/>\n\t<meta name=\"twitter:label2\" content=\"Tempo estimado de leitura\" \/>\n\t<meta name=\"twitter:data2\" content=\"1 minuto\" \/>\n<script type=\"application\/ld+json\" class=\"yoast-schema-graph\">{\"@context\":\"https:\/\/schema.org\",\"@graph\":[{\"@type\":\"Article\",\"@id\":\"https:\/\/portaltela.pt\/noticias\/2026\/01\/28\/miguel-gavinhos-assume-presidencia-da-associacao-de-municipios-da-cova-da-beira\/#article\",\"isPartOf\":{\"@id\":\"https:\/\/portaltela.pt\/noticias\/2026\/01\/28\/miguel-gavinhos-assume-presidencia-da-associacao-de-municipios-da-cova-da-beira\/\"},\"author\":{\"name\":\"Telinha\",\"@id\":\"https:\/\/portaltela.pt\/#\/schema\/person\/c4278d4a6028830caff9ee44b42d32ed\"},\"headline\":\"Miguel Gavinhos assume presid\u00eancia da Associa\u00e7\u00e3o de Munic\u00edpios da Cova da Beira\",\"datePublished\":\"2026-01-28T10:54:57+00:00\",\"mainEntityOfPage\":{\"@id\":\"https:\/\/portaltela.pt\/noticias\/2026\/01\/28\/miguel-gavinhos-assume-presidencia-da-associacao-de-municipios-da-cova-da-beira\/\"},\"wordCount\":281,\"image\":{\"@id\":\"https:\/\/portaltela.pt\/noticias\/2026\/01\/28\/miguel-gavinhos-assume-presidencia-da-associacao-de-municipios-da-cova-da-beira\/#primaryimage\"},\"thumbnailUrl\":\"https:\/\/portaltela.pt\/s.01k8rhncp4jt1\/2026\/01\/unnamed-file-5609.jpg\",\"keywords\":[\"Almeida\",\"Beira Interior\",\"energia\",\"Figueira de Castelo Rodrigo\",\"Fund\u00e3o\",\"Mobilidade Sustent\u00e1vel\"],\"articleSection\":[\"Not\u00edcias\",\"Pol\u00edtica\"],\"inLanguage\":\"pt-PT\"},{\"@type\":\"WebPage\",\"@id\":\"https:\/\/portaltela.pt\/noticias\/2026\/01\/28\/miguel-gavinhos-assume-presidencia-da-associacao-de-municipios-da-cova-da-beira\/\",\"url\":\"https:\/\/portaltela.pt\/noticias\/2026\/01\/28\/miguel-gavinhos-assume-presidencia-da-associacao-de-municipios-da-cova-da-beira\/\",\"name\":\"Miguel Gavinhos assume presid\u00eancia da Associa\u00e7\u00e3o de Munic\u00edpios da Cova da Beira - Portal Tela Portugal\",\"isPartOf\":{\"@id\":\"https:\/\/portaltela.pt\/#website\"},\"primaryImageOfPage\":{\"@id\":\"https:\/\/portaltela.pt\/noticias\/2026\/01\/28\/miguel-gavinhos-assume-presidencia-da-associacao-de-municipios-da-cova-da-beira\/#primaryimage\"},\"image\":{\"@id\":\"https:\/\/portaltela.pt\/noticias\/2026\/01\/28\/miguel-gavinhos-assume-presidencia-da-associacao-de-municipios-da-cova-da-beira\/#primaryimage\"},\"thumbnailUrl\":\"https:\/\/portaltela.pt\/s.01k8rhncp4jt1\/2026\/01\/unnamed-file-5609.jpg\",\"datePublished\":\"2026-01-28T10:54:57+00:00\",\"author\":{\"@id\":\"https:\/\/portaltela.pt\/#\/schema\/person\/c4278d4a6028830caff9ee44b42d32ed\"},\"breadcrumb\":{\"@id\":\"https:\/\/portaltela.pt\/noticias\/2026\/01\/28\/miguel-gavinhos-assume-presidencia-da-associacao-de-municipios-da-cova-da-beira\/#breadcrumb\"},\"inLanguage\":\"pt-PT\",\"potentialAction\":[{\"@type\":\"ReadAction\",\"target\":[\"https:\/\/portaltela.pt\/noticias\/2026\/01\/28\/miguel-gavinhos-assume-presidencia-da-associacao-de-municipios-da-cova-da-beira\/\"]}]},{\"@type\":\"ImageObject\",\"inLanguage\":\"pt-PT\",\"@id\":\"https:\/\/portaltela.pt\/noticias\/2026\/01\/28\/miguel-gavinhos-assume-presidencia-da-associacao-de-municipios-da-cova-da-beira\/#primaryimage\",\"url\":\"https:\/\/portaltela.pt\/s.01k8rhncp4jt1\/2026\/01\/unnamed-file-5609.jpg\",\"contentUrl\":\"https:\/\/portaltela.pt\/s.01k8rhncp4jt1\/2026\/01\/unnamed-file-5609.jpg\",\"width\":796,\"height\":448,\"caption\":\"Miguel Gavinhos assume presid\u00eancia da Associa\u00e7\u00e3o de Munic\u00edpios da Cova da Beira\"},{\"@type\":\"BreadcrumbList\",\"@id\":\"https:\/\/portaltela.pt\/noticias\/2026\/01\/28\/miguel-gavinhos-assume-presidencia-da-associacao-de-municipios-da-cova-da-beira\/#breadcrumb\",\"itemListElement\":[{\"@type\":\"ListItem\",\"position\":1,\"name\":\"In\u00edcio\",\"item\":\"https:\/\/portaltela.pt\/\"},{\"@type\":\"ListItem\",\"position\":2,\"name\":\"Miguel Gavinhos assume presid\u00eancia da Associa\u00e7\u00e3o de Munic\u00edpios da Cova da Beira\"}]},{\"@type\":\"WebSite\",\"@id\":\"https:\/\/portaltela.pt\/#website\",\"url\":\"https:\/\/portaltela.pt\/\",\"name\":\"Portal Tela Portugal\",\"description\":\"\",\"potentialAction\":[{\"@type\":\"SearchAction\",\"target\":{\"@type\":\"EntryPoint\",\"urlTemplate\":\"https:\/\/portaltela.pt\/?s={search_term_string}\"},\"query-input\":{\"@type\":\"PropertyValueSpecification\",\"valueRequired\":true,\"valueName\":\"search_term_string\"}}],\"inLanguage\":\"pt-PT\"},{\"@type\":\"Person\",\"@id\":\"https:\/\/portaltela.pt\/#\/schema\/person\/c4278d4a6028830caff9ee44b42d32ed\",\"name\":\"Telinha\",\"image\":{\"@type\":\"ImageObject\",\"inLanguage\":\"pt-PT\",\"@id\":\"https:\/\/portaltela.pt\/s.01k8rhncp4jt1\/2025\/11\/talking-bot-125x125.png\",\"url\":\"https:\/\/portaltela.pt\/s.01k8rhncp4jt1\/2025\/11\/talking-bot-125x125.png\",\"contentUrl\":\"https:\/\/portaltela.pt\/s.01k8rhncp4jt1\/2025\/11\/talking-bot-125x125.png\",\"caption\":\"Telinha\"},\"sameAs\":[\"https:\/\/portaltela.pt\/\"],\"url\":\"https:\/\/portaltela.pt\/por\/367410592786\/\"}]}<\/script>\n<!-- \/ Yoast SEO plugin. -->","yoast_head_json":{"title":"Miguel Gavinhos assume presid\u00eancia da Associa\u00e7\u00e3o de Munic\u00edpios da Cova da Beira - Portal Tela Portugal","robots":{"index":"index","follow":"follow","max-snippet":"max-snippet:-1","max-image-preview":"max-image-preview:large","max-video-preview":"max-video-preview:-1"},"og_locale":"pt_PT","og_type":"article","og_title":"Miguel Gavinhos assume presid\u00eancia da Associa\u00e7\u00e3o de Munic\u00edpios da Cova da Beira - Portal Tela Portugal","og_description":"Miguel Gavinhos foi eleito presidente da Associa\u00e7\u00e3o de Munic\u00edpios da Cova da Beira (AMCB) por unanimidade, na reuni\u00e3o realizada a 27 de janeiro nos Pa\u00e7os do Concelho da Guarda. A AMCB re\u00fane treze autarquias da Beira Interior: Almeida, Belmonte, Celorico da Beira, Figueira de Castelo Rodrigo, Fornos de Algodres, Fund\u00e3o, Guarda, Manteigas, Meda, Penamacor, Pinhel, Sabugal e Trancoso. No mandato, o eixo principal \u00e9 a coes\u00e3o territorial, com foco na transi\u00e7\u00e3o energ\u00e9tica e ambiental, coopera\u00e7\u00e3o transfronteiri\u00e7a, limpeza urbana, valoriza\u00e7\u00e3o de biores\u00edduos, mobilidade el\u00e9ctrica, Grande Pr\u00e9mio de Ciclismo Beiras e Serra da Estrela e feiras econ\u00f3micas regionais. Gavinhos passa a liderar tamb\u00e9m a Enerarea \u2013 Ag\u00eancia Regional de Energia e Ambiente da Beira Interior, que agrega munic\u00edpios da AMCB e de outros concelhos da regi\u00e3o. Estruturas sociais: Conselho Directivo com Gavinhos \u00e0 frente; Mesa da Assembleia liderada pelo presidente da C\u00e2mara da Guarda, S\u00e9rgio Costa, entre outros membros.","og_url":"https:\/\/portaltela.pt\/noticias\/2026\/01\/28\/miguel-gavinhos-assume-presidencia-da-associacao-de-municipios-da-cova-da-beira\/","og_site_name":"Portal Tela Portugal","article_published_time":"2026-01-28T10:54:57+00:00","author":"Telinha","twitter_card":"summary_large_image","twitter_misc":{"Escrito por":"Telinha","Tempo estimado de leitura":"1 minuto"},"schema":{"@context":"https:\/\/schema.org","@graph":[{"@type":"Article","@id":"https:\/\/portaltela.pt\/noticias\/2026\/01\/28\/miguel-gavinhos-assume-presidencia-da-associacao-de-municipios-da-cova-da-beira\/#article","isPartOf":{"@id":"https:\/\/portaltela.pt\/noticias\/2026\/01\/28\/miguel-gavinhos-assume-presidencia-da-associacao-de-municipios-da-cova-da-beira\/"},"author":{"name":"Telinha","@id":"https:\/\/portaltela.pt\/#\/schema\/person\/c4278d4a6028830caff9ee44b42d32ed"},"headline":"Miguel Gavinhos assume presid\u00eancia da Associa\u00e7\u00e3o de Munic\u00edpios da Cova da Beira","datePublished":"2026-01-28T10:54:57+00:00","mainEntityOfPage":{"@id":"https:\/\/portaltela.pt\/noticias\/2026\/01\/28\/miguel-gavinhos-assume-presidencia-da-associacao-de-municipios-da-cova-da-beira\/"},"wordCount":281,"image":{"@id":"https:\/\/portaltela.pt\/noticias\/2026\/01\/28\/miguel-gavinhos-assume-presidencia-da-associacao-de-municipios-da-cova-da-beira\/#primaryimage"},"thumbnailUrl":"https:\/\/portaltela.pt\/s.01k8rhncp4jt1\/2026\/01\/unnamed-file-5609.jpg","keywords":["Almeida","Beira Interior","energia","Figueira de Castelo Rodrigo","Fund\u00e3o","Mobilidade Sustent\u00e1vel"],"articleSection":["Not\u00edcias","Pol\u00edtica"],"inLanguage":"pt-PT"},{"@type":"WebPage","@id":"https:\/\/portaltela.pt\/noticias\/2026\/01\/28\/miguel-gavinhos-assume-presidencia-da-associacao-de-municipios-da-cova-da-beira\/","url":"https:\/\/portaltela.pt\/noticias\/2026\/01\/28\/miguel-gavinhos-assume-presidencia-da-associacao-de-municipios-da-cova-da-beira\/","name":"Miguel Gavinhos assume presid\u00eancia da Associa\u00e7\u00e3o de Munic\u00edpios da Cova da Beira - Portal Tela Portugal","isPartOf":{"@id":"https:\/\/portaltela.pt\/#website"},"primaryImageOfPage":{"@id":"https:\/\/portaltela.pt\/noticias\/2026\/01\/28\/miguel-gavinhos-assume-presidencia-da-associacao-de-municipios-da-cova-da-beira\/#primaryimage"},"image":{"@id":"https:\/\/portaltela.pt\/noticias\/2026\/01\/28\/miguel-gavinhos-assume-presidencia-da-associacao-de-municipios-da-cova-da-beira\/#primaryimage"},"thumbnailUrl":"https:\/\/portaltela.pt\/s.01k8rhncp4jt1\/2026\/01\/unnamed-file-5609.jpg","datePublished":"2026-01-28T10:54:57+00:00","author":{"@id":"https:\/\/portaltela.pt\/#\/schema\/person\/c4278d4a6028830caff9ee44b42d32ed"},"breadcrumb":{"@id":"https:\/\/portaltela.pt\/noticias\/2026\/01\/28\/miguel-gavinhos-assume-presidencia-da-associacao-de-municipios-da-cova-da-beira\/#breadcrumb"},"inLanguage":"pt-PT","potentialAction":[{"@type":"ReadAction","target":["https:\/\/portaltela.pt\/noticias\/2026\/01\/28\/miguel-gavinhos-assume-presidencia-da-associacao-de-municipios-da-cova-da-beira\/"]}]},{"@type":"ImageObject","inLanguage":"pt-PT","@id":"https:\/\/portaltela.pt\/noticias\/2026\/01\/28\/miguel-gavinhos-assume-presidencia-da-associacao-de-municipios-da-cova-da-beira\/#primaryimage","url":"https:\/\/portaltela.pt\/s.01k8rhncp4jt1\/2026\/01\/unnamed-file-5609.jpg","contentUrl":"https:\/\/portaltela.pt\/s.01k8rhncp4jt1\/2026\/01\/unnamed-file-5609.jpg","width":796,"height":448,"caption":"Miguel Gavinhos assume presid\u00eancia da Associa\u00e7\u00e3o de Munic\u00edpios da Cova da Beira"},{"@type":"BreadcrumbList","@id":"https:\/\/portaltela.pt\/noticias\/2026\/01\/28\/miguel-gavinhos-assume-presidencia-da-associacao-de-municipios-da-cova-da-beira\/#breadcrumb","itemListElement":[{"@type":"ListItem","position":1,"name":"In\u00edcio","item":"https:\/\/portaltela.pt\/"},{"@type":"ListItem","position":2,"name":"Miguel Gavinhos assume presid\u00eancia da Associa\u00e7\u00e3o de Munic\u00edpios da Cova da Beira"}]},{"@type":"WebSite","@id":"https:\/\/portaltela.pt\/#website","url":"https:\/\/portaltela.pt\/","name":"Portal Tela Portugal","description":"","potentialAction":[{"@type":"SearchAction","target":{"@type":"EntryPoint","urlTemplate":"https:\/\/portaltela.pt\/?s={search_term_string}"},"query-input":{"@type":"PropertyValueSpecification","valueRequired":true,"valueName":"search_term_string"}}],"inLanguage":"pt-PT"},{"@type":"Person","@id":"https:\/\/portaltela.pt\/#\/schema\/person\/c4278d4a6028830caff9ee44b42d32ed","name":"Telinha","image":{"@type":"ImageObject","inLanguage":"pt-PT","@id":"https:\/\/portaltela.pt\/s.01k8rhncp4jt1\/2025\/11\/talking-bot-125x125.png","url":"https:\/\/portaltela.pt\/s.01k8rhncp4jt1\/2025\/11\/talking-bot-125x125.png","contentUrl":"https:\/\/portaltela.pt\/s.01k8rhncp4jt1\/2025\/11\/talking-bot-125x125.png","caption":"Telinha"},"sameAs":["https:\/\/portaltela.pt\/"],"url":"https:\/\/portaltela.pt\/por\/367410592786\/"}]}},"_links":{"self":[{"href":"https:\/\/portaltela.pt\/api\/wp\/v2\/posts\/178558","targetHints":{"allow":["GET"]}}],"collection":[{"href":"https:\/\/portaltela.pt\/api\/wp\/v2\/posts"}],"about":[{"href":"https:\/\/portaltela.pt\/api\/wp\/v2\/types\/post"}],"author":[{"embeddable":true,"href":"https:\/\/portaltela.pt\/api\/wp\/v2\/users\/2"}],"replies":[{"embeddable":true,"href":"https:\/\/portaltela.pt\/api\/wp\/v2\/comments?post=178558"}],"version-history":[{"count":0,"href":"https:\/\/portaltela.pt\/api\/wp\/v2\/posts\/178558\/revisions"}],"wp:featuredmedia":[{"embeddable":true,"href":"https:\/\/portaltela.pt\/api\/wp\/v2\/media\/178579"}],"wp:attachment":[{"href":"https:\/\/portaltela.pt\/api\/wp\/v2\/media?parent=178558"}],"wp:term":[{"taxonomy":"category","embeddable":true,"href":"https:\/\/portaltela.pt\/api\/wp\/v2\/categories?post=178558"},{"taxonomy":"post_tag","embeddable":true,"href":"https:\/\/portaltela.pt\/api\/wp\/v2\/tags?post=178558"}],"curies":[{"name":"wp","href":"https:\/\/api.w.org\/{rel}","templated":true}]}}