{"id":178551,"date":"2026-01-28T08:03:35","date_gmt":"2026-01-28T11:03:35","guid":{"rendered":"https:\/\/portaltela.pt\/noticias\/2026\/01\/28\/u-minho-e-a-oficina-promovem-formacao-em-praticas-em-artes-performativas\/"},"modified":"2026-01-28T08:03:35","modified_gmt":"2026-01-28T11:03:35","slug":"u-minho-e-a-oficina-promovem-formacao-em-praticas-em-artes-performativas","status":"publish","type":"post","link":"https:\/\/portaltela.pt\/noticias\/2026\/01\/28\/u-minho-e-a-oficina-promovem-formacao-em-praticas-em-artes-performativas\/","title":{"rendered":"U Minho e A Oficina promovem forma\u00e7\u00e3o em Pr\u00e1ticas em Artes Performativas"},"content":{"rendered":"<p>A Universidade do Minho, em parceria com A Oficina, lan\u00e7ou um curso especializado intitulado Pr\u00e1ticas Art\u00edsticas em Contextos Profissionais nas Artes Performativas.<\/p>\n<p>O objetivo do curso \u00e9 desenvolver compet\u00eancias nos participantes, com foco nas artes performativas e nos contextos profissionais a eles associados.<\/p>\n<p>A divulga\u00e7\u00e3o foi feita pela C\u00e2mara Municipal de Guimar\u00e3es, que sublinha a import\u00e2ncia da forma\u00e7\u00e3o na \u00e1rea das artes e a sua aplica\u00e7\u00e3o pr\u00e1tica.<\/p>\n<p>Esta iniciativa aborda pr\u00e1ticas art\u00edsticas em ambientes profissionais, visando preparar profissionais para cen\u00e1rios reais de atua\u00e7\u00e3o nas artes performativas.<\/p>\n","protected":false},"excerpt":{"rendered":"<ul>\n<li>A Universidade do Minho, em parceria com A Oficina, lan\u00e7ou o curso especializado denominado \u201cPr\u00e1ticas Art\u00edsticas em Contextos Profissionais nas Artes Performativas\u201d.<\/li>\n<li>O objetivo do curso \u00e9 desenvolver compet\u00eancias relevantes nos participantes, com foco nas artes performativas e nos contextos profissionais associados.<\/li>\n<li>A forma\u00e7\u00e3o \u00e9 apresentada pela C\u00e2mara Municipal de Guimar\u00e3es, que real\u00e7a a import\u00e2ncia da forma\u00e7\u00e3o na \u00e1rea art\u00edstica para a pr\u00e1tica profissional.<\/li>\n<li>O curso destina-se a privilegiar aplica\u00e7\u00f5es pr\u00e1ticas no \u00e2mbito das artes performativas, integrando saberes e experi\u00eancias do sector.<\/li>\n<\/ul>\n","protected":false},"author":2,"featured_media":178563,"comment_status":"closed","ping_status":"closed","sticky":false,"template":"","format":"standard","meta":{"footnotes":""},"categories":[1],"tags":[1975,1423,163,1290,1145,119],"class_list":["post-178551","post","type-post","status-publish","format-standard","has-post-thumbnail","hentry","category-noticias","tag-arte-teatro-concertos","tag-artes-do-espectaculo","tag-educacao","tag-formacao","tag-guimaraes","tag-teatro"],"yoast_head":"<!-- This site is optimized with the Yoast SEO plugin v27.2 - https:\/\/yoast.com\/product\/yoast-seo-wordpress\/ -->\n<title>U Minho e A Oficina promovem forma\u00e7\u00e3o em Pr\u00e1ticas em Artes Performativas - Portal Tela Portugal<\/title>\n<meta name=\"robots\" content=\"index, follow, max-snippet:-1, max-image-preview:large, max-video-preview:-1\" \/>\n<meta property=\"og:locale\" content=\"pt_PT\" \/>\n<meta property=\"og:type\" content=\"article\" \/>\n<meta property=\"og:title\" content=\"U Minho e A Oficina promovem forma\u00e7\u00e3o em Pr\u00e1ticas em Artes Performativas - Portal Tela Portugal\" \/>\n<meta property=\"og:description\" content=\"A Universidade do Minho, em parceria com A Oficina, lan\u00e7ou o curso especializado denominado \u201cPr\u00e1ticas Art\u00edsticas em Contextos Profissionais nas Artes Performativas\u201d. O objetivo do curso \u00e9 desenvolver compet\u00eancias relevantes nos participantes, com foco nas artes performativas e nos contextos profissionais associados. A forma\u00e7\u00e3o \u00e9 apresentada pela C\u00e2mara Municipal de Guimar\u00e3es, que real\u00e7a a import\u00e2ncia da forma\u00e7\u00e3o na \u00e1rea art\u00edstica para a pr\u00e1tica profissional. O curso destina-se a privilegiar aplica\u00e7\u00f5es pr\u00e1ticas no \u00e2mbito das artes performativas, integrando saberes e experi\u00eancias do sector.\" \/>\n<meta property=\"og:url\" content=\"https:\/\/portaltela.pt\/noticias\/2026\/01\/28\/u-minho-e-a-oficina-promovem-formacao-em-praticas-em-artes-performativas\/\" \/>\n<meta property=\"og:site_name\" content=\"Portal Tela Portugal\" \/>\n<meta property=\"article:published_time\" content=\"2026-01-28T11:03:35+00:00\" \/>\n<meta name=\"author\" content=\"Telinha\" \/>\n<meta name=\"twitter:card\" content=\"summary_large_image\" \/>\n<meta name=\"twitter:label1\" content=\"Escrito por\" \/>\n\t<meta name=\"twitter:data1\" content=\"Telinha\" \/>\n\t<meta name=\"twitter:label2\" content=\"Tempo estimado de leitura\" \/>\n\t<meta name=\"twitter:data2\" content=\"1 minuto\" \/>\n<script type=\"application\/ld+json\" class=\"yoast-schema-graph\">{\"@context\":\"https:\/\/schema.org\",\"@graph\":[{\"@type\":\"Article\",\"@id\":\"https:\/\/portaltela.pt\/noticias\/2026\/01\/28\/u-minho-e-a-oficina-promovem-formacao-em-praticas-em-artes-performativas\/#article\",\"isPartOf\":{\"@id\":\"https:\/\/portaltela.pt\/noticias\/2026\/01\/28\/u-minho-e-a-oficina-promovem-formacao-em-praticas-em-artes-performativas\/\"},\"author\":{\"name\":\"Telinha\",\"@id\":\"https:\/\/portaltela.pt\/#\/schema\/person\/c4278d4a6028830caff9ee44b42d32ed\"},\"headline\":\"U Minho e A Oficina promovem forma\u00e7\u00e3o em Pr\u00e1ticas em Artes Performativas\",\"datePublished\":\"2026-01-28T11:03:35+00:00\",\"mainEntityOfPage\":{\"@id\":\"https:\/\/portaltela.pt\/noticias\/2026\/01\/28\/u-minho-e-a-oficina-promovem-formacao-em-praticas-em-artes-performativas\/\"},\"wordCount\":114,\"image\":{\"@id\":\"https:\/\/portaltela.pt\/noticias\/2026\/01\/28\/u-minho-e-a-oficina-promovem-formacao-em-praticas-em-artes-performativas\/#primaryimage\"},\"thumbnailUrl\":\"https:\/\/portaltela.pt\/s.01k8rhncp4jt1\/2026\/01\/unnamed-file-5605.jpg\",\"keywords\":[\"arte\/teatro\/concertos\",\"artes do espect\u00e1culo\",\"educa\u00e7\u00e3o\",\"forma\u00e7\u00e3o\",\"Guimar\u00e3es\",\"teatro\"],\"articleSection\":[\"Not\u00edcias\"],\"inLanguage\":\"pt-PT\"},{\"@type\":\"WebPage\",\"@id\":\"https:\/\/portaltela.pt\/noticias\/2026\/01\/28\/u-minho-e-a-oficina-promovem-formacao-em-praticas-em-artes-performativas\/\",\"url\":\"https:\/\/portaltela.pt\/noticias\/2026\/01\/28\/u-minho-e-a-oficina-promovem-formacao-em-praticas-em-artes-performativas\/\",\"name\":\"U Minho e A Oficina promovem forma\u00e7\u00e3o em Pr\u00e1ticas em Artes Performativas - Portal Tela Portugal\",\"isPartOf\":{\"@id\":\"https:\/\/portaltela.pt\/#website\"},\"primaryImageOfPage\":{\"@id\":\"https:\/\/portaltela.pt\/noticias\/2026\/01\/28\/u-minho-e-a-oficina-promovem-formacao-em-praticas-em-artes-performativas\/#primaryimage\"},\"image\":{\"@id\":\"https:\/\/portaltela.pt\/noticias\/2026\/01\/28\/u-minho-e-a-oficina-promovem-formacao-em-praticas-em-artes-performativas\/#primaryimage\"},\"thumbnailUrl\":\"https:\/\/portaltela.pt\/s.01k8rhncp4jt1\/2026\/01\/unnamed-file-5605.jpg\",\"datePublished\":\"2026-01-28T11:03:35+00:00\",\"author\":{\"@id\":\"https:\/\/portaltela.pt\/#\/schema\/person\/c4278d4a6028830caff9ee44b42d32ed\"},\"breadcrumb\":{\"@id\":\"https:\/\/portaltela.pt\/noticias\/2026\/01\/28\/u-minho-e-a-oficina-promovem-formacao-em-praticas-em-artes-performativas\/#breadcrumb\"},\"inLanguage\":\"pt-PT\",\"potentialAction\":[{\"@type\":\"ReadAction\",\"target\":[\"https:\/\/portaltela.pt\/noticias\/2026\/01\/28\/u-minho-e-a-oficina-promovem-formacao-em-praticas-em-artes-performativas\/\"]}]},{\"@type\":\"ImageObject\",\"inLanguage\":\"pt-PT\",\"@id\":\"https:\/\/portaltela.pt\/noticias\/2026\/01\/28\/u-minho-e-a-oficina-promovem-formacao-em-praticas-em-artes-performativas\/#primaryimage\",\"url\":\"https:\/\/portaltela.pt\/s.01k8rhncp4jt1\/2026\/01\/unnamed-file-5605.jpg\",\"contentUrl\":\"https:\/\/portaltela.pt\/s.01k8rhncp4jt1\/2026\/01\/unnamed-file-5605.jpg\",\"width\":796,\"height\":448,\"caption\":\"Universidade do Minho e A Oficina promovem curso de forma\u00e7\u00e3o especializada em \u2018Pr\u00e1ticas Art\u00edsticas em Contextos Profissionais nas Artes Performativas\u2019\"},{\"@type\":\"BreadcrumbList\",\"@id\":\"https:\/\/portaltela.pt\/noticias\/2026\/01\/28\/u-minho-e-a-oficina-promovem-formacao-em-praticas-em-artes-performativas\/#breadcrumb\",\"itemListElement\":[{\"@type\":\"ListItem\",\"position\":1,\"name\":\"In\u00edcio\",\"item\":\"https:\/\/portaltela.pt\/\"},{\"@type\":\"ListItem\",\"position\":2,\"name\":\"U Minho e A Oficina promovem forma\u00e7\u00e3o em Pr\u00e1ticas em Artes Performativas\"}]},{\"@type\":\"WebSite\",\"@id\":\"https:\/\/portaltela.pt\/#website\",\"url\":\"https:\/\/portaltela.pt\/\",\"name\":\"Portal Tela Portugal\",\"description\":\"\",\"potentialAction\":[{\"@type\":\"SearchAction\",\"target\":{\"@type\":\"EntryPoint\",\"urlTemplate\":\"https:\/\/portaltela.pt\/?s={search_term_string}\"},\"query-input\":{\"@type\":\"PropertyValueSpecification\",\"valueRequired\":true,\"valueName\":\"search_term_string\"}}],\"inLanguage\":\"pt-PT\"},{\"@type\":\"Person\",\"@id\":\"https:\/\/portaltela.pt\/#\/schema\/person\/c4278d4a6028830caff9ee44b42d32ed\",\"name\":\"Telinha\",\"image\":{\"@type\":\"ImageObject\",\"inLanguage\":\"pt-PT\",\"@id\":\"https:\/\/portaltela.pt\/s.01k8rhncp4jt1\/2025\/11\/talking-bot-125x125.png\",\"url\":\"https:\/\/portaltela.pt\/s.01k8rhncp4jt1\/2025\/11\/talking-bot-125x125.png\",\"contentUrl\":\"https:\/\/portaltela.pt\/s.01k8rhncp4jt1\/2025\/11\/talking-bot-125x125.png\",\"caption\":\"Telinha\"},\"sameAs\":[\"https:\/\/portaltela.pt\/\"],\"url\":\"https:\/\/portaltela.pt\/por\/367410592786\/\"}]}<\/script>\n<!-- \/ Yoast SEO plugin. -->","yoast_head_json":{"title":"U Minho e A Oficina promovem forma\u00e7\u00e3o em Pr\u00e1ticas em Artes Performativas - Portal Tela Portugal","robots":{"index":"index","follow":"follow","max-snippet":"max-snippet:-1","max-image-preview":"max-image-preview:large","max-video-preview":"max-video-preview:-1"},"og_locale":"pt_PT","og_type":"article","og_title":"U Minho e A Oficina promovem forma\u00e7\u00e3o em Pr\u00e1ticas em Artes Performativas - Portal Tela Portugal","og_description":"A Universidade do Minho, em parceria com A Oficina, lan\u00e7ou o curso especializado denominado \u201cPr\u00e1ticas Art\u00edsticas em Contextos Profissionais nas Artes Performativas\u201d. O objetivo do curso \u00e9 desenvolver compet\u00eancias relevantes nos participantes, com foco nas artes performativas e nos contextos profissionais associados. A forma\u00e7\u00e3o \u00e9 apresentada pela C\u00e2mara Municipal de Guimar\u00e3es, que real\u00e7a a import\u00e2ncia da forma\u00e7\u00e3o na \u00e1rea art\u00edstica para a pr\u00e1tica profissional. O curso destina-se a privilegiar aplica\u00e7\u00f5es pr\u00e1ticas no \u00e2mbito das artes performativas, integrando saberes e experi\u00eancias do sector.","og_url":"https:\/\/portaltela.pt\/noticias\/2026\/01\/28\/u-minho-e-a-oficina-promovem-formacao-em-praticas-em-artes-performativas\/","og_site_name":"Portal Tela Portugal","article_published_time":"2026-01-28T11:03:35+00:00","author":"Telinha","twitter_card":"summary_large_image","twitter_misc":{"Escrito por":"Telinha","Tempo estimado de leitura":"1 minuto"},"schema":{"@context":"https:\/\/schema.org","@graph":[{"@type":"Article","@id":"https:\/\/portaltela.pt\/noticias\/2026\/01\/28\/u-minho-e-a-oficina-promovem-formacao-em-praticas-em-artes-performativas\/#article","isPartOf":{"@id":"https:\/\/portaltela.pt\/noticias\/2026\/01\/28\/u-minho-e-a-oficina-promovem-formacao-em-praticas-em-artes-performativas\/"},"author":{"name":"Telinha","@id":"https:\/\/portaltela.pt\/#\/schema\/person\/c4278d4a6028830caff9ee44b42d32ed"},"headline":"U Minho e A Oficina promovem forma\u00e7\u00e3o em Pr\u00e1ticas em Artes Performativas","datePublished":"2026-01-28T11:03:35+00:00","mainEntityOfPage":{"@id":"https:\/\/portaltela.pt\/noticias\/2026\/01\/28\/u-minho-e-a-oficina-promovem-formacao-em-praticas-em-artes-performativas\/"},"wordCount":114,"image":{"@id":"https:\/\/portaltela.pt\/noticias\/2026\/01\/28\/u-minho-e-a-oficina-promovem-formacao-em-praticas-em-artes-performativas\/#primaryimage"},"thumbnailUrl":"https:\/\/portaltela.pt\/s.01k8rhncp4jt1\/2026\/01\/unnamed-file-5605.jpg","keywords":["arte\/teatro\/concertos","artes do espect\u00e1culo","educa\u00e7\u00e3o","forma\u00e7\u00e3o","Guimar\u00e3es","teatro"],"articleSection":["Not\u00edcias"],"inLanguage":"pt-PT"},{"@type":"WebPage","@id":"https:\/\/portaltela.pt\/noticias\/2026\/01\/28\/u-minho-e-a-oficina-promovem-formacao-em-praticas-em-artes-performativas\/","url":"https:\/\/portaltela.pt\/noticias\/2026\/01\/28\/u-minho-e-a-oficina-promovem-formacao-em-praticas-em-artes-performativas\/","name":"U Minho e A Oficina promovem forma\u00e7\u00e3o em Pr\u00e1ticas em Artes Performativas - Portal Tela Portugal","isPartOf":{"@id":"https:\/\/portaltela.pt\/#website"},"primaryImageOfPage":{"@id":"https:\/\/portaltela.pt\/noticias\/2026\/01\/28\/u-minho-e-a-oficina-promovem-formacao-em-praticas-em-artes-performativas\/#primaryimage"},"image":{"@id":"https:\/\/portaltela.pt\/noticias\/2026\/01\/28\/u-minho-e-a-oficina-promovem-formacao-em-praticas-em-artes-performativas\/#primaryimage"},"thumbnailUrl":"https:\/\/portaltela.pt\/s.01k8rhncp4jt1\/2026\/01\/unnamed-file-5605.jpg","datePublished":"2026-01-28T11:03:35+00:00","author":{"@id":"https:\/\/portaltela.pt\/#\/schema\/person\/c4278d4a6028830caff9ee44b42d32ed"},"breadcrumb":{"@id":"https:\/\/portaltela.pt\/noticias\/2026\/01\/28\/u-minho-e-a-oficina-promovem-formacao-em-praticas-em-artes-performativas\/#breadcrumb"},"inLanguage":"pt-PT","potentialAction":[{"@type":"ReadAction","target":["https:\/\/portaltela.pt\/noticias\/2026\/01\/28\/u-minho-e-a-oficina-promovem-formacao-em-praticas-em-artes-performativas\/"]}]},{"@type":"ImageObject","inLanguage":"pt-PT","@id":"https:\/\/portaltela.pt\/noticias\/2026\/01\/28\/u-minho-e-a-oficina-promovem-formacao-em-praticas-em-artes-performativas\/#primaryimage","url":"https:\/\/portaltela.pt\/s.01k8rhncp4jt1\/2026\/01\/unnamed-file-5605.jpg","contentUrl":"https:\/\/portaltela.pt\/s.01k8rhncp4jt1\/2026\/01\/unnamed-file-5605.jpg","width":796,"height":448,"caption":"Universidade do Minho e A Oficina promovem curso de forma\u00e7\u00e3o especializada em \u2018Pr\u00e1ticas Art\u00edsticas em Contextos Profissionais nas Artes Performativas\u2019"},{"@type":"BreadcrumbList","@id":"https:\/\/portaltela.pt\/noticias\/2026\/01\/28\/u-minho-e-a-oficina-promovem-formacao-em-praticas-em-artes-performativas\/#breadcrumb","itemListElement":[{"@type":"ListItem","position":1,"name":"In\u00edcio","item":"https:\/\/portaltela.pt\/"},{"@type":"ListItem","position":2,"name":"U Minho e A Oficina promovem forma\u00e7\u00e3o em Pr\u00e1ticas em Artes Performativas"}]},{"@type":"WebSite","@id":"https:\/\/portaltela.pt\/#website","url":"https:\/\/portaltela.pt\/","name":"Portal Tela Portugal","description":"","potentialAction":[{"@type":"SearchAction","target":{"@type":"EntryPoint","urlTemplate":"https:\/\/portaltela.pt\/?s={search_term_string}"},"query-input":{"@type":"PropertyValueSpecification","valueRequired":true,"valueName":"search_term_string"}}],"inLanguage":"pt-PT"},{"@type":"Person","@id":"https:\/\/portaltela.pt\/#\/schema\/person\/c4278d4a6028830caff9ee44b42d32ed","name":"Telinha","image":{"@type":"ImageObject","inLanguage":"pt-PT","@id":"https:\/\/portaltela.pt\/s.01k8rhncp4jt1\/2025\/11\/talking-bot-125x125.png","url":"https:\/\/portaltela.pt\/s.01k8rhncp4jt1\/2025\/11\/talking-bot-125x125.png","contentUrl":"https:\/\/portaltela.pt\/s.01k8rhncp4jt1\/2025\/11\/talking-bot-125x125.png","caption":"Telinha"},"sameAs":["https:\/\/portaltela.pt\/"],"url":"https:\/\/portaltela.pt\/por\/367410592786\/"}]}},"_links":{"self":[{"href":"https:\/\/portaltela.pt\/api\/wp\/v2\/posts\/178551","targetHints":{"allow":["GET"]}}],"collection":[{"href":"https:\/\/portaltela.pt\/api\/wp\/v2\/posts"}],"about":[{"href":"https:\/\/portaltela.pt\/api\/wp\/v2\/types\/post"}],"author":[{"embeddable":true,"href":"https:\/\/portaltela.pt\/api\/wp\/v2\/users\/2"}],"replies":[{"embeddable":true,"href":"https:\/\/portaltela.pt\/api\/wp\/v2\/comments?post=178551"}],"version-history":[{"count":0,"href":"https:\/\/portaltela.pt\/api\/wp\/v2\/posts\/178551\/revisions"}],"wp:featuredmedia":[{"embeddable":true,"href":"https:\/\/portaltela.pt\/api\/wp\/v2\/media\/178563"}],"wp:attachment":[{"href":"https:\/\/portaltela.pt\/api\/wp\/v2\/media?parent=178551"}],"wp:term":[{"taxonomy":"category","embeddable":true,"href":"https:\/\/portaltela.pt\/api\/wp\/v2\/categories?post=178551"},{"taxonomy":"post_tag","embeddable":true,"href":"https:\/\/portaltela.pt\/api\/wp\/v2\/tags?post=178551"}],"curies":[{"name":"wp","href":"https:\/\/api.w.org\/{rel}","templated":true}]}}