{"id":178518,"date":"2026-01-28T08:10:00","date_gmt":"2026-01-28T11:10:00","guid":{"rendered":"https:\/\/portaltela.pt\/noticias\/2026\/01\/28\/portalegre-escolas-encerradas-estradas-cortadas-e-danos-em-estruturas\/"},"modified":"2026-01-28T08:10:00","modified_gmt":"2026-01-28T11:10:00","slug":"portalegre-escolas-encerradas-estradas-cortadas-e-danos-em-estruturas","status":"publish","type":"post","link":"https:\/\/portaltela.pt\/noticias\/2026\/01\/28\/portalegre-escolas-encerradas-estradas-cortadas-e-danos-em-estruturas\/","title":{"rendered":"Portalegre: escolas encerradas, estradas cortadas e danos em estruturas"},"content":{"rendered":"<p>O distrito de Portalegre viveu consequ\u00eancias da depress\u00e3o Kristin durante a madrugada, com escolas encerradas, estradas cortadas e danos em estruturas. Em Avis e Gavi\u00e3o, as noites de tempo adverso levaram ao encerramento das escolas dos respetivos concelhos. A decis\u00e3o foi comunicada pelas c\u00e2maras municipais.<\/p>\n<p>Em Avis, a Escola B\u00e1sica e Secund\u00e1ria Mestre de Avis, em Benavila, ficou sem eletricidade, impossibilitando o fornecimento de refei\u00e7\u00f5es. Por isso, ficou decidido que todas as escolas do concelho permaneceriam fechadas durante o dia.<\/p>\n<p>Em Gavi\u00e3o, a decis\u00e3o de encerrar as escolas foi tomada pela c\u00e2mara municipal devido \u00e0s condi\u00e7\u00f5es meteorol\u00f3gicas da madrugada. Foi feita um apelo \u00e0 compreens\u00e3o dos mun\u00edcipes.<\/p>\n<h3>Estradas, danos em estruturas e balan\u00e7o local<\/h3>\n<p>Pouco depois das 9h15, o presidente da C\u00e2mara de Nisa, Jos\u00e9 Dinis Serra, indicou que quase todas as estradas municipais estavam obstru\u00eddas. Em paralelo, os servi\u00e7os municipais realizam remo\u00e7\u00f5es de ramos e \u00e1rvores para restabelecer a circula\u00e7\u00e3o. A EN18, entre Vila Velha de R\u00f3d\u00e3o e Nisa, esteve cortada ap\u00f3s queda de eucaliptos, com articula\u00e7\u00e3o entre o munic\u00edpio e as Infraestruturas de Portugal.<\/p>\n<p>Em Nisa, foram registados danos em coberturas de pr\u00e9dios no centro e, sem registo de feridos ou desalojados, o autarca lamentou a destrui\u00e7\u00e3o de um elemento decorativo identit\u00e1rio do concelho, a bilha de Nisa, que ficou completamente removida do local.<\/p>\n<h3>Outras ocorr\u00eancias no distrito e contexto nacional<\/h3>\n<p>Mais a sul, Elvas informou atrav\u00e9s das redes sociais estragos na cobertura das bancadas do Campo Semedo, levando ao encerramento do equipamento ao p\u00fablico. O pa\u00eds enfrenta os impactos da depress\u00e3o Kristin, j\u00e1 depois de Ingrid e Joseph, com chuva, vento, neve e agita\u00e7\u00e3o mar\u00edtima.<\/p>\n<p>A Prote\u00e7\u00e3o Civil mant\u00e9m-se em estado de prontid\u00e3o especial de n\u00edvel 4 em toda a faixa costeira entre Viana do Castelo e Set\u00fabal. Entre as 0h e as 8h, a ANEPC registou cerca de 1500 ocorr\u00eancias, com cortes de energia, estradas e comunica\u00e7\u00f5es, al\u00e9m de quedas de \u00e1rvores e estruturas. A zona centro foi apontada como a regi\u00e3o mais afetada.<\/p>\n","protected":false},"excerpt":{"rendered":"<ul>\n<li>As escolas dos concelhos de Gavi\u00e3o e Avis, no distrito de Portalegre, est\u00e3o encerradas devido \u00e0 depress\u00e3o Kristin; a Escola B\u00e1sica e Secund\u00e1ria Mestre de Avis, em Benavila, ficou sem eletricidade, impossibilitando fornecer refei\u00e7\u00f5es.<\/li>\n<li>Em Nisa, as estradas municipais estavam obstru\u00eddas e a Estrada Nacional 18 entre Vila Velha de R\u00f3d\u00e3o e Nisa ficou cortada por queda de eucaliptos; servi\u00e7os municipais ajudam na remo\u00e7\u00e3o de ramos para repor a circula\u00e7\u00e3o.<\/li>\n<li>Ainda em Nisa, destruiu-se a bilha met\u00e1lica associada \u00e0 identidade do concelho; houve danos em coberturas no centro da vila, sem feridos ou desalojados.<\/li>\n<li>Em Elvas, a cobertura das bancadas do Campo Semedo foi danificada, levando ao encerramento do equipamento ao p\u00fablico.<\/li>\n<li>A depress\u00e3o Kristin provocou v\u00e1rias ocorr\u00eancias (cortes de energia, estradas e quedas de \u00e1rvores); a Prote\u00e7\u00e3o Civil est\u00e1 em estado de alerta m\u00e1ximo na costa entre Viana do Castelo e Set\u00fabal, com cerca de 1.500 ocorr\u00eancias at\u00e9 \u00e0s oito da manh\u00e3.<\/li>\n<\/ul>\n","protected":false},"author":2,"featured_media":178523,"comment_status":"closed","ping_status":"closed","sticky":false,"template":"","format":"standard","meta":{"footnotes":""},"categories":[1],"tags":[2897,1089,1083,4555,3854,1075],"class_list":["post-178518","post","type-post","status-publish","format-standard","has-post-thumbnail","hentry","category-noticias","tag-avis","tag-elvas","tag-estradas","tag-gaviao","tag-nisa","tag-portalegre"],"yoast_head":"<!-- This site is optimized with the Yoast SEO plugin v27.2 - https:\/\/yoast.com\/product\/yoast-seo-wordpress\/ -->\n<title>Portalegre: escolas encerradas, estradas cortadas e danos em estruturas - Portal Tela Portugal<\/title>\n<meta name=\"robots\" content=\"index, follow, max-snippet:-1, max-image-preview:large, max-video-preview:-1\" \/>\n<meta property=\"og:locale\" content=\"pt_PT\" \/>\n<meta property=\"og:type\" content=\"article\" \/>\n<meta property=\"og:title\" content=\"Portalegre: escolas encerradas, estradas cortadas e danos em estruturas - Portal Tela Portugal\" \/>\n<meta property=\"og:description\" content=\"As escolas dos concelhos de Gavi\u00e3o e Avis, no distrito de Portalegre, est\u00e3o encerradas devido \u00e0 depress\u00e3o Kristin; a Escola B\u00e1sica e Secund\u00e1ria Mestre de Avis, em Benavila, ficou sem eletricidade, impossibilitando fornecer refei\u00e7\u00f5es. Em Nisa, as estradas municipais estavam obstru\u00eddas e a Estrada Nacional 18 entre Vila Velha de R\u00f3d\u00e3o e Nisa ficou cortada por queda de eucaliptos; servi\u00e7os municipais ajudam na remo\u00e7\u00e3o de ramos para repor a circula\u00e7\u00e3o. Ainda em Nisa, destruiu-se a bilha met\u00e1lica associada \u00e0 identidade do concelho; houve danos em coberturas no centro da vila, sem feridos ou desalojados. Em Elvas, a cobertura das bancadas do Campo Semedo foi danificada, levando ao encerramento do equipamento ao p\u00fablico. A depress\u00e3o Kristin provocou v\u00e1rias ocorr\u00eancias (cortes de energia, estradas e quedas de \u00e1rvores); a Prote\u00e7\u00e3o Civil est\u00e1 em estado de alerta m\u00e1ximo na costa entre Viana do Castelo e Set\u00fabal, com cerca de 1.500 ocorr\u00eancias at\u00e9 \u00e0s oito da manh\u00e3.\" \/>\n<meta property=\"og:url\" content=\"https:\/\/portaltela.pt\/noticias\/2026\/01\/28\/portalegre-escolas-encerradas-estradas-cortadas-e-danos-em-estruturas\/\" \/>\n<meta property=\"og:site_name\" content=\"Portal Tela Portugal\" \/>\n<meta property=\"article:published_time\" content=\"2026-01-28T11:10:00+00:00\" \/>\n<meta name=\"author\" content=\"Telinha\" \/>\n<meta name=\"twitter:card\" content=\"summary_large_image\" \/>\n<meta name=\"twitter:label1\" content=\"Escrito por\" \/>\n\t<meta name=\"twitter:data1\" content=\"Telinha\" \/>\n\t<meta name=\"twitter:label2\" content=\"Tempo estimado de leitura\" \/>\n\t<meta name=\"twitter:data2\" content=\"2 minutos\" \/>\n<script type=\"application\/ld+json\" class=\"yoast-schema-graph\">{\"@context\":\"https:\/\/schema.org\",\"@graph\":[{\"@type\":\"Article\",\"@id\":\"https:\/\/portaltela.pt\/noticias\/2026\/01\/28\/portalegre-escolas-encerradas-estradas-cortadas-e-danos-em-estruturas\/#article\",\"isPartOf\":{\"@id\":\"https:\/\/portaltela.pt\/noticias\/2026\/01\/28\/portalegre-escolas-encerradas-estradas-cortadas-e-danos-em-estruturas\/\"},\"author\":{\"name\":\"Telinha\",\"@id\":\"https:\/\/portaltela.pt\/#\/schema\/person\/c4278d4a6028830caff9ee44b42d32ed\"},\"headline\":\"Portalegre: escolas encerradas, estradas cortadas e danos em estruturas\",\"datePublished\":\"2026-01-28T11:10:00+00:00\",\"mainEntityOfPage\":{\"@id\":\"https:\/\/portaltela.pt\/noticias\/2026\/01\/28\/portalegre-escolas-encerradas-estradas-cortadas-e-danos-em-estruturas\/\"},\"wordCount\":379,\"image\":{\"@id\":\"https:\/\/portaltela.pt\/noticias\/2026\/01\/28\/portalegre-escolas-encerradas-estradas-cortadas-e-danos-em-estruturas\/#primaryimage\"},\"thumbnailUrl\":\"https:\/\/portaltela.pt\/s.01k8rhncp4jt1\/2026\/01\/image-1932.jpg\",\"keywords\":[\"Avis\",\"Elvas\",\"estradas\",\"Gavi\u00e3o\",\"Nisa\",\"Portalegre\"],\"articleSection\":[\"Not\u00edcias\"],\"inLanguage\":\"pt-PT\"},{\"@type\":\"WebPage\",\"@id\":\"https:\/\/portaltela.pt\/noticias\/2026\/01\/28\/portalegre-escolas-encerradas-estradas-cortadas-e-danos-em-estruturas\/\",\"url\":\"https:\/\/portaltela.pt\/noticias\/2026\/01\/28\/portalegre-escolas-encerradas-estradas-cortadas-e-danos-em-estruturas\/\",\"name\":\"Portalegre: escolas encerradas, estradas cortadas e danos em estruturas - Portal Tela Portugal\",\"isPartOf\":{\"@id\":\"https:\/\/portaltela.pt\/#website\"},\"primaryImageOfPage\":{\"@id\":\"https:\/\/portaltela.pt\/noticias\/2026\/01\/28\/portalegre-escolas-encerradas-estradas-cortadas-e-danos-em-estruturas\/#primaryimage\"},\"image\":{\"@id\":\"https:\/\/portaltela.pt\/noticias\/2026\/01\/28\/portalegre-escolas-encerradas-estradas-cortadas-e-danos-em-estruturas\/#primaryimage\"},\"thumbnailUrl\":\"https:\/\/portaltela.pt\/s.01k8rhncp4jt1\/2026\/01\/image-1932.jpg\",\"datePublished\":\"2026-01-28T11:10:00+00:00\",\"author\":{\"@id\":\"https:\/\/portaltela.pt\/#\/schema\/person\/c4278d4a6028830caff9ee44b42d32ed\"},\"breadcrumb\":{\"@id\":\"https:\/\/portaltela.pt\/noticias\/2026\/01\/28\/portalegre-escolas-encerradas-estradas-cortadas-e-danos-em-estruturas\/#breadcrumb\"},\"inLanguage\":\"pt-PT\",\"potentialAction\":[{\"@type\":\"ReadAction\",\"target\":[\"https:\/\/portaltela.pt\/noticias\/2026\/01\/28\/portalegre-escolas-encerradas-estradas-cortadas-e-danos-em-estruturas\/\"]}]},{\"@type\":\"ImageObject\",\"inLanguage\":\"pt-PT\",\"@id\":\"https:\/\/portaltela.pt\/noticias\/2026\/01\/28\/portalegre-escolas-encerradas-estradas-cortadas-e-danos-em-estruturas\/#primaryimage\",\"url\":\"https:\/\/portaltela.pt\/s.01k8rhncp4jt1\/2026\/01\/image-1932.jpg\",\"contentUrl\":\"https:\/\/portaltela.pt\/s.01k8rhncp4jt1\/2026\/01\/image-1932.jpg\",\"width\":796,\"height\":448,\"caption\":\"Foto: Munic\u00edpio de Avis\/Facebook\"},{\"@type\":\"BreadcrumbList\",\"@id\":\"https:\/\/portaltela.pt\/noticias\/2026\/01\/28\/portalegre-escolas-encerradas-estradas-cortadas-e-danos-em-estruturas\/#breadcrumb\",\"itemListElement\":[{\"@type\":\"ListItem\",\"position\":1,\"name\":\"In\u00edcio\",\"item\":\"https:\/\/portaltela.pt\/\"},{\"@type\":\"ListItem\",\"position\":2,\"name\":\"Portalegre: escolas encerradas, estradas cortadas e danos em estruturas\"}]},{\"@type\":\"WebSite\",\"@id\":\"https:\/\/portaltela.pt\/#website\",\"url\":\"https:\/\/portaltela.pt\/\",\"name\":\"Portal Tela Portugal\",\"description\":\"\",\"potentialAction\":[{\"@type\":\"SearchAction\",\"target\":{\"@type\":\"EntryPoint\",\"urlTemplate\":\"https:\/\/portaltela.pt\/?s={search_term_string}\"},\"query-input\":{\"@type\":\"PropertyValueSpecification\",\"valueRequired\":true,\"valueName\":\"search_term_string\"}}],\"inLanguage\":\"pt-PT\"},{\"@type\":\"Person\",\"@id\":\"https:\/\/portaltela.pt\/#\/schema\/person\/c4278d4a6028830caff9ee44b42d32ed\",\"name\":\"Telinha\",\"image\":{\"@type\":\"ImageObject\",\"inLanguage\":\"pt-PT\",\"@id\":\"https:\/\/portaltela.pt\/s.01k8rhncp4jt1\/2025\/11\/talking-bot-125x125.png\",\"url\":\"https:\/\/portaltela.pt\/s.01k8rhncp4jt1\/2025\/11\/talking-bot-125x125.png\",\"contentUrl\":\"https:\/\/portaltela.pt\/s.01k8rhncp4jt1\/2025\/11\/talking-bot-125x125.png\",\"caption\":\"Telinha\"},\"sameAs\":[\"https:\/\/portaltela.pt\/\"],\"url\":\"https:\/\/portaltela.pt\/por\/367410592786\/\"}]}<\/script>\n<!-- \/ Yoast SEO plugin. -->","yoast_head_json":{"title":"Portalegre: escolas encerradas, estradas cortadas e danos em estruturas - Portal Tela Portugal","robots":{"index":"index","follow":"follow","max-snippet":"max-snippet:-1","max-image-preview":"max-image-preview:large","max-video-preview":"max-video-preview:-1"},"og_locale":"pt_PT","og_type":"article","og_title":"Portalegre: escolas encerradas, estradas cortadas e danos em estruturas - Portal Tela Portugal","og_description":"As escolas dos concelhos de Gavi\u00e3o e Avis, no distrito de Portalegre, est\u00e3o encerradas devido \u00e0 depress\u00e3o Kristin; a Escola B\u00e1sica e Secund\u00e1ria Mestre de Avis, em Benavila, ficou sem eletricidade, impossibilitando fornecer refei\u00e7\u00f5es. Em Nisa, as estradas municipais estavam obstru\u00eddas e a Estrada Nacional 18 entre Vila Velha de R\u00f3d\u00e3o e Nisa ficou cortada por queda de eucaliptos; servi\u00e7os municipais ajudam na remo\u00e7\u00e3o de ramos para repor a circula\u00e7\u00e3o. Ainda em Nisa, destruiu-se a bilha met\u00e1lica associada \u00e0 identidade do concelho; houve danos em coberturas no centro da vila, sem feridos ou desalojados. Em Elvas, a cobertura das bancadas do Campo Semedo foi danificada, levando ao encerramento do equipamento ao p\u00fablico. A depress\u00e3o Kristin provocou v\u00e1rias ocorr\u00eancias (cortes de energia, estradas e quedas de \u00e1rvores); a Prote\u00e7\u00e3o Civil est\u00e1 em estado de alerta m\u00e1ximo na costa entre Viana do Castelo e Set\u00fabal, com cerca de 1.500 ocorr\u00eancias at\u00e9 \u00e0s oito da manh\u00e3.","og_url":"https:\/\/portaltela.pt\/noticias\/2026\/01\/28\/portalegre-escolas-encerradas-estradas-cortadas-e-danos-em-estruturas\/","og_site_name":"Portal Tela Portugal","article_published_time":"2026-01-28T11:10:00+00:00","author":"Telinha","twitter_card":"summary_large_image","twitter_misc":{"Escrito por":"Telinha","Tempo estimado de leitura":"2 minutos"},"schema":{"@context":"https:\/\/schema.org","@graph":[{"@type":"Article","@id":"https:\/\/portaltela.pt\/noticias\/2026\/01\/28\/portalegre-escolas-encerradas-estradas-cortadas-e-danos-em-estruturas\/#article","isPartOf":{"@id":"https:\/\/portaltela.pt\/noticias\/2026\/01\/28\/portalegre-escolas-encerradas-estradas-cortadas-e-danos-em-estruturas\/"},"author":{"name":"Telinha","@id":"https:\/\/portaltela.pt\/#\/schema\/person\/c4278d4a6028830caff9ee44b42d32ed"},"headline":"Portalegre: escolas encerradas, estradas cortadas e danos em estruturas","datePublished":"2026-01-28T11:10:00+00:00","mainEntityOfPage":{"@id":"https:\/\/portaltela.pt\/noticias\/2026\/01\/28\/portalegre-escolas-encerradas-estradas-cortadas-e-danos-em-estruturas\/"},"wordCount":379,"image":{"@id":"https:\/\/portaltela.pt\/noticias\/2026\/01\/28\/portalegre-escolas-encerradas-estradas-cortadas-e-danos-em-estruturas\/#primaryimage"},"thumbnailUrl":"https:\/\/portaltela.pt\/s.01k8rhncp4jt1\/2026\/01\/image-1932.jpg","keywords":["Avis","Elvas","estradas","Gavi\u00e3o","Nisa","Portalegre"],"articleSection":["Not\u00edcias"],"inLanguage":"pt-PT"},{"@type":"WebPage","@id":"https:\/\/portaltela.pt\/noticias\/2026\/01\/28\/portalegre-escolas-encerradas-estradas-cortadas-e-danos-em-estruturas\/","url":"https:\/\/portaltela.pt\/noticias\/2026\/01\/28\/portalegre-escolas-encerradas-estradas-cortadas-e-danos-em-estruturas\/","name":"Portalegre: escolas encerradas, estradas cortadas e danos em estruturas - Portal Tela Portugal","isPartOf":{"@id":"https:\/\/portaltela.pt\/#website"},"primaryImageOfPage":{"@id":"https:\/\/portaltela.pt\/noticias\/2026\/01\/28\/portalegre-escolas-encerradas-estradas-cortadas-e-danos-em-estruturas\/#primaryimage"},"image":{"@id":"https:\/\/portaltela.pt\/noticias\/2026\/01\/28\/portalegre-escolas-encerradas-estradas-cortadas-e-danos-em-estruturas\/#primaryimage"},"thumbnailUrl":"https:\/\/portaltela.pt\/s.01k8rhncp4jt1\/2026\/01\/image-1932.jpg","datePublished":"2026-01-28T11:10:00+00:00","author":{"@id":"https:\/\/portaltela.pt\/#\/schema\/person\/c4278d4a6028830caff9ee44b42d32ed"},"breadcrumb":{"@id":"https:\/\/portaltela.pt\/noticias\/2026\/01\/28\/portalegre-escolas-encerradas-estradas-cortadas-e-danos-em-estruturas\/#breadcrumb"},"inLanguage":"pt-PT","potentialAction":[{"@type":"ReadAction","target":["https:\/\/portaltela.pt\/noticias\/2026\/01\/28\/portalegre-escolas-encerradas-estradas-cortadas-e-danos-em-estruturas\/"]}]},{"@type":"ImageObject","inLanguage":"pt-PT","@id":"https:\/\/portaltela.pt\/noticias\/2026\/01\/28\/portalegre-escolas-encerradas-estradas-cortadas-e-danos-em-estruturas\/#primaryimage","url":"https:\/\/portaltela.pt\/s.01k8rhncp4jt1\/2026\/01\/image-1932.jpg","contentUrl":"https:\/\/portaltela.pt\/s.01k8rhncp4jt1\/2026\/01\/image-1932.jpg","width":796,"height":448,"caption":"Foto: Munic\u00edpio de Avis\/Facebook"},{"@type":"BreadcrumbList","@id":"https:\/\/portaltela.pt\/noticias\/2026\/01\/28\/portalegre-escolas-encerradas-estradas-cortadas-e-danos-em-estruturas\/#breadcrumb","itemListElement":[{"@type":"ListItem","position":1,"name":"In\u00edcio","item":"https:\/\/portaltela.pt\/"},{"@type":"ListItem","position":2,"name":"Portalegre: escolas encerradas, estradas cortadas e danos em estruturas"}]},{"@type":"WebSite","@id":"https:\/\/portaltela.pt\/#website","url":"https:\/\/portaltela.pt\/","name":"Portal Tela Portugal","description":"","potentialAction":[{"@type":"SearchAction","target":{"@type":"EntryPoint","urlTemplate":"https:\/\/portaltela.pt\/?s={search_term_string}"},"query-input":{"@type":"PropertyValueSpecification","valueRequired":true,"valueName":"search_term_string"}}],"inLanguage":"pt-PT"},{"@type":"Person","@id":"https:\/\/portaltela.pt\/#\/schema\/person\/c4278d4a6028830caff9ee44b42d32ed","name":"Telinha","image":{"@type":"ImageObject","inLanguage":"pt-PT","@id":"https:\/\/portaltela.pt\/s.01k8rhncp4jt1\/2025\/11\/talking-bot-125x125.png","url":"https:\/\/portaltela.pt\/s.01k8rhncp4jt1\/2025\/11\/talking-bot-125x125.png","contentUrl":"https:\/\/portaltela.pt\/s.01k8rhncp4jt1\/2025\/11\/talking-bot-125x125.png","caption":"Telinha"},"sameAs":["https:\/\/portaltela.pt\/"],"url":"https:\/\/portaltela.pt\/por\/367410592786\/"}]}},"_links":{"self":[{"href":"https:\/\/portaltela.pt\/api\/wp\/v2\/posts\/178518","targetHints":{"allow":["GET"]}}],"collection":[{"href":"https:\/\/portaltela.pt\/api\/wp\/v2\/posts"}],"about":[{"href":"https:\/\/portaltela.pt\/api\/wp\/v2\/types\/post"}],"author":[{"embeddable":true,"href":"https:\/\/portaltela.pt\/api\/wp\/v2\/users\/2"}],"replies":[{"embeddable":true,"href":"https:\/\/portaltela.pt\/api\/wp\/v2\/comments?post=178518"}],"version-history":[{"count":0,"href":"https:\/\/portaltela.pt\/api\/wp\/v2\/posts\/178518\/revisions"}],"wp:featuredmedia":[{"embeddable":true,"href":"https:\/\/portaltela.pt\/api\/wp\/v2\/media\/178523"}],"wp:attachment":[{"href":"https:\/\/portaltela.pt\/api\/wp\/v2\/media?parent=178518"}],"wp:term":[{"taxonomy":"category","embeddable":true,"href":"https:\/\/portaltela.pt\/api\/wp\/v2\/categories?post=178518"},{"taxonomy":"post_tag","embeddable":true,"href":"https:\/\/portaltela.pt\/api\/wp\/v2\/tags?post=178518"}],"curies":[{"name":"wp","href":"https:\/\/api.w.org\/{rel}","templated":true}]}}