{"id":178468,"date":"2026-01-28T07:26:00","date_gmt":"2026-01-28T10:26:00","guid":{"rendered":"https:\/\/portaltela.pt\/noticias\/2026\/01\/28\/il-quer-alterar-lei-do-clima-para-nuclear-e-mineracao-em-mar-profundo\/"},"modified":"2026-01-28T07:26:00","modified_gmt":"2026-01-28T10:26:00","slug":"il-quer-alterar-lei-do-clima-para-nuclear-e-mineracao-em-mar-profundo","status":"publish","type":"post","link":"https:\/\/portaltela.pt\/noticias\/2026\/01\/28\/il-quer-alterar-lei-do-clima-para-nuclear-e-mineracao-em-mar-profundo\/","title":{"rendered":"IL quer alterar Lei do Clima para nuclear e minera\u00e7\u00e3o em mar profundo"},"content":{"rendered":"<p>A Iniciativa Liberal (IL) vai apresentar na Assembleia da Rep\u00fablica uma proposta de altera\u00e7\u00e3o \u00e0 Lei de Bases do Clima, com o objetivo de substituir a express\u00e3o atual centrada nas energias renov\u00e1veis por um conceito mais amplo de energias limpas. A mudan\u00e7a permitiria considerar a energia nuclear como op\u00e7\u00e3o no processo de descarboniza\u00e7\u00e3o e rev\u00ea ainda proibi\u00e7\u00f5es associadas \u00e0 minera\u00e7\u00e3o em mar profundo e \u00e0 prospec\u00e7\u00e3o de hidrocarbonetos. A iniciativa surge no contexto de um debate sobre o enquadramento legal da pol\u00edtica clim\u00e1tica portuguesa.<\/p>\n<p>A IL prop\u00f5e tamb\u00e9m retirar da lei termos como emerg\u00eancia clim\u00e1tica, que, segundo o partido, carregariam uma dimens\u00e3o pol\u00edtica excessiva. O objetivo \u00e9 substituir essa express\u00e3o por crise clim\u00e1tica, considerada mais objetiva para descrever o aquecimento global sem sugerir, por si, uma situa\u00e7\u00e3o de restri\u00e7\u00e3o de liberdades.<\/p>\n<h3>Mudan\u00e7a de \u00e2ngulo estrat\u00e9gico<\/h3>\n<p>O projeto de lei defende a neutralidade tecnol\u00f3gica, recusando que o Estado escolha de forma pr\u00e9via quais tecnologias devem vencer na transi\u00e7\u00e3o energ\u00e9tica. Ao substituir energias renov\u00e1veis por energias limpas, a IL pretende ampliar o leque de op\u00e7\u00f5es, incluindo a energia nuclear.<\/p>\n<p>Outra vertente relevante \u00e9 a proposta de eliminar proibi\u00e7\u00f5es absolutas de explora\u00e7\u00e3o de recursos, incluindo a minera\u00e7\u00e3o em mar profundo. O deputado da IL sustenta que a realidade energ\u00e9tica europeia p\u00f3s-2022 exige flexibilidade frente \u00e0 crise de abastecimento de g\u00e1s e \u00e0 necessidade de diversificar fontes.<\/p>\n<h3>Rea\u00e7\u00e3o de ambientalistas e contexto pol\u00edtico<\/h3>\n<p>A coliga\u00e7\u00e3o C7, que agrega sete organiza\u00e7\u00f5es ambientalistas, reagiu criticamente, considerando a proposta um retrocesso e uma desresponsabiliza\u00e7\u00e3o do Estado face \u00e0 a\u00e7\u00e3o clim\u00e1tica. O grupo recorda que a Lei de Bases do Clima, aprovada em 2021 com largo consenso, consolidou metas estruturais para mitiga\u00e7\u00e3o e adapta\u00e7\u00e3o, incluindo planos locais obrigat\u00f3rios.<\/p>\n<p>As organiza\u00e7\u00f5es destacam que a revoga\u00e7\u00e3o de metas setoriais e de avalia\u00e7\u00e3o de impacto regulat\u00f3rio clim\u00e1ticos prejudicaria a coordena\u00e7\u00e3o entre pol\u00edticas p\u00fablicas e a participa\u00e7\u00e3o c\u00edvica, al\u00e9m de dificultar a defesa ambiental em inst\u00e2ncias judiciais. A C7 aponta ainda que a exclus\u00e3o do papel dos munic\u00edpios e das regi\u00f5es pode reduzir a capacidade de adapta\u00e7\u00e3o local.<\/p>\n","protected":false},"excerpt":{"rendered":"<ul>\n<li>A Iniciativa Liberal vai apresentar uma proposta de altera\u00e7\u00e3o \u00e0 Lei de Bases do Clima para substituir \u201cenergias renov\u00e1veis\u201d por \u201cenergias limpas\u201d, incluindo a energia nuclear como op\u00e7\u00e3o no caminho de descarboniza\u00e7\u00e3o.<\/li>\n<li>A proposta tamb\u00e9m pretende levantar proibi\u00e7\u00f5es em vigor, abrindo a possibilidade de explora\u00e7\u00e3o de recursos, incluindo minera\u00e7\u00e3o em mar profundo e prospec\u00e7\u00e3o de hidrocarbonetos.<\/li>\n<li>A IL defende remover a express\u00e3o \u201cemerg\u00eancia clim\u00e1tica\u201d da lei, propondo \u201ccrise clim\u00e1tica\u201d como termo mais adequado e menos pol\u00edtico.<\/li>\n<li>Ambientalistas do grupo C7 criticam a medida, dizendo que representa retrocesso e desresponsabiliza\u00e7\u00e3o do Estado, apontando perda de metas estruturantes, planos locais e mecanismos de avalia\u00e7\u00e3o clim\u00e1tica.<\/li>\n<li>O projeto defende neutralidade tecnol\u00f3gica, a elimina\u00e7\u00e3o de proibi\u00e7\u00f5es absolutas e a abertura \u00e0 energia nuclear, bem como a possibilidade de explorar reservas nacionais, em linha com o comportamento da Europa p\u00f3s\u20112022.<\/li>\n<\/ul>\n","protected":false},"author":2,"featured_media":178473,"comment_status":"closed","ping_status":"closed","sticky":false,"template":"","format":"standard","meta":{"footnotes":""},"categories":[1],"tags":[2053,167,1054,3603,34,3090],"class_list":["post-178468","post","type-post","status-publish","format-standard","has-post-thumbnail","hentry","category-noticias","tag-acao-climatica","tag-ambiente","tag-descarbonizacao-territorial","tag-energias-renovaveis","tag-governo","tag-mineracao-sustentavel"],"yoast_head":"<!-- This site is optimized with the Yoast SEO plugin v27.2 - https:\/\/yoast.com\/product\/yoast-seo-wordpress\/ -->\n<title>IL quer alterar Lei do Clima para nuclear e minera\u00e7\u00e3o em mar profundo - Portal Tela Portugal<\/title>\n<meta name=\"robots\" content=\"index, follow, max-snippet:-1, max-image-preview:large, max-video-preview:-1\" \/>\n<meta property=\"og:locale\" content=\"pt_PT\" \/>\n<meta property=\"og:type\" content=\"article\" \/>\n<meta property=\"og:title\" content=\"IL quer alterar Lei do Clima para nuclear e minera\u00e7\u00e3o em mar profundo - Portal Tela Portugal\" \/>\n<meta property=\"og:description\" content=\"A Iniciativa Liberal vai apresentar uma proposta de altera\u00e7\u00e3o \u00e0 Lei de Bases do Clima para substituir \u201cenergias renov\u00e1veis\u201d por \u201cenergias limpas\u201d, incluindo a energia nuclear como op\u00e7\u00e3o no caminho de descarboniza\u00e7\u00e3o. A proposta tamb\u00e9m pretende levantar proibi\u00e7\u00f5es em vigor, abrindo a possibilidade de explora\u00e7\u00e3o de recursos, incluindo minera\u00e7\u00e3o em mar profundo e prospec\u00e7\u00e3o de hidrocarbonetos. A IL defende remover a express\u00e3o \u201cemerg\u00eancia clim\u00e1tica\u201d da lei, propondo \u201ccrise clim\u00e1tica\u201d como termo mais adequado e menos pol\u00edtico. Ambientalistas do grupo C7 criticam a medida, dizendo que representa retrocesso e desresponsabiliza\u00e7\u00e3o do Estado, apontando perda de metas estruturantes, planos locais e mecanismos de avalia\u00e7\u00e3o clim\u00e1tica. O projeto defende neutralidade tecnol\u00f3gica, a elimina\u00e7\u00e3o de proibi\u00e7\u00f5es absolutas e a abertura \u00e0 energia nuclear, bem como a possibilidade de explorar reservas nacionais, em linha com o comportamento da Europa p\u00f3s\u20112022.\" \/>\n<meta property=\"og:url\" content=\"https:\/\/portaltela.pt\/noticias\/2026\/01\/28\/il-quer-alterar-lei-do-clima-para-nuclear-e-mineracao-em-mar-profundo\/\" \/>\n<meta property=\"og:site_name\" content=\"Portal Tela Portugal\" \/>\n<meta property=\"article:published_time\" content=\"2026-01-28T10:26:00+00:00\" \/>\n<meta name=\"author\" content=\"Telinha\" \/>\n<meta name=\"twitter:card\" content=\"summary_large_image\" \/>\n<meta name=\"twitter:label1\" content=\"Escrito por\" \/>\n\t<meta name=\"twitter:data1\" content=\"Telinha\" \/>\n\t<meta name=\"twitter:label2\" content=\"Tempo estimado de leitura\" \/>\n\t<meta name=\"twitter:data2\" content=\"2 minutos\" \/>\n<script type=\"application\/ld+json\" class=\"yoast-schema-graph\">{\"@context\":\"https:\/\/schema.org\",\"@graph\":[{\"@type\":\"Article\",\"@id\":\"https:\/\/portaltela.pt\/noticias\/2026\/01\/28\/il-quer-alterar-lei-do-clima-para-nuclear-e-mineracao-em-mar-profundo\/#article\",\"isPartOf\":{\"@id\":\"https:\/\/portaltela.pt\/noticias\/2026\/01\/28\/il-quer-alterar-lei-do-clima-para-nuclear-e-mineracao-em-mar-profundo\/\"},\"author\":{\"name\":\"Telinha\",\"@id\":\"https:\/\/portaltela.pt\/#\/schema\/person\/c4278d4a6028830caff9ee44b42d32ed\"},\"headline\":\"IL quer alterar Lei do Clima para nuclear e minera\u00e7\u00e3o em mar profundo\",\"datePublished\":\"2026-01-28T10:26:00+00:00\",\"mainEntityOfPage\":{\"@id\":\"https:\/\/portaltela.pt\/noticias\/2026\/01\/28\/il-quer-alterar-lei-do-clima-para-nuclear-e-mineracao-em-mar-profundo\/\"},\"wordCount\":403,\"image\":{\"@id\":\"https:\/\/portaltela.pt\/noticias\/2026\/01\/28\/il-quer-alterar-lei-do-clima-para-nuclear-e-mineracao-em-mar-profundo\/#primaryimage\"},\"thumbnailUrl\":\"https:\/\/portaltela.pt\/s.01k8rhncp4jt1\/2026\/01\/2062389.jpg\",\"keywords\":[\"A\u00e7\u00e3o Clim\u00e1tica\",\"ambiente\",\"descarboniza\u00e7\u00e3o territorial\",\"energias renov\u00e1veis\",\"governo\",\"minera\u00e7\u00e3o sustent\u00e1vel\"],\"articleSection\":[\"Not\u00edcias\"],\"inLanguage\":\"pt-PT\"},{\"@type\":\"WebPage\",\"@id\":\"https:\/\/portaltela.pt\/noticias\/2026\/01\/28\/il-quer-alterar-lei-do-clima-para-nuclear-e-mineracao-em-mar-profundo\/\",\"url\":\"https:\/\/portaltela.pt\/noticias\/2026\/01\/28\/il-quer-alterar-lei-do-clima-para-nuclear-e-mineracao-em-mar-profundo\/\",\"name\":\"IL quer alterar Lei do Clima para nuclear e minera\u00e7\u00e3o em mar profundo - Portal Tela Portugal\",\"isPartOf\":{\"@id\":\"https:\/\/portaltela.pt\/#website\"},\"primaryImageOfPage\":{\"@id\":\"https:\/\/portaltela.pt\/noticias\/2026\/01\/28\/il-quer-alterar-lei-do-clima-para-nuclear-e-mineracao-em-mar-profundo\/#primaryimage\"},\"image\":{\"@id\":\"https:\/\/portaltela.pt\/noticias\/2026\/01\/28\/il-quer-alterar-lei-do-clima-para-nuclear-e-mineracao-em-mar-profundo\/#primaryimage\"},\"thumbnailUrl\":\"https:\/\/portaltela.pt\/s.01k8rhncp4jt1\/2026\/01\/2062389.jpg\",\"datePublished\":\"2026-01-28T10:26:00+00:00\",\"author\":{\"@id\":\"https:\/\/portaltela.pt\/#\/schema\/person\/c4278d4a6028830caff9ee44b42d32ed\"},\"breadcrumb\":{\"@id\":\"https:\/\/portaltela.pt\/noticias\/2026\/01\/28\/il-quer-alterar-lei-do-clima-para-nuclear-e-mineracao-em-mar-profundo\/#breadcrumb\"},\"inLanguage\":\"pt-PT\",\"potentialAction\":[{\"@type\":\"ReadAction\",\"target\":[\"https:\/\/portaltela.pt\/noticias\/2026\/01\/28\/il-quer-alterar-lei-do-clima-para-nuclear-e-mineracao-em-mar-profundo\/\"]}]},{\"@type\":\"ImageObject\",\"inLanguage\":\"pt-PT\",\"@id\":\"https:\/\/portaltela.pt\/noticias\/2026\/01\/28\/il-quer-alterar-lei-do-clima-para-nuclear-e-mineracao-em-mar-profundo\/#primaryimage\",\"url\":\"https:\/\/portaltela.pt\/s.01k8rhncp4jt1\/2026\/01\/2062389.jpg\",\"contentUrl\":\"https:\/\/portaltela.pt\/s.01k8rhncp4jt1\/2026\/01\/2062389.jpg\",\"width\":796,\"height\":448,\"caption\":\"A presidente da Iniciativa Liberal, Mariana Leit\u00e3o, com elementos da sua bancada parlamentar, incluindo Jorge Miguel Teixeira (\u00e0 esquerda)\"},{\"@type\":\"BreadcrumbList\",\"@id\":\"https:\/\/portaltela.pt\/noticias\/2026\/01\/28\/il-quer-alterar-lei-do-clima-para-nuclear-e-mineracao-em-mar-profundo\/#breadcrumb\",\"itemListElement\":[{\"@type\":\"ListItem\",\"position\":1,\"name\":\"In\u00edcio\",\"item\":\"https:\/\/portaltela.pt\/\"},{\"@type\":\"ListItem\",\"position\":2,\"name\":\"IL quer alterar Lei do Clima para nuclear e minera\u00e7\u00e3o em mar profundo\"}]},{\"@type\":\"WebSite\",\"@id\":\"https:\/\/portaltela.pt\/#website\",\"url\":\"https:\/\/portaltela.pt\/\",\"name\":\"Portal Tela Portugal\",\"description\":\"\",\"potentialAction\":[{\"@type\":\"SearchAction\",\"target\":{\"@type\":\"EntryPoint\",\"urlTemplate\":\"https:\/\/portaltela.pt\/?s={search_term_string}\"},\"query-input\":{\"@type\":\"PropertyValueSpecification\",\"valueRequired\":true,\"valueName\":\"search_term_string\"}}],\"inLanguage\":\"pt-PT\"},{\"@type\":\"Person\",\"@id\":\"https:\/\/portaltela.pt\/#\/schema\/person\/c4278d4a6028830caff9ee44b42d32ed\",\"name\":\"Telinha\",\"image\":{\"@type\":\"ImageObject\",\"inLanguage\":\"pt-PT\",\"@id\":\"https:\/\/portaltela.pt\/s.01k8rhncp4jt1\/2025\/11\/talking-bot-125x125.png\",\"url\":\"https:\/\/portaltela.pt\/s.01k8rhncp4jt1\/2025\/11\/talking-bot-125x125.png\",\"contentUrl\":\"https:\/\/portaltela.pt\/s.01k8rhncp4jt1\/2025\/11\/talking-bot-125x125.png\",\"caption\":\"Telinha\"},\"sameAs\":[\"https:\/\/portaltela.pt\/\"],\"url\":\"https:\/\/portaltela.pt\/por\/367410592786\/\"}]}<\/script>\n<!-- \/ Yoast SEO plugin. -->","yoast_head_json":{"title":"IL quer alterar Lei do Clima para nuclear e minera\u00e7\u00e3o em mar profundo - Portal Tela Portugal","robots":{"index":"index","follow":"follow","max-snippet":"max-snippet:-1","max-image-preview":"max-image-preview:large","max-video-preview":"max-video-preview:-1"},"og_locale":"pt_PT","og_type":"article","og_title":"IL quer alterar Lei do Clima para nuclear e minera\u00e7\u00e3o em mar profundo - Portal Tela Portugal","og_description":"A Iniciativa Liberal vai apresentar uma proposta de altera\u00e7\u00e3o \u00e0 Lei de Bases do Clima para substituir \u201cenergias renov\u00e1veis\u201d por \u201cenergias limpas\u201d, incluindo a energia nuclear como op\u00e7\u00e3o no caminho de descarboniza\u00e7\u00e3o. A proposta tamb\u00e9m pretende levantar proibi\u00e7\u00f5es em vigor, abrindo a possibilidade de explora\u00e7\u00e3o de recursos, incluindo minera\u00e7\u00e3o em mar profundo e prospec\u00e7\u00e3o de hidrocarbonetos. A IL defende remover a express\u00e3o \u201cemerg\u00eancia clim\u00e1tica\u201d da lei, propondo \u201ccrise clim\u00e1tica\u201d como termo mais adequado e menos pol\u00edtico. Ambientalistas do grupo C7 criticam a medida, dizendo que representa retrocesso e desresponsabiliza\u00e7\u00e3o do Estado, apontando perda de metas estruturantes, planos locais e mecanismos de avalia\u00e7\u00e3o clim\u00e1tica. O projeto defende neutralidade tecnol\u00f3gica, a elimina\u00e7\u00e3o de proibi\u00e7\u00f5es absolutas e a abertura \u00e0 energia nuclear, bem como a possibilidade de explorar reservas nacionais, em linha com o comportamento da Europa p\u00f3s\u20112022.","og_url":"https:\/\/portaltela.pt\/noticias\/2026\/01\/28\/il-quer-alterar-lei-do-clima-para-nuclear-e-mineracao-em-mar-profundo\/","og_site_name":"Portal Tela Portugal","article_published_time":"2026-01-28T10:26:00+00:00","author":"Telinha","twitter_card":"summary_large_image","twitter_misc":{"Escrito por":"Telinha","Tempo estimado de leitura":"2 minutos"},"schema":{"@context":"https:\/\/schema.org","@graph":[{"@type":"Article","@id":"https:\/\/portaltela.pt\/noticias\/2026\/01\/28\/il-quer-alterar-lei-do-clima-para-nuclear-e-mineracao-em-mar-profundo\/#article","isPartOf":{"@id":"https:\/\/portaltela.pt\/noticias\/2026\/01\/28\/il-quer-alterar-lei-do-clima-para-nuclear-e-mineracao-em-mar-profundo\/"},"author":{"name":"Telinha","@id":"https:\/\/portaltela.pt\/#\/schema\/person\/c4278d4a6028830caff9ee44b42d32ed"},"headline":"IL quer alterar Lei do Clima para nuclear e minera\u00e7\u00e3o em mar profundo","datePublished":"2026-01-28T10:26:00+00:00","mainEntityOfPage":{"@id":"https:\/\/portaltela.pt\/noticias\/2026\/01\/28\/il-quer-alterar-lei-do-clima-para-nuclear-e-mineracao-em-mar-profundo\/"},"wordCount":403,"image":{"@id":"https:\/\/portaltela.pt\/noticias\/2026\/01\/28\/il-quer-alterar-lei-do-clima-para-nuclear-e-mineracao-em-mar-profundo\/#primaryimage"},"thumbnailUrl":"https:\/\/portaltela.pt\/s.01k8rhncp4jt1\/2026\/01\/2062389.jpg","keywords":["A\u00e7\u00e3o Clim\u00e1tica","ambiente","descarboniza\u00e7\u00e3o territorial","energias renov\u00e1veis","governo","minera\u00e7\u00e3o sustent\u00e1vel"],"articleSection":["Not\u00edcias"],"inLanguage":"pt-PT"},{"@type":"WebPage","@id":"https:\/\/portaltela.pt\/noticias\/2026\/01\/28\/il-quer-alterar-lei-do-clima-para-nuclear-e-mineracao-em-mar-profundo\/","url":"https:\/\/portaltela.pt\/noticias\/2026\/01\/28\/il-quer-alterar-lei-do-clima-para-nuclear-e-mineracao-em-mar-profundo\/","name":"IL quer alterar Lei do Clima para nuclear e minera\u00e7\u00e3o em mar profundo - Portal Tela Portugal","isPartOf":{"@id":"https:\/\/portaltela.pt\/#website"},"primaryImageOfPage":{"@id":"https:\/\/portaltela.pt\/noticias\/2026\/01\/28\/il-quer-alterar-lei-do-clima-para-nuclear-e-mineracao-em-mar-profundo\/#primaryimage"},"image":{"@id":"https:\/\/portaltela.pt\/noticias\/2026\/01\/28\/il-quer-alterar-lei-do-clima-para-nuclear-e-mineracao-em-mar-profundo\/#primaryimage"},"thumbnailUrl":"https:\/\/portaltela.pt\/s.01k8rhncp4jt1\/2026\/01\/2062389.jpg","datePublished":"2026-01-28T10:26:00+00:00","author":{"@id":"https:\/\/portaltela.pt\/#\/schema\/person\/c4278d4a6028830caff9ee44b42d32ed"},"breadcrumb":{"@id":"https:\/\/portaltela.pt\/noticias\/2026\/01\/28\/il-quer-alterar-lei-do-clima-para-nuclear-e-mineracao-em-mar-profundo\/#breadcrumb"},"inLanguage":"pt-PT","potentialAction":[{"@type":"ReadAction","target":["https:\/\/portaltela.pt\/noticias\/2026\/01\/28\/il-quer-alterar-lei-do-clima-para-nuclear-e-mineracao-em-mar-profundo\/"]}]},{"@type":"ImageObject","inLanguage":"pt-PT","@id":"https:\/\/portaltela.pt\/noticias\/2026\/01\/28\/il-quer-alterar-lei-do-clima-para-nuclear-e-mineracao-em-mar-profundo\/#primaryimage","url":"https:\/\/portaltela.pt\/s.01k8rhncp4jt1\/2026\/01\/2062389.jpg","contentUrl":"https:\/\/portaltela.pt\/s.01k8rhncp4jt1\/2026\/01\/2062389.jpg","width":796,"height":448,"caption":"A presidente da Iniciativa Liberal, Mariana Leit\u00e3o, com elementos da sua bancada parlamentar, incluindo Jorge Miguel Teixeira (\u00e0 esquerda)"},{"@type":"BreadcrumbList","@id":"https:\/\/portaltela.pt\/noticias\/2026\/01\/28\/il-quer-alterar-lei-do-clima-para-nuclear-e-mineracao-em-mar-profundo\/#breadcrumb","itemListElement":[{"@type":"ListItem","position":1,"name":"In\u00edcio","item":"https:\/\/portaltela.pt\/"},{"@type":"ListItem","position":2,"name":"IL quer alterar Lei do Clima para nuclear e minera\u00e7\u00e3o em mar profundo"}]},{"@type":"WebSite","@id":"https:\/\/portaltela.pt\/#website","url":"https:\/\/portaltela.pt\/","name":"Portal Tela Portugal","description":"","potentialAction":[{"@type":"SearchAction","target":{"@type":"EntryPoint","urlTemplate":"https:\/\/portaltela.pt\/?s={search_term_string}"},"query-input":{"@type":"PropertyValueSpecification","valueRequired":true,"valueName":"search_term_string"}}],"inLanguage":"pt-PT"},{"@type":"Person","@id":"https:\/\/portaltela.pt\/#\/schema\/person\/c4278d4a6028830caff9ee44b42d32ed","name":"Telinha","image":{"@type":"ImageObject","inLanguage":"pt-PT","@id":"https:\/\/portaltela.pt\/s.01k8rhncp4jt1\/2025\/11\/talking-bot-125x125.png","url":"https:\/\/portaltela.pt\/s.01k8rhncp4jt1\/2025\/11\/talking-bot-125x125.png","contentUrl":"https:\/\/portaltela.pt\/s.01k8rhncp4jt1\/2025\/11\/talking-bot-125x125.png","caption":"Telinha"},"sameAs":["https:\/\/portaltela.pt\/"],"url":"https:\/\/portaltela.pt\/por\/367410592786\/"}]}},"_links":{"self":[{"href":"https:\/\/portaltela.pt\/api\/wp\/v2\/posts\/178468","targetHints":{"allow":["GET"]}}],"collection":[{"href":"https:\/\/portaltela.pt\/api\/wp\/v2\/posts"}],"about":[{"href":"https:\/\/portaltela.pt\/api\/wp\/v2\/types\/post"}],"author":[{"embeddable":true,"href":"https:\/\/portaltela.pt\/api\/wp\/v2\/users\/2"}],"replies":[{"embeddable":true,"href":"https:\/\/portaltela.pt\/api\/wp\/v2\/comments?post=178468"}],"version-history":[{"count":0,"href":"https:\/\/portaltela.pt\/api\/wp\/v2\/posts\/178468\/revisions"}],"wp:featuredmedia":[{"embeddable":true,"href":"https:\/\/portaltela.pt\/api\/wp\/v2\/media\/178473"}],"wp:attachment":[{"href":"https:\/\/portaltela.pt\/api\/wp\/v2\/media?parent=178468"}],"wp:term":[{"taxonomy":"category","embeddable":true,"href":"https:\/\/portaltela.pt\/api\/wp\/v2\/categories?post=178468"},{"taxonomy":"post_tag","embeddable":true,"href":"https:\/\/portaltela.pt\/api\/wp\/v2\/tags?post=178468"}],"curies":[{"name":"wp","href":"https:\/\/api.w.org\/{rel}","templated":true}]}}