{"id":178446,"date":"2026-01-28T07:19:15","date_gmt":"2026-01-28T10:19:15","guid":{"rendered":"https:\/\/portaltela.pt\/noticias\/2026\/01\/28\/circulacao-ferroviaria-suspensa-nas-linhas-da-beira-alta-beira-baixa-e-douro\/"},"modified":"2026-01-28T07:19:15","modified_gmt":"2026-01-28T10:19:15","slug":"circulacao-ferroviaria-suspensa-nas-linhas-da-beira-alta-beira-baixa-e-douro","status":"publish","type":"post","link":"https:\/\/portaltela.pt\/noticias\/2026\/01\/28\/circulacao-ferroviaria-suspensa-nas-linhas-da-beira-alta-beira-baixa-e-douro\/","title":{"rendered":"Circula\u00e7\u00e3o Ferrovi\u00e1ria Suspensa nas Linhas da Beira Alta, Beira Baixa e Douro"},"content":{"rendered":"<p>A circula\u00e7\u00e3o ferrovi\u00e1ria nas Linhas da Beira Alta, Beira Baixa e Douro, entre R\u00e9gua e Tua, estava \u00e0s 09:00 desta quarta-feira suspensa devido a problemas na via causados pelo mau tempo, segundo a CP. A depress\u00e3o Kristin est\u00e1 a afetar o territ\u00f3rio continental.<\/p>\n<p>No \u00e2mbito da passagem de Kristin, a CP informou ainda que a circula\u00e7\u00e3o est\u00e1 suspensa, desde o in\u00edcio da manh\u00e3, nas Linhas do Sul, do Oeste e Sintra-Azambuja (fam\u00edlia Alverca\/Sintra). Este impacto acompanha o estado de via em v\u00e1rias zonas.<\/p>\n<p>A CP adianta que a Linha do Norte, entre o Porto e Lisboa, permanece suspensa para comboios de longo curso e regional. Em algumas sec\u00e7\u00f5es, a circula\u00e7\u00e3o est\u00e1 a decorrer em via \u00fanica para manter o servi\u00e7o.<\/p>\n<h3>Impacto e recupera\u00e7\u00e3o<\/h3>\n<p>\u00c0s 09:00, a circula\u00e7\u00e3o na linha entre Merc\u00eas e Sintra, no distrito de Lisboa, era feita em via \u00fanica. O Ramal de Tomar liga Tomar \u00e0 Linha do Norte atrav\u00e9s da Lamarosa, em Torres Novas.<\/p>\n<p>A Fertagus, que liga Lisboa a Set\u00fabal pela ponte 25 de Abril, tamb\u00e9m regista condicionamento entre Palmela e Pinhal Novo, com atrasos devido \u00e0 via \u00fanica. O problema decorre de \u00e1rvores derrubadas.<\/p>\n<p>A queda de uma \u00e1rvore na Esta\u00e7\u00e3o Venda do Alcaide levou ao condicionamento parcial na linha de transporte de passageiros. A CP pediu aos viajantes para verificar hor\u00e1rios atualizados.<\/p>\n<h3>Dados oficiais e contexto<\/h3>\n<p>O mau tempo j\u00e1 provocou pelo menos uma morte, em Povos, Vila Franca de Xira, por queda de \u00e1rvore sobre uma viatura. A ANEPC reportou cerca de 1.500 ocorr\u00eancias entre 00:00 e 08:00.<\/p>\n<p>A depress\u00e3o Kristin afetou especialmente os distritos de Leiria, Coimbra e a regi\u00e3o Oeste, com cortes de energia, comunica\u00e7\u00f5es e vias. O IPMA indicou que a zona centro foi a mais afetada at\u00e9 ao in\u00edcio da manh\u00e3.<\/p>\n","protected":false},"excerpt":{"rendered":"<ul>\n<li>Circula\u00e7\u00e3o suspensa nas Linhas da Beira Alta e Beira Baixa e Douro, entre R\u00e9gua e Tua, devido ao mau tempo, \u00e0s 09h00 desta quarta-feira, segundo a CP.<\/li>\n<li>Na Linha do Norte, entre o Porto e Lisboa, mantinha-se tamb\u00e9m suspensa para cargos longos e regionais \u00e0 mesma hora.<\/li>\n<li>Est\u00e1 tamb\u00e9m interrompida a circula\u00e7\u00e3o entre Merc\u00eas e Sintra, no distrito de Lisboa, com via \u00fanica, e o Ramal de Tomar liga Tomar a Lamarosa com via \u00fanica.<\/li>\n<li>A Fertagus, entre Palmela e Pinhal Novo, mant\u00e9m-se condicionada com atrasos devido \u00e0 queda de uma \u00e1rvore na Esta\u00e7\u00e3o de Venda do Alcaide, tamb\u00e9m com via \u00fanica.<\/li>\n<li>O mau tempo j\u00e1 causou um morto em Povos, Vila Franca de Xira, e a ANEPC reportou cerca de 1.500 ocorr\u00eancias, destacando impactos na regi\u00e3o centro, Leiria, Coimbra e Oeste.<\/li>\n<\/ul>\n","protected":false},"author":2,"featured_media":178458,"comment_status":"closed","ping_status":"closed","sticky":false,"template":"","format":"standard","meta":{"footnotes":""},"categories":[1],"tags":[3256,2665,1083,4364,192,3738],"class_list":["post-178446","post","type-post","status-publish","format-standard","has-post-thumbnail","hentry","category-noticias","tag-acidentes","tag-alteracoes-climaticas","tag-estradas","tag-meteorologia","tag-transporte","tag-vias-de-comunicacao"],"yoast_head":"<!-- This site is optimized with the Yoast SEO plugin v27.2 - https:\/\/yoast.com\/product\/yoast-seo-wordpress\/ -->\n<title>Circula\u00e7\u00e3o Ferrovi\u00e1ria Suspensa nas Linhas da Beira Alta, Beira Baixa e Douro - Portal Tela Portugal<\/title>\n<meta name=\"robots\" content=\"index, follow, max-snippet:-1, max-image-preview:large, max-video-preview:-1\" \/>\n<meta property=\"og:locale\" content=\"pt_PT\" \/>\n<meta property=\"og:type\" content=\"article\" \/>\n<meta property=\"og:title\" content=\"Circula\u00e7\u00e3o Ferrovi\u00e1ria Suspensa nas Linhas da Beira Alta, Beira Baixa e Douro - Portal Tela Portugal\" \/>\n<meta property=\"og:description\" content=\"Circula\u00e7\u00e3o suspensa nas Linhas da Beira Alta e Beira Baixa e Douro, entre R\u00e9gua e Tua, devido ao mau tempo, \u00e0s 09h00 desta quarta-feira, segundo a CP. Na Linha do Norte, entre o Porto e Lisboa, mantinha-se tamb\u00e9m suspensa para cargos longos e regionais \u00e0 mesma hora. Est\u00e1 tamb\u00e9m interrompida a circula\u00e7\u00e3o entre Merc\u00eas e Sintra, no distrito de Lisboa, com via \u00fanica, e o Ramal de Tomar liga Tomar a Lamarosa com via \u00fanica. A Fertagus, entre Palmela e Pinhal Novo, mant\u00e9m-se condicionada com atrasos devido \u00e0 queda de uma \u00e1rvore na Esta\u00e7\u00e3o de Venda do Alcaide, tamb\u00e9m com via \u00fanica. O mau tempo j\u00e1 causou um morto em Povos, Vila Franca de Xira, e a ANEPC reportou cerca de 1.500 ocorr\u00eancias, destacando impactos na regi\u00e3o centro, Leiria, Coimbra e Oeste.\" \/>\n<meta property=\"og:url\" content=\"https:\/\/portaltela.pt\/noticias\/2026\/01\/28\/circulacao-ferroviaria-suspensa-nas-linhas-da-beira-alta-beira-baixa-e-douro\/\" \/>\n<meta property=\"og:site_name\" content=\"Portal Tela Portugal\" \/>\n<meta property=\"article:published_time\" content=\"2026-01-28T10:19:15+00:00\" \/>\n<meta name=\"author\" content=\"Telinha\" \/>\n<meta name=\"twitter:card\" content=\"summary_large_image\" \/>\n<meta name=\"twitter:label1\" content=\"Escrito por\" \/>\n\t<meta name=\"twitter:data1\" content=\"Telinha\" \/>\n\t<meta name=\"twitter:label2\" content=\"Tempo estimado de leitura\" \/>\n\t<meta name=\"twitter:data2\" content=\"2 minutos\" \/>\n<script type=\"application\/ld+json\" class=\"yoast-schema-graph\">{\"@context\":\"https:\/\/schema.org\",\"@graph\":[{\"@type\":\"Article\",\"@id\":\"https:\/\/portaltela.pt\/noticias\/2026\/01\/28\/circulacao-ferroviaria-suspensa-nas-linhas-da-beira-alta-beira-baixa-e-douro\/#article\",\"isPartOf\":{\"@id\":\"https:\/\/portaltela.pt\/noticias\/2026\/01\/28\/circulacao-ferroviaria-suspensa-nas-linhas-da-beira-alta-beira-baixa-e-douro\/\"},\"author\":{\"name\":\"Telinha\",\"@id\":\"https:\/\/portaltela.pt\/#\/schema\/person\/c4278d4a6028830caff9ee44b42d32ed\"},\"headline\":\"Circula\u00e7\u00e3o Ferrovi\u00e1ria Suspensa nas Linhas da Beira Alta, Beira Baixa e Douro\",\"datePublished\":\"2026-01-28T10:19:15+00:00\",\"mainEntityOfPage\":{\"@id\":\"https:\/\/portaltela.pt\/noticias\/2026\/01\/28\/circulacao-ferroviaria-suspensa-nas-linhas-da-beira-alta-beira-baixa-e-douro\/\"},\"wordCount\":325,\"image\":{\"@id\":\"https:\/\/portaltela.pt\/noticias\/2026\/01\/28\/circulacao-ferroviaria-suspensa-nas-linhas-da-beira-alta-beira-baixa-e-douro\/#primaryimage\"},\"thumbnailUrl\":\"https:\/\/portaltela.pt\/s.01k8rhncp4jt1\/2026\/01\/img_1500x1000uu2019-11-15-12-08-40-902391.jpg\",\"keywords\":[\"acidentes\",\"Altera\u00e7\u00f5es Clim\u00e1ticas\",\"estradas\",\"meteorologia\",\"transporte\",\"vias de comunica\u00e7\u00e3o\"],\"articleSection\":[\"Not\u00edcias\"],\"inLanguage\":\"pt-PT\"},{\"@type\":\"WebPage\",\"@id\":\"https:\/\/portaltela.pt\/noticias\/2026\/01\/28\/circulacao-ferroviaria-suspensa-nas-linhas-da-beira-alta-beira-baixa-e-douro\/\",\"url\":\"https:\/\/portaltela.pt\/noticias\/2026\/01\/28\/circulacao-ferroviaria-suspensa-nas-linhas-da-beira-alta-beira-baixa-e-douro\/\",\"name\":\"Circula\u00e7\u00e3o Ferrovi\u00e1ria Suspensa nas Linhas da Beira Alta, Beira Baixa e Douro - Portal Tela Portugal\",\"isPartOf\":{\"@id\":\"https:\/\/portaltela.pt\/#website\"},\"primaryImageOfPage\":{\"@id\":\"https:\/\/portaltela.pt\/noticias\/2026\/01\/28\/circulacao-ferroviaria-suspensa-nas-linhas-da-beira-alta-beira-baixa-e-douro\/#primaryimage\"},\"image\":{\"@id\":\"https:\/\/portaltela.pt\/noticias\/2026\/01\/28\/circulacao-ferroviaria-suspensa-nas-linhas-da-beira-alta-beira-baixa-e-douro\/#primaryimage\"},\"thumbnailUrl\":\"https:\/\/portaltela.pt\/s.01k8rhncp4jt1\/2026\/01\/img_1500x1000uu2019-11-15-12-08-40-902391.jpg\",\"datePublished\":\"2026-01-28T10:19:15+00:00\",\"author\":{\"@id\":\"https:\/\/portaltela.pt\/#\/schema\/person\/c4278d4a6028830caff9ee44b42d32ed\"},\"breadcrumb\":{\"@id\":\"https:\/\/portaltela.pt\/noticias\/2026\/01\/28\/circulacao-ferroviaria-suspensa-nas-linhas-da-beira-alta-beira-baixa-e-douro\/#breadcrumb\"},\"inLanguage\":\"pt-PT\",\"potentialAction\":[{\"@type\":\"ReadAction\",\"target\":[\"https:\/\/portaltela.pt\/noticias\/2026\/01\/28\/circulacao-ferroviaria-suspensa-nas-linhas-da-beira-alta-beira-baixa-e-douro\/\"]}]},{\"@type\":\"ImageObject\",\"inLanguage\":\"pt-PT\",\"@id\":\"https:\/\/portaltela.pt\/noticias\/2026\/01\/28\/circulacao-ferroviaria-suspensa-nas-linhas-da-beira-alta-beira-baixa-e-douro\/#primaryimage\",\"url\":\"https:\/\/portaltela.pt\/s.01k8rhncp4jt1\/2026\/01\/img_1500x1000uu2019-11-15-12-08-40-902391.jpg\",\"contentUrl\":\"https:\/\/portaltela.pt\/s.01k8rhncp4jt1\/2026\/01\/img_1500x1000uu2019-11-15-12-08-40-902391.jpg\",\"width\":796,\"height\":448,\"caption\":\"Linha de comboio\"},{\"@type\":\"BreadcrumbList\",\"@id\":\"https:\/\/portaltela.pt\/noticias\/2026\/01\/28\/circulacao-ferroviaria-suspensa-nas-linhas-da-beira-alta-beira-baixa-e-douro\/#breadcrumb\",\"itemListElement\":[{\"@type\":\"ListItem\",\"position\":1,\"name\":\"In\u00edcio\",\"item\":\"https:\/\/portaltela.pt\/\"},{\"@type\":\"ListItem\",\"position\":2,\"name\":\"Circula\u00e7\u00e3o Ferrovi\u00e1ria Suspensa nas Linhas da Beira Alta, Beira Baixa e Douro\"}]},{\"@type\":\"WebSite\",\"@id\":\"https:\/\/portaltela.pt\/#website\",\"url\":\"https:\/\/portaltela.pt\/\",\"name\":\"Portal Tela Portugal\",\"description\":\"\",\"potentialAction\":[{\"@type\":\"SearchAction\",\"target\":{\"@type\":\"EntryPoint\",\"urlTemplate\":\"https:\/\/portaltela.pt\/?s={search_term_string}\"},\"query-input\":{\"@type\":\"PropertyValueSpecification\",\"valueRequired\":true,\"valueName\":\"search_term_string\"}}],\"inLanguage\":\"pt-PT\"},{\"@type\":\"Person\",\"@id\":\"https:\/\/portaltela.pt\/#\/schema\/person\/c4278d4a6028830caff9ee44b42d32ed\",\"name\":\"Telinha\",\"image\":{\"@type\":\"ImageObject\",\"inLanguage\":\"pt-PT\",\"@id\":\"https:\/\/portaltela.pt\/s.01k8rhncp4jt1\/2025\/11\/talking-bot-125x125.png\",\"url\":\"https:\/\/portaltela.pt\/s.01k8rhncp4jt1\/2025\/11\/talking-bot-125x125.png\",\"contentUrl\":\"https:\/\/portaltela.pt\/s.01k8rhncp4jt1\/2025\/11\/talking-bot-125x125.png\",\"caption\":\"Telinha\"},\"sameAs\":[\"https:\/\/portaltela.pt\/\"],\"url\":\"https:\/\/portaltela.pt\/por\/367410592786\/\"}]}<\/script>\n<!-- \/ Yoast SEO plugin. -->","yoast_head_json":{"title":"Circula\u00e7\u00e3o Ferrovi\u00e1ria Suspensa nas Linhas da Beira Alta, Beira Baixa e Douro - Portal Tela Portugal","robots":{"index":"index","follow":"follow","max-snippet":"max-snippet:-1","max-image-preview":"max-image-preview:large","max-video-preview":"max-video-preview:-1"},"og_locale":"pt_PT","og_type":"article","og_title":"Circula\u00e7\u00e3o Ferrovi\u00e1ria Suspensa nas Linhas da Beira Alta, Beira Baixa e Douro - Portal Tela Portugal","og_description":"Circula\u00e7\u00e3o suspensa nas Linhas da Beira Alta e Beira Baixa e Douro, entre R\u00e9gua e Tua, devido ao mau tempo, \u00e0s 09h00 desta quarta-feira, segundo a CP. Na Linha do Norte, entre o Porto e Lisboa, mantinha-se tamb\u00e9m suspensa para cargos longos e regionais \u00e0 mesma hora. Est\u00e1 tamb\u00e9m interrompida a circula\u00e7\u00e3o entre Merc\u00eas e Sintra, no distrito de Lisboa, com via \u00fanica, e o Ramal de Tomar liga Tomar a Lamarosa com via \u00fanica. A Fertagus, entre Palmela e Pinhal Novo, mant\u00e9m-se condicionada com atrasos devido \u00e0 queda de uma \u00e1rvore na Esta\u00e7\u00e3o de Venda do Alcaide, tamb\u00e9m com via \u00fanica. O mau tempo j\u00e1 causou um morto em Povos, Vila Franca de Xira, e a ANEPC reportou cerca de 1.500 ocorr\u00eancias, destacando impactos na regi\u00e3o centro, Leiria, Coimbra e Oeste.","og_url":"https:\/\/portaltela.pt\/noticias\/2026\/01\/28\/circulacao-ferroviaria-suspensa-nas-linhas-da-beira-alta-beira-baixa-e-douro\/","og_site_name":"Portal Tela Portugal","article_published_time":"2026-01-28T10:19:15+00:00","author":"Telinha","twitter_card":"summary_large_image","twitter_misc":{"Escrito por":"Telinha","Tempo estimado de leitura":"2 minutos"},"schema":{"@context":"https:\/\/schema.org","@graph":[{"@type":"Article","@id":"https:\/\/portaltela.pt\/noticias\/2026\/01\/28\/circulacao-ferroviaria-suspensa-nas-linhas-da-beira-alta-beira-baixa-e-douro\/#article","isPartOf":{"@id":"https:\/\/portaltela.pt\/noticias\/2026\/01\/28\/circulacao-ferroviaria-suspensa-nas-linhas-da-beira-alta-beira-baixa-e-douro\/"},"author":{"name":"Telinha","@id":"https:\/\/portaltela.pt\/#\/schema\/person\/c4278d4a6028830caff9ee44b42d32ed"},"headline":"Circula\u00e7\u00e3o Ferrovi\u00e1ria Suspensa nas Linhas da Beira Alta, Beira Baixa e Douro","datePublished":"2026-01-28T10:19:15+00:00","mainEntityOfPage":{"@id":"https:\/\/portaltela.pt\/noticias\/2026\/01\/28\/circulacao-ferroviaria-suspensa-nas-linhas-da-beira-alta-beira-baixa-e-douro\/"},"wordCount":325,"image":{"@id":"https:\/\/portaltela.pt\/noticias\/2026\/01\/28\/circulacao-ferroviaria-suspensa-nas-linhas-da-beira-alta-beira-baixa-e-douro\/#primaryimage"},"thumbnailUrl":"https:\/\/portaltela.pt\/s.01k8rhncp4jt1\/2026\/01\/img_1500x1000uu2019-11-15-12-08-40-902391.jpg","keywords":["acidentes","Altera\u00e7\u00f5es Clim\u00e1ticas","estradas","meteorologia","transporte","vias de comunica\u00e7\u00e3o"],"articleSection":["Not\u00edcias"],"inLanguage":"pt-PT"},{"@type":"WebPage","@id":"https:\/\/portaltela.pt\/noticias\/2026\/01\/28\/circulacao-ferroviaria-suspensa-nas-linhas-da-beira-alta-beira-baixa-e-douro\/","url":"https:\/\/portaltela.pt\/noticias\/2026\/01\/28\/circulacao-ferroviaria-suspensa-nas-linhas-da-beira-alta-beira-baixa-e-douro\/","name":"Circula\u00e7\u00e3o Ferrovi\u00e1ria Suspensa nas Linhas da Beira Alta, Beira Baixa e Douro - Portal Tela Portugal","isPartOf":{"@id":"https:\/\/portaltela.pt\/#website"},"primaryImageOfPage":{"@id":"https:\/\/portaltela.pt\/noticias\/2026\/01\/28\/circulacao-ferroviaria-suspensa-nas-linhas-da-beira-alta-beira-baixa-e-douro\/#primaryimage"},"image":{"@id":"https:\/\/portaltela.pt\/noticias\/2026\/01\/28\/circulacao-ferroviaria-suspensa-nas-linhas-da-beira-alta-beira-baixa-e-douro\/#primaryimage"},"thumbnailUrl":"https:\/\/portaltela.pt\/s.01k8rhncp4jt1\/2026\/01\/img_1500x1000uu2019-11-15-12-08-40-902391.jpg","datePublished":"2026-01-28T10:19:15+00:00","author":{"@id":"https:\/\/portaltela.pt\/#\/schema\/person\/c4278d4a6028830caff9ee44b42d32ed"},"breadcrumb":{"@id":"https:\/\/portaltela.pt\/noticias\/2026\/01\/28\/circulacao-ferroviaria-suspensa-nas-linhas-da-beira-alta-beira-baixa-e-douro\/#breadcrumb"},"inLanguage":"pt-PT","potentialAction":[{"@type":"ReadAction","target":["https:\/\/portaltela.pt\/noticias\/2026\/01\/28\/circulacao-ferroviaria-suspensa-nas-linhas-da-beira-alta-beira-baixa-e-douro\/"]}]},{"@type":"ImageObject","inLanguage":"pt-PT","@id":"https:\/\/portaltela.pt\/noticias\/2026\/01\/28\/circulacao-ferroviaria-suspensa-nas-linhas-da-beira-alta-beira-baixa-e-douro\/#primaryimage","url":"https:\/\/portaltela.pt\/s.01k8rhncp4jt1\/2026\/01\/img_1500x1000uu2019-11-15-12-08-40-902391.jpg","contentUrl":"https:\/\/portaltela.pt\/s.01k8rhncp4jt1\/2026\/01\/img_1500x1000uu2019-11-15-12-08-40-902391.jpg","width":796,"height":448,"caption":"Linha de comboio"},{"@type":"BreadcrumbList","@id":"https:\/\/portaltela.pt\/noticias\/2026\/01\/28\/circulacao-ferroviaria-suspensa-nas-linhas-da-beira-alta-beira-baixa-e-douro\/#breadcrumb","itemListElement":[{"@type":"ListItem","position":1,"name":"In\u00edcio","item":"https:\/\/portaltela.pt\/"},{"@type":"ListItem","position":2,"name":"Circula\u00e7\u00e3o Ferrovi\u00e1ria Suspensa nas Linhas da Beira Alta, Beira Baixa e Douro"}]},{"@type":"WebSite","@id":"https:\/\/portaltela.pt\/#website","url":"https:\/\/portaltela.pt\/","name":"Portal Tela Portugal","description":"","potentialAction":[{"@type":"SearchAction","target":{"@type":"EntryPoint","urlTemplate":"https:\/\/portaltela.pt\/?s={search_term_string}"},"query-input":{"@type":"PropertyValueSpecification","valueRequired":true,"valueName":"search_term_string"}}],"inLanguage":"pt-PT"},{"@type":"Person","@id":"https:\/\/portaltela.pt\/#\/schema\/person\/c4278d4a6028830caff9ee44b42d32ed","name":"Telinha","image":{"@type":"ImageObject","inLanguage":"pt-PT","@id":"https:\/\/portaltela.pt\/s.01k8rhncp4jt1\/2025\/11\/talking-bot-125x125.png","url":"https:\/\/portaltela.pt\/s.01k8rhncp4jt1\/2025\/11\/talking-bot-125x125.png","contentUrl":"https:\/\/portaltela.pt\/s.01k8rhncp4jt1\/2025\/11\/talking-bot-125x125.png","caption":"Telinha"},"sameAs":["https:\/\/portaltela.pt\/"],"url":"https:\/\/portaltela.pt\/por\/367410592786\/"}]}},"_links":{"self":[{"href":"https:\/\/portaltela.pt\/api\/wp\/v2\/posts\/178446","targetHints":{"allow":["GET"]}}],"collection":[{"href":"https:\/\/portaltela.pt\/api\/wp\/v2\/posts"}],"about":[{"href":"https:\/\/portaltela.pt\/api\/wp\/v2\/types\/post"}],"author":[{"embeddable":true,"href":"https:\/\/portaltela.pt\/api\/wp\/v2\/users\/2"}],"replies":[{"embeddable":true,"href":"https:\/\/portaltela.pt\/api\/wp\/v2\/comments?post=178446"}],"version-history":[{"count":0,"href":"https:\/\/portaltela.pt\/api\/wp\/v2\/posts\/178446\/revisions"}],"wp:featuredmedia":[{"embeddable":true,"href":"https:\/\/portaltela.pt\/api\/wp\/v2\/media\/178458"}],"wp:attachment":[{"href":"https:\/\/portaltela.pt\/api\/wp\/v2\/media?parent=178446"}],"wp:term":[{"taxonomy":"category","embeddable":true,"href":"https:\/\/portaltela.pt\/api\/wp\/v2\/categories?post=178446"},{"taxonomy":"post_tag","embeddable":true,"href":"https:\/\/portaltela.pt\/api\/wp\/v2\/tags?post=178446"}],"curies":[{"name":"wp","href":"https:\/\/api.w.org\/{rel}","templated":true}]}}