{"id":178364,"date":"2026-01-28T06:38:00","date_gmt":"2026-01-28T09:38:00","guid":{"rendered":"https:\/\/portaltela.pt\/noticias\/2026\/01\/28\/dior-e-chanel-estreiam-na-semana-da-moda-e-discutem-a-alta-costura-em-paris\/"},"modified":"2026-01-28T06:38:00","modified_gmt":"2026-01-28T09:38:00","slug":"dior-e-chanel-estreiam-na-semana-da-moda-e-discutem-a-alta-costura-em-paris","status":"publish","type":"post","link":"https:\/\/portaltela.pt\/noticias\/2026\/01\/28\/dior-e-chanel-estreiam-na-semana-da-moda-e-discutem-a-alta-costura-em-paris\/","title":{"rendered":"Dior e Chanel estreiam na Semana da Moda e discutem a alta-costura em Paris"},"content":{"rendered":"<p>A Semana de Alta-Costura abriu em Paris com duas estreias relevantes. Jonathan Anderson apresentou a primeira colec\u00e7\u00e3o de alta-costura para a Dior, enquanto Matthieu Blazy fez a sua estreia para a Chanel. O evento ocorreu no in\u00edcio da semana numa altura em que o whether the alta-costura se mant\u00e9m relevante \u00e9 debatido.<\/p>\n<p>A Dior mostrou a teatralidade do dourado trabalho artesanal dos seus ateliers da Avenida Montaigne, com vestidos amplos, drapeados e bordados a fio com motivos florais. Em contraste, a Chanel reteve a sua leitura pr\u00e1tica da moda de ocasi\u00e3o, priorizando pe\u00e7as que se ajustam ao dia a dia de quem usa.<\/p>\n<h3>Duas abordagens distintas na alta-costura<\/h3>\n<p>A Dior focou-se na demonstra\u00e7\u00e3o do savoir-faire e do artesanato, destacando vestidos de grande volume e bordados complexos. A apresenta\u00e7\u00e3o sublinhou a capacidade da casa de manter o espect\u00e1culo na alta-costura.<\/p>\n<p>A Chanel, por sua vez, reiterou a miss\u00e3o hist\u00f3rica de vestir mulheres para a vida, com cortes mais diretos e pe\u00e7as que combinam eleg\u00e2ncia com uso di\u00e1rio. O retorno aos fundamentos da casa marcou o evento.<\/p>\n","protected":false},"excerpt":{"rendered":"<ul>\n<li>Na Semana de Alta-Costura em Paris, Jonathan Anderson (Dior) e Matthieu Blazy (Chanel) apresentaram as suas primeiras colec\u00e7\u00f5es de alta-costura.<\/li>\n<li>A apresenta\u00e7\u00e3o incidiu sobre a pergunta \u201co que \u00e9 alta-costura e como se mant\u00e9m relevante hoje?\u201d, refletida pelos estreantes da temporada.<\/li>\n<li>A Dior mostrou a espectacularidade do artesanato dos seus ateliers da Avenida Montaigne, com vestidos amplos, drapeados e bordados a flores.<\/li>\n<li>A Chanel, por seu lado, voltou \u00e0 miss\u00e3o de vestir as mulheres para a vida, mantendo a heran\u00e7a de Coco Chanel.<\/li>\n<\/ul>\n","protected":false},"author":2,"featured_media":178371,"comment_status":"closed","ping_status":"closed","sticky":false,"template":"","format":"standard","meta":{"footnotes":""},"categories":[1],"tags":[3500,143,1856,135,3163],"class_list":["post-178364","post","type-post","status-publish","format-standard","has-post-thumbnail","hentry","category-noticias","tag-desfiles-internacionais","tag-design","tag-franca","tag-moda","tag-paris"],"yoast_head":"<!-- This site is optimized with the Yoast SEO plugin v27.2 - https:\/\/yoast.com\/product\/yoast-seo-wordpress\/ -->\n<title>Dior e Chanel estreiam na Semana da Moda e discutem a alta-costura em Paris - Portal Tela Portugal<\/title>\n<meta name=\"robots\" content=\"index, follow, max-snippet:-1, max-image-preview:large, max-video-preview:-1\" \/>\n<meta property=\"og:locale\" content=\"pt_PT\" \/>\n<meta property=\"og:type\" content=\"article\" \/>\n<meta property=\"og:title\" content=\"Dior e Chanel estreiam na Semana da Moda e discutem a alta-costura em Paris - Portal Tela Portugal\" \/>\n<meta property=\"og:description\" content=\"Na Semana de Alta-Costura em Paris, Jonathan Anderson (Dior) e Matthieu Blazy (Chanel) apresentaram as suas primeiras colec\u00e7\u00f5es de alta-costura. A apresenta\u00e7\u00e3o incidiu sobre a pergunta \u201co que \u00e9 alta-costura e como se mant\u00e9m relevante hoje?\u201d, refletida pelos estreantes da temporada. A Dior mostrou a espectacularidade do artesanato dos seus ateliers da Avenida Montaigne, com vestidos amplos, drapeados e bordados a flores. A Chanel, por seu lado, voltou \u00e0 miss\u00e3o de vestir as mulheres para a vida, mantendo a heran\u00e7a de Coco Chanel.\" \/>\n<meta property=\"og:url\" content=\"https:\/\/portaltela.pt\/noticias\/2026\/01\/28\/dior-e-chanel-estreiam-na-semana-da-moda-e-discutem-a-alta-costura-em-paris\/\" \/>\n<meta property=\"og:site_name\" content=\"Portal Tela Portugal\" \/>\n<meta property=\"article:published_time\" content=\"2026-01-28T09:38:00+00:00\" \/>\n<meta name=\"author\" content=\"Telinha\" \/>\n<meta name=\"twitter:card\" content=\"summary_large_image\" \/>\n<meta name=\"twitter:label1\" content=\"Escrito por\" \/>\n\t<meta name=\"twitter:data1\" content=\"Telinha\" \/>\n\t<meta name=\"twitter:label2\" content=\"Tempo estimado de leitura\" \/>\n\t<meta name=\"twitter:data2\" content=\"1 minuto\" \/>\n<script type=\"application\/ld+json\" class=\"yoast-schema-graph\">{\"@context\":\"https:\/\/schema.org\",\"@graph\":[{\"@type\":\"Article\",\"@id\":\"https:\/\/portaltela.pt\/noticias\/2026\/01\/28\/dior-e-chanel-estreiam-na-semana-da-moda-e-discutem-a-alta-costura-em-paris\/#article\",\"isPartOf\":{\"@id\":\"https:\/\/portaltela.pt\/noticias\/2026\/01\/28\/dior-e-chanel-estreiam-na-semana-da-moda-e-discutem-a-alta-costura-em-paris\/\"},\"author\":{\"name\":\"Telinha\",\"@id\":\"https:\/\/portaltela.pt\/#\/schema\/person\/c4278d4a6028830caff9ee44b42d32ed\"},\"headline\":\"Dior e Chanel estreiam na Semana da Moda e discutem a alta-costura em Paris\",\"datePublished\":\"2026-01-28T09:38:00+00:00\",\"mainEntityOfPage\":{\"@id\":\"https:\/\/portaltela.pt\/noticias\/2026\/01\/28\/dior-e-chanel-estreiam-na-semana-da-moda-e-discutem-a-alta-costura-em-paris\/\"},\"wordCount\":202,\"image\":{\"@id\":\"https:\/\/portaltela.pt\/noticias\/2026\/01\/28\/dior-e-chanel-estreiam-na-semana-da-moda-e-discutem-a-alta-costura-em-paris\/#primaryimage\"},\"thumbnailUrl\":\"https:\/\/portaltela.pt\/s.01k8rhncp4jt1\/2026\/01\/2062254.jpg\",\"keywords\":[\"desfiles internacionais\",\"design\",\"Fran\u00e7a\",\"moda\",\"Paris\"],\"articleSection\":[\"Not\u00edcias\"],\"inLanguage\":\"pt-PT\"},{\"@type\":\"WebPage\",\"@id\":\"https:\/\/portaltela.pt\/noticias\/2026\/01\/28\/dior-e-chanel-estreiam-na-semana-da-moda-e-discutem-a-alta-costura-em-paris\/\",\"url\":\"https:\/\/portaltela.pt\/noticias\/2026\/01\/28\/dior-e-chanel-estreiam-na-semana-da-moda-e-discutem-a-alta-costura-em-paris\/\",\"name\":\"Dior e Chanel estreiam na Semana da Moda e discutem a alta-costura em Paris - Portal Tela Portugal\",\"isPartOf\":{\"@id\":\"https:\/\/portaltela.pt\/#website\"},\"primaryImageOfPage\":{\"@id\":\"https:\/\/portaltela.pt\/noticias\/2026\/01\/28\/dior-e-chanel-estreiam-na-semana-da-moda-e-discutem-a-alta-costura-em-paris\/#primaryimage\"},\"image\":{\"@id\":\"https:\/\/portaltela.pt\/noticias\/2026\/01\/28\/dior-e-chanel-estreiam-na-semana-da-moda-e-discutem-a-alta-costura-em-paris\/#primaryimage\"},\"thumbnailUrl\":\"https:\/\/portaltela.pt\/s.01k8rhncp4jt1\/2026\/01\/2062254.jpg\",\"datePublished\":\"2026-01-28T09:38:00+00:00\",\"author\":{\"@id\":\"https:\/\/portaltela.pt\/#\/schema\/person\/c4278d4a6028830caff9ee44b42d32ed\"},\"breadcrumb\":{\"@id\":\"https:\/\/portaltela.pt\/noticias\/2026\/01\/28\/dior-e-chanel-estreiam-na-semana-da-moda-e-discutem-a-alta-costura-em-paris\/#breadcrumb\"},\"inLanguage\":\"pt-PT\",\"potentialAction\":[{\"@type\":\"ReadAction\",\"target\":[\"https:\/\/portaltela.pt\/noticias\/2026\/01\/28\/dior-e-chanel-estreiam-na-semana-da-moda-e-discutem-a-alta-costura-em-paris\/\"]}]},{\"@type\":\"ImageObject\",\"inLanguage\":\"pt-PT\",\"@id\":\"https:\/\/portaltela.pt\/noticias\/2026\/01\/28\/dior-e-chanel-estreiam-na-semana-da-moda-e-discutem-a-alta-costura-em-paris\/#primaryimage\",\"url\":\"https:\/\/portaltela.pt\/s.01k8rhncp4jt1\/2026\/01\/2062254.jpg\",\"contentUrl\":\"https:\/\/portaltela.pt\/s.01k8rhncp4jt1\/2026\/01\/2062254.jpg\",\"width\":796,\"height\":448,\"caption\":\"A colec\u00e7\u00e3o da Dior de alta-costura foi inspirada pela natureza \\\"verdadeira ou falsa\\\"\"},{\"@type\":\"BreadcrumbList\",\"@id\":\"https:\/\/portaltela.pt\/noticias\/2026\/01\/28\/dior-e-chanel-estreiam-na-semana-da-moda-e-discutem-a-alta-costura-em-paris\/#breadcrumb\",\"itemListElement\":[{\"@type\":\"ListItem\",\"position\":1,\"name\":\"In\u00edcio\",\"item\":\"https:\/\/portaltela.pt\/\"},{\"@type\":\"ListItem\",\"position\":2,\"name\":\"Dior e Chanel estreiam na Semana da Moda e discutem a alta-costura em Paris\"}]},{\"@type\":\"WebSite\",\"@id\":\"https:\/\/portaltela.pt\/#website\",\"url\":\"https:\/\/portaltela.pt\/\",\"name\":\"Portal Tela Portugal\",\"description\":\"\",\"potentialAction\":[{\"@type\":\"SearchAction\",\"target\":{\"@type\":\"EntryPoint\",\"urlTemplate\":\"https:\/\/portaltela.pt\/?s={search_term_string}\"},\"query-input\":{\"@type\":\"PropertyValueSpecification\",\"valueRequired\":true,\"valueName\":\"search_term_string\"}}],\"inLanguage\":\"pt-PT\"},{\"@type\":\"Person\",\"@id\":\"https:\/\/portaltela.pt\/#\/schema\/person\/c4278d4a6028830caff9ee44b42d32ed\",\"name\":\"Telinha\",\"image\":{\"@type\":\"ImageObject\",\"inLanguage\":\"pt-PT\",\"@id\":\"https:\/\/portaltela.pt\/s.01k8rhncp4jt1\/2025\/11\/talking-bot-125x125.png\",\"url\":\"https:\/\/portaltela.pt\/s.01k8rhncp4jt1\/2025\/11\/talking-bot-125x125.png\",\"contentUrl\":\"https:\/\/portaltela.pt\/s.01k8rhncp4jt1\/2025\/11\/talking-bot-125x125.png\",\"caption\":\"Telinha\"},\"sameAs\":[\"https:\/\/portaltela.pt\/\"],\"url\":\"https:\/\/portaltela.pt\/por\/367410592786\/\"}]}<\/script>\n<!-- \/ Yoast SEO plugin. -->","yoast_head_json":{"title":"Dior e Chanel estreiam na Semana da Moda e discutem a alta-costura em Paris - Portal Tela Portugal","robots":{"index":"index","follow":"follow","max-snippet":"max-snippet:-1","max-image-preview":"max-image-preview:large","max-video-preview":"max-video-preview:-1"},"og_locale":"pt_PT","og_type":"article","og_title":"Dior e Chanel estreiam na Semana da Moda e discutem a alta-costura em Paris - Portal Tela Portugal","og_description":"Na Semana de Alta-Costura em Paris, Jonathan Anderson (Dior) e Matthieu Blazy (Chanel) apresentaram as suas primeiras colec\u00e7\u00f5es de alta-costura. A apresenta\u00e7\u00e3o incidiu sobre a pergunta \u201co que \u00e9 alta-costura e como se mant\u00e9m relevante hoje?\u201d, refletida pelos estreantes da temporada. A Dior mostrou a espectacularidade do artesanato dos seus ateliers da Avenida Montaigne, com vestidos amplos, drapeados e bordados a flores. A Chanel, por seu lado, voltou \u00e0 miss\u00e3o de vestir as mulheres para a vida, mantendo a heran\u00e7a de Coco Chanel.","og_url":"https:\/\/portaltela.pt\/noticias\/2026\/01\/28\/dior-e-chanel-estreiam-na-semana-da-moda-e-discutem-a-alta-costura-em-paris\/","og_site_name":"Portal Tela Portugal","article_published_time":"2026-01-28T09:38:00+00:00","author":"Telinha","twitter_card":"summary_large_image","twitter_misc":{"Escrito por":"Telinha","Tempo estimado de leitura":"1 minuto"},"schema":{"@context":"https:\/\/schema.org","@graph":[{"@type":"Article","@id":"https:\/\/portaltela.pt\/noticias\/2026\/01\/28\/dior-e-chanel-estreiam-na-semana-da-moda-e-discutem-a-alta-costura-em-paris\/#article","isPartOf":{"@id":"https:\/\/portaltela.pt\/noticias\/2026\/01\/28\/dior-e-chanel-estreiam-na-semana-da-moda-e-discutem-a-alta-costura-em-paris\/"},"author":{"name":"Telinha","@id":"https:\/\/portaltela.pt\/#\/schema\/person\/c4278d4a6028830caff9ee44b42d32ed"},"headline":"Dior e Chanel estreiam na Semana da Moda e discutem a alta-costura em Paris","datePublished":"2026-01-28T09:38:00+00:00","mainEntityOfPage":{"@id":"https:\/\/portaltela.pt\/noticias\/2026\/01\/28\/dior-e-chanel-estreiam-na-semana-da-moda-e-discutem-a-alta-costura-em-paris\/"},"wordCount":202,"image":{"@id":"https:\/\/portaltela.pt\/noticias\/2026\/01\/28\/dior-e-chanel-estreiam-na-semana-da-moda-e-discutem-a-alta-costura-em-paris\/#primaryimage"},"thumbnailUrl":"https:\/\/portaltela.pt\/s.01k8rhncp4jt1\/2026\/01\/2062254.jpg","keywords":["desfiles internacionais","design","Fran\u00e7a","moda","Paris"],"articleSection":["Not\u00edcias"],"inLanguage":"pt-PT"},{"@type":"WebPage","@id":"https:\/\/portaltela.pt\/noticias\/2026\/01\/28\/dior-e-chanel-estreiam-na-semana-da-moda-e-discutem-a-alta-costura-em-paris\/","url":"https:\/\/portaltela.pt\/noticias\/2026\/01\/28\/dior-e-chanel-estreiam-na-semana-da-moda-e-discutem-a-alta-costura-em-paris\/","name":"Dior e Chanel estreiam na Semana da Moda e discutem a alta-costura em Paris - Portal Tela Portugal","isPartOf":{"@id":"https:\/\/portaltela.pt\/#website"},"primaryImageOfPage":{"@id":"https:\/\/portaltela.pt\/noticias\/2026\/01\/28\/dior-e-chanel-estreiam-na-semana-da-moda-e-discutem-a-alta-costura-em-paris\/#primaryimage"},"image":{"@id":"https:\/\/portaltela.pt\/noticias\/2026\/01\/28\/dior-e-chanel-estreiam-na-semana-da-moda-e-discutem-a-alta-costura-em-paris\/#primaryimage"},"thumbnailUrl":"https:\/\/portaltela.pt\/s.01k8rhncp4jt1\/2026\/01\/2062254.jpg","datePublished":"2026-01-28T09:38:00+00:00","author":{"@id":"https:\/\/portaltela.pt\/#\/schema\/person\/c4278d4a6028830caff9ee44b42d32ed"},"breadcrumb":{"@id":"https:\/\/portaltela.pt\/noticias\/2026\/01\/28\/dior-e-chanel-estreiam-na-semana-da-moda-e-discutem-a-alta-costura-em-paris\/#breadcrumb"},"inLanguage":"pt-PT","potentialAction":[{"@type":"ReadAction","target":["https:\/\/portaltela.pt\/noticias\/2026\/01\/28\/dior-e-chanel-estreiam-na-semana-da-moda-e-discutem-a-alta-costura-em-paris\/"]}]},{"@type":"ImageObject","inLanguage":"pt-PT","@id":"https:\/\/portaltela.pt\/noticias\/2026\/01\/28\/dior-e-chanel-estreiam-na-semana-da-moda-e-discutem-a-alta-costura-em-paris\/#primaryimage","url":"https:\/\/portaltela.pt\/s.01k8rhncp4jt1\/2026\/01\/2062254.jpg","contentUrl":"https:\/\/portaltela.pt\/s.01k8rhncp4jt1\/2026\/01\/2062254.jpg","width":796,"height":448,"caption":"A colec\u00e7\u00e3o da Dior de alta-costura foi inspirada pela natureza \"verdadeira ou falsa\""},{"@type":"BreadcrumbList","@id":"https:\/\/portaltela.pt\/noticias\/2026\/01\/28\/dior-e-chanel-estreiam-na-semana-da-moda-e-discutem-a-alta-costura-em-paris\/#breadcrumb","itemListElement":[{"@type":"ListItem","position":1,"name":"In\u00edcio","item":"https:\/\/portaltela.pt\/"},{"@type":"ListItem","position":2,"name":"Dior e Chanel estreiam na Semana da Moda e discutem a alta-costura em Paris"}]},{"@type":"WebSite","@id":"https:\/\/portaltela.pt\/#website","url":"https:\/\/portaltela.pt\/","name":"Portal Tela Portugal","description":"","potentialAction":[{"@type":"SearchAction","target":{"@type":"EntryPoint","urlTemplate":"https:\/\/portaltela.pt\/?s={search_term_string}"},"query-input":{"@type":"PropertyValueSpecification","valueRequired":true,"valueName":"search_term_string"}}],"inLanguage":"pt-PT"},{"@type":"Person","@id":"https:\/\/portaltela.pt\/#\/schema\/person\/c4278d4a6028830caff9ee44b42d32ed","name":"Telinha","image":{"@type":"ImageObject","inLanguage":"pt-PT","@id":"https:\/\/portaltela.pt\/s.01k8rhncp4jt1\/2025\/11\/talking-bot-125x125.png","url":"https:\/\/portaltela.pt\/s.01k8rhncp4jt1\/2025\/11\/talking-bot-125x125.png","contentUrl":"https:\/\/portaltela.pt\/s.01k8rhncp4jt1\/2025\/11\/talking-bot-125x125.png","caption":"Telinha"},"sameAs":["https:\/\/portaltela.pt\/"],"url":"https:\/\/portaltela.pt\/por\/367410592786\/"}]}},"_links":{"self":[{"href":"https:\/\/portaltela.pt\/api\/wp\/v2\/posts\/178364","targetHints":{"allow":["GET"]}}],"collection":[{"href":"https:\/\/portaltela.pt\/api\/wp\/v2\/posts"}],"about":[{"href":"https:\/\/portaltela.pt\/api\/wp\/v2\/types\/post"}],"author":[{"embeddable":true,"href":"https:\/\/portaltela.pt\/api\/wp\/v2\/users\/2"}],"replies":[{"embeddable":true,"href":"https:\/\/portaltela.pt\/api\/wp\/v2\/comments?post=178364"}],"version-history":[{"count":0,"href":"https:\/\/portaltela.pt\/api\/wp\/v2\/posts\/178364\/revisions"}],"wp:featuredmedia":[{"embeddable":true,"href":"https:\/\/portaltela.pt\/api\/wp\/v2\/media\/178371"}],"wp:attachment":[{"href":"https:\/\/portaltela.pt\/api\/wp\/v2\/media?parent=178364"}],"wp:term":[{"taxonomy":"category","embeddable":true,"href":"https:\/\/portaltela.pt\/api\/wp\/v2\/categories?post=178364"},{"taxonomy":"post_tag","embeddable":true,"href":"https:\/\/portaltela.pt\/api\/wp\/v2\/tags?post=178364"}],"curies":[{"name":"wp","href":"https:\/\/api.w.org\/{rel}","templated":true}]}}