{"id":178340,"date":"2026-01-28T06:02:00","date_gmt":"2026-01-28T09:02:00","guid":{"rendered":"https:\/\/portaltela.pt\/noticias\/2026\/01\/28\/dpoc-em-portugal-exige-nova-abordagem-no-diagnostico\/"},"modified":"2026-01-28T06:02:00","modified_gmt":"2026-01-28T09:02:00","slug":"dpoc-em-portugal-exige-nova-abordagem-no-diagnostico","status":"publish","type":"post","link":"https:\/\/portaltela.pt\/noticias\/2026\/01\/28\/dpoc-em-portugal-exige-nova-abordagem-no-diagnostico\/","title":{"rendered":"DPOC em Portugal exige nova abordagem no diagn\u00f3stico"},"content":{"rendered":"<p>A Doen\u00e7a Pulmonar Obstrutiva Cr\u00f3nica (DPOC) \u00e9 objeto de um estudo nacional lan\u00e7ado pela Sociedade Portuguesa de Pneumologia (SPP) com o apoio de parceiros, em Portugal continental. A iniciativa pretende mapear a verdadeira dimens\u00e3o da DPOC no pa\u00eds, incluindo casos n\u00e3o diagnosticados. O estudo envolve 9 000 participantes e centra-se na preven\u00e7\u00e3o, diagn\u00f3stico precoce e tratamento, mirando uma interven\u00e7\u00e3o mais efetiva no sistema de sa\u00fade.<\/p>\n<p>O presidente da SPP, Prof. Doutor Jorge Ferreira, explica que a DPOC n\u00e3o afeta apenas fumadores ou idosos. A doen\u00e7a pode iniciar-se antes dos sintomas, em diversas etapas da vida, e resulta de m\u00faltiplos fatores, como polui\u00e7\u00e3o, fumo passivo, exposi\u00e7\u00f5es profissionais e fatores gen\u00e9ticos. O objetivo \u00e9 mudar a perce\u00e7\u00e3o p\u00fablica e m\u00e9dica sobre o tema.<\/p>\n<p>Este estudo representa uma resposta \u00e0 falta de dados epidemiol\u00f3gicos robustos em Portugal sobre a DPOC. At\u00e9 agora, n\u00e3o havia um inqu\u00e9rito nacional abrangente que permitisse conhecer a preval\u00eancia real, grupos de risco subdiagnosticados e a gravidade da doen\u00e7a no territ\u00f3rio nacional.<\/p>\n<h3>Abrang\u00eancia e objetivos<\/h3>\n<p>A investiga\u00e7\u00e3o, desenvolvida pela SPP e apoiada pela ind\u00fastria farmac\u00eautica, cobre todo o territ\u00f3rio continental. Entre os objetivos est\u00e1 estabelecer uma estimativa s\u00f3lida da preval\u00eancia da DPOC por idade, sexo e gravidade, bem como identificar trajet\u00f3rias de fun\u00e7\u00e3o pulmonar em adultos jovens, n\u00e3o apenas em idosos.<\/p>\n<p>A inclus\u00e3o de pessoas com menos de 40 anos \u00e9 uma inova\u00e7\u00e3o do estudo. Adultos a partir dos 20 anos permitem detetar altera\u00e7\u00f5es precoces na fun\u00e7\u00e3o pulmonar, fatores de risco modific\u00e1veis e potenciais janelas de interven\u00e7\u00e3o precoce para atrasar o desenvolvimento da doen\u00e7a.<\/p>\n<p>Especialistas destacam que a fun\u00e7\u00e3o pulmonar atinge o pico entre os 20 e 25 anos. Se esse pico for inferior ao esperado, o risco de DPOC aumenta, mesmo sem tabagismo. O investigador sublinha que a DPOC pode ter origem em fatores pr\u00e9-sintom\u00e1ticos ao longo de d\u00e9cadas.<\/p>\n<p>Espera-se que os dados recolhidos contribuam para pol\u00edticas de preven\u00e7\u00e3o mais eficazes, melhoria do diagn\u00f3stico e uma gest\u00e3o mais eficiente de recursos. Al\u00e9m de beneficiar a sa\u00fade p\u00fablica, o estudo poder\u00e1 influenciar a vigil\u00e2ncia de popula\u00e7\u00f5es vulner\u00e1veis e a resposta a outras doen\u00e7as respirat\u00f3rias, como a asma.<\/p>\n","protected":false},"excerpt":{"rendered":"<ul>\n<li>A DPOC pode desenvolver-se ao longo da vida e iniciar-se antes dos 40 anos, n\u00e3o sendo exclusiva de fumadores nem de idosos; fatores ambientais, ocupacionais, infe\u00e7\u00f5es na inf\u00e2ncia e gen\u00e9tica tamb\u00e9m influenciam.<\/li>\n<li>Um estudo da Sociedade Portuguesa de Pneumologia (SPP), com apoio da GSK, vai mapear a preval\u00eancia real da DPOC em Portugal com uma amostra de 9 mil participantes no territ\u00f3rio continental.<\/li>\n<li>O estudo inclui adultos a partir dos vinte anos para identificar o pico de fun\u00e7\u00e3o pulmonar e trajet\u00f3rias precoces, promovendo preven\u00e7\u00e3o e dete\u00e7\u00e3o precoce.<\/li>\n<li>A DPOC \u00e9 a quarta causa de morte a n\u00edvel mundial e a quinta em Portugal; mais de setenta por cento da popula\u00e7\u00e3o portuguesa n\u00e3o conhece a doen\u00e7a.<\/li>\n<li>A aus\u00eancia de dados epidemiol\u00f3gicos nacionais tem limitado a compreens\u00e3o da preval\u00eancia, gravidade e grupos de risco, dificultando o planeamento de pol\u00edticas de sa\u00fade e distribui\u00e7\u00e3o de recursos.<\/li>\n<\/ul>\n","protected":false},"author":2,"featured_media":178344,"comment_status":"closed","ping_status":"closed","sticky":false,"template":"","format":"standard","meta":{"footnotes":""},"categories":[1],"tags":[3632,1223,215,1014,74,271],"class_list":["post-178340","post","type-post","status-publish","format-standard","has-post-thumbnail","hentry","category-noticias","tag-doenca-respiratoria","tag-industria-farmaceutica","tag-investigacao","tag-portugal","tag-prevencao","tag-saude-publica"],"yoast_head":"<!-- This site is optimized with the Yoast SEO plugin v27.2 - https:\/\/yoast.com\/product\/yoast-seo-wordpress\/ -->\n<title>DPOC em Portugal exige nova abordagem no diagn\u00f3stico - Portal Tela Portugal<\/title>\n<meta name=\"robots\" content=\"index, follow, max-snippet:-1, max-image-preview:large, max-video-preview:-1\" \/>\n<meta property=\"og:locale\" content=\"pt_PT\" \/>\n<meta property=\"og:type\" content=\"article\" \/>\n<meta property=\"og:title\" content=\"DPOC em Portugal exige nova abordagem no diagn\u00f3stico - Portal Tela Portugal\" \/>\n<meta property=\"og:description\" content=\"A DPOC pode desenvolver-se ao longo da vida e iniciar-se antes dos 40 anos, n\u00e3o sendo exclusiva de fumadores nem de idosos; fatores ambientais, ocupacionais, infe\u00e7\u00f5es na inf\u00e2ncia e gen\u00e9tica tamb\u00e9m influenciam. Um estudo da Sociedade Portuguesa de Pneumologia (SPP), com apoio da GSK, vai mapear a preval\u00eancia real da DPOC em Portugal com uma amostra de 9 mil participantes no territ\u00f3rio continental. O estudo inclui adultos a partir dos vinte anos para identificar o pico de fun\u00e7\u00e3o pulmonar e trajet\u00f3rias precoces, promovendo preven\u00e7\u00e3o e dete\u00e7\u00e3o precoce. A DPOC \u00e9 a quarta causa de morte a n\u00edvel mundial e a quinta em Portugal; mais de setenta por cento da popula\u00e7\u00e3o portuguesa n\u00e3o conhece a doen\u00e7a. A aus\u00eancia de dados epidemiol\u00f3gicos nacionais tem limitado a compreens\u00e3o da preval\u00eancia, gravidade e grupos de risco, dificultando o planeamento de pol\u00edticas de sa\u00fade e distribui\u00e7\u00e3o de recursos.\" \/>\n<meta property=\"og:url\" content=\"https:\/\/portaltela.pt\/noticias\/2026\/01\/28\/dpoc-em-portugal-exige-nova-abordagem-no-diagnostico\/\" \/>\n<meta property=\"og:site_name\" content=\"Portal Tela Portugal\" \/>\n<meta property=\"article:published_time\" content=\"2026-01-28T09:02:00+00:00\" \/>\n<meta name=\"author\" content=\"Telinha\" \/>\n<meta name=\"twitter:card\" content=\"summary_large_image\" \/>\n<meta name=\"twitter:label1\" content=\"Escrito por\" \/>\n\t<meta name=\"twitter:data1\" content=\"Telinha\" \/>\n\t<meta name=\"twitter:label2\" content=\"Tempo estimado de leitura\" \/>\n\t<meta name=\"twitter:data2\" content=\"2 minutos\" \/>\n<script type=\"application\/ld+json\" class=\"yoast-schema-graph\">{\"@context\":\"https:\/\/schema.org\",\"@graph\":[{\"@type\":\"Article\",\"@id\":\"https:\/\/portaltela.pt\/noticias\/2026\/01\/28\/dpoc-em-portugal-exige-nova-abordagem-no-diagnostico\/#article\",\"isPartOf\":{\"@id\":\"https:\/\/portaltela.pt\/noticias\/2026\/01\/28\/dpoc-em-portugal-exige-nova-abordagem-no-diagnostico\/\"},\"author\":{\"name\":\"Telinha\",\"@id\":\"https:\/\/portaltela.pt\/#\/schema\/person\/c4278d4a6028830caff9ee44b42d32ed\"},\"headline\":\"DPOC em Portugal exige nova abordagem no diagn\u00f3stico\",\"datePublished\":\"2026-01-28T09:02:00+00:00\",\"mainEntityOfPage\":{\"@id\":\"https:\/\/portaltela.pt\/noticias\/2026\/01\/28\/dpoc-em-portugal-exige-nova-abordagem-no-diagnostico\/\"},\"wordCount\":405,\"image\":{\"@id\":\"https:\/\/portaltela.pt\/noticias\/2026\/01\/28\/dpoc-em-portugal-exige-nova-abordagem-no-diagnostico\/#primaryimage\"},\"thumbnailUrl\":\"https:\/\/portaltela.pt\/s.01k8rhncp4jt1\/2026\/01\/image-1923.jpg\",\"keywords\":[\"doen\u00e7a respirat\u00f3ria\",\"ind\u00fastria farmac\u00eautica\",\"investiga\u00e7\u00e3o\",\"Portugal\",\"preven\u00e7\u00e3o\",\"sa\u00fade p\u00fablica\"],\"articleSection\":[\"Not\u00edcias\"],\"inLanguage\":\"pt-PT\"},{\"@type\":\"WebPage\",\"@id\":\"https:\/\/portaltela.pt\/noticias\/2026\/01\/28\/dpoc-em-portugal-exige-nova-abordagem-no-diagnostico\/\",\"url\":\"https:\/\/portaltela.pt\/noticias\/2026\/01\/28\/dpoc-em-portugal-exige-nova-abordagem-no-diagnostico\/\",\"name\":\"DPOC em Portugal exige nova abordagem no diagn\u00f3stico - Portal Tela Portugal\",\"isPartOf\":{\"@id\":\"https:\/\/portaltela.pt\/#website\"},\"primaryImageOfPage\":{\"@id\":\"https:\/\/portaltela.pt\/noticias\/2026\/01\/28\/dpoc-em-portugal-exige-nova-abordagem-no-diagnostico\/#primaryimage\"},\"image\":{\"@id\":\"https:\/\/portaltela.pt\/noticias\/2026\/01\/28\/dpoc-em-portugal-exige-nova-abordagem-no-diagnostico\/#primaryimage\"},\"thumbnailUrl\":\"https:\/\/portaltela.pt\/s.01k8rhncp4jt1\/2026\/01\/image-1923.jpg\",\"datePublished\":\"2026-01-28T09:02:00+00:00\",\"author\":{\"@id\":\"https:\/\/portaltela.pt\/#\/schema\/person\/c4278d4a6028830caff9ee44b42d32ed\"},\"breadcrumb\":{\"@id\":\"https:\/\/portaltela.pt\/noticias\/2026\/01\/28\/dpoc-em-portugal-exige-nova-abordagem-no-diagnostico\/#breadcrumb\"},\"inLanguage\":\"pt-PT\",\"potentialAction\":[{\"@type\":\"ReadAction\",\"target\":[\"https:\/\/portaltela.pt\/noticias\/2026\/01\/28\/dpoc-em-portugal-exige-nova-abordagem-no-diagnostico\/\"]}]},{\"@type\":\"ImageObject\",\"inLanguage\":\"pt-PT\",\"@id\":\"https:\/\/portaltela.pt\/noticias\/2026\/01\/28\/dpoc-em-portugal-exige-nova-abordagem-no-diagnostico\/#primaryimage\",\"url\":\"https:\/\/portaltela.pt\/s.01k8rhncp4jt1\/2026\/01\/image-1923.jpg\",\"contentUrl\":\"https:\/\/portaltela.pt\/s.01k8rhncp4jt1\/2026\/01\/image-1923.jpg\",\"width\":796,\"height\":448,\"caption\":\"Medicine doctor touching electronic medical record on tablet. DNA. Digital healthcare and network connection on hologram modern virtual screen interface, medical technology and futuristic concept.\"},{\"@type\":\"BreadcrumbList\",\"@id\":\"https:\/\/portaltela.pt\/noticias\/2026\/01\/28\/dpoc-em-portugal-exige-nova-abordagem-no-diagnostico\/#breadcrumb\",\"itemListElement\":[{\"@type\":\"ListItem\",\"position\":1,\"name\":\"In\u00edcio\",\"item\":\"https:\/\/portaltela.pt\/\"},{\"@type\":\"ListItem\",\"position\":2,\"name\":\"DPOC em Portugal exige nova abordagem no diagn\u00f3stico\"}]},{\"@type\":\"WebSite\",\"@id\":\"https:\/\/portaltela.pt\/#website\",\"url\":\"https:\/\/portaltela.pt\/\",\"name\":\"Portal Tela Portugal\",\"description\":\"\",\"potentialAction\":[{\"@type\":\"SearchAction\",\"target\":{\"@type\":\"EntryPoint\",\"urlTemplate\":\"https:\/\/portaltela.pt\/?s={search_term_string}\"},\"query-input\":{\"@type\":\"PropertyValueSpecification\",\"valueRequired\":true,\"valueName\":\"search_term_string\"}}],\"inLanguage\":\"pt-PT\"},{\"@type\":\"Person\",\"@id\":\"https:\/\/portaltela.pt\/#\/schema\/person\/c4278d4a6028830caff9ee44b42d32ed\",\"name\":\"Telinha\",\"image\":{\"@type\":\"ImageObject\",\"inLanguage\":\"pt-PT\",\"@id\":\"https:\/\/portaltela.pt\/s.01k8rhncp4jt1\/2025\/11\/talking-bot-125x125.png\",\"url\":\"https:\/\/portaltela.pt\/s.01k8rhncp4jt1\/2025\/11\/talking-bot-125x125.png\",\"contentUrl\":\"https:\/\/portaltela.pt\/s.01k8rhncp4jt1\/2025\/11\/talking-bot-125x125.png\",\"caption\":\"Telinha\"},\"sameAs\":[\"https:\/\/portaltela.pt\/\"],\"url\":\"https:\/\/portaltela.pt\/por\/367410592786\/\"}]}<\/script>\n<!-- \/ Yoast SEO plugin. -->","yoast_head_json":{"title":"DPOC em Portugal exige nova abordagem no diagn\u00f3stico - Portal Tela Portugal","robots":{"index":"index","follow":"follow","max-snippet":"max-snippet:-1","max-image-preview":"max-image-preview:large","max-video-preview":"max-video-preview:-1"},"og_locale":"pt_PT","og_type":"article","og_title":"DPOC em Portugal exige nova abordagem no diagn\u00f3stico - Portal Tela Portugal","og_description":"A DPOC pode desenvolver-se ao longo da vida e iniciar-se antes dos 40 anos, n\u00e3o sendo exclusiva de fumadores nem de idosos; fatores ambientais, ocupacionais, infe\u00e7\u00f5es na inf\u00e2ncia e gen\u00e9tica tamb\u00e9m influenciam. Um estudo da Sociedade Portuguesa de Pneumologia (SPP), com apoio da GSK, vai mapear a preval\u00eancia real da DPOC em Portugal com uma amostra de 9 mil participantes no territ\u00f3rio continental. O estudo inclui adultos a partir dos vinte anos para identificar o pico de fun\u00e7\u00e3o pulmonar e trajet\u00f3rias precoces, promovendo preven\u00e7\u00e3o e dete\u00e7\u00e3o precoce. A DPOC \u00e9 a quarta causa de morte a n\u00edvel mundial e a quinta em Portugal; mais de setenta por cento da popula\u00e7\u00e3o portuguesa n\u00e3o conhece a doen\u00e7a. A aus\u00eancia de dados epidemiol\u00f3gicos nacionais tem limitado a compreens\u00e3o da preval\u00eancia, gravidade e grupos de risco, dificultando o planeamento de pol\u00edticas de sa\u00fade e distribui\u00e7\u00e3o de recursos.","og_url":"https:\/\/portaltela.pt\/noticias\/2026\/01\/28\/dpoc-em-portugal-exige-nova-abordagem-no-diagnostico\/","og_site_name":"Portal Tela Portugal","article_published_time":"2026-01-28T09:02:00+00:00","author":"Telinha","twitter_card":"summary_large_image","twitter_misc":{"Escrito por":"Telinha","Tempo estimado de leitura":"2 minutos"},"schema":{"@context":"https:\/\/schema.org","@graph":[{"@type":"Article","@id":"https:\/\/portaltela.pt\/noticias\/2026\/01\/28\/dpoc-em-portugal-exige-nova-abordagem-no-diagnostico\/#article","isPartOf":{"@id":"https:\/\/portaltela.pt\/noticias\/2026\/01\/28\/dpoc-em-portugal-exige-nova-abordagem-no-diagnostico\/"},"author":{"name":"Telinha","@id":"https:\/\/portaltela.pt\/#\/schema\/person\/c4278d4a6028830caff9ee44b42d32ed"},"headline":"DPOC em Portugal exige nova abordagem no diagn\u00f3stico","datePublished":"2026-01-28T09:02:00+00:00","mainEntityOfPage":{"@id":"https:\/\/portaltela.pt\/noticias\/2026\/01\/28\/dpoc-em-portugal-exige-nova-abordagem-no-diagnostico\/"},"wordCount":405,"image":{"@id":"https:\/\/portaltela.pt\/noticias\/2026\/01\/28\/dpoc-em-portugal-exige-nova-abordagem-no-diagnostico\/#primaryimage"},"thumbnailUrl":"https:\/\/portaltela.pt\/s.01k8rhncp4jt1\/2026\/01\/image-1923.jpg","keywords":["doen\u00e7a respirat\u00f3ria","ind\u00fastria farmac\u00eautica","investiga\u00e7\u00e3o","Portugal","preven\u00e7\u00e3o","sa\u00fade p\u00fablica"],"articleSection":["Not\u00edcias"],"inLanguage":"pt-PT"},{"@type":"WebPage","@id":"https:\/\/portaltela.pt\/noticias\/2026\/01\/28\/dpoc-em-portugal-exige-nova-abordagem-no-diagnostico\/","url":"https:\/\/portaltela.pt\/noticias\/2026\/01\/28\/dpoc-em-portugal-exige-nova-abordagem-no-diagnostico\/","name":"DPOC em Portugal exige nova abordagem no diagn\u00f3stico - Portal Tela Portugal","isPartOf":{"@id":"https:\/\/portaltela.pt\/#website"},"primaryImageOfPage":{"@id":"https:\/\/portaltela.pt\/noticias\/2026\/01\/28\/dpoc-em-portugal-exige-nova-abordagem-no-diagnostico\/#primaryimage"},"image":{"@id":"https:\/\/portaltela.pt\/noticias\/2026\/01\/28\/dpoc-em-portugal-exige-nova-abordagem-no-diagnostico\/#primaryimage"},"thumbnailUrl":"https:\/\/portaltela.pt\/s.01k8rhncp4jt1\/2026\/01\/image-1923.jpg","datePublished":"2026-01-28T09:02:00+00:00","author":{"@id":"https:\/\/portaltela.pt\/#\/schema\/person\/c4278d4a6028830caff9ee44b42d32ed"},"breadcrumb":{"@id":"https:\/\/portaltela.pt\/noticias\/2026\/01\/28\/dpoc-em-portugal-exige-nova-abordagem-no-diagnostico\/#breadcrumb"},"inLanguage":"pt-PT","potentialAction":[{"@type":"ReadAction","target":["https:\/\/portaltela.pt\/noticias\/2026\/01\/28\/dpoc-em-portugal-exige-nova-abordagem-no-diagnostico\/"]}]},{"@type":"ImageObject","inLanguage":"pt-PT","@id":"https:\/\/portaltela.pt\/noticias\/2026\/01\/28\/dpoc-em-portugal-exige-nova-abordagem-no-diagnostico\/#primaryimage","url":"https:\/\/portaltela.pt\/s.01k8rhncp4jt1\/2026\/01\/image-1923.jpg","contentUrl":"https:\/\/portaltela.pt\/s.01k8rhncp4jt1\/2026\/01\/image-1923.jpg","width":796,"height":448,"caption":"Medicine doctor touching electronic medical record on tablet. DNA. Digital healthcare and network connection on hologram modern virtual screen interface, medical technology and futuristic concept."},{"@type":"BreadcrumbList","@id":"https:\/\/portaltela.pt\/noticias\/2026\/01\/28\/dpoc-em-portugal-exige-nova-abordagem-no-diagnostico\/#breadcrumb","itemListElement":[{"@type":"ListItem","position":1,"name":"In\u00edcio","item":"https:\/\/portaltela.pt\/"},{"@type":"ListItem","position":2,"name":"DPOC em Portugal exige nova abordagem no diagn\u00f3stico"}]},{"@type":"WebSite","@id":"https:\/\/portaltela.pt\/#website","url":"https:\/\/portaltela.pt\/","name":"Portal Tela Portugal","description":"","potentialAction":[{"@type":"SearchAction","target":{"@type":"EntryPoint","urlTemplate":"https:\/\/portaltela.pt\/?s={search_term_string}"},"query-input":{"@type":"PropertyValueSpecification","valueRequired":true,"valueName":"search_term_string"}}],"inLanguage":"pt-PT"},{"@type":"Person","@id":"https:\/\/portaltela.pt\/#\/schema\/person\/c4278d4a6028830caff9ee44b42d32ed","name":"Telinha","image":{"@type":"ImageObject","inLanguage":"pt-PT","@id":"https:\/\/portaltela.pt\/s.01k8rhncp4jt1\/2025\/11\/talking-bot-125x125.png","url":"https:\/\/portaltela.pt\/s.01k8rhncp4jt1\/2025\/11\/talking-bot-125x125.png","contentUrl":"https:\/\/portaltela.pt\/s.01k8rhncp4jt1\/2025\/11\/talking-bot-125x125.png","caption":"Telinha"},"sameAs":["https:\/\/portaltela.pt\/"],"url":"https:\/\/portaltela.pt\/por\/367410592786\/"}]}},"_links":{"self":[{"href":"https:\/\/portaltela.pt\/api\/wp\/v2\/posts\/178340","targetHints":{"allow":["GET"]}}],"collection":[{"href":"https:\/\/portaltela.pt\/api\/wp\/v2\/posts"}],"about":[{"href":"https:\/\/portaltela.pt\/api\/wp\/v2\/types\/post"}],"author":[{"embeddable":true,"href":"https:\/\/portaltela.pt\/api\/wp\/v2\/users\/2"}],"replies":[{"embeddable":true,"href":"https:\/\/portaltela.pt\/api\/wp\/v2\/comments?post=178340"}],"version-history":[{"count":0,"href":"https:\/\/portaltela.pt\/api\/wp\/v2\/posts\/178340\/revisions"}],"wp:featuredmedia":[{"embeddable":true,"href":"https:\/\/portaltela.pt\/api\/wp\/v2\/media\/178344"}],"wp:attachment":[{"href":"https:\/\/portaltela.pt\/api\/wp\/v2\/media?parent=178340"}],"wp:term":[{"taxonomy":"category","embeddable":true,"href":"https:\/\/portaltela.pt\/api\/wp\/v2\/categories?post=178340"},{"taxonomy":"post_tag","embeddable":true,"href":"https:\/\/portaltela.pt\/api\/wp\/v2\/tags?post=178340"}],"curies":[{"name":"wp","href":"https:\/\/api.w.org\/{rel}","templated":true}]}}