{"id":178247,"date":"2026-01-28T05:00:00","date_gmt":"2026-01-28T08:00:00","guid":{"rendered":"https:\/\/portaltela.pt\/noticias\/2026\/01\/28\/ourique-camara-municipal-implementa-orcamento-participativo\/"},"modified":"2026-01-28T05:00:00","modified_gmt":"2026-01-28T08:00:00","slug":"ourique-camara-municipal-implementa-orcamento-participativo","status":"publish","type":"post","link":"https:\/\/portaltela.pt\/noticias\/2026\/01\/28\/ourique-camara-municipal-implementa-orcamento-participativo\/","title":{"rendered":"Ourique: C\u00e2mara Municipal implementa or\u00e7amento participativo"},"content":{"rendered":"<p>A C\u00e2mara Municipal de Ourique, no distrito de Beja, avan\u00e7ar\u00e1 com a implementa\u00e7\u00e3o do Or\u00e7amento Participativo (OP). O objetivo \u00e9 permitir que os mun\u00edcipes apresentem propostas e participem na decis\u00e3o sobre a aplica\u00e7\u00e3o de uma parte do or\u00e7amento municipal.<\/p>\n<p>Em comunicado, o munic\u00edpio indica que est\u00e1 a decorrer o processo de cria\u00e7\u00e3o do regulamento do OP. Este regulamento ir\u00e1 definir as regras para enquadrar a participa\u00e7\u00e3o da popula\u00e7\u00e3o neste mecanismo.<\/p>\n<p>A discuss\u00e3o p\u00fablica do documento est\u00e1 prevista at\u00e9 quarta-feira, num per\u00edodo de 30 dias \u00fateis. Segue-se a aprecia\u00e7\u00e3o dos contributos recolhidos e a proposta de regulamento ser\u00e1 submetida a aprova\u00e7\u00e3o na C\u00e2mara Municipal e, depois, na Assembleia Municipal. A publica\u00e7\u00e3o ocorrer\u00e1 no Di\u00e1rio da Rep\u00fablica e no site do munic\u00edpio.<\/p>\n<h3>Processo de regulamenta\u00e7\u00e3o<\/h3>\n<p>A proposta de regulamento, ap\u00f3s aprova\u00e7\u00e3o, ser\u00e1 publicada e comunicada ao p\u00fablico. O objetivo \u00e9 tornar o OP operativo, com regras claras e participa\u00e7\u00e3o cont\u00ednua. O munic\u00edpio avan\u00e7a sem indicar datas adicionais para a implementa\u00e7\u00e3o do OP.<\/p>\n","protected":false},"excerpt":{"rendered":"<ul>\n<li>A C\u00e2mara de Ourique vai avan\u00e7ar com o Or\u00e7amento Participativo, permitindo que os mun\u00edcipes apresentem propostas e participem na decis\u00e3o sobre parte do or\u00e7amento municipal.<\/li>\n<li>No momento decorre a cria\u00e7\u00e3o do regulamento do OP, que define as regras de participa\u00e7\u00e3o.<\/li>\n<li>At\u00e9 quarta-feira haver\u00e1 discuss\u00e3o p\u00fablica do documento, durante 30 dias \u00fateis.<\/li>\n<li>Ap\u00f3s recolha de contributos, a proposta de regulamento ser\u00e1 submetida \u00e0 aprova\u00e7\u00e3o da c\u00e2mara e, posteriormente, da assembleia municipal.<\/li>\n<li>Seguir-se-\u00e1 a publica\u00e7\u00e3o em Di\u00e1rio da Rep\u00fablica, bem como a publicita\u00e7\u00e3o no s\u00edtio institucional do munic\u00edpio e por edital.<\/li>\n<\/ul>\n","protected":false},"author":2,"featured_media":178252,"comment_status":"closed","ping_status":"closed","sticky":false,"template":"","format":"standard","meta":{"footnotes":""},"categories":[1],"tags":[943,703,4477,1769,2014,1249],"class_list":["post-178247","post","type-post","status-publish","format-standard","has-post-thumbnail","hentry","category-noticias","tag-beja","tag-camara","tag-orcamento-participativo","tag-orcamento-territorio","tag-ourique","tag-participacao"],"yoast_head":"<!-- This site is optimized with the Yoast SEO plugin v27.2 - https:\/\/yoast.com\/product\/yoast-seo-wordpress\/ -->\n<title>Ourique: C\u00e2mara Municipal implementa or\u00e7amento participativo - Portal Tela Portugal<\/title>\n<meta name=\"robots\" content=\"index, follow, max-snippet:-1, max-image-preview:large, max-video-preview:-1\" \/>\n<meta property=\"og:locale\" content=\"pt_PT\" \/>\n<meta property=\"og:type\" content=\"article\" \/>\n<meta property=\"og:title\" content=\"Ourique: C\u00e2mara Municipal implementa or\u00e7amento participativo - Portal Tela Portugal\" \/>\n<meta property=\"og:description\" content=\"A C\u00e2mara de Ourique vai avan\u00e7ar com o Or\u00e7amento Participativo, permitindo que os mun\u00edcipes apresentem propostas e participem na decis\u00e3o sobre parte do or\u00e7amento municipal. No momento decorre a cria\u00e7\u00e3o do regulamento do OP, que define as regras de participa\u00e7\u00e3o. At\u00e9 quarta-feira haver\u00e1 discuss\u00e3o p\u00fablica do documento, durante 30 dias \u00fateis. Ap\u00f3s recolha de contributos, a proposta de regulamento ser\u00e1 submetida \u00e0 aprova\u00e7\u00e3o da c\u00e2mara e, posteriormente, da assembleia municipal. Seguir-se-\u00e1 a publica\u00e7\u00e3o em Di\u00e1rio da Rep\u00fablica, bem como a publicita\u00e7\u00e3o no s\u00edtio institucional do munic\u00edpio e por edital.\" \/>\n<meta property=\"og:url\" content=\"https:\/\/portaltela.pt\/noticias\/2026\/01\/28\/ourique-camara-municipal-implementa-orcamento-participativo\/\" \/>\n<meta property=\"og:site_name\" content=\"Portal Tela Portugal\" \/>\n<meta property=\"article:published_time\" content=\"2026-01-28T08:00:00+00:00\" \/>\n<meta name=\"author\" content=\"Telinha\" \/>\n<meta name=\"twitter:card\" content=\"summary_large_image\" \/>\n<meta name=\"twitter:label1\" content=\"Escrito por\" \/>\n\t<meta name=\"twitter:data1\" content=\"Telinha\" \/>\n\t<meta name=\"twitter:label2\" content=\"Tempo estimado de leitura\" \/>\n\t<meta name=\"twitter:data2\" content=\"1 minuto\" \/>\n<script type=\"application\/ld+json\" class=\"yoast-schema-graph\">{\"@context\":\"https:\/\/schema.org\",\"@graph\":[{\"@type\":\"Article\",\"@id\":\"https:\/\/portaltela.pt\/noticias\/2026\/01\/28\/ourique-camara-municipal-implementa-orcamento-participativo\/#article\",\"isPartOf\":{\"@id\":\"https:\/\/portaltela.pt\/noticias\/2026\/01\/28\/ourique-camara-municipal-implementa-orcamento-participativo\/\"},\"author\":{\"name\":\"Telinha\",\"@id\":\"https:\/\/portaltela.pt\/#\/schema\/person\/c4278d4a6028830caff9ee44b42d32ed\"},\"headline\":\"Ourique: C\u00e2mara Municipal implementa or\u00e7amento participativo\",\"datePublished\":\"2026-01-28T08:00:00+00:00\",\"mainEntityOfPage\":{\"@id\":\"https:\/\/portaltela.pt\/noticias\/2026\/01\/28\/ourique-camara-municipal-implementa-orcamento-participativo\/\"},\"wordCount\":196,\"image\":{\"@id\":\"https:\/\/portaltela.pt\/noticias\/2026\/01\/28\/ourique-camara-municipal-implementa-orcamento-participativo\/#primaryimage\"},\"thumbnailUrl\":\"https:\/\/portaltela.pt\/s.01k8rhncp4jt1\/2026\/01\/camara_ourique.jpg\",\"keywords\":[\"Beja\",\"c\u00e2mara\",\"Or\u00e7amento Participativo\",\"Or\u00e7amento\/Territ\u00f3rio\",\"Ourique\",\"participa\u00e7\u00e3o\"],\"articleSection\":[\"Not\u00edcias\"],\"inLanguage\":\"pt-PT\"},{\"@type\":\"WebPage\",\"@id\":\"https:\/\/portaltela.pt\/noticias\/2026\/01\/28\/ourique-camara-municipal-implementa-orcamento-participativo\/\",\"url\":\"https:\/\/portaltela.pt\/noticias\/2026\/01\/28\/ourique-camara-municipal-implementa-orcamento-participativo\/\",\"name\":\"Ourique: C\u00e2mara Municipal implementa or\u00e7amento participativo - Portal Tela Portugal\",\"isPartOf\":{\"@id\":\"https:\/\/portaltela.pt\/#website\"},\"primaryImageOfPage\":{\"@id\":\"https:\/\/portaltela.pt\/noticias\/2026\/01\/28\/ourique-camara-municipal-implementa-orcamento-participativo\/#primaryimage\"},\"image\":{\"@id\":\"https:\/\/portaltela.pt\/noticias\/2026\/01\/28\/ourique-camara-municipal-implementa-orcamento-participativo\/#primaryimage\"},\"thumbnailUrl\":\"https:\/\/portaltela.pt\/s.01k8rhncp4jt1\/2026\/01\/camara_ourique.jpg\",\"datePublished\":\"2026-01-28T08:00:00+00:00\",\"author\":{\"@id\":\"https:\/\/portaltela.pt\/#\/schema\/person\/c4278d4a6028830caff9ee44b42d32ed\"},\"breadcrumb\":{\"@id\":\"https:\/\/portaltela.pt\/noticias\/2026\/01\/28\/ourique-camara-municipal-implementa-orcamento-participativo\/#breadcrumb\"},\"inLanguage\":\"pt-PT\",\"potentialAction\":[{\"@type\":\"ReadAction\",\"target\":[\"https:\/\/portaltela.pt\/noticias\/2026\/01\/28\/ourique-camara-municipal-implementa-orcamento-participativo\/\"]}]},{\"@type\":\"ImageObject\",\"inLanguage\":\"pt-PT\",\"@id\":\"https:\/\/portaltela.pt\/noticias\/2026\/01\/28\/ourique-camara-municipal-implementa-orcamento-participativo\/#primaryimage\",\"url\":\"https:\/\/portaltela.pt\/s.01k8rhncp4jt1\/2026\/01\/camara_ourique.jpg\",\"contentUrl\":\"https:\/\/portaltela.pt\/s.01k8rhncp4jt1\/2026\/01\/camara_ourique.jpg\",\"width\":796,\"height\":448,\"caption\":\"Autarquia de Ourique cede funcion\u00e1rio para suprir car\u00eancia no servi\u00e7o local da AT\"},{\"@type\":\"BreadcrumbList\",\"@id\":\"https:\/\/portaltela.pt\/noticias\/2026\/01\/28\/ourique-camara-municipal-implementa-orcamento-participativo\/#breadcrumb\",\"itemListElement\":[{\"@type\":\"ListItem\",\"position\":1,\"name\":\"In\u00edcio\",\"item\":\"https:\/\/portaltela.pt\/\"},{\"@type\":\"ListItem\",\"position\":2,\"name\":\"Ourique: C\u00e2mara Municipal implementa or\u00e7amento participativo\"}]},{\"@type\":\"WebSite\",\"@id\":\"https:\/\/portaltela.pt\/#website\",\"url\":\"https:\/\/portaltela.pt\/\",\"name\":\"Portal Tela Portugal\",\"description\":\"\",\"potentialAction\":[{\"@type\":\"SearchAction\",\"target\":{\"@type\":\"EntryPoint\",\"urlTemplate\":\"https:\/\/portaltela.pt\/?s={search_term_string}\"},\"query-input\":{\"@type\":\"PropertyValueSpecification\",\"valueRequired\":true,\"valueName\":\"search_term_string\"}}],\"inLanguage\":\"pt-PT\"},{\"@type\":\"Person\",\"@id\":\"https:\/\/portaltela.pt\/#\/schema\/person\/c4278d4a6028830caff9ee44b42d32ed\",\"name\":\"Telinha\",\"image\":{\"@type\":\"ImageObject\",\"inLanguage\":\"pt-PT\",\"@id\":\"https:\/\/portaltela.pt\/s.01k8rhncp4jt1\/2025\/11\/talking-bot-125x125.png\",\"url\":\"https:\/\/portaltela.pt\/s.01k8rhncp4jt1\/2025\/11\/talking-bot-125x125.png\",\"contentUrl\":\"https:\/\/portaltela.pt\/s.01k8rhncp4jt1\/2025\/11\/talking-bot-125x125.png\",\"caption\":\"Telinha\"},\"sameAs\":[\"https:\/\/portaltela.pt\/\"],\"url\":\"https:\/\/portaltela.pt\/por\/367410592786\/\"}]}<\/script>\n<!-- \/ Yoast SEO plugin. -->","yoast_head_json":{"title":"Ourique: C\u00e2mara Municipal implementa or\u00e7amento participativo - Portal Tela Portugal","robots":{"index":"index","follow":"follow","max-snippet":"max-snippet:-1","max-image-preview":"max-image-preview:large","max-video-preview":"max-video-preview:-1"},"og_locale":"pt_PT","og_type":"article","og_title":"Ourique: C\u00e2mara Municipal implementa or\u00e7amento participativo - Portal Tela Portugal","og_description":"A C\u00e2mara de Ourique vai avan\u00e7ar com o Or\u00e7amento Participativo, permitindo que os mun\u00edcipes apresentem propostas e participem na decis\u00e3o sobre parte do or\u00e7amento municipal. No momento decorre a cria\u00e7\u00e3o do regulamento do OP, que define as regras de participa\u00e7\u00e3o. At\u00e9 quarta-feira haver\u00e1 discuss\u00e3o p\u00fablica do documento, durante 30 dias \u00fateis. Ap\u00f3s recolha de contributos, a proposta de regulamento ser\u00e1 submetida \u00e0 aprova\u00e7\u00e3o da c\u00e2mara e, posteriormente, da assembleia municipal. Seguir-se-\u00e1 a publica\u00e7\u00e3o em Di\u00e1rio da Rep\u00fablica, bem como a publicita\u00e7\u00e3o no s\u00edtio institucional do munic\u00edpio e por edital.","og_url":"https:\/\/portaltela.pt\/noticias\/2026\/01\/28\/ourique-camara-municipal-implementa-orcamento-participativo\/","og_site_name":"Portal Tela Portugal","article_published_time":"2026-01-28T08:00:00+00:00","author":"Telinha","twitter_card":"summary_large_image","twitter_misc":{"Escrito por":"Telinha","Tempo estimado de leitura":"1 minuto"},"schema":{"@context":"https:\/\/schema.org","@graph":[{"@type":"Article","@id":"https:\/\/portaltela.pt\/noticias\/2026\/01\/28\/ourique-camara-municipal-implementa-orcamento-participativo\/#article","isPartOf":{"@id":"https:\/\/portaltela.pt\/noticias\/2026\/01\/28\/ourique-camara-municipal-implementa-orcamento-participativo\/"},"author":{"name":"Telinha","@id":"https:\/\/portaltela.pt\/#\/schema\/person\/c4278d4a6028830caff9ee44b42d32ed"},"headline":"Ourique: C\u00e2mara Municipal implementa or\u00e7amento participativo","datePublished":"2026-01-28T08:00:00+00:00","mainEntityOfPage":{"@id":"https:\/\/portaltela.pt\/noticias\/2026\/01\/28\/ourique-camara-municipal-implementa-orcamento-participativo\/"},"wordCount":196,"image":{"@id":"https:\/\/portaltela.pt\/noticias\/2026\/01\/28\/ourique-camara-municipal-implementa-orcamento-participativo\/#primaryimage"},"thumbnailUrl":"https:\/\/portaltela.pt\/s.01k8rhncp4jt1\/2026\/01\/camara_ourique.jpg","keywords":["Beja","c\u00e2mara","Or\u00e7amento Participativo","Or\u00e7amento\/Territ\u00f3rio","Ourique","participa\u00e7\u00e3o"],"articleSection":["Not\u00edcias"],"inLanguage":"pt-PT"},{"@type":"WebPage","@id":"https:\/\/portaltela.pt\/noticias\/2026\/01\/28\/ourique-camara-municipal-implementa-orcamento-participativo\/","url":"https:\/\/portaltela.pt\/noticias\/2026\/01\/28\/ourique-camara-municipal-implementa-orcamento-participativo\/","name":"Ourique: C\u00e2mara Municipal implementa or\u00e7amento participativo - Portal Tela Portugal","isPartOf":{"@id":"https:\/\/portaltela.pt\/#website"},"primaryImageOfPage":{"@id":"https:\/\/portaltela.pt\/noticias\/2026\/01\/28\/ourique-camara-municipal-implementa-orcamento-participativo\/#primaryimage"},"image":{"@id":"https:\/\/portaltela.pt\/noticias\/2026\/01\/28\/ourique-camara-municipal-implementa-orcamento-participativo\/#primaryimage"},"thumbnailUrl":"https:\/\/portaltela.pt\/s.01k8rhncp4jt1\/2026\/01\/camara_ourique.jpg","datePublished":"2026-01-28T08:00:00+00:00","author":{"@id":"https:\/\/portaltela.pt\/#\/schema\/person\/c4278d4a6028830caff9ee44b42d32ed"},"breadcrumb":{"@id":"https:\/\/portaltela.pt\/noticias\/2026\/01\/28\/ourique-camara-municipal-implementa-orcamento-participativo\/#breadcrumb"},"inLanguage":"pt-PT","potentialAction":[{"@type":"ReadAction","target":["https:\/\/portaltela.pt\/noticias\/2026\/01\/28\/ourique-camara-municipal-implementa-orcamento-participativo\/"]}]},{"@type":"ImageObject","inLanguage":"pt-PT","@id":"https:\/\/portaltela.pt\/noticias\/2026\/01\/28\/ourique-camara-municipal-implementa-orcamento-participativo\/#primaryimage","url":"https:\/\/portaltela.pt\/s.01k8rhncp4jt1\/2026\/01\/camara_ourique.jpg","contentUrl":"https:\/\/portaltela.pt\/s.01k8rhncp4jt1\/2026\/01\/camara_ourique.jpg","width":796,"height":448,"caption":"Autarquia de Ourique cede funcion\u00e1rio para suprir car\u00eancia no servi\u00e7o local da AT"},{"@type":"BreadcrumbList","@id":"https:\/\/portaltela.pt\/noticias\/2026\/01\/28\/ourique-camara-municipal-implementa-orcamento-participativo\/#breadcrumb","itemListElement":[{"@type":"ListItem","position":1,"name":"In\u00edcio","item":"https:\/\/portaltela.pt\/"},{"@type":"ListItem","position":2,"name":"Ourique: C\u00e2mara Municipal implementa or\u00e7amento participativo"}]},{"@type":"WebSite","@id":"https:\/\/portaltela.pt\/#website","url":"https:\/\/portaltela.pt\/","name":"Portal Tela Portugal","description":"","potentialAction":[{"@type":"SearchAction","target":{"@type":"EntryPoint","urlTemplate":"https:\/\/portaltela.pt\/?s={search_term_string}"},"query-input":{"@type":"PropertyValueSpecification","valueRequired":true,"valueName":"search_term_string"}}],"inLanguage":"pt-PT"},{"@type":"Person","@id":"https:\/\/portaltela.pt\/#\/schema\/person\/c4278d4a6028830caff9ee44b42d32ed","name":"Telinha","image":{"@type":"ImageObject","inLanguage":"pt-PT","@id":"https:\/\/portaltela.pt\/s.01k8rhncp4jt1\/2025\/11\/talking-bot-125x125.png","url":"https:\/\/portaltela.pt\/s.01k8rhncp4jt1\/2025\/11\/talking-bot-125x125.png","contentUrl":"https:\/\/portaltela.pt\/s.01k8rhncp4jt1\/2025\/11\/talking-bot-125x125.png","caption":"Telinha"},"sameAs":["https:\/\/portaltela.pt\/"],"url":"https:\/\/portaltela.pt\/por\/367410592786\/"}]}},"_links":{"self":[{"href":"https:\/\/portaltela.pt\/api\/wp\/v2\/posts\/178247","targetHints":{"allow":["GET"]}}],"collection":[{"href":"https:\/\/portaltela.pt\/api\/wp\/v2\/posts"}],"about":[{"href":"https:\/\/portaltela.pt\/api\/wp\/v2\/types\/post"}],"author":[{"embeddable":true,"href":"https:\/\/portaltela.pt\/api\/wp\/v2\/users\/2"}],"replies":[{"embeddable":true,"href":"https:\/\/portaltela.pt\/api\/wp\/v2\/comments?post=178247"}],"version-history":[{"count":0,"href":"https:\/\/portaltela.pt\/api\/wp\/v2\/posts\/178247\/revisions"}],"wp:featuredmedia":[{"embeddable":true,"href":"https:\/\/portaltela.pt\/api\/wp\/v2\/media\/178252"}],"wp:attachment":[{"href":"https:\/\/portaltela.pt\/api\/wp\/v2\/media?parent=178247"}],"wp:term":[{"taxonomy":"category","embeddable":true,"href":"https:\/\/portaltela.pt\/api\/wp\/v2\/categories?post=178247"},{"taxonomy":"post_tag","embeddable":true,"href":"https:\/\/portaltela.pt\/api\/wp\/v2\/tags?post=178247"}],"curies":[{"name":"wp","href":"https:\/\/api.w.org\/{rel}","templated":true}]}}