{"id":178216,"date":"2026-01-28T04:46:31","date_gmt":"2026-01-28T07:46:31","guid":{"rendered":"https:\/\/portaltela.pt\/noticias\/2026\/01\/28\/parlamento-europeu-ouve-portugal-na-candidatura-a-autoridade-aduaneira-da-ue\/"},"modified":"2026-01-28T04:46:31","modified_gmt":"2026-01-28T07:46:31","slug":"parlamento-europeu-ouve-portugal-na-candidatura-a-autoridade-aduaneira-da-ue","status":"publish","type":"post","link":"https:\/\/portaltela.pt\/noticias\/internacional\/2026\/01\/28\/parlamento-europeu-ouve-portugal-na-candidatura-a-autoridade-aduaneira-da-ue\/","title":{"rendered":"Parlamento Europeu ouve Portugal na candidatura \u00e0 Autoridade Aduaneira da UE"},"content":{"rendered":"<p>Parlamento Europeu ouve hoje Portugal na candidatura \u00e0 Autoridade Aduaneira da UE. Oi\u00e7a-se os ministros Paulo Rangel e Joaquim Miranda Sarmento numa sess\u00e3o de perguntas e respostas com a comiss\u00e3o do Mercado Interno e Prote\u00e7\u00e3o dos Consumidores. O objetivo \u00e9 analisar a candidatura para acolher a sede da Autoridade Aduaneira Europeia.<\/p>\n<p>A sess\u00e3o decorre na sede da Assembleia Europeia, em Bruxelas. Est\u00e3o presentes ministros dos Neg\u00f3cios Estrangeiros e das Finan\u00e7as, al\u00e9m de eurodeputados. A reuni\u00e3o come\u00e7a por volta das 10:45 locais, menos uma hora em Lisboa.<\/p>\n<p>A Comiss\u00e3o Europeia dever\u00e1 emitir um parecer, com decis\u00e3o dos colegisladores prevista para fevereiro. A Autoridade Aduaneira da UE visa coordenar a gest\u00e3o dos riscos entre as administra\u00e7\u00f5es aduaneiras dos Estados-membros e refor\u00e7ar o controlo das fronteiras.<\/p>\n<h3>Participantes e concorrentes<\/h3>\n<p>Al\u00e9m de Portugal, concorrem B\u00e9lgica, Espanha, Fran\u00e7a, Cro\u00e1cia, It\u00e1lia, Pa\u00edses Baixos, Pol\u00f3nia e Rom\u00e9nia. Representantes desses pa\u00edses participam na reuni\u00e3o parlamentar para defender as respetivas candidaturas.<\/p>\n<p>A escolha final dever\u00e1 ocorrer quando a UE estabelecer a Autoridade Aduaneira, prevista para 2026. A Comiss\u00e3o Europeia avalia localiza\u00e7\u00e3o, capacidade de recrutamento, forma\u00e7\u00e3o e acessibilidade para a nova ag\u00eancia.<\/p>\n<h3>Contexto e pr\u00f3ximos passos<\/h3>\n<p>A candidatura portuguesa foi formalizada junto da Comiss\u00e3o Europeia semanas antes do evento. Em Bruxelas, j\u00e1 houve apresenta\u00e7\u00e3o oficial em dezembro, dirigida a membros das institui\u00e7\u00f5es da UE. Portugal j\u00e1 alberga duas ag\u00eancias descentralizadas em Lisboa.<\/p>\n","protected":false},"excerpt":{"rendered":"<ul>\n<li>O Parlamento Europeu ouve hoje Portugal na candidatura \u00e0 sede da Autoridade Aduaneira da Uni\u00e3o Europeia, com uma sess\u00e3o de perguntas e respostas.<\/li>\n<li>Paulo Rangel, ministro dos Neg\u00f3cios Estrangeiros, e Joaquim Miranda Sarmento, ministro das Finan\u00e7as, participam nesta comiss\u00e3o parlamentar da casa da UE em Bruxelas.<\/li>\n<li>A sess\u00e3o est\u00e1 marcada para as 10:45 locais, e acontece ap\u00f3s a apresenta\u00e7\u00e3o oficial da candidatura em Bruxelas, em dezembro passado.<\/li>\n<li>A Comiss\u00e3o Europeia vai emitir um parecer, e a decis\u00e3o final caber\u00e1 aos pa\u00edses e aos eurodeputados, possivelmente em fevereiro, para estabelecer a sede em 2026.<\/li>\n<li>Al\u00e9m de Portugal, concorrem oito pa\u00edses, incluindo B\u00e9lgica, Espanha, Fran\u00e7a, Cro\u00e1cia, It\u00e1lia, Pa\u00edses Baixos, Pol\u00f3nia e Rom\u00e9nia; Portugal j\u00e1 acolhe duas ag\u00eancias descentralizadas em Lisboa.<\/li>\n<\/ul>\n","protected":false},"author":2,"featured_media":178221,"comment_status":"closed","ping_status":"closed","sticky":false,"template":"","format":"standard","meta":{"footnotes":""},"categories":[4,1],"tags":[3055,3161,1638,2487,1014,2055],"class_list":["post-178216","post","type-post","status-publish","format-standard","has-post-thumbnail","hentry","category-internacional","category-noticias","tag-autoridade-aduaneira","tag-bruxelas","tag-comissao-europeia","tag-europa","tag-portugal","tag-uniao-europeia"],"yoast_head":"<!-- This site is optimized with the Yoast SEO plugin v27.2 - https:\/\/yoast.com\/product\/yoast-seo-wordpress\/ -->\n<title>Parlamento Europeu ouve Portugal na candidatura \u00e0 Autoridade Aduaneira da UE - Portal Tela Portugal<\/title>\n<meta name=\"robots\" content=\"index, follow, max-snippet:-1, max-image-preview:large, max-video-preview:-1\" \/>\n<meta property=\"og:locale\" content=\"pt_PT\" \/>\n<meta property=\"og:type\" content=\"article\" \/>\n<meta property=\"og:title\" content=\"Parlamento Europeu ouve Portugal na candidatura \u00e0 Autoridade Aduaneira da UE - Portal Tela Portugal\" \/>\n<meta property=\"og:description\" content=\"O Parlamento Europeu ouve hoje Portugal na candidatura \u00e0 sede da Autoridade Aduaneira da Uni\u00e3o Europeia, com uma sess\u00e3o de perguntas e respostas. Paulo Rangel, ministro dos Neg\u00f3cios Estrangeiros, e Joaquim Miranda Sarmento, ministro das Finan\u00e7as, participam nesta comiss\u00e3o parlamentar da casa da UE em Bruxelas. A sess\u00e3o est\u00e1 marcada para as 10:45 locais, e acontece ap\u00f3s a apresenta\u00e7\u00e3o oficial da candidatura em Bruxelas, em dezembro passado. A Comiss\u00e3o Europeia vai emitir um parecer, e a decis\u00e3o final caber\u00e1 aos pa\u00edses e aos eurodeputados, possivelmente em fevereiro, para estabelecer a sede em 2026. Al\u00e9m de Portugal, concorrem oito pa\u00edses, incluindo B\u00e9lgica, Espanha, Fran\u00e7a, Cro\u00e1cia, It\u00e1lia, Pa\u00edses Baixos, Pol\u00f3nia e Rom\u00e9nia; Portugal j\u00e1 acolhe duas ag\u00eancias descentralizadas em Lisboa.\" \/>\n<meta property=\"og:url\" content=\"https:\/\/portaltela.pt\/noticias\/2026\/01\/28\/parlamento-europeu-ouve-portugal-na-candidatura-a-autoridade-aduaneira-da-ue\/\" \/>\n<meta property=\"og:site_name\" content=\"Portal Tela Portugal\" \/>\n<meta property=\"article:published_time\" content=\"2026-01-28T07:46:31+00:00\" \/>\n<meta name=\"author\" content=\"Telinha\" \/>\n<meta name=\"twitter:card\" content=\"summary_large_image\" \/>\n<meta name=\"twitter:label1\" content=\"Escrito por\" \/>\n\t<meta name=\"twitter:data1\" content=\"Telinha\" \/>\n\t<meta name=\"twitter:label2\" content=\"Tempo estimado de leitura\" \/>\n\t<meta name=\"twitter:data2\" content=\"1 minuto\" \/>\n<script type=\"application\/ld+json\" class=\"yoast-schema-graph\">{\"@context\":\"https:\/\/schema.org\",\"@graph\":[{\"@type\":\"Article\",\"@id\":\"https:\/\/portaltela.pt\/noticias\/2026\/01\/28\/parlamento-europeu-ouve-portugal-na-candidatura-a-autoridade-aduaneira-da-ue\/#article\",\"isPartOf\":{\"@id\":\"https:\/\/portaltela.pt\/noticias\/2026\/01\/28\/parlamento-europeu-ouve-portugal-na-candidatura-a-autoridade-aduaneira-da-ue\/\"},\"author\":{\"name\":\"Telinha\",\"@id\":\"https:\/\/portaltela.pt\/#\/schema\/person\/c4278d4a6028830caff9ee44b42d32ed\"},\"headline\":\"Parlamento Europeu ouve Portugal na candidatura \u00e0 Autoridade Aduaneira da UE\",\"datePublished\":\"2026-01-28T07:46:31+00:00\",\"mainEntityOfPage\":{\"@id\":\"https:\/\/portaltela.pt\/noticias\/2026\/01\/28\/parlamento-europeu-ouve-portugal-na-candidatura-a-autoridade-aduaneira-da-ue\/\"},\"wordCount\":263,\"image\":{\"@id\":\"https:\/\/portaltela.pt\/noticias\/2026\/01\/28\/parlamento-europeu-ouve-portugal-na-candidatura-a-autoridade-aduaneira-da-ue\/#primaryimage\"},\"thumbnailUrl\":\"https:\/\/portaltela.pt\/s.01k8rhncp4jt1\/2026\/01\/img_1500x1000uu2024-05-21-22-15-28-1661547-2.jpg\",\"keywords\":[\"Autoridade Aduaneira\",\"Bruxelas\",\"Comiss\u00e3o Europeia\",\"Europa\",\"Portugal\",\"Uni\u00e3o Europeia\"],\"articleSection\":[\"Internacional\",\"Not\u00edcias\"],\"inLanguage\":\"pt-PT\"},{\"@type\":\"WebPage\",\"@id\":\"https:\/\/portaltela.pt\/noticias\/2026\/01\/28\/parlamento-europeu-ouve-portugal-na-candidatura-a-autoridade-aduaneira-da-ue\/\",\"url\":\"https:\/\/portaltela.pt\/noticias\/2026\/01\/28\/parlamento-europeu-ouve-portugal-na-candidatura-a-autoridade-aduaneira-da-ue\/\",\"name\":\"Parlamento Europeu ouve Portugal na candidatura \u00e0 Autoridade Aduaneira da UE - Portal Tela Portugal\",\"isPartOf\":{\"@id\":\"https:\/\/portaltela.pt\/#website\"},\"primaryImageOfPage\":{\"@id\":\"https:\/\/portaltela.pt\/noticias\/2026\/01\/28\/parlamento-europeu-ouve-portugal-na-candidatura-a-autoridade-aduaneira-da-ue\/#primaryimage\"},\"image\":{\"@id\":\"https:\/\/portaltela.pt\/noticias\/2026\/01\/28\/parlamento-europeu-ouve-portugal-na-candidatura-a-autoridade-aduaneira-da-ue\/#primaryimage\"},\"thumbnailUrl\":\"https:\/\/portaltela.pt\/s.01k8rhncp4jt1\/2026\/01\/img_1500x1000uu2024-05-21-22-15-28-1661547-2.jpg\",\"datePublished\":\"2026-01-28T07:46:31+00:00\",\"author\":{\"@id\":\"https:\/\/portaltela.pt\/#\/schema\/person\/c4278d4a6028830caff9ee44b42d32ed\"},\"breadcrumb\":{\"@id\":\"https:\/\/portaltela.pt\/noticias\/2026\/01\/28\/parlamento-europeu-ouve-portugal-na-candidatura-a-autoridade-aduaneira-da-ue\/#breadcrumb\"},\"inLanguage\":\"pt-PT\",\"potentialAction\":[{\"@type\":\"ReadAction\",\"target\":[\"https:\/\/portaltela.pt\/noticias\/2026\/01\/28\/parlamento-europeu-ouve-portugal-na-candidatura-a-autoridade-aduaneira-da-ue\/\"]}]},{\"@type\":\"ImageObject\",\"inLanguage\":\"pt-PT\",\"@id\":\"https:\/\/portaltela.pt\/noticias\/2026\/01\/28\/parlamento-europeu-ouve-portugal-na-candidatura-a-autoridade-aduaneira-da-ue\/#primaryimage\",\"url\":\"https:\/\/portaltela.pt\/s.01k8rhncp4jt1\/2026\/01\/img_1500x1000uu2024-05-21-22-15-28-1661547-2.jpg\",\"contentUrl\":\"https:\/\/portaltela.pt\/s.01k8rhncp4jt1\/2026\/01\/img_1500x1000uu2024-05-21-22-15-28-1661547-2.jpg\",\"width\":796,\"height\":448,\"caption\":\"Parlamento Europeu\"},{\"@type\":\"BreadcrumbList\",\"@id\":\"https:\/\/portaltela.pt\/noticias\/2026\/01\/28\/parlamento-europeu-ouve-portugal-na-candidatura-a-autoridade-aduaneira-da-ue\/#breadcrumb\",\"itemListElement\":[{\"@type\":\"ListItem\",\"position\":1,\"name\":\"In\u00edcio\",\"item\":\"https:\/\/portaltela.pt\/\"},{\"@type\":\"ListItem\",\"position\":2,\"name\":\"Parlamento Europeu ouve Portugal na candidatura \u00e0 Autoridade Aduaneira da UE\"}]},{\"@type\":\"WebSite\",\"@id\":\"https:\/\/portaltela.pt\/#website\",\"url\":\"https:\/\/portaltela.pt\/\",\"name\":\"Portal Tela Portugal\",\"description\":\"\",\"potentialAction\":[{\"@type\":\"SearchAction\",\"target\":{\"@type\":\"EntryPoint\",\"urlTemplate\":\"https:\/\/portaltela.pt\/?s={search_term_string}\"},\"query-input\":{\"@type\":\"PropertyValueSpecification\",\"valueRequired\":true,\"valueName\":\"search_term_string\"}}],\"inLanguage\":\"pt-PT\"},{\"@type\":\"Person\",\"@id\":\"https:\/\/portaltela.pt\/#\/schema\/person\/c4278d4a6028830caff9ee44b42d32ed\",\"name\":\"Telinha\",\"image\":{\"@type\":\"ImageObject\",\"inLanguage\":\"pt-PT\",\"@id\":\"https:\/\/portaltela.pt\/s.01k8rhncp4jt1\/2025\/11\/talking-bot-125x125.png\",\"url\":\"https:\/\/portaltela.pt\/s.01k8rhncp4jt1\/2025\/11\/talking-bot-125x125.png\",\"contentUrl\":\"https:\/\/portaltela.pt\/s.01k8rhncp4jt1\/2025\/11\/talking-bot-125x125.png\",\"caption\":\"Telinha\"},\"sameAs\":[\"https:\/\/portaltela.pt\/\"],\"url\":\"https:\/\/portaltela.pt\/por\/367410592786\/\"}]}<\/script>\n<!-- \/ Yoast SEO plugin. -->","yoast_head_json":{"title":"Parlamento Europeu ouve Portugal na candidatura \u00e0 Autoridade Aduaneira da UE - Portal Tela Portugal","robots":{"index":"index","follow":"follow","max-snippet":"max-snippet:-1","max-image-preview":"max-image-preview:large","max-video-preview":"max-video-preview:-1"},"og_locale":"pt_PT","og_type":"article","og_title":"Parlamento Europeu ouve Portugal na candidatura \u00e0 Autoridade Aduaneira da UE - Portal Tela Portugal","og_description":"O Parlamento Europeu ouve hoje Portugal na candidatura \u00e0 sede da Autoridade Aduaneira da Uni\u00e3o Europeia, com uma sess\u00e3o de perguntas e respostas. Paulo Rangel, ministro dos Neg\u00f3cios Estrangeiros, e Joaquim Miranda Sarmento, ministro das Finan\u00e7as, participam nesta comiss\u00e3o parlamentar da casa da UE em Bruxelas. A sess\u00e3o est\u00e1 marcada para as 10:45 locais, e acontece ap\u00f3s a apresenta\u00e7\u00e3o oficial da candidatura em Bruxelas, em dezembro passado. A Comiss\u00e3o Europeia vai emitir um parecer, e a decis\u00e3o final caber\u00e1 aos pa\u00edses e aos eurodeputados, possivelmente em fevereiro, para estabelecer a sede em 2026. Al\u00e9m de Portugal, concorrem oito pa\u00edses, incluindo B\u00e9lgica, Espanha, Fran\u00e7a, Cro\u00e1cia, It\u00e1lia, Pa\u00edses Baixos, Pol\u00f3nia e Rom\u00e9nia; Portugal j\u00e1 acolhe duas ag\u00eancias descentralizadas em Lisboa.","og_url":"https:\/\/portaltela.pt\/noticias\/2026\/01\/28\/parlamento-europeu-ouve-portugal-na-candidatura-a-autoridade-aduaneira-da-ue\/","og_site_name":"Portal Tela Portugal","article_published_time":"2026-01-28T07:46:31+00:00","author":"Telinha","twitter_card":"summary_large_image","twitter_misc":{"Escrito por":"Telinha","Tempo estimado de leitura":"1 minuto"},"schema":{"@context":"https:\/\/schema.org","@graph":[{"@type":"Article","@id":"https:\/\/portaltela.pt\/noticias\/2026\/01\/28\/parlamento-europeu-ouve-portugal-na-candidatura-a-autoridade-aduaneira-da-ue\/#article","isPartOf":{"@id":"https:\/\/portaltela.pt\/noticias\/2026\/01\/28\/parlamento-europeu-ouve-portugal-na-candidatura-a-autoridade-aduaneira-da-ue\/"},"author":{"name":"Telinha","@id":"https:\/\/portaltela.pt\/#\/schema\/person\/c4278d4a6028830caff9ee44b42d32ed"},"headline":"Parlamento Europeu ouve Portugal na candidatura \u00e0 Autoridade Aduaneira da UE","datePublished":"2026-01-28T07:46:31+00:00","mainEntityOfPage":{"@id":"https:\/\/portaltela.pt\/noticias\/2026\/01\/28\/parlamento-europeu-ouve-portugal-na-candidatura-a-autoridade-aduaneira-da-ue\/"},"wordCount":263,"image":{"@id":"https:\/\/portaltela.pt\/noticias\/2026\/01\/28\/parlamento-europeu-ouve-portugal-na-candidatura-a-autoridade-aduaneira-da-ue\/#primaryimage"},"thumbnailUrl":"https:\/\/portaltela.pt\/s.01k8rhncp4jt1\/2026\/01\/img_1500x1000uu2024-05-21-22-15-28-1661547-2.jpg","keywords":["Autoridade Aduaneira","Bruxelas","Comiss\u00e3o Europeia","Europa","Portugal","Uni\u00e3o Europeia"],"articleSection":["Internacional","Not\u00edcias"],"inLanguage":"pt-PT"},{"@type":"WebPage","@id":"https:\/\/portaltela.pt\/noticias\/2026\/01\/28\/parlamento-europeu-ouve-portugal-na-candidatura-a-autoridade-aduaneira-da-ue\/","url":"https:\/\/portaltela.pt\/noticias\/2026\/01\/28\/parlamento-europeu-ouve-portugal-na-candidatura-a-autoridade-aduaneira-da-ue\/","name":"Parlamento Europeu ouve Portugal na candidatura \u00e0 Autoridade Aduaneira da UE - Portal Tela Portugal","isPartOf":{"@id":"https:\/\/portaltela.pt\/#website"},"primaryImageOfPage":{"@id":"https:\/\/portaltela.pt\/noticias\/2026\/01\/28\/parlamento-europeu-ouve-portugal-na-candidatura-a-autoridade-aduaneira-da-ue\/#primaryimage"},"image":{"@id":"https:\/\/portaltela.pt\/noticias\/2026\/01\/28\/parlamento-europeu-ouve-portugal-na-candidatura-a-autoridade-aduaneira-da-ue\/#primaryimage"},"thumbnailUrl":"https:\/\/portaltela.pt\/s.01k8rhncp4jt1\/2026\/01\/img_1500x1000uu2024-05-21-22-15-28-1661547-2.jpg","datePublished":"2026-01-28T07:46:31+00:00","author":{"@id":"https:\/\/portaltela.pt\/#\/schema\/person\/c4278d4a6028830caff9ee44b42d32ed"},"breadcrumb":{"@id":"https:\/\/portaltela.pt\/noticias\/2026\/01\/28\/parlamento-europeu-ouve-portugal-na-candidatura-a-autoridade-aduaneira-da-ue\/#breadcrumb"},"inLanguage":"pt-PT","potentialAction":[{"@type":"ReadAction","target":["https:\/\/portaltela.pt\/noticias\/2026\/01\/28\/parlamento-europeu-ouve-portugal-na-candidatura-a-autoridade-aduaneira-da-ue\/"]}]},{"@type":"ImageObject","inLanguage":"pt-PT","@id":"https:\/\/portaltela.pt\/noticias\/2026\/01\/28\/parlamento-europeu-ouve-portugal-na-candidatura-a-autoridade-aduaneira-da-ue\/#primaryimage","url":"https:\/\/portaltela.pt\/s.01k8rhncp4jt1\/2026\/01\/img_1500x1000uu2024-05-21-22-15-28-1661547-2.jpg","contentUrl":"https:\/\/portaltela.pt\/s.01k8rhncp4jt1\/2026\/01\/img_1500x1000uu2024-05-21-22-15-28-1661547-2.jpg","width":796,"height":448,"caption":"Parlamento Europeu"},{"@type":"BreadcrumbList","@id":"https:\/\/portaltela.pt\/noticias\/2026\/01\/28\/parlamento-europeu-ouve-portugal-na-candidatura-a-autoridade-aduaneira-da-ue\/#breadcrumb","itemListElement":[{"@type":"ListItem","position":1,"name":"In\u00edcio","item":"https:\/\/portaltela.pt\/"},{"@type":"ListItem","position":2,"name":"Parlamento Europeu ouve Portugal na candidatura \u00e0 Autoridade Aduaneira da UE"}]},{"@type":"WebSite","@id":"https:\/\/portaltela.pt\/#website","url":"https:\/\/portaltela.pt\/","name":"Portal Tela Portugal","description":"","potentialAction":[{"@type":"SearchAction","target":{"@type":"EntryPoint","urlTemplate":"https:\/\/portaltela.pt\/?s={search_term_string}"},"query-input":{"@type":"PropertyValueSpecification","valueRequired":true,"valueName":"search_term_string"}}],"inLanguage":"pt-PT"},{"@type":"Person","@id":"https:\/\/portaltela.pt\/#\/schema\/person\/c4278d4a6028830caff9ee44b42d32ed","name":"Telinha","image":{"@type":"ImageObject","inLanguage":"pt-PT","@id":"https:\/\/portaltela.pt\/s.01k8rhncp4jt1\/2025\/11\/talking-bot-125x125.png","url":"https:\/\/portaltela.pt\/s.01k8rhncp4jt1\/2025\/11\/talking-bot-125x125.png","contentUrl":"https:\/\/portaltela.pt\/s.01k8rhncp4jt1\/2025\/11\/talking-bot-125x125.png","caption":"Telinha"},"sameAs":["https:\/\/portaltela.pt\/"],"url":"https:\/\/portaltela.pt\/por\/367410592786\/"}]}},"_links":{"self":[{"href":"https:\/\/portaltela.pt\/api\/wp\/v2\/posts\/178216","targetHints":{"allow":["GET"]}}],"collection":[{"href":"https:\/\/portaltela.pt\/api\/wp\/v2\/posts"}],"about":[{"href":"https:\/\/portaltela.pt\/api\/wp\/v2\/types\/post"}],"author":[{"embeddable":true,"href":"https:\/\/portaltela.pt\/api\/wp\/v2\/users\/2"}],"replies":[{"embeddable":true,"href":"https:\/\/portaltela.pt\/api\/wp\/v2\/comments?post=178216"}],"version-history":[{"count":0,"href":"https:\/\/portaltela.pt\/api\/wp\/v2\/posts\/178216\/revisions"}],"wp:featuredmedia":[{"embeddable":true,"href":"https:\/\/portaltela.pt\/api\/wp\/v2\/media\/178221"}],"wp:attachment":[{"href":"https:\/\/portaltela.pt\/api\/wp\/v2\/media?parent=178216"}],"wp:term":[{"taxonomy":"category","embeddable":true,"href":"https:\/\/portaltela.pt\/api\/wp\/v2\/categories?post=178216"},{"taxonomy":"post_tag","embeddable":true,"href":"https:\/\/portaltela.pt\/api\/wp\/v2\/tags?post=178216"}],"curies":[{"name":"wp","href":"https:\/\/api.w.org\/{rel}","templated":true}]}}