{"id":178153,"date":"2026-01-28T04:06:00","date_gmt":"2026-01-28T07:06:00","guid":{"rendered":"https:\/\/portaltela.pt\/noticias\/2026\/01\/28\/mais-de-dois-milhoes-de-rendas-por-declarar\/"},"modified":"2026-01-28T04:06:00","modified_gmt":"2026-01-28T07:06:00","slug":"mais-de-dois-milhoes-de-rendas-por-declarar","status":"publish","type":"post","link":"https:\/\/portaltela.pt\/noticias\/economia\/2026\/01\/28\/mais-de-dois-milhoes-de-rendas-por-declarar\/","title":{"rendered":"Mais de dois milh\u00f5es de rendas por declarar"},"content":{"rendered":"<p>O Senado financeiro de Portugal revelou uma realidade preocupante no mercado de arrendamento. Uma auditoria da IGF indica que existem mais de dois milh\u00f5es de rendas n\u00e3o declaradas ao Fisco, num universo de cerca de 3,7 milh\u00f5es de casas arrendadas. O estudo aponta que 60% dos inquilinos n\u00e3o t\u00eam contrato declarado pelos senhorios.<\/p>\n<p>Do que resulta este desequil\u00edbrio? Pelos dados oficiais, 1,4 milh\u00f5es de contratos de arrendamento ou subarrendamento est\u00e3o comunicados \u00e0 Autoridade Tribut\u00e1ria. No entanto, a auditaria de 2024 conclui que apenas 40% dos acordos estavam efetivamente registados, o que eleva para mais de 2,2 milh\u00f5es o n\u00famero de arrendat\u00e1rios no mercado informal.<\/p>\n<h3>Contexto e perspetivas<\/h3>\n<p>A IGF salienta que a discrep\u00e2ncia entre o que \u00e9 declarado e a realidade do mercado tem implica\u00e7\u00f5es fiscais e de prote\u00e7\u00e3o aos arrendat\u00e1rios. Especialistas defendem uma maior regula\u00e7\u00e3o do setor para reduzir a evas\u00e3o e combater a precariedade, sem afastar a necessidade de ajustamentos que ataquem poss\u00edveis impostos a mais.<\/p>\n<p>As fontes oficiais s\u00e3o o Minist\u00e9rio das Finan\u00e7as, que sustenta o conjunto de dados comunicados, e o jornal que noticiou o tema com base na auditoria da IGF. O fen\u00f3meno continua a exigir aten\u00e7\u00e3o de autoridades e do setor privado para clarificar compromissos, responsabilidades e mecanismos de fiscaliza\u00e7\u00e3o.<\/p>\n","protected":false},"excerpt":{"rendered":"<ul>\n<li>Existem mais de dois milh\u00f5es de rendas por declarar em Portugal, num total estimado de 3,7 milh\u00f5es de casas arrendadas.<\/li>\n<li>Auditoria da Inspe\u00e7\u00e3o-Geral das Finan\u00e7as (IGF) identificou que sessenta por cento dos inquilinos n\u00e3o tinham contrato declarado pelos senhorios.<\/li>\n<li>Segundo o Minist\u00e9rio das Finan\u00e7as, s\u00e3o comunicados \u00e0 Autoridade Tribut\u00e1ria 1,4 milh\u00f5es de contratos de arrendamento ou subarrendamento.<\/li>\n<li>A IGF concluiu que, em 2024, sessenta por cento dos inquilinos n\u00e3o tinham contrato registado ou vigente, o que significa que os dados do Governo correspondem a apenas quarenta por cento dos acordos.<\/li>\n<li>No setor informal estariam mais de dois milh\u00f5es de arrendat\u00e1rios, elevando o total estimado para 3,7 milh\u00f5es de arrendamentos.<\/li>\n<\/ul>\n","protected":false},"author":2,"featured_media":178158,"comment_status":"closed","ping_status":"closed","sticky":false,"template":"","format":"standard","meta":{"footnotes":""},"categories":[2,1],"tags":[2531,2850,1437,695,3613],"class_list":["post-178153","post","type-post","status-publish","format-standard","has-post-thumbnail","hentry","category-economia","category-noticias","tag-arrendamentos","tag-autoridade-tributaria","tag-evasao-fiscal","tag-fiscalizacao","tag-impostos"],"yoast_head":"<!-- This site is optimized with the Yoast SEO plugin v27.2 - https:\/\/yoast.com\/product\/yoast-seo-wordpress\/ -->\n<title>Mais de dois milh\u00f5es de rendas por declarar - Portal Tela Portugal<\/title>\n<meta name=\"robots\" content=\"index, follow, max-snippet:-1, max-image-preview:large, max-video-preview:-1\" \/>\n<meta property=\"og:locale\" content=\"pt_PT\" \/>\n<meta property=\"og:type\" content=\"article\" \/>\n<meta property=\"og:title\" content=\"Mais de dois milh\u00f5es de rendas por declarar - Portal Tela Portugal\" \/>\n<meta property=\"og:description\" content=\"Existem mais de dois milh\u00f5es de rendas por declarar em Portugal, num total estimado de 3,7 milh\u00f5es de casas arrendadas. Auditoria da Inspe\u00e7\u00e3o-Geral das Finan\u00e7as (IGF) identificou que sessenta por cento dos inquilinos n\u00e3o tinham contrato declarado pelos senhorios. Segundo o Minist\u00e9rio das Finan\u00e7as, s\u00e3o comunicados \u00e0 Autoridade Tribut\u00e1ria 1,4 milh\u00f5es de contratos de arrendamento ou subarrendamento. A IGF concluiu que, em 2024, sessenta por cento dos inquilinos n\u00e3o tinham contrato registado ou vigente, o que significa que os dados do Governo correspondem a apenas quarenta por cento dos acordos. No setor informal estariam mais de dois milh\u00f5es de arrendat\u00e1rios, elevando o total estimado para 3,7 milh\u00f5es de arrendamentos.\" \/>\n<meta property=\"og:url\" content=\"https:\/\/portaltela.pt\/noticias\/2026\/01\/28\/mais-de-dois-milhoes-de-rendas-por-declarar\/\" \/>\n<meta property=\"og:site_name\" content=\"Portal Tela Portugal\" \/>\n<meta property=\"article:published_time\" content=\"2026-01-28T07:06:00+00:00\" \/>\n<meta name=\"author\" content=\"Telinha\" \/>\n<meta name=\"twitter:card\" content=\"summary_large_image\" \/>\n<meta name=\"twitter:label1\" content=\"Escrito por\" \/>\n\t<meta name=\"twitter:data1\" content=\"Telinha\" \/>\n\t<meta name=\"twitter:label2\" content=\"Tempo estimado de leitura\" \/>\n\t<meta name=\"twitter:data2\" content=\"1 minuto\" \/>\n<script type=\"application\/ld+json\" class=\"yoast-schema-graph\">{\"@context\":\"https:\/\/schema.org\",\"@graph\":[{\"@type\":\"Article\",\"@id\":\"https:\/\/portaltela.pt\/noticias\/2026\/01\/28\/mais-de-dois-milhoes-de-rendas-por-declarar\/#article\",\"isPartOf\":{\"@id\":\"https:\/\/portaltela.pt\/noticias\/2026\/01\/28\/mais-de-dois-milhoes-de-rendas-por-declarar\/\"},\"author\":{\"name\":\"Telinha\",\"@id\":\"https:\/\/portaltela.pt\/#\/schema\/person\/c4278d4a6028830caff9ee44b42d32ed\"},\"headline\":\"Mais de dois milh\u00f5es de rendas por declarar\",\"datePublished\":\"2026-01-28T07:06:00+00:00\",\"mainEntityOfPage\":{\"@id\":\"https:\/\/portaltela.pt\/noticias\/2026\/01\/28\/mais-de-dois-milhoes-de-rendas-por-declarar\/\"},\"wordCount\":232,\"image\":{\"@id\":\"https:\/\/portaltela.pt\/noticias\/2026\/01\/28\/mais-de-dois-milhoes-de-rendas-por-declarar\/#primaryimage\"},\"thumbnailUrl\":\"https:\/\/portaltela.pt\/s.01k8rhncp4jt1\/2026\/01\/image-1914.jpg\",\"keywords\":[\"arrendamentos\",\"Autoridade Tribut\u00e1ria\",\"evas\u00e3o fiscal\",\"fiscaliza\u00e7\u00e3o\",\"impostos\"],\"articleSection\":[\"Economia\",\"Not\u00edcias\"],\"inLanguage\":\"pt-PT\"},{\"@type\":\"WebPage\",\"@id\":\"https:\/\/portaltela.pt\/noticias\/2026\/01\/28\/mais-de-dois-milhoes-de-rendas-por-declarar\/\",\"url\":\"https:\/\/portaltela.pt\/noticias\/2026\/01\/28\/mais-de-dois-milhoes-de-rendas-por-declarar\/\",\"name\":\"Mais de dois milh\u00f5es de rendas por declarar - Portal Tela Portugal\",\"isPartOf\":{\"@id\":\"https:\/\/portaltela.pt\/#website\"},\"primaryImageOfPage\":{\"@id\":\"https:\/\/portaltela.pt\/noticias\/2026\/01\/28\/mais-de-dois-milhoes-de-rendas-por-declarar\/#primaryimage\"},\"image\":{\"@id\":\"https:\/\/portaltela.pt\/noticias\/2026\/01\/28\/mais-de-dois-milhoes-de-rendas-por-declarar\/#primaryimage\"},\"thumbnailUrl\":\"https:\/\/portaltela.pt\/s.01k8rhncp4jt1\/2026\/01\/image-1914.jpg\",\"datePublished\":\"2026-01-28T07:06:00+00:00\",\"author\":{\"@id\":\"https:\/\/portaltela.pt\/#\/schema\/person\/c4278d4a6028830caff9ee44b42d32ed\"},\"breadcrumb\":{\"@id\":\"https:\/\/portaltela.pt\/noticias\/2026\/01\/28\/mais-de-dois-milhoes-de-rendas-por-declarar\/#breadcrumb\"},\"inLanguage\":\"pt-PT\",\"potentialAction\":[{\"@type\":\"ReadAction\",\"target\":[\"https:\/\/portaltela.pt\/noticias\/2026\/01\/28\/mais-de-dois-milhoes-de-rendas-por-declarar\/\"]}]},{\"@type\":\"ImageObject\",\"inLanguage\":\"pt-PT\",\"@id\":\"https:\/\/portaltela.pt\/noticias\/2026\/01\/28\/mais-de-dois-milhoes-de-rendas-por-declarar\/#primaryimage\",\"url\":\"https:\/\/portaltela.pt\/s.01k8rhncp4jt1\/2026\/01\/image-1914.jpg\",\"contentUrl\":\"https:\/\/portaltela.pt\/s.01k8rhncp4jt1\/2026\/01\/image-1914.jpg\",\"width\":796,\"height\":448,\"caption\":\"Rendas das casas aumentaram 5,3% no ano passado, acima da infla\u00e7\u00e3o fixada em 2,3%\"},{\"@type\":\"BreadcrumbList\",\"@id\":\"https:\/\/portaltela.pt\/noticias\/2026\/01\/28\/mais-de-dois-milhoes-de-rendas-por-declarar\/#breadcrumb\",\"itemListElement\":[{\"@type\":\"ListItem\",\"position\":1,\"name\":\"In\u00edcio\",\"item\":\"https:\/\/portaltela.pt\/\"},{\"@type\":\"ListItem\",\"position\":2,\"name\":\"Mais de dois milh\u00f5es de rendas por declarar\"}]},{\"@type\":\"WebSite\",\"@id\":\"https:\/\/portaltela.pt\/#website\",\"url\":\"https:\/\/portaltela.pt\/\",\"name\":\"Portal Tela Portugal\",\"description\":\"\",\"potentialAction\":[{\"@type\":\"SearchAction\",\"target\":{\"@type\":\"EntryPoint\",\"urlTemplate\":\"https:\/\/portaltela.pt\/?s={search_term_string}\"},\"query-input\":{\"@type\":\"PropertyValueSpecification\",\"valueRequired\":true,\"valueName\":\"search_term_string\"}}],\"inLanguage\":\"pt-PT\"},{\"@type\":\"Person\",\"@id\":\"https:\/\/portaltela.pt\/#\/schema\/person\/c4278d4a6028830caff9ee44b42d32ed\",\"name\":\"Telinha\",\"image\":{\"@type\":\"ImageObject\",\"inLanguage\":\"pt-PT\",\"@id\":\"https:\/\/portaltela.pt\/s.01k8rhncp4jt1\/2025\/11\/talking-bot-125x125.png\",\"url\":\"https:\/\/portaltela.pt\/s.01k8rhncp4jt1\/2025\/11\/talking-bot-125x125.png\",\"contentUrl\":\"https:\/\/portaltela.pt\/s.01k8rhncp4jt1\/2025\/11\/talking-bot-125x125.png\",\"caption\":\"Telinha\"},\"sameAs\":[\"https:\/\/portaltela.pt\/\"],\"url\":\"https:\/\/portaltela.pt\/por\/367410592786\/\"}]}<\/script>\n<!-- \/ Yoast SEO plugin. -->","yoast_head_json":{"title":"Mais de dois milh\u00f5es de rendas por declarar - Portal Tela Portugal","robots":{"index":"index","follow":"follow","max-snippet":"max-snippet:-1","max-image-preview":"max-image-preview:large","max-video-preview":"max-video-preview:-1"},"og_locale":"pt_PT","og_type":"article","og_title":"Mais de dois milh\u00f5es de rendas por declarar - Portal Tela Portugal","og_description":"Existem mais de dois milh\u00f5es de rendas por declarar em Portugal, num total estimado de 3,7 milh\u00f5es de casas arrendadas. Auditoria da Inspe\u00e7\u00e3o-Geral das Finan\u00e7as (IGF) identificou que sessenta por cento dos inquilinos n\u00e3o tinham contrato declarado pelos senhorios. Segundo o Minist\u00e9rio das Finan\u00e7as, s\u00e3o comunicados \u00e0 Autoridade Tribut\u00e1ria 1,4 milh\u00f5es de contratos de arrendamento ou subarrendamento. A IGF concluiu que, em 2024, sessenta por cento dos inquilinos n\u00e3o tinham contrato registado ou vigente, o que significa que os dados do Governo correspondem a apenas quarenta por cento dos acordos. No setor informal estariam mais de dois milh\u00f5es de arrendat\u00e1rios, elevando o total estimado para 3,7 milh\u00f5es de arrendamentos.","og_url":"https:\/\/portaltela.pt\/noticias\/2026\/01\/28\/mais-de-dois-milhoes-de-rendas-por-declarar\/","og_site_name":"Portal Tela Portugal","article_published_time":"2026-01-28T07:06:00+00:00","author":"Telinha","twitter_card":"summary_large_image","twitter_misc":{"Escrito por":"Telinha","Tempo estimado de leitura":"1 minuto"},"schema":{"@context":"https:\/\/schema.org","@graph":[{"@type":"Article","@id":"https:\/\/portaltela.pt\/noticias\/2026\/01\/28\/mais-de-dois-milhoes-de-rendas-por-declarar\/#article","isPartOf":{"@id":"https:\/\/portaltela.pt\/noticias\/2026\/01\/28\/mais-de-dois-milhoes-de-rendas-por-declarar\/"},"author":{"name":"Telinha","@id":"https:\/\/portaltela.pt\/#\/schema\/person\/c4278d4a6028830caff9ee44b42d32ed"},"headline":"Mais de dois milh\u00f5es de rendas por declarar","datePublished":"2026-01-28T07:06:00+00:00","mainEntityOfPage":{"@id":"https:\/\/portaltela.pt\/noticias\/2026\/01\/28\/mais-de-dois-milhoes-de-rendas-por-declarar\/"},"wordCount":232,"image":{"@id":"https:\/\/portaltela.pt\/noticias\/2026\/01\/28\/mais-de-dois-milhoes-de-rendas-por-declarar\/#primaryimage"},"thumbnailUrl":"https:\/\/portaltela.pt\/s.01k8rhncp4jt1\/2026\/01\/image-1914.jpg","keywords":["arrendamentos","Autoridade Tribut\u00e1ria","evas\u00e3o fiscal","fiscaliza\u00e7\u00e3o","impostos"],"articleSection":["Economia","Not\u00edcias"],"inLanguage":"pt-PT"},{"@type":"WebPage","@id":"https:\/\/portaltela.pt\/noticias\/2026\/01\/28\/mais-de-dois-milhoes-de-rendas-por-declarar\/","url":"https:\/\/portaltela.pt\/noticias\/2026\/01\/28\/mais-de-dois-milhoes-de-rendas-por-declarar\/","name":"Mais de dois milh\u00f5es de rendas por declarar - Portal Tela Portugal","isPartOf":{"@id":"https:\/\/portaltela.pt\/#website"},"primaryImageOfPage":{"@id":"https:\/\/portaltela.pt\/noticias\/2026\/01\/28\/mais-de-dois-milhoes-de-rendas-por-declarar\/#primaryimage"},"image":{"@id":"https:\/\/portaltela.pt\/noticias\/2026\/01\/28\/mais-de-dois-milhoes-de-rendas-por-declarar\/#primaryimage"},"thumbnailUrl":"https:\/\/portaltela.pt\/s.01k8rhncp4jt1\/2026\/01\/image-1914.jpg","datePublished":"2026-01-28T07:06:00+00:00","author":{"@id":"https:\/\/portaltela.pt\/#\/schema\/person\/c4278d4a6028830caff9ee44b42d32ed"},"breadcrumb":{"@id":"https:\/\/portaltela.pt\/noticias\/2026\/01\/28\/mais-de-dois-milhoes-de-rendas-por-declarar\/#breadcrumb"},"inLanguage":"pt-PT","potentialAction":[{"@type":"ReadAction","target":["https:\/\/portaltela.pt\/noticias\/2026\/01\/28\/mais-de-dois-milhoes-de-rendas-por-declarar\/"]}]},{"@type":"ImageObject","inLanguage":"pt-PT","@id":"https:\/\/portaltela.pt\/noticias\/2026\/01\/28\/mais-de-dois-milhoes-de-rendas-por-declarar\/#primaryimage","url":"https:\/\/portaltela.pt\/s.01k8rhncp4jt1\/2026\/01\/image-1914.jpg","contentUrl":"https:\/\/portaltela.pt\/s.01k8rhncp4jt1\/2026\/01\/image-1914.jpg","width":796,"height":448,"caption":"Rendas das casas aumentaram 5,3% no ano passado, acima da infla\u00e7\u00e3o fixada em 2,3%"},{"@type":"BreadcrumbList","@id":"https:\/\/portaltela.pt\/noticias\/2026\/01\/28\/mais-de-dois-milhoes-de-rendas-por-declarar\/#breadcrumb","itemListElement":[{"@type":"ListItem","position":1,"name":"In\u00edcio","item":"https:\/\/portaltela.pt\/"},{"@type":"ListItem","position":2,"name":"Mais de dois milh\u00f5es de rendas por declarar"}]},{"@type":"WebSite","@id":"https:\/\/portaltela.pt\/#website","url":"https:\/\/portaltela.pt\/","name":"Portal Tela Portugal","description":"","potentialAction":[{"@type":"SearchAction","target":{"@type":"EntryPoint","urlTemplate":"https:\/\/portaltela.pt\/?s={search_term_string}"},"query-input":{"@type":"PropertyValueSpecification","valueRequired":true,"valueName":"search_term_string"}}],"inLanguage":"pt-PT"},{"@type":"Person","@id":"https:\/\/portaltela.pt\/#\/schema\/person\/c4278d4a6028830caff9ee44b42d32ed","name":"Telinha","image":{"@type":"ImageObject","inLanguage":"pt-PT","@id":"https:\/\/portaltela.pt\/s.01k8rhncp4jt1\/2025\/11\/talking-bot-125x125.png","url":"https:\/\/portaltela.pt\/s.01k8rhncp4jt1\/2025\/11\/talking-bot-125x125.png","contentUrl":"https:\/\/portaltela.pt\/s.01k8rhncp4jt1\/2025\/11\/talking-bot-125x125.png","caption":"Telinha"},"sameAs":["https:\/\/portaltela.pt\/"],"url":"https:\/\/portaltela.pt\/por\/367410592786\/"}]}},"_links":{"self":[{"href":"https:\/\/portaltela.pt\/api\/wp\/v2\/posts\/178153","targetHints":{"allow":["GET"]}}],"collection":[{"href":"https:\/\/portaltela.pt\/api\/wp\/v2\/posts"}],"about":[{"href":"https:\/\/portaltela.pt\/api\/wp\/v2\/types\/post"}],"author":[{"embeddable":true,"href":"https:\/\/portaltela.pt\/api\/wp\/v2\/users\/2"}],"replies":[{"embeddable":true,"href":"https:\/\/portaltela.pt\/api\/wp\/v2\/comments?post=178153"}],"version-history":[{"count":0,"href":"https:\/\/portaltela.pt\/api\/wp\/v2\/posts\/178153\/revisions"}],"wp:featuredmedia":[{"embeddable":true,"href":"https:\/\/portaltela.pt\/api\/wp\/v2\/media\/178158"}],"wp:attachment":[{"href":"https:\/\/portaltela.pt\/api\/wp\/v2\/media?parent=178153"}],"wp:term":[{"taxonomy":"category","embeddable":true,"href":"https:\/\/portaltela.pt\/api\/wp\/v2\/categories?post=178153"},{"taxonomy":"post_tag","embeddable":true,"href":"https:\/\/portaltela.pt\/api\/wp\/v2\/tags?post=178153"}],"curies":[{"name":"wp","href":"https:\/\/api.w.org\/{rel}","templated":true}]}}