{"id":178137,"date":"2026-01-28T03:57:00","date_gmt":"2026-01-28T06:57:00","guid":{"rendered":"https:\/\/portaltela.pt\/noticias\/2026\/01\/28\/ligacao-fluvial-entre-cacilhas-e-cais-do-sodre-suspensa-por-mau-tempo\/"},"modified":"2026-01-28T03:57:00","modified_gmt":"2026-01-28T06:57:00","slug":"ligacao-fluvial-entre-cacilhas-e-cais-do-sodre-suspensa-por-mau-tempo","status":"publish","type":"post","link":"https:\/\/portaltela.pt\/noticias\/2026\/01\/28\/ligacao-fluvial-entre-cacilhas-e-cais-do-sodre-suspensa-por-mau-tempo\/","title":{"rendered":"Liga\u00e7\u00e3o fluvial entre Cacilhas e Cais do Sodr\u00e9 suspensa por mau tempo"},"content":{"rendered":"<p>O mau tempo levou hoje a Transtejo a interromper a liga\u00e7\u00e3o fluvial entre Cacilhas e o Cais do Sodr\u00e9, segundo o site da empresa.<\/p>\n<p>A decis\u00e3o afeta o trajeto entre as duas margens do Tejo, numa medida de seguran\u00e7a em resposta \u00e0s condi\u00e7\u00f5es meteorol\u00f3gicas adversas.<\/p>\n<p>N\u00e3o foram divulgados prazos para a retoma do servi\u00e7o nem informa\u00e7\u00f5es sobre alternativas de transporte, at\u00e9 ao momento.<\/p>\n","protected":false},"excerpt":{"rendered":"<ul>\n<li>O mau tempo levou hoje a Transtejo a interromper a liga\u00e7\u00e3o fluvial entre Cacilhas e o Cais do Sodr\u00e9.<\/li>\n<li>A interrup\u00e7\u00e3o foi confirmada no site da empresa.<\/li>\n<li>O conte\u00fado completo da not\u00edcia est\u00e1 dispon\u00edvel apenas para subscritores.<\/li>\n<li>N\u00e3o foram fornecidos detalhes adicionais sobre a dura\u00e7\u00e3o da interrup\u00e7\u00e3o ou alternativas de transporte.<\/li>\n<\/ul>\n","protected":false},"author":2,"featured_media":178139,"comment_status":"closed","ping_status":"closed","sticky":false,"template":"","format":"standard","meta":{"footnotes":""},"categories":[1],"tags":[2078,981,3097,2408,192,4535],"class_list":["post-178137","post","type-post","status-publish","format-standard","has-post-thumbnail","hentry","category-noticias","tag-cacilhas","tag-lisboa","tag-maritimo","tag-tejo","tag-transporte","tag-transporte-publico"],"yoast_head":"<!-- This site is optimized with the Yoast SEO plugin v27.2 - https:\/\/yoast.com\/product\/yoast-seo-wordpress\/ -->\n<title>Liga\u00e7\u00e3o fluvial entre Cacilhas e Cais do Sodr\u00e9 suspensa por mau tempo - Portal Tela Portugal<\/title>\n<meta name=\"robots\" content=\"index, follow, max-snippet:-1, max-image-preview:large, max-video-preview:-1\" \/>\n<meta property=\"og:locale\" content=\"pt_PT\" \/>\n<meta property=\"og:type\" content=\"article\" \/>\n<meta property=\"og:title\" content=\"Liga\u00e7\u00e3o fluvial entre Cacilhas e Cais do Sodr\u00e9 suspensa por mau tempo - Portal Tela Portugal\" \/>\n<meta property=\"og:description\" content=\"O mau tempo levou hoje a Transtejo a interromper a liga\u00e7\u00e3o fluvial entre Cacilhas e o Cais do Sodr\u00e9. A interrup\u00e7\u00e3o foi confirmada no site da empresa. O conte\u00fado completo da not\u00edcia est\u00e1 dispon\u00edvel apenas para subscritores. N\u00e3o foram fornecidos detalhes adicionais sobre a dura\u00e7\u00e3o da interrup\u00e7\u00e3o ou alternativas de transporte.\" \/>\n<meta property=\"og:url\" content=\"https:\/\/portaltela.pt\/noticias\/2026\/01\/28\/ligacao-fluvial-entre-cacilhas-e-cais-do-sodre-suspensa-por-mau-tempo\/\" \/>\n<meta property=\"og:site_name\" content=\"Portal Tela Portugal\" \/>\n<meta property=\"article:published_time\" content=\"2026-01-28T06:57:00+00:00\" \/>\n<meta name=\"author\" content=\"Telinha\" \/>\n<meta name=\"twitter:card\" content=\"summary_large_image\" \/>\n<meta name=\"twitter:label1\" content=\"Escrito por\" \/>\n\t<meta name=\"twitter:data1\" content=\"Telinha\" \/>\n<script type=\"application\/ld+json\" class=\"yoast-schema-graph\">{\"@context\":\"https:\/\/schema.org\",\"@graph\":[{\"@type\":\"Article\",\"@id\":\"https:\/\/portaltela.pt\/noticias\/2026\/01\/28\/ligacao-fluvial-entre-cacilhas-e-cais-do-sodre-suspensa-por-mau-tempo\/#article\",\"isPartOf\":{\"@id\":\"https:\/\/portaltela.pt\/noticias\/2026\/01\/28\/ligacao-fluvial-entre-cacilhas-e-cais-do-sodre-suspensa-por-mau-tempo\/\"},\"author\":{\"name\":\"Telinha\",\"@id\":\"https:\/\/portaltela.pt\/#\/schema\/person\/c4278d4a6028830caff9ee44b42d32ed\"},\"headline\":\"Liga\u00e7\u00e3o fluvial entre Cacilhas e Cais do Sodr\u00e9 suspensa por mau tempo\",\"datePublished\":\"2026-01-28T06:57:00+00:00\",\"mainEntityOfPage\":{\"@id\":\"https:\/\/portaltela.pt\/noticias\/2026\/01\/28\/ligacao-fluvial-entre-cacilhas-e-cais-do-sodre-suspensa-por-mau-tempo\/\"},\"wordCount\":84,\"image\":{\"@id\":\"https:\/\/portaltela.pt\/noticias\/2026\/01\/28\/ligacao-fluvial-entre-cacilhas-e-cais-do-sodre-suspensa-por-mau-tempo\/#primaryimage\"},\"thumbnailUrl\":\"https:\/\/portaltela.pt\/s.01k8rhncp4jt1\/2026\/01\/CACHE_780X1200_ANALOG_WATERMARKED_46395529_2837429_21012026122023.jpg\",\"keywords\":[\"Cacilhas\",\"Lisboa\",\"Mar\u00edtimo\",\"Tejo\",\"transporte\",\"transporte p\u00fablico\"],\"articleSection\":[\"Not\u00edcias\"],\"inLanguage\":\"pt-PT\"},{\"@type\":\"WebPage\",\"@id\":\"https:\/\/portaltela.pt\/noticias\/2026\/01\/28\/ligacao-fluvial-entre-cacilhas-e-cais-do-sodre-suspensa-por-mau-tempo\/\",\"url\":\"https:\/\/portaltela.pt\/noticias\/2026\/01\/28\/ligacao-fluvial-entre-cacilhas-e-cais-do-sodre-suspensa-por-mau-tempo\/\",\"name\":\"Liga\u00e7\u00e3o fluvial entre Cacilhas e Cais do Sodr\u00e9 suspensa por mau tempo - Portal Tela Portugal\",\"isPartOf\":{\"@id\":\"https:\/\/portaltela.pt\/#website\"},\"primaryImageOfPage\":{\"@id\":\"https:\/\/portaltela.pt\/noticias\/2026\/01\/28\/ligacao-fluvial-entre-cacilhas-e-cais-do-sodre-suspensa-por-mau-tempo\/#primaryimage\"},\"image\":{\"@id\":\"https:\/\/portaltela.pt\/noticias\/2026\/01\/28\/ligacao-fluvial-entre-cacilhas-e-cais-do-sodre-suspensa-por-mau-tempo\/#primaryimage\"},\"thumbnailUrl\":\"https:\/\/portaltela.pt\/s.01k8rhncp4jt1\/2026\/01\/CACHE_780X1200_ANALOG_WATERMARKED_46395529_2837429_21012026122023.jpg\",\"datePublished\":\"2026-01-28T06:57:00+00:00\",\"author\":{\"@id\":\"https:\/\/portaltela.pt\/#\/schema\/person\/c4278d4a6028830caff9ee44b42d32ed\"},\"breadcrumb\":{\"@id\":\"https:\/\/portaltela.pt\/noticias\/2026\/01\/28\/ligacao-fluvial-entre-cacilhas-e-cais-do-sodre-suspensa-por-mau-tempo\/#breadcrumb\"},\"inLanguage\":\"pt-PT\",\"potentialAction\":[{\"@type\":\"ReadAction\",\"target\":[\"https:\/\/portaltela.pt\/noticias\/2026\/01\/28\/ligacao-fluvial-entre-cacilhas-e-cais-do-sodre-suspensa-por-mau-tempo\/\"]}]},{\"@type\":\"ImageObject\",\"inLanguage\":\"pt-PT\",\"@id\":\"https:\/\/portaltela.pt\/noticias\/2026\/01\/28\/ligacao-fluvial-entre-cacilhas-e-cais-do-sodre-suspensa-por-mau-tempo\/#primaryimage\",\"url\":\"https:\/\/portaltela.pt\/s.01k8rhncp4jt1\/2026\/01\/CACHE_780X1200_ANALOG_WATERMARKED_46395529_2837429_21012026122023.jpg\",\"contentUrl\":\"https:\/\/portaltela.pt\/s.01k8rhncp4jt1\/2026\/01\/CACHE_780X1200_ANALOG_WATERMARKED_46395529_2837429_21012026122023.jpg\",\"width\":796,\"height\":448,\"caption\":\"Liga\u00e7\u00e3o fluvial entre Cacilhas e o Cais do Sodr\u00e9 interrompida devido ao mau tempo\"},{\"@type\":\"BreadcrumbList\",\"@id\":\"https:\/\/portaltela.pt\/noticias\/2026\/01\/28\/ligacao-fluvial-entre-cacilhas-e-cais-do-sodre-suspensa-por-mau-tempo\/#breadcrumb\",\"itemListElement\":[{\"@type\":\"ListItem\",\"position\":1,\"name\":\"In\u00edcio\",\"item\":\"https:\/\/portaltela.pt\/\"},{\"@type\":\"ListItem\",\"position\":2,\"name\":\"Liga\u00e7\u00e3o fluvial entre Cacilhas e Cais do Sodr\u00e9 suspensa por mau tempo\"}]},{\"@type\":\"WebSite\",\"@id\":\"https:\/\/portaltela.pt\/#website\",\"url\":\"https:\/\/portaltela.pt\/\",\"name\":\"Portal Tela Portugal\",\"description\":\"\",\"potentialAction\":[{\"@type\":\"SearchAction\",\"target\":{\"@type\":\"EntryPoint\",\"urlTemplate\":\"https:\/\/portaltela.pt\/?s={search_term_string}\"},\"query-input\":{\"@type\":\"PropertyValueSpecification\",\"valueRequired\":true,\"valueName\":\"search_term_string\"}}],\"inLanguage\":\"pt-PT\"},{\"@type\":\"Person\",\"@id\":\"https:\/\/portaltela.pt\/#\/schema\/person\/c4278d4a6028830caff9ee44b42d32ed\",\"name\":\"Telinha\",\"image\":{\"@type\":\"ImageObject\",\"inLanguage\":\"pt-PT\",\"@id\":\"https:\/\/portaltela.pt\/s.01k8rhncp4jt1\/2025\/11\/talking-bot-125x125.png\",\"url\":\"https:\/\/portaltela.pt\/s.01k8rhncp4jt1\/2025\/11\/talking-bot-125x125.png\",\"contentUrl\":\"https:\/\/portaltela.pt\/s.01k8rhncp4jt1\/2025\/11\/talking-bot-125x125.png\",\"caption\":\"Telinha\"},\"sameAs\":[\"https:\/\/portaltela.pt\/\"],\"url\":\"https:\/\/portaltela.pt\/por\/367410592786\/\"}]}<\/script>\n<!-- \/ Yoast SEO plugin. -->","yoast_head_json":{"title":"Liga\u00e7\u00e3o fluvial entre Cacilhas e Cais do Sodr\u00e9 suspensa por mau tempo - Portal Tela Portugal","robots":{"index":"index","follow":"follow","max-snippet":"max-snippet:-1","max-image-preview":"max-image-preview:large","max-video-preview":"max-video-preview:-1"},"og_locale":"pt_PT","og_type":"article","og_title":"Liga\u00e7\u00e3o fluvial entre Cacilhas e Cais do Sodr\u00e9 suspensa por mau tempo - Portal Tela Portugal","og_description":"O mau tempo levou hoje a Transtejo a interromper a liga\u00e7\u00e3o fluvial entre Cacilhas e o Cais do Sodr\u00e9. A interrup\u00e7\u00e3o foi confirmada no site da empresa. O conte\u00fado completo da not\u00edcia est\u00e1 dispon\u00edvel apenas para subscritores. N\u00e3o foram fornecidos detalhes adicionais sobre a dura\u00e7\u00e3o da interrup\u00e7\u00e3o ou alternativas de transporte.","og_url":"https:\/\/portaltela.pt\/noticias\/2026\/01\/28\/ligacao-fluvial-entre-cacilhas-e-cais-do-sodre-suspensa-por-mau-tempo\/","og_site_name":"Portal Tela Portugal","article_published_time":"2026-01-28T06:57:00+00:00","author":"Telinha","twitter_card":"summary_large_image","twitter_misc":{"Escrito por":"Telinha"},"schema":{"@context":"https:\/\/schema.org","@graph":[{"@type":"Article","@id":"https:\/\/portaltela.pt\/noticias\/2026\/01\/28\/ligacao-fluvial-entre-cacilhas-e-cais-do-sodre-suspensa-por-mau-tempo\/#article","isPartOf":{"@id":"https:\/\/portaltela.pt\/noticias\/2026\/01\/28\/ligacao-fluvial-entre-cacilhas-e-cais-do-sodre-suspensa-por-mau-tempo\/"},"author":{"name":"Telinha","@id":"https:\/\/portaltela.pt\/#\/schema\/person\/c4278d4a6028830caff9ee44b42d32ed"},"headline":"Liga\u00e7\u00e3o fluvial entre Cacilhas e Cais do Sodr\u00e9 suspensa por mau tempo","datePublished":"2026-01-28T06:57:00+00:00","mainEntityOfPage":{"@id":"https:\/\/portaltela.pt\/noticias\/2026\/01\/28\/ligacao-fluvial-entre-cacilhas-e-cais-do-sodre-suspensa-por-mau-tempo\/"},"wordCount":84,"image":{"@id":"https:\/\/portaltela.pt\/noticias\/2026\/01\/28\/ligacao-fluvial-entre-cacilhas-e-cais-do-sodre-suspensa-por-mau-tempo\/#primaryimage"},"thumbnailUrl":"https:\/\/portaltela.pt\/s.01k8rhncp4jt1\/2026\/01\/CACHE_780X1200_ANALOG_WATERMARKED_46395529_2837429_21012026122023.jpg","keywords":["Cacilhas","Lisboa","Mar\u00edtimo","Tejo","transporte","transporte p\u00fablico"],"articleSection":["Not\u00edcias"],"inLanguage":"pt-PT"},{"@type":"WebPage","@id":"https:\/\/portaltela.pt\/noticias\/2026\/01\/28\/ligacao-fluvial-entre-cacilhas-e-cais-do-sodre-suspensa-por-mau-tempo\/","url":"https:\/\/portaltela.pt\/noticias\/2026\/01\/28\/ligacao-fluvial-entre-cacilhas-e-cais-do-sodre-suspensa-por-mau-tempo\/","name":"Liga\u00e7\u00e3o fluvial entre Cacilhas e Cais do Sodr\u00e9 suspensa por mau tempo - Portal Tela Portugal","isPartOf":{"@id":"https:\/\/portaltela.pt\/#website"},"primaryImageOfPage":{"@id":"https:\/\/portaltela.pt\/noticias\/2026\/01\/28\/ligacao-fluvial-entre-cacilhas-e-cais-do-sodre-suspensa-por-mau-tempo\/#primaryimage"},"image":{"@id":"https:\/\/portaltela.pt\/noticias\/2026\/01\/28\/ligacao-fluvial-entre-cacilhas-e-cais-do-sodre-suspensa-por-mau-tempo\/#primaryimage"},"thumbnailUrl":"https:\/\/portaltela.pt\/s.01k8rhncp4jt1\/2026\/01\/CACHE_780X1200_ANALOG_WATERMARKED_46395529_2837429_21012026122023.jpg","datePublished":"2026-01-28T06:57:00+00:00","author":{"@id":"https:\/\/portaltela.pt\/#\/schema\/person\/c4278d4a6028830caff9ee44b42d32ed"},"breadcrumb":{"@id":"https:\/\/portaltela.pt\/noticias\/2026\/01\/28\/ligacao-fluvial-entre-cacilhas-e-cais-do-sodre-suspensa-por-mau-tempo\/#breadcrumb"},"inLanguage":"pt-PT","potentialAction":[{"@type":"ReadAction","target":["https:\/\/portaltela.pt\/noticias\/2026\/01\/28\/ligacao-fluvial-entre-cacilhas-e-cais-do-sodre-suspensa-por-mau-tempo\/"]}]},{"@type":"ImageObject","inLanguage":"pt-PT","@id":"https:\/\/portaltela.pt\/noticias\/2026\/01\/28\/ligacao-fluvial-entre-cacilhas-e-cais-do-sodre-suspensa-por-mau-tempo\/#primaryimage","url":"https:\/\/portaltela.pt\/s.01k8rhncp4jt1\/2026\/01\/CACHE_780X1200_ANALOG_WATERMARKED_46395529_2837429_21012026122023.jpg","contentUrl":"https:\/\/portaltela.pt\/s.01k8rhncp4jt1\/2026\/01\/CACHE_780X1200_ANALOG_WATERMARKED_46395529_2837429_21012026122023.jpg","width":796,"height":448,"caption":"Liga\u00e7\u00e3o fluvial entre Cacilhas e o Cais do Sodr\u00e9 interrompida devido ao mau tempo"},{"@type":"BreadcrumbList","@id":"https:\/\/portaltela.pt\/noticias\/2026\/01\/28\/ligacao-fluvial-entre-cacilhas-e-cais-do-sodre-suspensa-por-mau-tempo\/#breadcrumb","itemListElement":[{"@type":"ListItem","position":1,"name":"In\u00edcio","item":"https:\/\/portaltela.pt\/"},{"@type":"ListItem","position":2,"name":"Liga\u00e7\u00e3o fluvial entre Cacilhas e Cais do Sodr\u00e9 suspensa por mau tempo"}]},{"@type":"WebSite","@id":"https:\/\/portaltela.pt\/#website","url":"https:\/\/portaltela.pt\/","name":"Portal Tela Portugal","description":"","potentialAction":[{"@type":"SearchAction","target":{"@type":"EntryPoint","urlTemplate":"https:\/\/portaltela.pt\/?s={search_term_string}"},"query-input":{"@type":"PropertyValueSpecification","valueRequired":true,"valueName":"search_term_string"}}],"inLanguage":"pt-PT"},{"@type":"Person","@id":"https:\/\/portaltela.pt\/#\/schema\/person\/c4278d4a6028830caff9ee44b42d32ed","name":"Telinha","image":{"@type":"ImageObject","inLanguage":"pt-PT","@id":"https:\/\/portaltela.pt\/s.01k8rhncp4jt1\/2025\/11\/talking-bot-125x125.png","url":"https:\/\/portaltela.pt\/s.01k8rhncp4jt1\/2025\/11\/talking-bot-125x125.png","contentUrl":"https:\/\/portaltela.pt\/s.01k8rhncp4jt1\/2025\/11\/talking-bot-125x125.png","caption":"Telinha"},"sameAs":["https:\/\/portaltela.pt\/"],"url":"https:\/\/portaltela.pt\/por\/367410592786\/"}]}},"_links":{"self":[{"href":"https:\/\/portaltela.pt\/api\/wp\/v2\/posts\/178137","targetHints":{"allow":["GET"]}}],"collection":[{"href":"https:\/\/portaltela.pt\/api\/wp\/v2\/posts"}],"about":[{"href":"https:\/\/portaltela.pt\/api\/wp\/v2\/types\/post"}],"author":[{"embeddable":true,"href":"https:\/\/portaltela.pt\/api\/wp\/v2\/users\/2"}],"replies":[{"embeddable":true,"href":"https:\/\/portaltela.pt\/api\/wp\/v2\/comments?post=178137"}],"version-history":[{"count":0,"href":"https:\/\/portaltela.pt\/api\/wp\/v2\/posts\/178137\/revisions"}],"wp:featuredmedia":[{"embeddable":true,"href":"https:\/\/portaltela.pt\/api\/wp\/v2\/media\/178139"}],"wp:attachment":[{"href":"https:\/\/portaltela.pt\/api\/wp\/v2\/media?parent=178137"}],"wp:term":[{"taxonomy":"category","embeddable":true,"href":"https:\/\/portaltela.pt\/api\/wp\/v2\/categories?post=178137"},{"taxonomy":"post_tag","embeddable":true,"href":"https:\/\/portaltela.pt\/api\/wp\/v2\/tags?post=178137"}],"curies":[{"name":"wp","href":"https:\/\/api.w.org\/{rel}","templated":true}]}}