{"id":178094,"date":"2026-01-28T00:03:00","date_gmt":"2026-01-28T03:03:00","guid":{"rendered":"https:\/\/portaltela.pt\/noticias\/2026\/01\/28\/forcas-russas-iniciam-retirada-de-bases-no-nordeste-da-siria\/"},"modified":"2026-01-28T00:03:00","modified_gmt":"2026-01-28T03:03:00","slug":"forcas-russas-iniciam-retirada-de-bases-no-nordeste-da-siria","status":"publish","type":"post","link":"https:\/\/portaltela.pt\/noticias\/politica\/2026\/01\/28\/forcas-russas-iniciam-retirada-de-bases-no-nordeste-da-siria\/","title":{"rendered":"For\u00e7as russas iniciam retirada de bases no nordeste da S\u00edria"},"content":{"rendered":"<p>As for\u00e7as russas come\u00e7aram a retirar-se de bases no nordeste da S\u00edria, regi\u00e3o ainda controlada por uma coaliz\u00e3o liderada pelos curdos, depois de a ofensiva governamental ter reduzido o territ\u00f3rio que a coaliz\u00e3o detinha. O movimento ocorre num cen\u00e1rio de reconfigura\u00e7\u00e3o militar na \u00e1rea.<\/p>\n<p>A retirada acontece num contexto de presen\u00e7a russa cont\u00ednua em \u00e1reas estrat\u00e9gicamente importantes da regi\u00e3o, ainda sob influ\u00eancia de Damasco, apesar de press\u00f5es para consolidar ganhos operados pelo governo s\u00edrio. N\u00e3o foram detalhados prazos oficiais nem o n\u00famero de unidades envolvidas.<\/p>\n<h3>Contexto regional<\/h3>\n<p>Fontes pr\u00f3ximas do tema indicam que as for\u00e7as russas deslocaram unidades recentemente, saindo de bases situadas junto a fronteiras com \u00e1reas sob controlo da coaliz\u00e3o curda. O objetivo financeiro ou estrat\u00e9gico deste replegamento n\u00e3o foi divulgado.<\/p>\n<p>Analistas destacam que o movimento pode refletir acordos para reduzir a presen\u00e7a militar russa no nordeste, mantendo, contudo, coordena\u00e7\u00e3o com as for\u00e7as locais. A evolu\u00e7\u00e3o \u00e9 acompanhada com aten\u00e7\u00e3o por pa\u00edses da regi\u00e3o e por observadores internacionais.<\/p>\n","protected":false},"excerpt":{"rendered":"<ul>\n<li>As for\u00e7as russas come\u00e7aram a retirar-se das bases no nordeste da S\u00edria.<\/li>\n<li>A retirada ocorre numa \u00e1rea ainda controlada por uma coliga\u00e7\u00e3o liderada pelos curdos.<\/li>\n<li>O recuo acontece depois de essa coliga\u00e7\u00e3o ter perdido a maior parte do territ\u00f3rio numa ofensiva governamental.<\/li>\n<li>O texto n\u00e3o detalha datas ou n\u00fameros espec\u00edficos sobre o movimento.<\/li>\n<li>A reporta\u00e7\u00e3o real\u00e7a que a retirada ocorre em meio a mudan\u00e7as de controle territorial na regi\u00e3o.<\/li>\n<\/ul>\n","protected":false},"author":2,"featured_media":178095,"comment_status":"closed","ping_status":"closed","sticky":false,"template":"","format":"standard","meta":{"footnotes":""},"categories":[1,5],"tags":[1338,2792,66,3110,2066],"class_list":["post-178094","post","type-post","status-publish","format-standard","has-post-thumbnail","hentry","category-noticias","category-politica","tag-coalizao-internacional","tag-conflito-internacional","tag-geopolitica","tag-russia","tag-siria"],"yoast_head":"<!-- This site is optimized with the Yoast SEO plugin v27.2 - https:\/\/yoast.com\/product\/yoast-seo-wordpress\/ -->\n<title>For\u00e7as russas iniciam retirada de bases no nordeste da S\u00edria - Portal Tela Portugal<\/title>\n<meta name=\"robots\" content=\"index, follow, max-snippet:-1, max-image-preview:large, max-video-preview:-1\" \/>\n<meta property=\"og:locale\" content=\"pt_PT\" \/>\n<meta property=\"og:type\" content=\"article\" \/>\n<meta property=\"og:title\" content=\"For\u00e7as russas iniciam retirada de bases no nordeste da S\u00edria - Portal Tela Portugal\" \/>\n<meta property=\"og:description\" content=\"As for\u00e7as russas come\u00e7aram a retirar-se das bases no nordeste da S\u00edria. A retirada ocorre numa \u00e1rea ainda controlada por uma coliga\u00e7\u00e3o liderada pelos curdos. O recuo acontece depois de essa coliga\u00e7\u00e3o ter perdido a maior parte do territ\u00f3rio numa ofensiva governamental. O texto n\u00e3o detalha datas ou n\u00fameros espec\u00edficos sobre o movimento. A reporta\u00e7\u00e3o real\u00e7a que a retirada ocorre em meio a mudan\u00e7as de controle territorial na regi\u00e3o.\" \/>\n<meta property=\"og:url\" content=\"https:\/\/portaltela.pt\/noticias\/2026\/01\/28\/forcas-russas-iniciam-retirada-de-bases-no-nordeste-da-siria\/\" \/>\n<meta property=\"og:site_name\" content=\"Portal Tela Portugal\" \/>\n<meta property=\"article:published_time\" content=\"2026-01-28T03:03:00+00:00\" \/>\n<meta name=\"author\" content=\"Telinha\" \/>\n<meta name=\"twitter:card\" content=\"summary_large_image\" \/>\n<meta name=\"twitter:label1\" content=\"Escrito por\" \/>\n\t<meta name=\"twitter:data1\" content=\"Telinha\" \/>\n\t<meta name=\"twitter:label2\" content=\"Tempo estimado de leitura\" \/>\n\t<meta name=\"twitter:data2\" content=\"1 minuto\" \/>\n<script type=\"application\/ld+json\" class=\"yoast-schema-graph\">{\"@context\":\"https:\/\/schema.org\",\"@graph\":[{\"@type\":\"Article\",\"@id\":\"https:\/\/portaltela.pt\/noticias\/2026\/01\/28\/forcas-russas-iniciam-retirada-de-bases-no-nordeste-da-siria\/#article\",\"isPartOf\":{\"@id\":\"https:\/\/portaltela.pt\/noticias\/2026\/01\/28\/forcas-russas-iniciam-retirada-de-bases-no-nordeste-da-siria\/\"},\"author\":{\"name\":\"Telinha\",\"@id\":\"https:\/\/portaltela.pt\/#\/schema\/person\/c4278d4a6028830caff9ee44b42d32ed\"},\"headline\":\"For\u00e7as russas iniciam retirada de bases no nordeste da S\u00edria\",\"datePublished\":\"2026-01-28T03:03:00+00:00\",\"mainEntityOfPage\":{\"@id\":\"https:\/\/portaltela.pt\/noticias\/2026\/01\/28\/forcas-russas-iniciam-retirada-de-bases-no-nordeste-da-siria\/\"},\"wordCount\":201,\"image\":{\"@id\":\"https:\/\/portaltela.pt\/noticias\/2026\/01\/28\/forcas-russas-iniciam-retirada-de-bases-no-nordeste-da-siria\/#primaryimage\"},\"thumbnailUrl\":\"https:\/\/portaltela.pt\/s.01k8rhncp4jt1\/2026\/01\/CACHE_780X1200_ANALOG_WATERMARKED_46435939_7178902666077.jpg\",\"keywords\":[\"coaliz\u00e3o internacional\",\"conflito internacional\",\"geopol\u00edtica\",\"R\u00fassia\",\"S\u00edria\"],\"articleSection\":[\"Not\u00edcias\",\"Pol\u00edtica\"],\"inLanguage\":\"pt-PT\"},{\"@type\":\"WebPage\",\"@id\":\"https:\/\/portaltela.pt\/noticias\/2026\/01\/28\/forcas-russas-iniciam-retirada-de-bases-no-nordeste-da-siria\/\",\"url\":\"https:\/\/portaltela.pt\/noticias\/2026\/01\/28\/forcas-russas-iniciam-retirada-de-bases-no-nordeste-da-siria\/\",\"name\":\"For\u00e7as russas iniciam retirada de bases no nordeste da S\u00edria - Portal Tela Portugal\",\"isPartOf\":{\"@id\":\"https:\/\/portaltela.pt\/#website\"},\"primaryImageOfPage\":{\"@id\":\"https:\/\/portaltela.pt\/noticias\/2026\/01\/28\/forcas-russas-iniciam-retirada-de-bases-no-nordeste-da-siria\/#primaryimage\"},\"image\":{\"@id\":\"https:\/\/portaltela.pt\/noticias\/2026\/01\/28\/forcas-russas-iniciam-retirada-de-bases-no-nordeste-da-siria\/#primaryimage\"},\"thumbnailUrl\":\"https:\/\/portaltela.pt\/s.01k8rhncp4jt1\/2026\/01\/CACHE_780X1200_ANALOG_WATERMARKED_46435939_7178902666077.jpg\",\"datePublished\":\"2026-01-28T03:03:00+00:00\",\"author\":{\"@id\":\"https:\/\/portaltela.pt\/#\/schema\/person\/c4278d4a6028830caff9ee44b42d32ed\"},\"breadcrumb\":{\"@id\":\"https:\/\/portaltela.pt\/noticias\/2026\/01\/28\/forcas-russas-iniciam-retirada-de-bases-no-nordeste-da-siria\/#breadcrumb\"},\"inLanguage\":\"pt-PT\",\"potentialAction\":[{\"@type\":\"ReadAction\",\"target\":[\"https:\/\/portaltela.pt\/noticias\/2026\/01\/28\/forcas-russas-iniciam-retirada-de-bases-no-nordeste-da-siria\/\"]}]},{\"@type\":\"ImageObject\",\"inLanguage\":\"pt-PT\",\"@id\":\"https:\/\/portaltela.pt\/noticias\/2026\/01\/28\/forcas-russas-iniciam-retirada-de-bases-no-nordeste-da-siria\/#primaryimage\",\"url\":\"https:\/\/portaltela.pt\/s.01k8rhncp4jt1\/2026\/01\/CACHE_780X1200_ANALOG_WATERMARKED_46435939_7178902666077.jpg\",\"contentUrl\":\"https:\/\/portaltela.pt\/s.01k8rhncp4jt1\/2026\/01\/CACHE_780X1200_ANALOG_WATERMARKED_46435939_7178902666077.jpg\",\"width\":796,\"height\":448,\"caption\":\"Photo\"},{\"@type\":\"BreadcrumbList\",\"@id\":\"https:\/\/portaltela.pt\/noticias\/2026\/01\/28\/forcas-russas-iniciam-retirada-de-bases-no-nordeste-da-siria\/#breadcrumb\",\"itemListElement\":[{\"@type\":\"ListItem\",\"position\":1,\"name\":\"In\u00edcio\",\"item\":\"https:\/\/portaltela.pt\/\"},{\"@type\":\"ListItem\",\"position\":2,\"name\":\"For\u00e7as russas iniciam retirada de bases no nordeste da S\u00edria\"}]},{\"@type\":\"WebSite\",\"@id\":\"https:\/\/portaltela.pt\/#website\",\"url\":\"https:\/\/portaltela.pt\/\",\"name\":\"Portal Tela Portugal\",\"description\":\"\",\"potentialAction\":[{\"@type\":\"SearchAction\",\"target\":{\"@type\":\"EntryPoint\",\"urlTemplate\":\"https:\/\/portaltela.pt\/?s={search_term_string}\"},\"query-input\":{\"@type\":\"PropertyValueSpecification\",\"valueRequired\":true,\"valueName\":\"search_term_string\"}}],\"inLanguage\":\"pt-PT\"},{\"@type\":\"Person\",\"@id\":\"https:\/\/portaltela.pt\/#\/schema\/person\/c4278d4a6028830caff9ee44b42d32ed\",\"name\":\"Telinha\",\"image\":{\"@type\":\"ImageObject\",\"inLanguage\":\"pt-PT\",\"@id\":\"https:\/\/portaltela.pt\/s.01k8rhncp4jt1\/2025\/11\/talking-bot-125x125.png\",\"url\":\"https:\/\/portaltela.pt\/s.01k8rhncp4jt1\/2025\/11\/talking-bot-125x125.png\",\"contentUrl\":\"https:\/\/portaltela.pt\/s.01k8rhncp4jt1\/2025\/11\/talking-bot-125x125.png\",\"caption\":\"Telinha\"},\"sameAs\":[\"https:\/\/portaltela.pt\/\"],\"url\":\"https:\/\/portaltela.pt\/por\/367410592786\/\"}]}<\/script>\n<!-- \/ Yoast SEO plugin. -->","yoast_head_json":{"title":"For\u00e7as russas iniciam retirada de bases no nordeste da S\u00edria - Portal Tela Portugal","robots":{"index":"index","follow":"follow","max-snippet":"max-snippet:-1","max-image-preview":"max-image-preview:large","max-video-preview":"max-video-preview:-1"},"og_locale":"pt_PT","og_type":"article","og_title":"For\u00e7as russas iniciam retirada de bases no nordeste da S\u00edria - Portal Tela Portugal","og_description":"As for\u00e7as russas come\u00e7aram a retirar-se das bases no nordeste da S\u00edria. A retirada ocorre numa \u00e1rea ainda controlada por uma coliga\u00e7\u00e3o liderada pelos curdos. O recuo acontece depois de essa coliga\u00e7\u00e3o ter perdido a maior parte do territ\u00f3rio numa ofensiva governamental. O texto n\u00e3o detalha datas ou n\u00fameros espec\u00edficos sobre o movimento. A reporta\u00e7\u00e3o real\u00e7a que a retirada ocorre em meio a mudan\u00e7as de controle territorial na regi\u00e3o.","og_url":"https:\/\/portaltela.pt\/noticias\/2026\/01\/28\/forcas-russas-iniciam-retirada-de-bases-no-nordeste-da-siria\/","og_site_name":"Portal Tela Portugal","article_published_time":"2026-01-28T03:03:00+00:00","author":"Telinha","twitter_card":"summary_large_image","twitter_misc":{"Escrito por":"Telinha","Tempo estimado de leitura":"1 minuto"},"schema":{"@context":"https:\/\/schema.org","@graph":[{"@type":"Article","@id":"https:\/\/portaltela.pt\/noticias\/2026\/01\/28\/forcas-russas-iniciam-retirada-de-bases-no-nordeste-da-siria\/#article","isPartOf":{"@id":"https:\/\/portaltela.pt\/noticias\/2026\/01\/28\/forcas-russas-iniciam-retirada-de-bases-no-nordeste-da-siria\/"},"author":{"name":"Telinha","@id":"https:\/\/portaltela.pt\/#\/schema\/person\/c4278d4a6028830caff9ee44b42d32ed"},"headline":"For\u00e7as russas iniciam retirada de bases no nordeste da S\u00edria","datePublished":"2026-01-28T03:03:00+00:00","mainEntityOfPage":{"@id":"https:\/\/portaltela.pt\/noticias\/2026\/01\/28\/forcas-russas-iniciam-retirada-de-bases-no-nordeste-da-siria\/"},"wordCount":201,"image":{"@id":"https:\/\/portaltela.pt\/noticias\/2026\/01\/28\/forcas-russas-iniciam-retirada-de-bases-no-nordeste-da-siria\/#primaryimage"},"thumbnailUrl":"https:\/\/portaltela.pt\/s.01k8rhncp4jt1\/2026\/01\/CACHE_780X1200_ANALOG_WATERMARKED_46435939_7178902666077.jpg","keywords":["coaliz\u00e3o internacional","conflito internacional","geopol\u00edtica","R\u00fassia","S\u00edria"],"articleSection":["Not\u00edcias","Pol\u00edtica"],"inLanguage":"pt-PT"},{"@type":"WebPage","@id":"https:\/\/portaltela.pt\/noticias\/2026\/01\/28\/forcas-russas-iniciam-retirada-de-bases-no-nordeste-da-siria\/","url":"https:\/\/portaltela.pt\/noticias\/2026\/01\/28\/forcas-russas-iniciam-retirada-de-bases-no-nordeste-da-siria\/","name":"For\u00e7as russas iniciam retirada de bases no nordeste da S\u00edria - Portal Tela Portugal","isPartOf":{"@id":"https:\/\/portaltela.pt\/#website"},"primaryImageOfPage":{"@id":"https:\/\/portaltela.pt\/noticias\/2026\/01\/28\/forcas-russas-iniciam-retirada-de-bases-no-nordeste-da-siria\/#primaryimage"},"image":{"@id":"https:\/\/portaltela.pt\/noticias\/2026\/01\/28\/forcas-russas-iniciam-retirada-de-bases-no-nordeste-da-siria\/#primaryimage"},"thumbnailUrl":"https:\/\/portaltela.pt\/s.01k8rhncp4jt1\/2026\/01\/CACHE_780X1200_ANALOG_WATERMARKED_46435939_7178902666077.jpg","datePublished":"2026-01-28T03:03:00+00:00","author":{"@id":"https:\/\/portaltela.pt\/#\/schema\/person\/c4278d4a6028830caff9ee44b42d32ed"},"breadcrumb":{"@id":"https:\/\/portaltela.pt\/noticias\/2026\/01\/28\/forcas-russas-iniciam-retirada-de-bases-no-nordeste-da-siria\/#breadcrumb"},"inLanguage":"pt-PT","potentialAction":[{"@type":"ReadAction","target":["https:\/\/portaltela.pt\/noticias\/2026\/01\/28\/forcas-russas-iniciam-retirada-de-bases-no-nordeste-da-siria\/"]}]},{"@type":"ImageObject","inLanguage":"pt-PT","@id":"https:\/\/portaltela.pt\/noticias\/2026\/01\/28\/forcas-russas-iniciam-retirada-de-bases-no-nordeste-da-siria\/#primaryimage","url":"https:\/\/portaltela.pt\/s.01k8rhncp4jt1\/2026\/01\/CACHE_780X1200_ANALOG_WATERMARKED_46435939_7178902666077.jpg","contentUrl":"https:\/\/portaltela.pt\/s.01k8rhncp4jt1\/2026\/01\/CACHE_780X1200_ANALOG_WATERMARKED_46435939_7178902666077.jpg","width":796,"height":448,"caption":"Photo"},{"@type":"BreadcrumbList","@id":"https:\/\/portaltela.pt\/noticias\/2026\/01\/28\/forcas-russas-iniciam-retirada-de-bases-no-nordeste-da-siria\/#breadcrumb","itemListElement":[{"@type":"ListItem","position":1,"name":"In\u00edcio","item":"https:\/\/portaltela.pt\/"},{"@type":"ListItem","position":2,"name":"For\u00e7as russas iniciam retirada de bases no nordeste da S\u00edria"}]},{"@type":"WebSite","@id":"https:\/\/portaltela.pt\/#website","url":"https:\/\/portaltela.pt\/","name":"Portal Tela Portugal","description":"","potentialAction":[{"@type":"SearchAction","target":{"@type":"EntryPoint","urlTemplate":"https:\/\/portaltela.pt\/?s={search_term_string}"},"query-input":{"@type":"PropertyValueSpecification","valueRequired":true,"valueName":"search_term_string"}}],"inLanguage":"pt-PT"},{"@type":"Person","@id":"https:\/\/portaltela.pt\/#\/schema\/person\/c4278d4a6028830caff9ee44b42d32ed","name":"Telinha","image":{"@type":"ImageObject","inLanguage":"pt-PT","@id":"https:\/\/portaltela.pt\/s.01k8rhncp4jt1\/2025\/11\/talking-bot-125x125.png","url":"https:\/\/portaltela.pt\/s.01k8rhncp4jt1\/2025\/11\/talking-bot-125x125.png","contentUrl":"https:\/\/portaltela.pt\/s.01k8rhncp4jt1\/2025\/11\/talking-bot-125x125.png","caption":"Telinha"},"sameAs":["https:\/\/portaltela.pt\/"],"url":"https:\/\/portaltela.pt\/por\/367410592786\/"}]}},"_links":{"self":[{"href":"https:\/\/portaltela.pt\/api\/wp\/v2\/posts\/178094","targetHints":{"allow":["GET"]}}],"collection":[{"href":"https:\/\/portaltela.pt\/api\/wp\/v2\/posts"}],"about":[{"href":"https:\/\/portaltela.pt\/api\/wp\/v2\/types\/post"}],"author":[{"embeddable":true,"href":"https:\/\/portaltela.pt\/api\/wp\/v2\/users\/2"}],"replies":[{"embeddable":true,"href":"https:\/\/portaltela.pt\/api\/wp\/v2\/comments?post=178094"}],"version-history":[{"count":0,"href":"https:\/\/portaltela.pt\/api\/wp\/v2\/posts\/178094\/revisions"}],"wp:featuredmedia":[{"embeddable":true,"href":"https:\/\/portaltela.pt\/api\/wp\/v2\/media\/178095"}],"wp:attachment":[{"href":"https:\/\/portaltela.pt\/api\/wp\/v2\/media?parent=178094"}],"wp:term":[{"taxonomy":"category","embeddable":true,"href":"https:\/\/portaltela.pt\/api\/wp\/v2\/categories?post=178094"},{"taxonomy":"post_tag","embeddable":true,"href":"https:\/\/portaltela.pt\/api\/wp\/v2\/tags?post=178094"}],"curies":[{"name":"wp","href":"https:\/\/api.w.org\/{rel}","templated":true}]}}