{"id":178067,"date":"2026-01-27T21:49:06","date_gmt":"2026-01-28T00:49:06","guid":{"rendered":"https:\/\/portaltela.pt\/noticias\/2026\/01\/27\/ministro-defende-esforco-persistente-no-recrutamento-militar\/"},"modified":"2026-01-27T21:49:06","modified_gmt":"2026-01-28T00:49:06","slug":"ministro-defende-esforco-persistente-no-recrutamento-militar","status":"publish","type":"post","link":"https:\/\/portaltela.pt\/noticias\/2026\/01\/27\/ministro-defende-esforco-persistente-no-recrutamento-militar\/","title":{"rendered":"Ministro defende esfor\u00e7o persistente no recrutamento militar"},"content":{"rendered":"<p>O ministro da Defesa Nacional defende um \u201cesfor\u00e7o persistente\u201d no recrutamento de militares, n\u00e3o como fen\u00f3meno pontual, e defende investimento em material com retorno econ\u00f3mico. A fala ocorreu \u00e0 chegada a Istambul, onde chegou numa aeronave KC-390, para avaliar investimentos no setor.<\/p>\n<p>Nuno Melo disse que a visita est\u00e1 alinhada com o contexto atual e que Portugal quer envolver as empresas nacionais no ciclo de produ\u00e7\u00e3o e manuten\u00e7\u00e3o. O objetivo \u00e9 obter retorno econ\u00f3mico e refor\u00e7ar capacidades.<\/p>\n<p>Acompanhando o ministro estavam representantes das ind\u00fastrias de Defesa, incluindo o presidente do Conselho de Administra\u00e7\u00e3o da IdD Portugal Defence, Ricardo Pinheiro Alves, para explorar possibilidades nos dom\u00ednios terrestre, a\u00e9reo, mar\u00edtimo e espacial.<\/p>\n<h3>Visita a Istambul e participa\u00e7\u00e3o na Marinha<\/h3>\n<p>O ministro destacou que Portugal vai ver, em Istambul, o primeiro de dois navios reabastecedores da Marinha, o NRP Lu\u00eds de Cam\u00f5es, em constru\u00e7\u00e3o nos estaleiros da ADA, em Tuzla.<\/p>\n<p>Nuno Melo lembrou que a Turquia n\u00e3o \u00e9 membro da Uni\u00e3o Europeia, mas \u00e9 um ator relevante na NATO, refor\u00e7ando a coopera\u00e7\u00e3o entre ambos os pa\u00edses. A comitiva inclui v\u00e1rias empresas nacionais.<\/p>\n<h3>Perspetivas e pr\u00f3ximos passos<\/h3>\n<p>A comitiva portuguesa tem ainda planos para uma desloca\u00e7\u00e3o a Vars\u00f3via, na Pol\u00f3nia, no final da semana, para continuar a avalia\u00e7\u00e3o de oportunidades no setor de Defesa. O objetivo \u00e9 manter o ciclo de recrutamento e o desenvolvimento tecnol\u00f3gico em alinhamento com a NATO.<\/p>\n","protected":false},"excerpt":{"rendered":"<ul>\n<li>O ministro da Defesa Nacional, Nuno Melo, defendeu o recrutamento militar com um \u201cesfor\u00e7o persistente\u201d para n\u00e3o ser apenas pontual, aliado ao investimento em material com retorno econ\u00f3mico.<\/li>\n<li>Em Istambul, o governante afirmou que Portugal investe no setor militar e quer envolvimento das empresas nacionais no ciclo de produ\u00e7\u00e3o e manuten\u00e7\u00e3o da aeronave KC-390, adaptada \u00e0 NATO e \u00e0 Uni\u00e3o Europeia.<\/li>\n<li>Sobre recursos humanos, Nuno Melo disse que o Governo come\u00e7ou pelas pessoas, aumentando sal\u00e1rios e suplementos; afirmou que mais militares entram do que saem, iniciando um ciclo sustent\u00e1vel.<\/li>\n<li>O ministro destacou a visita ao Navio da Rep\u00fablica Portuguesa (NRP) Lu\u00eds de Cam\u00f5es, em constru\u00e7\u00e3o nos estaleiros da ADA, em Tuzla, para refor\u00e7ar a Marinha.<\/li>\n<li>A comitiva inclui representantes da ind\u00fastria de Defesa, como o presidente do Conselho de Administra\u00e7\u00e3o da IdD Portugal Defence, Ricardo Pinheiro Alves, com vista a apresentar capacidades nacionais; a viagem contempla ainda Vars\u00f3via, na Pol\u00f3nia, at\u00e9 ao final da semana.<\/li>\n<\/ul>\n","protected":false},"author":2,"featured_media":178081,"comment_status":"closed","ping_status":"closed","sticky":false,"template":"","format":"standard","meta":{"footnotes":""},"categories":[1],"tags":[256,2336,1779,255,2269,1014],"class_list":["post-178067","post","type-post","status-publish","format-standard","has-post-thumbnail","hentry","category-noticias","tag-cooperacao-internacional","tag-defesa-nacional","tag-forcas-armadas","tag-industria","tag-marinha-portuguesa","tag-portugal"],"yoast_head":"<!-- This site is optimized with the Yoast SEO plugin v27.2 - https:\/\/yoast.com\/product\/yoast-seo-wordpress\/ -->\n<title>Ministro defende esfor\u00e7o persistente no recrutamento militar - Portal Tela Portugal<\/title>\n<meta name=\"robots\" content=\"index, follow, max-snippet:-1, max-image-preview:large, max-video-preview:-1\" \/>\n<meta property=\"og:locale\" content=\"pt_PT\" \/>\n<meta property=\"og:type\" content=\"article\" \/>\n<meta property=\"og:title\" content=\"Ministro defende esfor\u00e7o persistente no recrutamento militar - Portal Tela Portugal\" \/>\n<meta property=\"og:description\" content=\"O ministro da Defesa Nacional, Nuno Melo, defendeu o recrutamento militar com um \u201cesfor\u00e7o persistente\u201d para n\u00e3o ser apenas pontual, aliado ao investimento em material com retorno econ\u00f3mico. Em Istambul, o governante afirmou que Portugal investe no setor militar e quer envolvimento das empresas nacionais no ciclo de produ\u00e7\u00e3o e manuten\u00e7\u00e3o da aeronave KC-390, adaptada \u00e0 NATO e \u00e0 Uni\u00e3o Europeia. Sobre recursos humanos, Nuno Melo disse que o Governo come\u00e7ou pelas pessoas, aumentando sal\u00e1rios e suplementos; afirmou que mais militares entram do que saem, iniciando um ciclo sustent\u00e1vel. O ministro destacou a visita ao Navio da Rep\u00fablica Portuguesa (NRP) Lu\u00eds de Cam\u00f5es, em constru\u00e7\u00e3o nos estaleiros da ADA, em Tuzla, para refor\u00e7ar a Marinha. A comitiva inclui representantes da ind\u00fastria de Defesa, como o presidente do Conselho de Administra\u00e7\u00e3o da IdD Portugal Defence, Ricardo Pinheiro Alves, com vista a apresentar capacidades nacionais; a viagem contempla ainda Vars\u00f3via, na Pol\u00f3nia, at\u00e9 ao final da semana.\" \/>\n<meta property=\"og:url\" content=\"https:\/\/portaltela.pt\/noticias\/2026\/01\/27\/ministro-defende-esforco-persistente-no-recrutamento-militar\/\" \/>\n<meta property=\"og:site_name\" content=\"Portal Tela Portugal\" \/>\n<meta property=\"article:published_time\" content=\"2026-01-28T00:49:06+00:00\" \/>\n<meta name=\"author\" content=\"Telinha\" \/>\n<meta name=\"twitter:card\" content=\"summary_large_image\" \/>\n<meta name=\"twitter:label1\" content=\"Escrito por\" \/>\n\t<meta name=\"twitter:data1\" content=\"Telinha\" \/>\n\t<meta name=\"twitter:label2\" content=\"Tempo estimado de leitura\" \/>\n\t<meta name=\"twitter:data2\" content=\"1 minuto\" \/>\n<script type=\"application\/ld+json\" class=\"yoast-schema-graph\">{\"@context\":\"https:\/\/schema.org\",\"@graph\":[{\"@type\":\"Article\",\"@id\":\"https:\/\/portaltela.pt\/noticias\/2026\/01\/27\/ministro-defende-esforco-persistente-no-recrutamento-militar\/#article\",\"isPartOf\":{\"@id\":\"https:\/\/portaltela.pt\/noticias\/2026\/01\/27\/ministro-defende-esforco-persistente-no-recrutamento-militar\/\"},\"author\":{\"name\":\"Telinha\",\"@id\":\"https:\/\/portaltela.pt\/#\/schema\/person\/c4278d4a6028830caff9ee44b42d32ed\"},\"headline\":\"Ministro defende esfor\u00e7o persistente no recrutamento militar\",\"datePublished\":\"2026-01-28T00:49:06+00:00\",\"mainEntityOfPage\":{\"@id\":\"https:\/\/portaltela.pt\/noticias\/2026\/01\/27\/ministro-defende-esforco-persistente-no-recrutamento-militar\/\"},\"wordCount\":259,\"image\":{\"@id\":\"https:\/\/portaltela.pt\/noticias\/2026\/01\/27\/ministro-defende-esforco-persistente-no-recrutamento-militar\/#primaryimage\"},\"thumbnailUrl\":\"https:\/\/portaltela.pt\/s.01k8rhncp4jt1\/2026\/01\/46437407.jpg\",\"keywords\":[\"coopera\u00e7\u00e3o internacional\",\"Defesa Nacional\",\"For\u00e7as Armadas\",\"ind\u00fastria\",\"Marinha Portuguesa\",\"Portugal\"],\"articleSection\":[\"Not\u00edcias\"],\"inLanguage\":\"pt-PT\"},{\"@type\":\"WebPage\",\"@id\":\"https:\/\/portaltela.pt\/noticias\/2026\/01\/27\/ministro-defende-esforco-persistente-no-recrutamento-militar\/\",\"url\":\"https:\/\/portaltela.pt\/noticias\/2026\/01\/27\/ministro-defende-esforco-persistente-no-recrutamento-militar\/\",\"name\":\"Ministro defende esfor\u00e7o persistente no recrutamento militar - Portal Tela Portugal\",\"isPartOf\":{\"@id\":\"https:\/\/portaltela.pt\/#website\"},\"primaryImageOfPage\":{\"@id\":\"https:\/\/portaltela.pt\/noticias\/2026\/01\/27\/ministro-defende-esforco-persistente-no-recrutamento-militar\/#primaryimage\"},\"image\":{\"@id\":\"https:\/\/portaltela.pt\/noticias\/2026\/01\/27\/ministro-defende-esforco-persistente-no-recrutamento-militar\/#primaryimage\"},\"thumbnailUrl\":\"https:\/\/portaltela.pt\/s.01k8rhncp4jt1\/2026\/01\/46437407.jpg\",\"datePublished\":\"2026-01-28T00:49:06+00:00\",\"author\":{\"@id\":\"https:\/\/portaltela.pt\/#\/schema\/person\/c4278d4a6028830caff9ee44b42d32ed\"},\"breadcrumb\":{\"@id\":\"https:\/\/portaltela.pt\/noticias\/2026\/01\/27\/ministro-defende-esforco-persistente-no-recrutamento-militar\/#breadcrumb\"},\"inLanguage\":\"pt-PT\",\"potentialAction\":[{\"@type\":\"ReadAction\",\"target\":[\"https:\/\/portaltela.pt\/noticias\/2026\/01\/27\/ministro-defende-esforco-persistente-no-recrutamento-militar\/\"]}]},{\"@type\":\"ImageObject\",\"inLanguage\":\"pt-PT\",\"@id\":\"https:\/\/portaltela.pt\/noticias\/2026\/01\/27\/ministro-defende-esforco-persistente-no-recrutamento-militar\/#primaryimage\",\"url\":\"https:\/\/portaltela.pt\/s.01k8rhncp4jt1\/2026\/01\/46437407.jpg\",\"contentUrl\":\"https:\/\/portaltela.pt\/s.01k8rhncp4jt1\/2026\/01\/46437407.jpg\",\"width\":796,\"height\":448,\"caption\":\"Photo\"},{\"@type\":\"BreadcrumbList\",\"@id\":\"https:\/\/portaltela.pt\/noticias\/2026\/01\/27\/ministro-defende-esforco-persistente-no-recrutamento-militar\/#breadcrumb\",\"itemListElement\":[{\"@type\":\"ListItem\",\"position\":1,\"name\":\"In\u00edcio\",\"item\":\"https:\/\/portaltela.pt\/\"},{\"@type\":\"ListItem\",\"position\":2,\"name\":\"Ministro defende esfor\u00e7o persistente no recrutamento militar\"}]},{\"@type\":\"WebSite\",\"@id\":\"https:\/\/portaltela.pt\/#website\",\"url\":\"https:\/\/portaltela.pt\/\",\"name\":\"Portal Tela Portugal\",\"description\":\"\",\"potentialAction\":[{\"@type\":\"SearchAction\",\"target\":{\"@type\":\"EntryPoint\",\"urlTemplate\":\"https:\/\/portaltela.pt\/?s={search_term_string}\"},\"query-input\":{\"@type\":\"PropertyValueSpecification\",\"valueRequired\":true,\"valueName\":\"search_term_string\"}}],\"inLanguage\":\"pt-PT\"},{\"@type\":\"Person\",\"@id\":\"https:\/\/portaltela.pt\/#\/schema\/person\/c4278d4a6028830caff9ee44b42d32ed\",\"name\":\"Telinha\",\"image\":{\"@type\":\"ImageObject\",\"inLanguage\":\"pt-PT\",\"@id\":\"https:\/\/portaltela.pt\/s.01k8rhncp4jt1\/2025\/11\/talking-bot-125x125.png\",\"url\":\"https:\/\/portaltela.pt\/s.01k8rhncp4jt1\/2025\/11\/talking-bot-125x125.png\",\"contentUrl\":\"https:\/\/portaltela.pt\/s.01k8rhncp4jt1\/2025\/11\/talking-bot-125x125.png\",\"caption\":\"Telinha\"},\"sameAs\":[\"https:\/\/portaltela.pt\/\"],\"url\":\"https:\/\/portaltela.pt\/por\/367410592786\/\"}]}<\/script>\n<!-- \/ Yoast SEO plugin. -->","yoast_head_json":{"title":"Ministro defende esfor\u00e7o persistente no recrutamento militar - Portal Tela Portugal","robots":{"index":"index","follow":"follow","max-snippet":"max-snippet:-1","max-image-preview":"max-image-preview:large","max-video-preview":"max-video-preview:-1"},"og_locale":"pt_PT","og_type":"article","og_title":"Ministro defende esfor\u00e7o persistente no recrutamento militar - Portal Tela Portugal","og_description":"O ministro da Defesa Nacional, Nuno Melo, defendeu o recrutamento militar com um \u201cesfor\u00e7o persistente\u201d para n\u00e3o ser apenas pontual, aliado ao investimento em material com retorno econ\u00f3mico. Em Istambul, o governante afirmou que Portugal investe no setor militar e quer envolvimento das empresas nacionais no ciclo de produ\u00e7\u00e3o e manuten\u00e7\u00e3o da aeronave KC-390, adaptada \u00e0 NATO e \u00e0 Uni\u00e3o Europeia. Sobre recursos humanos, Nuno Melo disse que o Governo come\u00e7ou pelas pessoas, aumentando sal\u00e1rios e suplementos; afirmou que mais militares entram do que saem, iniciando um ciclo sustent\u00e1vel. O ministro destacou a visita ao Navio da Rep\u00fablica Portuguesa (NRP) Lu\u00eds de Cam\u00f5es, em constru\u00e7\u00e3o nos estaleiros da ADA, em Tuzla, para refor\u00e7ar a Marinha. A comitiva inclui representantes da ind\u00fastria de Defesa, como o presidente do Conselho de Administra\u00e7\u00e3o da IdD Portugal Defence, Ricardo Pinheiro Alves, com vista a apresentar capacidades nacionais; a viagem contempla ainda Vars\u00f3via, na Pol\u00f3nia, at\u00e9 ao final da semana.","og_url":"https:\/\/portaltela.pt\/noticias\/2026\/01\/27\/ministro-defende-esforco-persistente-no-recrutamento-militar\/","og_site_name":"Portal Tela Portugal","article_published_time":"2026-01-28T00:49:06+00:00","author":"Telinha","twitter_card":"summary_large_image","twitter_misc":{"Escrito por":"Telinha","Tempo estimado de leitura":"1 minuto"},"schema":{"@context":"https:\/\/schema.org","@graph":[{"@type":"Article","@id":"https:\/\/portaltela.pt\/noticias\/2026\/01\/27\/ministro-defende-esforco-persistente-no-recrutamento-militar\/#article","isPartOf":{"@id":"https:\/\/portaltela.pt\/noticias\/2026\/01\/27\/ministro-defende-esforco-persistente-no-recrutamento-militar\/"},"author":{"name":"Telinha","@id":"https:\/\/portaltela.pt\/#\/schema\/person\/c4278d4a6028830caff9ee44b42d32ed"},"headline":"Ministro defende esfor\u00e7o persistente no recrutamento militar","datePublished":"2026-01-28T00:49:06+00:00","mainEntityOfPage":{"@id":"https:\/\/portaltela.pt\/noticias\/2026\/01\/27\/ministro-defende-esforco-persistente-no-recrutamento-militar\/"},"wordCount":259,"image":{"@id":"https:\/\/portaltela.pt\/noticias\/2026\/01\/27\/ministro-defende-esforco-persistente-no-recrutamento-militar\/#primaryimage"},"thumbnailUrl":"https:\/\/portaltela.pt\/s.01k8rhncp4jt1\/2026\/01\/46437407.jpg","keywords":["coopera\u00e7\u00e3o internacional","Defesa Nacional","For\u00e7as Armadas","ind\u00fastria","Marinha Portuguesa","Portugal"],"articleSection":["Not\u00edcias"],"inLanguage":"pt-PT"},{"@type":"WebPage","@id":"https:\/\/portaltela.pt\/noticias\/2026\/01\/27\/ministro-defende-esforco-persistente-no-recrutamento-militar\/","url":"https:\/\/portaltela.pt\/noticias\/2026\/01\/27\/ministro-defende-esforco-persistente-no-recrutamento-militar\/","name":"Ministro defende esfor\u00e7o persistente no recrutamento militar - Portal Tela Portugal","isPartOf":{"@id":"https:\/\/portaltela.pt\/#website"},"primaryImageOfPage":{"@id":"https:\/\/portaltela.pt\/noticias\/2026\/01\/27\/ministro-defende-esforco-persistente-no-recrutamento-militar\/#primaryimage"},"image":{"@id":"https:\/\/portaltela.pt\/noticias\/2026\/01\/27\/ministro-defende-esforco-persistente-no-recrutamento-militar\/#primaryimage"},"thumbnailUrl":"https:\/\/portaltela.pt\/s.01k8rhncp4jt1\/2026\/01\/46437407.jpg","datePublished":"2026-01-28T00:49:06+00:00","author":{"@id":"https:\/\/portaltela.pt\/#\/schema\/person\/c4278d4a6028830caff9ee44b42d32ed"},"breadcrumb":{"@id":"https:\/\/portaltela.pt\/noticias\/2026\/01\/27\/ministro-defende-esforco-persistente-no-recrutamento-militar\/#breadcrumb"},"inLanguage":"pt-PT","potentialAction":[{"@type":"ReadAction","target":["https:\/\/portaltela.pt\/noticias\/2026\/01\/27\/ministro-defende-esforco-persistente-no-recrutamento-militar\/"]}]},{"@type":"ImageObject","inLanguage":"pt-PT","@id":"https:\/\/portaltela.pt\/noticias\/2026\/01\/27\/ministro-defende-esforco-persistente-no-recrutamento-militar\/#primaryimage","url":"https:\/\/portaltela.pt\/s.01k8rhncp4jt1\/2026\/01\/46437407.jpg","contentUrl":"https:\/\/portaltela.pt\/s.01k8rhncp4jt1\/2026\/01\/46437407.jpg","width":796,"height":448,"caption":"Photo"},{"@type":"BreadcrumbList","@id":"https:\/\/portaltela.pt\/noticias\/2026\/01\/27\/ministro-defende-esforco-persistente-no-recrutamento-militar\/#breadcrumb","itemListElement":[{"@type":"ListItem","position":1,"name":"In\u00edcio","item":"https:\/\/portaltela.pt\/"},{"@type":"ListItem","position":2,"name":"Ministro defende esfor\u00e7o persistente no recrutamento militar"}]},{"@type":"WebSite","@id":"https:\/\/portaltela.pt\/#website","url":"https:\/\/portaltela.pt\/","name":"Portal Tela Portugal","description":"","potentialAction":[{"@type":"SearchAction","target":{"@type":"EntryPoint","urlTemplate":"https:\/\/portaltela.pt\/?s={search_term_string}"},"query-input":{"@type":"PropertyValueSpecification","valueRequired":true,"valueName":"search_term_string"}}],"inLanguage":"pt-PT"},{"@type":"Person","@id":"https:\/\/portaltela.pt\/#\/schema\/person\/c4278d4a6028830caff9ee44b42d32ed","name":"Telinha","image":{"@type":"ImageObject","inLanguage":"pt-PT","@id":"https:\/\/portaltela.pt\/s.01k8rhncp4jt1\/2025\/11\/talking-bot-125x125.png","url":"https:\/\/portaltela.pt\/s.01k8rhncp4jt1\/2025\/11\/talking-bot-125x125.png","contentUrl":"https:\/\/portaltela.pt\/s.01k8rhncp4jt1\/2025\/11\/talking-bot-125x125.png","caption":"Telinha"},"sameAs":["https:\/\/portaltela.pt\/"],"url":"https:\/\/portaltela.pt\/por\/367410592786\/"}]}},"_links":{"self":[{"href":"https:\/\/portaltela.pt\/api\/wp\/v2\/posts\/178067","targetHints":{"allow":["GET"]}}],"collection":[{"href":"https:\/\/portaltela.pt\/api\/wp\/v2\/posts"}],"about":[{"href":"https:\/\/portaltela.pt\/api\/wp\/v2\/types\/post"}],"author":[{"embeddable":true,"href":"https:\/\/portaltela.pt\/api\/wp\/v2\/users\/2"}],"replies":[{"embeddable":true,"href":"https:\/\/portaltela.pt\/api\/wp\/v2\/comments?post=178067"}],"version-history":[{"count":0,"href":"https:\/\/portaltela.pt\/api\/wp\/v2\/posts\/178067\/revisions"}],"wp:featuredmedia":[{"embeddable":true,"href":"https:\/\/portaltela.pt\/api\/wp\/v2\/media\/178081"}],"wp:attachment":[{"href":"https:\/\/portaltela.pt\/api\/wp\/v2\/media?parent=178067"}],"wp:term":[{"taxonomy":"category","embeddable":true,"href":"https:\/\/portaltela.pt\/api\/wp\/v2\/categories?post=178067"},{"taxonomy":"post_tag","embeddable":true,"href":"https:\/\/portaltela.pt\/api\/wp\/v2\/tags?post=178067"}],"curies":[{"name":"wp","href":"https:\/\/api.w.org\/{rel}","templated":true}]}}