{"id":178027,"date":"2026-01-27T22:30:00","date_gmt":"2026-01-28T01:30:00","guid":{"rendered":"https:\/\/portaltela.pt\/noticias\/2026\/01\/27\/peritos-afirmam-que-abusos-na-igreja-catolica-nao-sao-do-passado\/"},"modified":"2026-01-27T22:30:00","modified_gmt":"2026-01-28T01:30:00","slug":"peritos-afirmam-que-abusos-na-igreja-catolica-nao-sao-do-passado","status":"publish","type":"post","link":"https:\/\/portaltela.pt\/noticias\/2026\/01\/27\/peritos-afirmam-que-abusos-na-igreja-catolica-nao-sao-do-passado\/","title":{"rendered":"Peritos afirmam que abusos na Igreja Cat\u00f3lica n\u00e3o s\u00e3o do passado"},"content":{"rendered":"<p>O grupo Vita, respons\u00e1vel por receber queixas de abusos sexuais na Igreja Cat\u00f3lica, revelou que os abusos n\u00e3o ficaram no passado. O levantamento baseia-se em 75 casos que j\u00e1 foram enviados para avalia\u00e7\u00e3o de compensa\u00e7\u00e3o financeira.<\/p>\n<p>Rute Agulhas, coordenadora do Vita, informa que, em 2023, registaram-se situa\u00e7\u00f5es ainda recentes. O grupo recebeu cerca de 850 chamadas, com 154 pessoas identificadas como v\u00edtimas ou sobreviventes de abusos.<\/p>\n<p>Entre os casos, 95 solicitavam compensa\u00e7\u00e3o financeira, mas apenas 75 foram considerados para avalia\u00e7\u00e3o de indemniza\u00e7\u00e3o pela Igreja. As peritagens decorrem at\u00e9 ao encerramento do grupo, em maio.<\/p>\n<p>Apoio e prote\u00e7\u00e3o permanecem com falhas estruturais. Existem assimetrias de poder, vis\u00f5es distorcidas sobre o papel sacerdotal e resist\u00eancia cultural que dificultam den\u00fancias e a prote\u00e7\u00e3o de crian\u00e7as e adultos vulner\u00e1veis.<\/p>\n<p>Agulhas aponta ainda para a aus\u00eancia de estruturas uniformizadas e para a falta de mecanismos de presta\u00e7\u00e3o de contas. A articula\u00e7\u00e3o entre Comiss\u00f5es Diocesanas e Institutos Religiosos permanece fragilizada.<\/p>\n<p>Segundo a psic\u00f3loga, h\u00e1 uma ideia enraizada de que os sacerdotes s\u00e3o moralmente superiores, o que dificulta a den\u00fancia de abusos. O fen\u00f3meno tamb\u00e9m inclui dimens\u00f5es hier\u00e1rquicas e laborais, n\u00e3o apenas de natureza sexual.<\/p>\n<p>Este conjunto de fatores refor\u00e7a a desigualdade de poder e descredibiliza as v\u00edtimas, acrescenta a especialista, sem indicar altera\u00e7\u00f5es imediatas de funcionamento do sistema de prote\u00e7\u00e3o.<\/p>\n","protected":false},"excerpt":{"rendered":"<ul>\n<li>O Grupo Vita recebeu cerca de oitocentas cinquenta chamadas desde maio de 2023, com quinhentas e cinquenta e quatro identificando pessoas v\u00edtimas ou sobreviventes de abusos da Igreja Cat\u00f3lica.<\/li>\n<li>Destas, noventa e cinco pediram uma compensa\u00e7\u00e3o financeira, e 75 casos foram remetidos \u00e0 Igreja para avalia\u00e7\u00e3o de eventual atribui\u00e7\u00e3o de compensa\u00e7\u00e3o.<\/li>\n<li>A coordenadora Rute Agulhas afirmou que os abusos \u201cn\u00e3o s\u00e3o coisa do passado\u201d e que existem registos recentes, de 2023, mesmo com a tem\u00e1tica na agenda p\u00fablica.<\/li>\n<li>O relat\u00f3rio aponta assimetrias de poder, perce\u00e7\u00f5es distorcidas sobre a figura sacerdotal e resist\u00eancias culturais que dificultam a den\u00fancia e a prote\u00e7\u00e3o de crian\u00e7as e adultos vulner\u00e1veis.<\/li>\n<li>O grupo termina fun\u00e7\u00f5es em maio, e refor\u00e7a que a Igreja ainda n\u00e3o tem estruturas uniformizadas nem mecanismos de presta\u00e7\u00e3o de contas, o que compromete a prote\u00e7\u00e3o aut\u00f3noma e eficaz.<\/li>\n<\/ul>\n","protected":false},"author":2,"featured_media":178035,"comment_status":"closed","ping_status":"closed","sticky":false,"template":"","format":"standard","meta":{"footnotes":""},"categories":[1],"tags":[657,103,102,2372,2181,4207],"class_list":["post-178027","post","type-post","status-publish","format-standard","has-post-thumbnail","hentry","category-noticias","tag-abuso-de-sexual-de-menor-dependente-ou-em-situacao-vulneravel","tag-catolicismo","tag-igreja","tag-indenizacao","tag-protecao-de-menores","tag-testemunhos"],"yoast_head":"<!-- This site is optimized with the Yoast SEO plugin v27.2 - https:\/\/yoast.com\/product\/yoast-seo-wordpress\/ -->\n<title>Peritos afirmam que abusos na Igreja Cat\u00f3lica n\u00e3o s\u00e3o do passado - Portal Tela Portugal<\/title>\n<meta name=\"robots\" content=\"index, follow, max-snippet:-1, max-image-preview:large, max-video-preview:-1\" \/>\n<meta property=\"og:locale\" content=\"pt_PT\" \/>\n<meta property=\"og:type\" content=\"article\" \/>\n<meta property=\"og:title\" content=\"Peritos afirmam que abusos na Igreja Cat\u00f3lica n\u00e3o s\u00e3o do passado - Portal Tela Portugal\" \/>\n<meta property=\"og:description\" content=\"O Grupo Vita recebeu cerca de oitocentas cinquenta chamadas desde maio de 2023, com quinhentas e cinquenta e quatro identificando pessoas v\u00edtimas ou sobreviventes de abusos da Igreja Cat\u00f3lica. Destas, noventa e cinco pediram uma compensa\u00e7\u00e3o financeira, e 75 casos foram remetidos \u00e0 Igreja para avalia\u00e7\u00e3o de eventual atribui\u00e7\u00e3o de compensa\u00e7\u00e3o. A coordenadora Rute Agulhas afirmou que os abusos \u201cn\u00e3o s\u00e3o coisa do passado\u201d e que existem registos recentes, de 2023, mesmo com a tem\u00e1tica na agenda p\u00fablica. O relat\u00f3rio aponta assimetrias de poder, perce\u00e7\u00f5es distorcidas sobre a figura sacerdotal e resist\u00eancias culturais que dificultam a den\u00fancia e a prote\u00e7\u00e3o de crian\u00e7as e adultos vulner\u00e1veis. O grupo termina fun\u00e7\u00f5es em maio, e refor\u00e7a que a Igreja ainda n\u00e3o tem estruturas uniformizadas nem mecanismos de presta\u00e7\u00e3o de contas, o que compromete a prote\u00e7\u00e3o aut\u00f3noma e eficaz.\" \/>\n<meta property=\"og:url\" content=\"https:\/\/portaltela.pt\/noticias\/2026\/01\/27\/peritos-afirmam-que-abusos-na-igreja-catolica-nao-sao-do-passado\/\" \/>\n<meta property=\"og:site_name\" content=\"Portal Tela Portugal\" \/>\n<meta property=\"article:published_time\" content=\"2026-01-28T01:30:00+00:00\" \/>\n<meta name=\"author\" content=\"Telinha\" \/>\n<meta name=\"twitter:card\" content=\"summary_large_image\" \/>\n<meta name=\"twitter:label1\" content=\"Escrito por\" \/>\n\t<meta name=\"twitter:data1\" content=\"Telinha\" \/>\n\t<meta name=\"twitter:label2\" content=\"Tempo estimado de leitura\" \/>\n\t<meta name=\"twitter:data2\" content=\"1 minuto\" \/>\n<script type=\"application\/ld+json\" class=\"yoast-schema-graph\">{\"@context\":\"https:\/\/schema.org\",\"@graph\":[{\"@type\":\"Article\",\"@id\":\"https:\/\/portaltela.pt\/noticias\/2026\/01\/27\/peritos-afirmam-que-abusos-na-igreja-catolica-nao-sao-do-passado\/#article\",\"isPartOf\":{\"@id\":\"https:\/\/portaltela.pt\/noticias\/2026\/01\/27\/peritos-afirmam-que-abusos-na-igreja-catolica-nao-sao-do-passado\/\"},\"author\":{\"name\":\"Telinha\",\"@id\":\"https:\/\/portaltela.pt\/#\/schema\/person\/c4278d4a6028830caff9ee44b42d32ed\"},\"headline\":\"Peritos afirmam que abusos na Igreja Cat\u00f3lica n\u00e3o s\u00e3o do passado\",\"datePublished\":\"2026-01-28T01:30:00+00:00\",\"mainEntityOfPage\":{\"@id\":\"https:\/\/portaltela.pt\/noticias\/2026\/01\/27\/peritos-afirmam-que-abusos-na-igreja-catolica-nao-sao-do-passado\/\"},\"wordCount\":255,\"image\":{\"@id\":\"https:\/\/portaltela.pt\/noticias\/2026\/01\/27\/peritos-afirmam-que-abusos-na-igreja-catolica-nao-sao-do-passado\/#primaryimage\"},\"thumbnailUrl\":\"https:\/\/portaltela.pt\/s.01k8rhncp4jt1\/2026\/01\/img_1500x1000uu2023-02-14-19-36-14-1280108.jpg\",\"keywords\":[\"abuso de sexual de menor dependente ou em situa\u00e7\u00e3o vulner\u00e1vel\",\"catolicismo\",\"igreja\",\"indeniza\u00e7\u00e3o\",\"prote\u00e7\u00e3o de menores\",\"testemunhos\"],\"articleSection\":[\"Not\u00edcias\"],\"inLanguage\":\"pt-PT\"},{\"@type\":\"WebPage\",\"@id\":\"https:\/\/portaltela.pt\/noticias\/2026\/01\/27\/peritos-afirmam-que-abusos-na-igreja-catolica-nao-sao-do-passado\/\",\"url\":\"https:\/\/portaltela.pt\/noticias\/2026\/01\/27\/peritos-afirmam-que-abusos-na-igreja-catolica-nao-sao-do-passado\/\",\"name\":\"Peritos afirmam que abusos na Igreja Cat\u00f3lica n\u00e3o s\u00e3o do passado - Portal Tela Portugal\",\"isPartOf\":{\"@id\":\"https:\/\/portaltela.pt\/#website\"},\"primaryImageOfPage\":{\"@id\":\"https:\/\/portaltela.pt\/noticias\/2026\/01\/27\/peritos-afirmam-que-abusos-na-igreja-catolica-nao-sao-do-passado\/#primaryimage\"},\"image\":{\"@id\":\"https:\/\/portaltela.pt\/noticias\/2026\/01\/27\/peritos-afirmam-que-abusos-na-igreja-catolica-nao-sao-do-passado\/#primaryimage\"},\"thumbnailUrl\":\"https:\/\/portaltela.pt\/s.01k8rhncp4jt1\/2026\/01\/img_1500x1000uu2023-02-14-19-36-14-1280108.jpg\",\"datePublished\":\"2026-01-28T01:30:00+00:00\",\"author\":{\"@id\":\"https:\/\/portaltela.pt\/#\/schema\/person\/c4278d4a6028830caff9ee44b42d32ed\"},\"breadcrumb\":{\"@id\":\"https:\/\/portaltela.pt\/noticias\/2026\/01\/27\/peritos-afirmam-que-abusos-na-igreja-catolica-nao-sao-do-passado\/#breadcrumb\"},\"inLanguage\":\"pt-PT\",\"potentialAction\":[{\"@type\":\"ReadAction\",\"target\":[\"https:\/\/portaltela.pt\/noticias\/2026\/01\/27\/peritos-afirmam-que-abusos-na-igreja-catolica-nao-sao-do-passado\/\"]}]},{\"@type\":\"ImageObject\",\"inLanguage\":\"pt-PT\",\"@id\":\"https:\/\/portaltela.pt\/noticias\/2026\/01\/27\/peritos-afirmam-que-abusos-na-igreja-catolica-nao-sao-do-passado\/#primaryimage\",\"url\":\"https:\/\/portaltela.pt\/s.01k8rhncp4jt1\/2026\/01\/img_1500x1000uu2023-02-14-19-36-14-1280108.jpg\",\"contentUrl\":\"https:\/\/portaltela.pt\/s.01k8rhncp4jt1\/2026\/01\/img_1500x1000uu2023-02-14-19-36-14-1280108.jpg\",\"width\":796,\"height\":448,\"caption\":\"Grupo Vita considera que persistem resist\u00eancias culturais que dificultam a prote\u00e7\u00e3o das crian\u00e7as\"},{\"@type\":\"BreadcrumbList\",\"@id\":\"https:\/\/portaltela.pt\/noticias\/2026\/01\/27\/peritos-afirmam-que-abusos-na-igreja-catolica-nao-sao-do-passado\/#breadcrumb\",\"itemListElement\":[{\"@type\":\"ListItem\",\"position\":1,\"name\":\"In\u00edcio\",\"item\":\"https:\/\/portaltela.pt\/\"},{\"@type\":\"ListItem\",\"position\":2,\"name\":\"Peritos afirmam que abusos na Igreja Cat\u00f3lica n\u00e3o s\u00e3o do passado\"}]},{\"@type\":\"WebSite\",\"@id\":\"https:\/\/portaltela.pt\/#website\",\"url\":\"https:\/\/portaltela.pt\/\",\"name\":\"Portal Tela Portugal\",\"description\":\"\",\"potentialAction\":[{\"@type\":\"SearchAction\",\"target\":{\"@type\":\"EntryPoint\",\"urlTemplate\":\"https:\/\/portaltela.pt\/?s={search_term_string}\"},\"query-input\":{\"@type\":\"PropertyValueSpecification\",\"valueRequired\":true,\"valueName\":\"search_term_string\"}}],\"inLanguage\":\"pt-PT\"},{\"@type\":\"Person\",\"@id\":\"https:\/\/portaltela.pt\/#\/schema\/person\/c4278d4a6028830caff9ee44b42d32ed\",\"name\":\"Telinha\",\"image\":{\"@type\":\"ImageObject\",\"inLanguage\":\"pt-PT\",\"@id\":\"https:\/\/portaltela.pt\/s.01k8rhncp4jt1\/2025\/11\/talking-bot-125x125.png\",\"url\":\"https:\/\/portaltela.pt\/s.01k8rhncp4jt1\/2025\/11\/talking-bot-125x125.png\",\"contentUrl\":\"https:\/\/portaltela.pt\/s.01k8rhncp4jt1\/2025\/11\/talking-bot-125x125.png\",\"caption\":\"Telinha\"},\"sameAs\":[\"https:\/\/portaltela.pt\/\"],\"url\":\"https:\/\/portaltela.pt\/por\/367410592786\/\"}]}<\/script>\n<!-- \/ Yoast SEO plugin. -->","yoast_head_json":{"title":"Peritos afirmam que abusos na Igreja Cat\u00f3lica n\u00e3o s\u00e3o do passado - Portal Tela Portugal","robots":{"index":"index","follow":"follow","max-snippet":"max-snippet:-1","max-image-preview":"max-image-preview:large","max-video-preview":"max-video-preview:-1"},"og_locale":"pt_PT","og_type":"article","og_title":"Peritos afirmam que abusos na Igreja Cat\u00f3lica n\u00e3o s\u00e3o do passado - Portal Tela Portugal","og_description":"O Grupo Vita recebeu cerca de oitocentas cinquenta chamadas desde maio de 2023, com quinhentas e cinquenta e quatro identificando pessoas v\u00edtimas ou sobreviventes de abusos da Igreja Cat\u00f3lica. Destas, noventa e cinco pediram uma compensa\u00e7\u00e3o financeira, e 75 casos foram remetidos \u00e0 Igreja para avalia\u00e7\u00e3o de eventual atribui\u00e7\u00e3o de compensa\u00e7\u00e3o. A coordenadora Rute Agulhas afirmou que os abusos \u201cn\u00e3o s\u00e3o coisa do passado\u201d e que existem registos recentes, de 2023, mesmo com a tem\u00e1tica na agenda p\u00fablica. O relat\u00f3rio aponta assimetrias de poder, perce\u00e7\u00f5es distorcidas sobre a figura sacerdotal e resist\u00eancias culturais que dificultam a den\u00fancia e a prote\u00e7\u00e3o de crian\u00e7as e adultos vulner\u00e1veis. O grupo termina fun\u00e7\u00f5es em maio, e refor\u00e7a que a Igreja ainda n\u00e3o tem estruturas uniformizadas nem mecanismos de presta\u00e7\u00e3o de contas, o que compromete a prote\u00e7\u00e3o aut\u00f3noma e eficaz.","og_url":"https:\/\/portaltela.pt\/noticias\/2026\/01\/27\/peritos-afirmam-que-abusos-na-igreja-catolica-nao-sao-do-passado\/","og_site_name":"Portal Tela Portugal","article_published_time":"2026-01-28T01:30:00+00:00","author":"Telinha","twitter_card":"summary_large_image","twitter_misc":{"Escrito por":"Telinha","Tempo estimado de leitura":"1 minuto"},"schema":{"@context":"https:\/\/schema.org","@graph":[{"@type":"Article","@id":"https:\/\/portaltela.pt\/noticias\/2026\/01\/27\/peritos-afirmam-que-abusos-na-igreja-catolica-nao-sao-do-passado\/#article","isPartOf":{"@id":"https:\/\/portaltela.pt\/noticias\/2026\/01\/27\/peritos-afirmam-que-abusos-na-igreja-catolica-nao-sao-do-passado\/"},"author":{"name":"Telinha","@id":"https:\/\/portaltela.pt\/#\/schema\/person\/c4278d4a6028830caff9ee44b42d32ed"},"headline":"Peritos afirmam que abusos na Igreja Cat\u00f3lica n\u00e3o s\u00e3o do passado","datePublished":"2026-01-28T01:30:00+00:00","mainEntityOfPage":{"@id":"https:\/\/portaltela.pt\/noticias\/2026\/01\/27\/peritos-afirmam-que-abusos-na-igreja-catolica-nao-sao-do-passado\/"},"wordCount":255,"image":{"@id":"https:\/\/portaltela.pt\/noticias\/2026\/01\/27\/peritos-afirmam-que-abusos-na-igreja-catolica-nao-sao-do-passado\/#primaryimage"},"thumbnailUrl":"https:\/\/portaltela.pt\/s.01k8rhncp4jt1\/2026\/01\/img_1500x1000uu2023-02-14-19-36-14-1280108.jpg","keywords":["abuso de sexual de menor dependente ou em situa\u00e7\u00e3o vulner\u00e1vel","catolicismo","igreja","indeniza\u00e7\u00e3o","prote\u00e7\u00e3o de menores","testemunhos"],"articleSection":["Not\u00edcias"],"inLanguage":"pt-PT"},{"@type":"WebPage","@id":"https:\/\/portaltela.pt\/noticias\/2026\/01\/27\/peritos-afirmam-que-abusos-na-igreja-catolica-nao-sao-do-passado\/","url":"https:\/\/portaltela.pt\/noticias\/2026\/01\/27\/peritos-afirmam-que-abusos-na-igreja-catolica-nao-sao-do-passado\/","name":"Peritos afirmam que abusos na Igreja Cat\u00f3lica n\u00e3o s\u00e3o do passado - Portal Tela Portugal","isPartOf":{"@id":"https:\/\/portaltela.pt\/#website"},"primaryImageOfPage":{"@id":"https:\/\/portaltela.pt\/noticias\/2026\/01\/27\/peritos-afirmam-que-abusos-na-igreja-catolica-nao-sao-do-passado\/#primaryimage"},"image":{"@id":"https:\/\/portaltela.pt\/noticias\/2026\/01\/27\/peritos-afirmam-que-abusos-na-igreja-catolica-nao-sao-do-passado\/#primaryimage"},"thumbnailUrl":"https:\/\/portaltela.pt\/s.01k8rhncp4jt1\/2026\/01\/img_1500x1000uu2023-02-14-19-36-14-1280108.jpg","datePublished":"2026-01-28T01:30:00+00:00","author":{"@id":"https:\/\/portaltela.pt\/#\/schema\/person\/c4278d4a6028830caff9ee44b42d32ed"},"breadcrumb":{"@id":"https:\/\/portaltela.pt\/noticias\/2026\/01\/27\/peritos-afirmam-que-abusos-na-igreja-catolica-nao-sao-do-passado\/#breadcrumb"},"inLanguage":"pt-PT","potentialAction":[{"@type":"ReadAction","target":["https:\/\/portaltela.pt\/noticias\/2026\/01\/27\/peritos-afirmam-que-abusos-na-igreja-catolica-nao-sao-do-passado\/"]}]},{"@type":"ImageObject","inLanguage":"pt-PT","@id":"https:\/\/portaltela.pt\/noticias\/2026\/01\/27\/peritos-afirmam-que-abusos-na-igreja-catolica-nao-sao-do-passado\/#primaryimage","url":"https:\/\/portaltela.pt\/s.01k8rhncp4jt1\/2026\/01\/img_1500x1000uu2023-02-14-19-36-14-1280108.jpg","contentUrl":"https:\/\/portaltela.pt\/s.01k8rhncp4jt1\/2026\/01\/img_1500x1000uu2023-02-14-19-36-14-1280108.jpg","width":796,"height":448,"caption":"Grupo Vita considera que persistem resist\u00eancias culturais que dificultam a prote\u00e7\u00e3o das crian\u00e7as"},{"@type":"BreadcrumbList","@id":"https:\/\/portaltela.pt\/noticias\/2026\/01\/27\/peritos-afirmam-que-abusos-na-igreja-catolica-nao-sao-do-passado\/#breadcrumb","itemListElement":[{"@type":"ListItem","position":1,"name":"In\u00edcio","item":"https:\/\/portaltela.pt\/"},{"@type":"ListItem","position":2,"name":"Peritos afirmam que abusos na Igreja Cat\u00f3lica n\u00e3o s\u00e3o do passado"}]},{"@type":"WebSite","@id":"https:\/\/portaltela.pt\/#website","url":"https:\/\/portaltela.pt\/","name":"Portal Tela Portugal","description":"","potentialAction":[{"@type":"SearchAction","target":{"@type":"EntryPoint","urlTemplate":"https:\/\/portaltela.pt\/?s={search_term_string}"},"query-input":{"@type":"PropertyValueSpecification","valueRequired":true,"valueName":"search_term_string"}}],"inLanguage":"pt-PT"},{"@type":"Person","@id":"https:\/\/portaltela.pt\/#\/schema\/person\/c4278d4a6028830caff9ee44b42d32ed","name":"Telinha","image":{"@type":"ImageObject","inLanguage":"pt-PT","@id":"https:\/\/portaltela.pt\/s.01k8rhncp4jt1\/2025\/11\/talking-bot-125x125.png","url":"https:\/\/portaltela.pt\/s.01k8rhncp4jt1\/2025\/11\/talking-bot-125x125.png","contentUrl":"https:\/\/portaltela.pt\/s.01k8rhncp4jt1\/2025\/11\/talking-bot-125x125.png","caption":"Telinha"},"sameAs":["https:\/\/portaltela.pt\/"],"url":"https:\/\/portaltela.pt\/por\/367410592786\/"}]}},"_links":{"self":[{"href":"https:\/\/portaltela.pt\/api\/wp\/v2\/posts\/178027","targetHints":{"allow":["GET"]}}],"collection":[{"href":"https:\/\/portaltela.pt\/api\/wp\/v2\/posts"}],"about":[{"href":"https:\/\/portaltela.pt\/api\/wp\/v2\/types\/post"}],"author":[{"embeddable":true,"href":"https:\/\/portaltela.pt\/api\/wp\/v2\/users\/2"}],"replies":[{"embeddable":true,"href":"https:\/\/portaltela.pt\/api\/wp\/v2\/comments?post=178027"}],"version-history":[{"count":0,"href":"https:\/\/portaltela.pt\/api\/wp\/v2\/posts\/178027\/revisions"}],"wp:featuredmedia":[{"embeddable":true,"href":"https:\/\/portaltela.pt\/api\/wp\/v2\/media\/178035"}],"wp:attachment":[{"href":"https:\/\/portaltela.pt\/api\/wp\/v2\/media?parent=178027"}],"wp:term":[{"taxonomy":"category","embeddable":true,"href":"https:\/\/portaltela.pt\/api\/wp\/v2\/categories?post=178027"},{"taxonomy":"post_tag","embeddable":true,"href":"https:\/\/portaltela.pt\/api\/wp\/v2\/tags?post=178027"}],"curies":[{"name":"wp","href":"https:\/\/api.w.org\/{rel}","templated":true}]}}