{"id":177980,"date":"2026-01-27T21:32:00","date_gmt":"2026-01-28T00:32:00","guid":{"rendered":"https:\/\/portaltela.pt\/noticias\/2026\/01\/27\/guitarrista-antonio-chainho-morre-aos-88-anos-no-dia-do-seu-aniversario\/"},"modified":"2026-01-27T21:32:00","modified_gmt":"2026-01-28T00:32:00","slug":"guitarrista-antonio-chainho-morre-aos-88-anos-no-dia-do-seu-aniversario","status":"publish","type":"post","link":"https:\/\/portaltela.pt\/noticias\/2026\/01\/27\/guitarrista-antonio-chainho-morre-aos-88-anos-no-dia-do-seu-aniversario\/","title":{"rendered":"Guitarrista Ant\u00f3nio Chainho morre aos 88 anos no dia do seu anivers\u00e1rio"},"content":{"rendered":"<p>Ant\u00f3nio Chainho, uma das maiores figuras da guitarra portuguesa, faleceu na ter\u00e7a-feira, 27 de janeiro, aos 88 anos, na sua casa em Alfragide, Amadora. A morte ocorreu no dia em que celebrava o feriado de anivers\u00e1rio, encerrando uma carreira iniciada h\u00e1 seis d\u00e9cadas.<\/p>\n<p>Autodidata, Chainho come\u00e7ou a tocar ainda na inf\u00e2ncia, numa fam\u00edlia ligada \u00e0 taberna local. Mudou-se para Lisboa, onde abriu portas ao fado, mas adaptou a tradi\u00e7\u00e3o, levando a guitarra para novos territ\u00f3rios musicais. Mantinha um di\u00e1logo constante com o jazz, a m\u00fasica brasileira e a erudita, sem perder a matriz fadista.<\/p>\n<p>Ao longo da sua trajet\u00f3ria, destacou-se pela singularidade do toque e pela capacidade de fundir estilos, sem exibir virtuosismo ostentat\u00f3rio. A presen\u00e7a em palco era de concentra\u00e7\u00e3o absoluta, com o instrumento a ocupar a maior parte do espa\u00e7o.<\/p>\n<h3>Legado e contributos<\/h3>\n<p>Chainho encerrou oficialmente a carreira art\u00edstica em 2024, deixando uma obra que influenciou gera\u00e7\u00f5es de m\u00fasicos. A cr\u00edtica nacional e internacional reconhece-o pela sua linguagem pr\u00f3pria, que alia delicadeza a um certo rigor musical.<\/p>\n<h3>Discografia e marcos<\/h3>\n<p>Entre os \u00e1lbuns, destacam-se Guitarradas (1975), A Guitarra e Outras Mulheres (1998) e LisGoa (2010). O projeto recente O Abra\u00e7o da Guitarra, de 2024, homenageia mestres que conheceu atrav\u00e9s da r\u00e1dio. A obra reflete uma vis\u00e3o de mundo musical plural e viajante.<\/p>\n<h3>Pedagogia e ensino<\/h3>\n<p>Paralelamente \u00e0 carreira, Chainho foi pedagogo ativo, com projetos de ensino dedicados \u00e0 guitarra portuguesa, principalmente no Alentejo. Defendeu a transmiss\u00e3o direta do saber, promovendo a forma\u00e7\u00e3o de m\u00fasicos com identidade pr\u00f3pria e autonomia criativa. Mantinha, por\u00e9m, a ideia de n\u00e3o moldar alunos \u00e0 sua imagem.<\/p>\n<h3>Vida pessoal<\/h3>\n<p>Al\u00e9m da fama, manteve uma vida discreta, ligada \u00e0 fam\u00edlia e \u00e0 terra natal. Nos \u00faltimos anos, dedicou-se ao ensino e ao conv\u00edvio familiar, mantendo o foco na forma como se aprende e se transmite o instrumento.<\/p>\n<p>Ant\u00f3nio Chainho deixa um legado que transcende discos e palcos: ajudou a moldar a maneira como se pensa e se toca a guitarra portuguesa, mantendo-a viva, aberta e enraizada na identidade cultural de Portugal.<\/p>\n","protected":false},"excerpt":{"rendered":"<ul>\n<li>O guitarrista Ant\u00f3nio Chainho morreu na ter\u00e7a-feira, 27 de janeiro, aos 88 anos, na sua resid\u00eancia em Alfragide, Amadora, no dia em que celebrava o anivers\u00e1rio.<\/li>\n<li>Figura central da guitarra portuguesa, Chainho encerrou a carreira art\u00edstica em 2024, ap\u00f3s seis d\u00e9cadas de atividade.<\/li>\n<li>Nascido em 1938, no Alentejo, tornou-se autodidata e expandiu a guitarra para al\u00e9m do fado, dialogando com jazz, m\u00fasica brasileira e erudita.<\/li>\n<li>A discografia inclui Guitarradas (1975), A Guitarra e Outras Mulheres (1998), LisGoa (2010) e O Abra\u00e7o da Guitarra (2024).<\/li>\n<li>Paralelamente \u00e0 m\u00fasica, foi pedagogo dedicado, criou projetos de ensino no Alentejo e defendeu a transmiss\u00e3o de saber sem formar disc\u00edpulos \u00e0 sua imagem.<\/li>\n<\/ul>\n","protected":false},"author":2,"featured_media":177997,"comment_status":"closed","ping_status":"closed","sticky":false,"template":"","format":"standard","meta":{"footnotes":""},"categories":[1],"tags":[883,4530,1439,145,122,1014],"class_list":["post-177980","post","type-post","status-publish","format-standard","has-post-thumbnail","hentry","category-noticias","tag-alentejo","tag-alfragide","tag-amadora","tag-cultura","tag-musica","tag-portugal"],"yoast_head":"<!-- This site is optimized with the Yoast SEO plugin v27.2 - https:\/\/yoast.com\/product\/yoast-seo-wordpress\/ -->\n<title>Guitarrista Ant\u00f3nio Chainho morre aos 88 anos no dia do seu anivers\u00e1rio - Portal Tela Portugal<\/title>\n<meta name=\"robots\" content=\"index, follow, max-snippet:-1, max-image-preview:large, max-video-preview:-1\" \/>\n<meta property=\"og:locale\" content=\"pt_PT\" \/>\n<meta property=\"og:type\" content=\"article\" \/>\n<meta property=\"og:title\" content=\"Guitarrista Ant\u00f3nio Chainho morre aos 88 anos no dia do seu anivers\u00e1rio - Portal Tela Portugal\" \/>\n<meta property=\"og:description\" content=\"O guitarrista Ant\u00f3nio Chainho morreu na ter\u00e7a-feira, 27 de janeiro, aos 88 anos, na sua resid\u00eancia em Alfragide, Amadora, no dia em que celebrava o anivers\u00e1rio. Figura central da guitarra portuguesa, Chainho encerrou a carreira art\u00edstica em 2024, ap\u00f3s seis d\u00e9cadas de atividade. Nascido em 1938, no Alentejo, tornou-se autodidata e expandiu a guitarra para al\u00e9m do fado, dialogando com jazz, m\u00fasica brasileira e erudita. A discografia inclui Guitarradas (1975), A Guitarra e Outras Mulheres (1998), LisGoa (2010) e O Abra\u00e7o da Guitarra (2024). Paralelamente \u00e0 m\u00fasica, foi pedagogo dedicado, criou projetos de ensino no Alentejo e defendeu a transmiss\u00e3o de saber sem formar disc\u00edpulos \u00e0 sua imagem.\" \/>\n<meta property=\"og:url\" content=\"https:\/\/portaltela.pt\/noticias\/2026\/01\/27\/guitarrista-antonio-chainho-morre-aos-88-anos-no-dia-do-seu-aniversario\/\" \/>\n<meta property=\"og:site_name\" content=\"Portal Tela Portugal\" \/>\n<meta property=\"article:published_time\" content=\"2026-01-28T00:32:00+00:00\" \/>\n<meta name=\"author\" content=\"Telinha\" \/>\n<meta name=\"twitter:card\" content=\"summary_large_image\" \/>\n<meta name=\"twitter:label1\" content=\"Escrito por\" \/>\n\t<meta name=\"twitter:data1\" content=\"Telinha\" \/>\n\t<meta name=\"twitter:label2\" content=\"Tempo estimado de leitura\" \/>\n\t<meta name=\"twitter:data2\" content=\"2 minutos\" \/>\n<script type=\"application\/ld+json\" class=\"yoast-schema-graph\">{\"@context\":\"https:\/\/schema.org\",\"@graph\":[{\"@type\":\"Article\",\"@id\":\"https:\/\/portaltela.pt\/noticias\/2026\/01\/27\/guitarrista-antonio-chainho-morre-aos-88-anos-no-dia-do-seu-aniversario\/#article\",\"isPartOf\":{\"@id\":\"https:\/\/portaltela.pt\/noticias\/2026\/01\/27\/guitarrista-antonio-chainho-morre-aos-88-anos-no-dia-do-seu-aniversario\/\"},\"author\":{\"name\":\"Telinha\",\"@id\":\"https:\/\/portaltela.pt\/#\/schema\/person\/c4278d4a6028830caff9ee44b42d32ed\"},\"headline\":\"Guitarrista Ant\u00f3nio Chainho morre aos 88 anos no dia do seu anivers\u00e1rio\",\"datePublished\":\"2026-01-28T00:32:00+00:00\",\"mainEntityOfPage\":{\"@id\":\"https:\/\/portaltela.pt\/noticias\/2026\/01\/27\/guitarrista-antonio-chainho-morre-aos-88-anos-no-dia-do-seu-aniversario\/\"},\"wordCount\":371,\"image\":{\"@id\":\"https:\/\/portaltela.pt\/noticias\/2026\/01\/27\/guitarrista-antonio-chainho-morre-aos-88-anos-no-dia-do-seu-aniversario\/#primaryimage\"},\"thumbnailUrl\":\"https:\/\/portaltela.pt\/s.01k8rhncp4jt1\/2026\/01\/Antonio-Chainho-860x490-1-1.jpg\",\"keywords\":[\"Alentejo\",\"Alfragide\",\"Amadora\",\"cultura\",\"m\u00fasica\",\"Portugal\"],\"articleSection\":[\"Not\u00edcias\"],\"inLanguage\":\"pt-PT\"},{\"@type\":\"WebPage\",\"@id\":\"https:\/\/portaltela.pt\/noticias\/2026\/01\/27\/guitarrista-antonio-chainho-morre-aos-88-anos-no-dia-do-seu-aniversario\/\",\"url\":\"https:\/\/portaltela.pt\/noticias\/2026\/01\/27\/guitarrista-antonio-chainho-morre-aos-88-anos-no-dia-do-seu-aniversario\/\",\"name\":\"Guitarrista Ant\u00f3nio Chainho morre aos 88 anos no dia do seu anivers\u00e1rio - Portal Tela Portugal\",\"isPartOf\":{\"@id\":\"https:\/\/portaltela.pt\/#website\"},\"primaryImageOfPage\":{\"@id\":\"https:\/\/portaltela.pt\/noticias\/2026\/01\/27\/guitarrista-antonio-chainho-morre-aos-88-anos-no-dia-do-seu-aniversario\/#primaryimage\"},\"image\":{\"@id\":\"https:\/\/portaltela.pt\/noticias\/2026\/01\/27\/guitarrista-antonio-chainho-morre-aos-88-anos-no-dia-do-seu-aniversario\/#primaryimage\"},\"thumbnailUrl\":\"https:\/\/portaltela.pt\/s.01k8rhncp4jt1\/2026\/01\/Antonio-Chainho-860x490-1-1.jpg\",\"datePublished\":\"2026-01-28T00:32:00+00:00\",\"author\":{\"@id\":\"https:\/\/portaltela.pt\/#\/schema\/person\/c4278d4a6028830caff9ee44b42d32ed\"},\"breadcrumb\":{\"@id\":\"https:\/\/portaltela.pt\/noticias\/2026\/01\/27\/guitarrista-antonio-chainho-morre-aos-88-anos-no-dia-do-seu-aniversario\/#breadcrumb\"},\"inLanguage\":\"pt-PT\",\"potentialAction\":[{\"@type\":\"ReadAction\",\"target\":[\"https:\/\/portaltela.pt\/noticias\/2026\/01\/27\/guitarrista-antonio-chainho-morre-aos-88-anos-no-dia-do-seu-aniversario\/\"]}]},{\"@type\":\"ImageObject\",\"inLanguage\":\"pt-PT\",\"@id\":\"https:\/\/portaltela.pt\/noticias\/2026\/01\/27\/guitarrista-antonio-chainho-morre-aos-88-anos-no-dia-do-seu-aniversario\/#primaryimage\",\"url\":\"https:\/\/portaltela.pt\/s.01k8rhncp4jt1\/2026\/01\/Antonio-Chainho-860x490-1-1.jpg\",\"contentUrl\":\"https:\/\/portaltela.pt\/s.01k8rhncp4jt1\/2026\/01\/Antonio-Chainho-860x490-1-1.jpg\",\"width\":796,\"height\":448,\"caption\":\"Guitarrista Ant\u00f3nio Chainho morreu no dia em que completou 88 anos\"},{\"@type\":\"BreadcrumbList\",\"@id\":\"https:\/\/portaltela.pt\/noticias\/2026\/01\/27\/guitarrista-antonio-chainho-morre-aos-88-anos-no-dia-do-seu-aniversario\/#breadcrumb\",\"itemListElement\":[{\"@type\":\"ListItem\",\"position\":1,\"name\":\"In\u00edcio\",\"item\":\"https:\/\/portaltela.pt\/\"},{\"@type\":\"ListItem\",\"position\":2,\"name\":\"Guitarrista Ant\u00f3nio Chainho morre aos 88 anos no dia do seu anivers\u00e1rio\"}]},{\"@type\":\"WebSite\",\"@id\":\"https:\/\/portaltela.pt\/#website\",\"url\":\"https:\/\/portaltela.pt\/\",\"name\":\"Portal Tela Portugal\",\"description\":\"\",\"potentialAction\":[{\"@type\":\"SearchAction\",\"target\":{\"@type\":\"EntryPoint\",\"urlTemplate\":\"https:\/\/portaltela.pt\/?s={search_term_string}\"},\"query-input\":{\"@type\":\"PropertyValueSpecification\",\"valueRequired\":true,\"valueName\":\"search_term_string\"}}],\"inLanguage\":\"pt-PT\"},{\"@type\":\"Person\",\"@id\":\"https:\/\/portaltela.pt\/#\/schema\/person\/c4278d4a6028830caff9ee44b42d32ed\",\"name\":\"Telinha\",\"image\":{\"@type\":\"ImageObject\",\"inLanguage\":\"pt-PT\",\"@id\":\"https:\/\/portaltela.pt\/s.01k8rhncp4jt1\/2025\/11\/talking-bot-125x125.png\",\"url\":\"https:\/\/portaltela.pt\/s.01k8rhncp4jt1\/2025\/11\/talking-bot-125x125.png\",\"contentUrl\":\"https:\/\/portaltela.pt\/s.01k8rhncp4jt1\/2025\/11\/talking-bot-125x125.png\",\"caption\":\"Telinha\"},\"sameAs\":[\"https:\/\/portaltela.pt\/\"],\"url\":\"https:\/\/portaltela.pt\/por\/367410592786\/\"}]}<\/script>\n<!-- \/ Yoast SEO plugin. -->","yoast_head_json":{"title":"Guitarrista Ant\u00f3nio Chainho morre aos 88 anos no dia do seu anivers\u00e1rio - Portal Tela Portugal","robots":{"index":"index","follow":"follow","max-snippet":"max-snippet:-1","max-image-preview":"max-image-preview:large","max-video-preview":"max-video-preview:-1"},"og_locale":"pt_PT","og_type":"article","og_title":"Guitarrista Ant\u00f3nio Chainho morre aos 88 anos no dia do seu anivers\u00e1rio - Portal Tela Portugal","og_description":"O guitarrista Ant\u00f3nio Chainho morreu na ter\u00e7a-feira, 27 de janeiro, aos 88 anos, na sua resid\u00eancia em Alfragide, Amadora, no dia em que celebrava o anivers\u00e1rio. Figura central da guitarra portuguesa, Chainho encerrou a carreira art\u00edstica em 2024, ap\u00f3s seis d\u00e9cadas de atividade. Nascido em 1938, no Alentejo, tornou-se autodidata e expandiu a guitarra para al\u00e9m do fado, dialogando com jazz, m\u00fasica brasileira e erudita. A discografia inclui Guitarradas (1975), A Guitarra e Outras Mulheres (1998), LisGoa (2010) e O Abra\u00e7o da Guitarra (2024). Paralelamente \u00e0 m\u00fasica, foi pedagogo dedicado, criou projetos de ensino no Alentejo e defendeu a transmiss\u00e3o de saber sem formar disc\u00edpulos \u00e0 sua imagem.","og_url":"https:\/\/portaltela.pt\/noticias\/2026\/01\/27\/guitarrista-antonio-chainho-morre-aos-88-anos-no-dia-do-seu-aniversario\/","og_site_name":"Portal Tela Portugal","article_published_time":"2026-01-28T00:32:00+00:00","author":"Telinha","twitter_card":"summary_large_image","twitter_misc":{"Escrito por":"Telinha","Tempo estimado de leitura":"2 minutos"},"schema":{"@context":"https:\/\/schema.org","@graph":[{"@type":"Article","@id":"https:\/\/portaltela.pt\/noticias\/2026\/01\/27\/guitarrista-antonio-chainho-morre-aos-88-anos-no-dia-do-seu-aniversario\/#article","isPartOf":{"@id":"https:\/\/portaltela.pt\/noticias\/2026\/01\/27\/guitarrista-antonio-chainho-morre-aos-88-anos-no-dia-do-seu-aniversario\/"},"author":{"name":"Telinha","@id":"https:\/\/portaltela.pt\/#\/schema\/person\/c4278d4a6028830caff9ee44b42d32ed"},"headline":"Guitarrista Ant\u00f3nio Chainho morre aos 88 anos no dia do seu anivers\u00e1rio","datePublished":"2026-01-28T00:32:00+00:00","mainEntityOfPage":{"@id":"https:\/\/portaltela.pt\/noticias\/2026\/01\/27\/guitarrista-antonio-chainho-morre-aos-88-anos-no-dia-do-seu-aniversario\/"},"wordCount":371,"image":{"@id":"https:\/\/portaltela.pt\/noticias\/2026\/01\/27\/guitarrista-antonio-chainho-morre-aos-88-anos-no-dia-do-seu-aniversario\/#primaryimage"},"thumbnailUrl":"https:\/\/portaltela.pt\/s.01k8rhncp4jt1\/2026\/01\/Antonio-Chainho-860x490-1-1.jpg","keywords":["Alentejo","Alfragide","Amadora","cultura","m\u00fasica","Portugal"],"articleSection":["Not\u00edcias"],"inLanguage":"pt-PT"},{"@type":"WebPage","@id":"https:\/\/portaltela.pt\/noticias\/2026\/01\/27\/guitarrista-antonio-chainho-morre-aos-88-anos-no-dia-do-seu-aniversario\/","url":"https:\/\/portaltela.pt\/noticias\/2026\/01\/27\/guitarrista-antonio-chainho-morre-aos-88-anos-no-dia-do-seu-aniversario\/","name":"Guitarrista Ant\u00f3nio Chainho morre aos 88 anos no dia do seu anivers\u00e1rio - Portal Tela Portugal","isPartOf":{"@id":"https:\/\/portaltela.pt\/#website"},"primaryImageOfPage":{"@id":"https:\/\/portaltela.pt\/noticias\/2026\/01\/27\/guitarrista-antonio-chainho-morre-aos-88-anos-no-dia-do-seu-aniversario\/#primaryimage"},"image":{"@id":"https:\/\/portaltela.pt\/noticias\/2026\/01\/27\/guitarrista-antonio-chainho-morre-aos-88-anos-no-dia-do-seu-aniversario\/#primaryimage"},"thumbnailUrl":"https:\/\/portaltela.pt\/s.01k8rhncp4jt1\/2026\/01\/Antonio-Chainho-860x490-1-1.jpg","datePublished":"2026-01-28T00:32:00+00:00","author":{"@id":"https:\/\/portaltela.pt\/#\/schema\/person\/c4278d4a6028830caff9ee44b42d32ed"},"breadcrumb":{"@id":"https:\/\/portaltela.pt\/noticias\/2026\/01\/27\/guitarrista-antonio-chainho-morre-aos-88-anos-no-dia-do-seu-aniversario\/#breadcrumb"},"inLanguage":"pt-PT","potentialAction":[{"@type":"ReadAction","target":["https:\/\/portaltela.pt\/noticias\/2026\/01\/27\/guitarrista-antonio-chainho-morre-aos-88-anos-no-dia-do-seu-aniversario\/"]}]},{"@type":"ImageObject","inLanguage":"pt-PT","@id":"https:\/\/portaltela.pt\/noticias\/2026\/01\/27\/guitarrista-antonio-chainho-morre-aos-88-anos-no-dia-do-seu-aniversario\/#primaryimage","url":"https:\/\/portaltela.pt\/s.01k8rhncp4jt1\/2026\/01\/Antonio-Chainho-860x490-1-1.jpg","contentUrl":"https:\/\/portaltela.pt\/s.01k8rhncp4jt1\/2026\/01\/Antonio-Chainho-860x490-1-1.jpg","width":796,"height":448,"caption":"Guitarrista Ant\u00f3nio Chainho morreu no dia em que completou 88 anos"},{"@type":"BreadcrumbList","@id":"https:\/\/portaltela.pt\/noticias\/2026\/01\/27\/guitarrista-antonio-chainho-morre-aos-88-anos-no-dia-do-seu-aniversario\/#breadcrumb","itemListElement":[{"@type":"ListItem","position":1,"name":"In\u00edcio","item":"https:\/\/portaltela.pt\/"},{"@type":"ListItem","position":2,"name":"Guitarrista Ant\u00f3nio Chainho morre aos 88 anos no dia do seu anivers\u00e1rio"}]},{"@type":"WebSite","@id":"https:\/\/portaltela.pt\/#website","url":"https:\/\/portaltela.pt\/","name":"Portal Tela Portugal","description":"","potentialAction":[{"@type":"SearchAction","target":{"@type":"EntryPoint","urlTemplate":"https:\/\/portaltela.pt\/?s={search_term_string}"},"query-input":{"@type":"PropertyValueSpecification","valueRequired":true,"valueName":"search_term_string"}}],"inLanguage":"pt-PT"},{"@type":"Person","@id":"https:\/\/portaltela.pt\/#\/schema\/person\/c4278d4a6028830caff9ee44b42d32ed","name":"Telinha","image":{"@type":"ImageObject","inLanguage":"pt-PT","@id":"https:\/\/portaltela.pt\/s.01k8rhncp4jt1\/2025\/11\/talking-bot-125x125.png","url":"https:\/\/portaltela.pt\/s.01k8rhncp4jt1\/2025\/11\/talking-bot-125x125.png","contentUrl":"https:\/\/portaltela.pt\/s.01k8rhncp4jt1\/2025\/11\/talking-bot-125x125.png","caption":"Telinha"},"sameAs":["https:\/\/portaltela.pt\/"],"url":"https:\/\/portaltela.pt\/por\/367410592786\/"}]}},"_links":{"self":[{"href":"https:\/\/portaltela.pt\/api\/wp\/v2\/posts\/177980","targetHints":{"allow":["GET"]}}],"collection":[{"href":"https:\/\/portaltela.pt\/api\/wp\/v2\/posts"}],"about":[{"href":"https:\/\/portaltela.pt\/api\/wp\/v2\/types\/post"}],"author":[{"embeddable":true,"href":"https:\/\/portaltela.pt\/api\/wp\/v2\/users\/2"}],"replies":[{"embeddable":true,"href":"https:\/\/portaltela.pt\/api\/wp\/v2\/comments?post=177980"}],"version-history":[{"count":0,"href":"https:\/\/portaltela.pt\/api\/wp\/v2\/posts\/177980\/revisions"}],"wp:featuredmedia":[{"embeddable":true,"href":"https:\/\/portaltela.pt\/api\/wp\/v2\/media\/177997"}],"wp:attachment":[{"href":"https:\/\/portaltela.pt\/api\/wp\/v2\/media?parent=177980"}],"wp:term":[{"taxonomy":"category","embeddable":true,"href":"https:\/\/portaltela.pt\/api\/wp\/v2\/categories?post=177980"},{"taxonomy":"post_tag","embeddable":true,"href":"https:\/\/portaltela.pt\/api\/wp\/v2\/tags?post=177980"}],"curies":[{"name":"wp","href":"https:\/\/api.w.org\/{rel}","templated":true}]}}