{"id":177940,"date":"2026-01-27T21:29:02","date_gmt":"2026-01-28T00:29:02","guid":{"rendered":"https:\/\/portaltela.pt\/noticias\/2026\/01\/27\/presidente-da-republica-destaca-mamede-como-figura-marcante-do-desporto\/"},"modified":"2026-01-27T21:29:02","modified_gmt":"2026-01-28T00:29:02","slug":"presidente-da-republica-destaca-mamede-como-figura-marcante-do-desporto","status":"publish","type":"post","link":"https:\/\/portaltela.pt\/desporto\/2026\/01\/27\/presidente-da-republica-destaca-mamede-como-figura-marcante-do-desporto\/","title":{"rendered":"Presidente da Rep\u00fablica destaca Mamede como figura marcante do desporto"},"content":{"rendered":"<p>O Presidente da Rep\u00fablica, Marcelo Rebelo de Sousa, manisfestou ontem pesar pela morte de Fernando Mamede, figura marcante do atletismo portugu\u00eas, aos 74 anos. O comunicado oficial recorda o papel central de Mamede no desporto nacional e a sua candidatura ol\u00edmpica.<\/p>\n<p>O fundista alentejano integrou tr\u00eas Jogos Ol\u00edmpicos (Munique 1972, Montr\u00e9al 1976 e Los Angeles 1984) e foi recordista mundial dos 10.000 metros entre 1984 e 1989. O feito coroou uma carreira de refer\u00eancia no atletismo portugu\u00eas.<\/p>\n<p>Nascido em Beja, Mamede representou o Sporting ao longo de toda a carreira, tendo entrado no clube em 1968. Foram 27 marcas nacionais, tr\u00eas europeias e o recorde mundial dos 10.000 metros, igualado apenas em 1989 pelo mexicano Arturo Barrios.<\/p>\n<p>O Sporting confirmou a morte e destacou a trajet\u00f3ria do atleta, bem como a sua import\u00e2ncia para o clube e para o atletismo nacional. Mamede tamb\u00e9m foi agraciado em 1989 com o grau de Comendador da Ordem do M\u00e9rito, em reconhecimento pela sua carreira.<\/p>\n<p>Al\u00e9m do recorde mundial, Mamede foi bronze no Campeonato Mundial de corta-mato de 1981, em Madrid, consolidando-se como um dos nomes mais consistentes do desporto portugu\u00eas de fundo. O legado inclui ainda a influ\u00eancia junto de jovens atletas e treinadores.<\/p>\n","protected":false},"excerpt":{"rendered":"<ul>\n<li>O Presidente da Rep\u00fablica, Marcelo Rebelo de Sousa, descreveu Fernando Mamede como figura marcante e incontorn\u00e1vel do atletismo e do desporto nacional, ap\u00f3s a not\u00edcia da sua morte aos 74 anos.<\/li>\n<li>Mamede foi recordista mundial dos 10.000 metros durante largos anos, entre 1984 e 1989.<\/li>\n<li>O fundista fez tr\u00eas participa\u00e7\u00f5es olimpicas: Munique, Montreal e Los Angeles.<\/li>\n<li>Em 1989, recebeu o grau de Comendador da Ordem do M\u00e9rito em reconhecimento pela sua carreira.<\/li>\n<li>O Sporting confirmou que Mamede faleceu na ter\u00e7a-feira, deixando 27 recordes nacionais e uma marca de 27,13,81 minutos alcan\u00e7ada em Estocolmo, em 1984.<\/li>\n<\/ul>\n","protected":false},"author":2,"featured_media":177945,"comment_status":"closed","ping_status":"closed","sticky":false,"template":"","format":"standard","meta":{"footnotes":""},"categories":[21],"tags":[137,943,4527,152,84,1652],"class_list":["post-177940","post","type-post","status-publish","format-standard","has-post-thumbnail","hentry","category-desporto","tag-atletismo","tag-beja","tag-corta-mato","tag-desporto","tag-olimpiadas","tag-sporting"],"yoast_head":"<!-- This site is optimized with the Yoast SEO plugin v27.2 - https:\/\/yoast.com\/product\/yoast-seo-wordpress\/ -->\n<title>Presidente da Rep\u00fablica destaca Mamede como figura marcante do desporto - Portal Tela Portugal<\/title>\n<meta name=\"robots\" content=\"index, follow, max-snippet:-1, max-image-preview:large, max-video-preview:-1\" \/>\n<meta property=\"og:locale\" content=\"pt_PT\" \/>\n<meta property=\"og:type\" content=\"article\" \/>\n<meta property=\"og:title\" content=\"Presidente da Rep\u00fablica destaca Mamede como figura marcante do desporto - Portal Tela Portugal\" \/>\n<meta property=\"og:description\" content=\"O Presidente da Rep\u00fablica, Marcelo Rebelo de Sousa, descreveu Fernando Mamede como figura marcante e incontorn\u00e1vel do atletismo e do desporto nacional, ap\u00f3s a not\u00edcia da sua morte aos 74 anos. Mamede foi recordista mundial dos 10.000 metros durante largos anos, entre 1984 e 1989. O fundista fez tr\u00eas participa\u00e7\u00f5es olimpicas: Munique, Montreal e Los Angeles. Em 1989, recebeu o grau de Comendador da Ordem do M\u00e9rito em reconhecimento pela sua carreira. O Sporting confirmou que Mamede faleceu na ter\u00e7a-feira, deixando 27 recordes nacionais e uma marca de 27,13,81 minutos alcan\u00e7ada em Estocolmo, em 1984.\" \/>\n<meta property=\"og:url\" content=\"https:\/\/portaltela.pt\/noticias\/2026\/01\/27\/presidente-da-republica-destaca-mamede-como-figura-marcante-do-desporto\/\" \/>\n<meta property=\"og:site_name\" content=\"Portal Tela Portugal\" \/>\n<meta property=\"article:published_time\" content=\"2026-01-28T00:29:02+00:00\" \/>\n<meta name=\"author\" content=\"Telinha\" \/>\n<meta name=\"twitter:card\" content=\"summary_large_image\" \/>\n<meta name=\"twitter:label1\" content=\"Escrito por\" \/>\n\t<meta name=\"twitter:data1\" content=\"Telinha\" \/>\n\t<meta name=\"twitter:label2\" content=\"Tempo estimado de leitura\" \/>\n\t<meta name=\"twitter:data2\" content=\"1 minuto\" \/>\n<script type=\"application\/ld+json\" class=\"yoast-schema-graph\">{\"@context\":\"https:\/\/schema.org\",\"@graph\":[{\"@type\":\"Article\",\"@id\":\"https:\/\/portaltela.pt\/noticias\/2026\/01\/27\/presidente-da-republica-destaca-mamede-como-figura-marcante-do-desporto\/#article\",\"isPartOf\":{\"@id\":\"https:\/\/portaltela.pt\/noticias\/2026\/01\/27\/presidente-da-republica-destaca-mamede-como-figura-marcante-do-desporto\/\"},\"author\":{\"name\":\"Telinha\",\"@id\":\"https:\/\/portaltela.pt\/#\/schema\/person\/c4278d4a6028830caff9ee44b42d32ed\"},\"headline\":\"Presidente da Rep\u00fablica destaca Mamede como figura marcante do desporto\",\"datePublished\":\"2026-01-28T00:29:02+00:00\",\"mainEntityOfPage\":{\"@id\":\"https:\/\/portaltela.pt\/noticias\/2026\/01\/27\/presidente-da-republica-destaca-mamede-como-figura-marcante-do-desporto\/\"},\"wordCount\":215,\"image\":{\"@id\":\"https:\/\/portaltela.pt\/noticias\/2026\/01\/27\/presidente-da-republica-destaca-mamede-como-figura-marcante-do-desporto\/#primaryimage\"},\"thumbnailUrl\":\"https:\/\/portaltela.pt\/s.01k8rhncp4jt1\/2026\/01\/img_920x518uu2026-01-28-00-28-16-2417845.jpg\",\"keywords\":[\"atletismo\",\"Beja\",\"corta-mato\",\"desporto\",\"olimp\u00edadas\",\"Sporting\"],\"articleSection\":[\"Desporto\"],\"inLanguage\":\"pt-PT\"},{\"@type\":\"WebPage\",\"@id\":\"https:\/\/portaltela.pt\/noticias\/2026\/01\/27\/presidente-da-republica-destaca-mamede-como-figura-marcante-do-desporto\/\",\"url\":\"https:\/\/portaltela.pt\/noticias\/2026\/01\/27\/presidente-da-republica-destaca-mamede-como-figura-marcante-do-desporto\/\",\"name\":\"Presidente da Rep\u00fablica destaca Mamede como figura marcante do desporto - Portal Tela Portugal\",\"isPartOf\":{\"@id\":\"https:\/\/portaltela.pt\/#website\"},\"primaryImageOfPage\":{\"@id\":\"https:\/\/portaltela.pt\/noticias\/2026\/01\/27\/presidente-da-republica-destaca-mamede-como-figura-marcante-do-desporto\/#primaryimage\"},\"image\":{\"@id\":\"https:\/\/portaltela.pt\/noticias\/2026\/01\/27\/presidente-da-republica-destaca-mamede-como-figura-marcante-do-desporto\/#primaryimage\"},\"thumbnailUrl\":\"https:\/\/portaltela.pt\/s.01k8rhncp4jt1\/2026\/01\/img_920x518uu2026-01-28-00-28-16-2417845.jpg\",\"datePublished\":\"2026-01-28T00:29:02+00:00\",\"author\":{\"@id\":\"https:\/\/portaltela.pt\/#\/schema\/person\/c4278d4a6028830caff9ee44b42d32ed\"},\"breadcrumb\":{\"@id\":\"https:\/\/portaltela.pt\/noticias\/2026\/01\/27\/presidente-da-republica-destaca-mamede-como-figura-marcante-do-desporto\/#breadcrumb\"},\"inLanguage\":\"pt-PT\",\"potentialAction\":[{\"@type\":\"ReadAction\",\"target\":[\"https:\/\/portaltela.pt\/noticias\/2026\/01\/27\/presidente-da-republica-destaca-mamede-como-figura-marcante-do-desporto\/\"]}]},{\"@type\":\"ImageObject\",\"inLanguage\":\"pt-PT\",\"@id\":\"https:\/\/portaltela.pt\/noticias\/2026\/01\/27\/presidente-da-republica-destaca-mamede-como-figura-marcante-do-desporto\/#primaryimage\",\"url\":\"https:\/\/portaltela.pt\/s.01k8rhncp4jt1\/2026\/01\/img_920x518uu2026-01-28-00-28-16-2417845.jpg\",\"contentUrl\":\"https:\/\/portaltela.pt\/s.01k8rhncp4jt1\/2026\/01\/img_920x518uu2026-01-28-00-28-16-2417845.jpg\",\"width\":796,\"height\":448,\"caption\":\"Fernando Mamede\"},{\"@type\":\"BreadcrumbList\",\"@id\":\"https:\/\/portaltela.pt\/noticias\/2026\/01\/27\/presidente-da-republica-destaca-mamede-como-figura-marcante-do-desporto\/#breadcrumb\",\"itemListElement\":[{\"@type\":\"ListItem\",\"position\":1,\"name\":\"In\u00edcio\",\"item\":\"https:\/\/portaltela.pt\/\"},{\"@type\":\"ListItem\",\"position\":2,\"name\":\"Presidente da Rep\u00fablica destaca Mamede como figura marcante do desporto\"}]},{\"@type\":\"WebSite\",\"@id\":\"https:\/\/portaltela.pt\/#website\",\"url\":\"https:\/\/portaltela.pt\/\",\"name\":\"Portal Tela Portugal\",\"description\":\"\",\"potentialAction\":[{\"@type\":\"SearchAction\",\"target\":{\"@type\":\"EntryPoint\",\"urlTemplate\":\"https:\/\/portaltela.pt\/?s={search_term_string}\"},\"query-input\":{\"@type\":\"PropertyValueSpecification\",\"valueRequired\":true,\"valueName\":\"search_term_string\"}}],\"inLanguage\":\"pt-PT\"},{\"@type\":\"Person\",\"@id\":\"https:\/\/portaltela.pt\/#\/schema\/person\/c4278d4a6028830caff9ee44b42d32ed\",\"name\":\"Telinha\",\"image\":{\"@type\":\"ImageObject\",\"inLanguage\":\"pt-PT\",\"@id\":\"https:\/\/portaltela.pt\/s.01k8rhncp4jt1\/2025\/11\/talking-bot-125x125.png\",\"url\":\"https:\/\/portaltela.pt\/s.01k8rhncp4jt1\/2025\/11\/talking-bot-125x125.png\",\"contentUrl\":\"https:\/\/portaltela.pt\/s.01k8rhncp4jt1\/2025\/11\/talking-bot-125x125.png\",\"caption\":\"Telinha\"},\"sameAs\":[\"https:\/\/portaltela.pt\/\"],\"url\":\"https:\/\/portaltela.pt\/por\/367410592786\/\"}]}<\/script>\n<!-- \/ Yoast SEO plugin. -->","yoast_head_json":{"title":"Presidente da Rep\u00fablica destaca Mamede como figura marcante do desporto - Portal Tela Portugal","robots":{"index":"index","follow":"follow","max-snippet":"max-snippet:-1","max-image-preview":"max-image-preview:large","max-video-preview":"max-video-preview:-1"},"og_locale":"pt_PT","og_type":"article","og_title":"Presidente da Rep\u00fablica destaca Mamede como figura marcante do desporto - Portal Tela Portugal","og_description":"O Presidente da Rep\u00fablica, Marcelo Rebelo de Sousa, descreveu Fernando Mamede como figura marcante e incontorn\u00e1vel do atletismo e do desporto nacional, ap\u00f3s a not\u00edcia da sua morte aos 74 anos. Mamede foi recordista mundial dos 10.000 metros durante largos anos, entre 1984 e 1989. O fundista fez tr\u00eas participa\u00e7\u00f5es olimpicas: Munique, Montreal e Los Angeles. Em 1989, recebeu o grau de Comendador da Ordem do M\u00e9rito em reconhecimento pela sua carreira. O Sporting confirmou que Mamede faleceu na ter\u00e7a-feira, deixando 27 recordes nacionais e uma marca de 27,13,81 minutos alcan\u00e7ada em Estocolmo, em 1984.","og_url":"https:\/\/portaltela.pt\/noticias\/2026\/01\/27\/presidente-da-republica-destaca-mamede-como-figura-marcante-do-desporto\/","og_site_name":"Portal Tela Portugal","article_published_time":"2026-01-28T00:29:02+00:00","author":"Telinha","twitter_card":"summary_large_image","twitter_misc":{"Escrito por":"Telinha","Tempo estimado de leitura":"1 minuto"},"schema":{"@context":"https:\/\/schema.org","@graph":[{"@type":"Article","@id":"https:\/\/portaltela.pt\/noticias\/2026\/01\/27\/presidente-da-republica-destaca-mamede-como-figura-marcante-do-desporto\/#article","isPartOf":{"@id":"https:\/\/portaltela.pt\/noticias\/2026\/01\/27\/presidente-da-republica-destaca-mamede-como-figura-marcante-do-desporto\/"},"author":{"name":"Telinha","@id":"https:\/\/portaltela.pt\/#\/schema\/person\/c4278d4a6028830caff9ee44b42d32ed"},"headline":"Presidente da Rep\u00fablica destaca Mamede como figura marcante do desporto","datePublished":"2026-01-28T00:29:02+00:00","mainEntityOfPage":{"@id":"https:\/\/portaltela.pt\/noticias\/2026\/01\/27\/presidente-da-republica-destaca-mamede-como-figura-marcante-do-desporto\/"},"wordCount":215,"image":{"@id":"https:\/\/portaltela.pt\/noticias\/2026\/01\/27\/presidente-da-republica-destaca-mamede-como-figura-marcante-do-desporto\/#primaryimage"},"thumbnailUrl":"https:\/\/portaltela.pt\/s.01k8rhncp4jt1\/2026\/01\/img_920x518uu2026-01-28-00-28-16-2417845.jpg","keywords":["atletismo","Beja","corta-mato","desporto","olimp\u00edadas","Sporting"],"articleSection":["Desporto"],"inLanguage":"pt-PT"},{"@type":"WebPage","@id":"https:\/\/portaltela.pt\/noticias\/2026\/01\/27\/presidente-da-republica-destaca-mamede-como-figura-marcante-do-desporto\/","url":"https:\/\/portaltela.pt\/noticias\/2026\/01\/27\/presidente-da-republica-destaca-mamede-como-figura-marcante-do-desporto\/","name":"Presidente da Rep\u00fablica destaca Mamede como figura marcante do desporto - Portal Tela Portugal","isPartOf":{"@id":"https:\/\/portaltela.pt\/#website"},"primaryImageOfPage":{"@id":"https:\/\/portaltela.pt\/noticias\/2026\/01\/27\/presidente-da-republica-destaca-mamede-como-figura-marcante-do-desporto\/#primaryimage"},"image":{"@id":"https:\/\/portaltela.pt\/noticias\/2026\/01\/27\/presidente-da-republica-destaca-mamede-como-figura-marcante-do-desporto\/#primaryimage"},"thumbnailUrl":"https:\/\/portaltela.pt\/s.01k8rhncp4jt1\/2026\/01\/img_920x518uu2026-01-28-00-28-16-2417845.jpg","datePublished":"2026-01-28T00:29:02+00:00","author":{"@id":"https:\/\/portaltela.pt\/#\/schema\/person\/c4278d4a6028830caff9ee44b42d32ed"},"breadcrumb":{"@id":"https:\/\/portaltela.pt\/noticias\/2026\/01\/27\/presidente-da-republica-destaca-mamede-como-figura-marcante-do-desporto\/#breadcrumb"},"inLanguage":"pt-PT","potentialAction":[{"@type":"ReadAction","target":["https:\/\/portaltela.pt\/noticias\/2026\/01\/27\/presidente-da-republica-destaca-mamede-como-figura-marcante-do-desporto\/"]}]},{"@type":"ImageObject","inLanguage":"pt-PT","@id":"https:\/\/portaltela.pt\/noticias\/2026\/01\/27\/presidente-da-republica-destaca-mamede-como-figura-marcante-do-desporto\/#primaryimage","url":"https:\/\/portaltela.pt\/s.01k8rhncp4jt1\/2026\/01\/img_920x518uu2026-01-28-00-28-16-2417845.jpg","contentUrl":"https:\/\/portaltela.pt\/s.01k8rhncp4jt1\/2026\/01\/img_920x518uu2026-01-28-00-28-16-2417845.jpg","width":796,"height":448,"caption":"Fernando Mamede"},{"@type":"BreadcrumbList","@id":"https:\/\/portaltela.pt\/noticias\/2026\/01\/27\/presidente-da-republica-destaca-mamede-como-figura-marcante-do-desporto\/#breadcrumb","itemListElement":[{"@type":"ListItem","position":1,"name":"In\u00edcio","item":"https:\/\/portaltela.pt\/"},{"@type":"ListItem","position":2,"name":"Presidente da Rep\u00fablica destaca Mamede como figura marcante do desporto"}]},{"@type":"WebSite","@id":"https:\/\/portaltela.pt\/#website","url":"https:\/\/portaltela.pt\/","name":"Portal Tela Portugal","description":"","potentialAction":[{"@type":"SearchAction","target":{"@type":"EntryPoint","urlTemplate":"https:\/\/portaltela.pt\/?s={search_term_string}"},"query-input":{"@type":"PropertyValueSpecification","valueRequired":true,"valueName":"search_term_string"}}],"inLanguage":"pt-PT"},{"@type":"Person","@id":"https:\/\/portaltela.pt\/#\/schema\/person\/c4278d4a6028830caff9ee44b42d32ed","name":"Telinha","image":{"@type":"ImageObject","inLanguage":"pt-PT","@id":"https:\/\/portaltela.pt\/s.01k8rhncp4jt1\/2025\/11\/talking-bot-125x125.png","url":"https:\/\/portaltela.pt\/s.01k8rhncp4jt1\/2025\/11\/talking-bot-125x125.png","contentUrl":"https:\/\/portaltela.pt\/s.01k8rhncp4jt1\/2025\/11\/talking-bot-125x125.png","caption":"Telinha"},"sameAs":["https:\/\/portaltela.pt\/"],"url":"https:\/\/portaltela.pt\/por\/367410592786\/"}]}},"_links":{"self":[{"href":"https:\/\/portaltela.pt\/api\/wp\/v2\/posts\/177940","targetHints":{"allow":["GET"]}}],"collection":[{"href":"https:\/\/portaltela.pt\/api\/wp\/v2\/posts"}],"about":[{"href":"https:\/\/portaltela.pt\/api\/wp\/v2\/types\/post"}],"author":[{"embeddable":true,"href":"https:\/\/portaltela.pt\/api\/wp\/v2\/users\/2"}],"replies":[{"embeddable":true,"href":"https:\/\/portaltela.pt\/api\/wp\/v2\/comments?post=177940"}],"version-history":[{"count":0,"href":"https:\/\/portaltela.pt\/api\/wp\/v2\/posts\/177940\/revisions"}],"wp:featuredmedia":[{"embeddable":true,"href":"https:\/\/portaltela.pt\/api\/wp\/v2\/media\/177945"}],"wp:attachment":[{"href":"https:\/\/portaltela.pt\/api\/wp\/v2\/media?parent=177940"}],"wp:term":[{"taxonomy":"category","embeddable":true,"href":"https:\/\/portaltela.pt\/api\/wp\/v2\/categories?post=177940"},{"taxonomy":"post_tag","embeddable":true,"href":"https:\/\/portaltela.pt\/api\/wp\/v2\/tags?post=177940"}],"curies":[{"name":"wp","href":"https:\/\/api.w.org\/{rel}","templated":true}]}}