{"id":177905,"date":"2026-01-27T21:01:00","date_gmt":"2026-01-28T00:01:00","guid":{"rendered":"https:\/\/portaltela.pt\/noticias\/2026\/01\/27\/distancia-compromete-acesso-ao-ensino-superior\/"},"modified":"2026-01-27T21:01:00","modified_gmt":"2026-01-28T00:01:00","slug":"distancia-compromete-acesso-ao-ensino-superior","status":"publish","type":"post","link":"https:\/\/portaltela.pt\/noticias\/2026\/01\/27\/distancia-compromete-acesso-ao-ensino-superior\/","title":{"rendered":"Dist\u00e2ncia compromete acesso ao ensino superior"},"content":{"rendered":"<p>A dist\u00e2ncia penaliza o acesso ao ensino superior em Portugal, revela o relat\u00f3rio Desigualdades Regionais e Mobilidade de Estudantes no Acesso ao Ensino Superior, do EDULOG. O estudo analisa 724 mil diplomados do secund\u00e1rio e 210 mil fluxos munic\u00edpio-IES, entre 2013\/14 e 2022\/23, em Portugal continental. A dist\u00e2ncia reduz significativamente a mobilidade, especialmente entre quem concluiu cursos cient\u00edfico-human\u00edsticos, e favorece escolhas locais para cursos profissionais.<\/p>\n<p>Os dados apontam que diplomados de cursos profissionais tendem a realizar percursos mais curtos e a optar por institui\u00e7\u00f5es polit\u00e9cnicas, de proximidade. Em Medicina, contudo, a dist\u00e2ncia e fatores institucionais perdem peso, surgindo a import\u00e2ncia de vari\u00e1veis socioecon\u00f3micas, em particular a maior presen\u00e7a de ensino privado nos munic\u00edpios de origem. O efeito \u00e9 mitigado pela atratividade da Medicina, com elevados retornos, que leva a desloca\u00e7\u00f5es maiores.<\/p>\n<p>O EDULOG destaca que, mesmo para cursos de elevada atratividade, persistem barreiras de equidade. A concentra\u00e7\u00e3o da oferta em centros urbanos cria padr\u00f5es de mobilidade distintos e pode favorecer desequil\u00edbrios territoriais na fixa\u00e7\u00e3o de m\u00e9dicos em regi\u00f5es perif\u00e9ricas. Refor\u00e7ar pol\u00edticas p\u00fablicas que reduzam barreiras territoriais \u00e9 visto como crucial, com apoio diferenciado \u00e0 mobilidade e fortalecimento do ensino superior no interior.<\/p>\n<h3>Munic\u00edpios sem Medicina<\/h3>\n<p>Entre 2014 e 2023, 15 munic\u00edpios n\u00e3o tiveram alunos de Medicina. Aljezur, Pampilhosa da Serra, Alter do Ch\u00e3o, Ferreira do Alentejo, Penamacor, Const\u00e2ncia, Goleg\u00e3, Ourique, Meda, Ma\u00e7\u00e3o, Ferreira do Z\u00eazere, Carrazeda de Ansi\u00e3es, Redondo, Chamusca e Aljustrel n\u00e3o registaram participa\u00e7\u00e3o neste curso.<\/p>\n","protected":false},"excerpt":{"rendered":"<ul>\n<li>Um estudo da Funda\u00e7\u00e3o Belmiro de Azevedo (EDULOG) revela que a dist\u00e2ncia \u00e9 um dos principais fatores que penalizam a mobilidade de alunos no acesso ao ensino superior em Portugal continental.<\/li>\n<li>Os diplomas de cursos cient\u00edfico-human\u00edsticos sofrem mais com essa dist\u00e2ncia, enquanto os diplomados em cursos profissionais tendem a escolher institui\u00e7\u00f5es pr\u00f3ximas ou polit\u00e9cnicas.<\/li>\n<li>No caso de Medicina, fatores socioecon\u00f3micos pesam mais, especialmente pela maior presen\u00e7a de ensino privado nos munic\u00edpios de origem, o que atenua o impacto da dist\u00e2ncia.<\/li>\n<li>A atratividade da Medicina, com elevados retornos e prest\u00edgio, leva a aceitar maiores desloca\u00e7\u00f5es, embora as desigualdades de acesso continuem a existir.<\/li>\n<li>Entre 2014 e 2023, 15 munic\u00edpios n\u00e3o tiveram alunos de Medicina, evidenciando lacunas na cobertura regional e poss\u00edveis desequil\u00edbrios na fixa\u00e7\u00e3o de m\u00e9dicos.<\/li>\n<\/ul>\n","protected":false},"author":2,"featured_media":177912,"comment_status":"closed","ping_status":"closed","sticky":false,"template":"","format":"standard","meta":{"footnotes":""},"categories":[1],"tags":[100,1409,163,2153,2443,69],"class_list":["post-177905","post","type-post","status-publish","format-standard","has-post-thumbnail","hentry","category-noticias","tag-alunos","tag-desenvolvimento-regional","tag-educacao","tag-educacao-escolar","tag-educacao-publica","tag-estudos"],"yoast_head":"<!-- This site is optimized with the Yoast SEO plugin v27.2 - https:\/\/yoast.com\/product\/yoast-seo-wordpress\/ -->\n<title>Dist\u00e2ncia compromete acesso ao ensino superior - Portal Tela Portugal<\/title>\n<meta name=\"robots\" content=\"index, follow, max-snippet:-1, max-image-preview:large, max-video-preview:-1\" \/>\n<meta property=\"og:locale\" content=\"pt_PT\" \/>\n<meta property=\"og:type\" content=\"article\" \/>\n<meta property=\"og:title\" content=\"Dist\u00e2ncia compromete acesso ao ensino superior - Portal Tela Portugal\" \/>\n<meta property=\"og:description\" content=\"Um estudo da Funda\u00e7\u00e3o Belmiro de Azevedo (EDULOG) revela que a dist\u00e2ncia \u00e9 um dos principais fatores que penalizam a mobilidade de alunos no acesso ao ensino superior em Portugal continental. Os diplomas de cursos cient\u00edfico-human\u00edsticos sofrem mais com essa dist\u00e2ncia, enquanto os diplomados em cursos profissionais tendem a escolher institui\u00e7\u00f5es pr\u00f3ximas ou polit\u00e9cnicas. No caso de Medicina, fatores socioecon\u00f3micos pesam mais, especialmente pela maior presen\u00e7a de ensino privado nos munic\u00edpios de origem, o que atenua o impacto da dist\u00e2ncia. A atratividade da Medicina, com elevados retornos e prest\u00edgio, leva a aceitar maiores desloca\u00e7\u00f5es, embora as desigualdades de acesso continuem a existir. Entre 2014 e 2023, 15 munic\u00edpios n\u00e3o tiveram alunos de Medicina, evidenciando lacunas na cobertura regional e poss\u00edveis desequil\u00edbrios na fixa\u00e7\u00e3o de m\u00e9dicos.\" \/>\n<meta property=\"og:url\" content=\"https:\/\/portaltela.pt\/noticias\/2026\/01\/27\/distancia-compromete-acesso-ao-ensino-superior\/\" \/>\n<meta property=\"og:site_name\" content=\"Portal Tela Portugal\" \/>\n<meta property=\"article:published_time\" content=\"2026-01-28T00:01:00+00:00\" \/>\n<meta name=\"author\" content=\"Telinha\" \/>\n<meta name=\"twitter:card\" content=\"summary_large_image\" \/>\n<meta name=\"twitter:label1\" content=\"Escrito por\" \/>\n\t<meta name=\"twitter:data1\" content=\"Telinha\" \/>\n\t<meta name=\"twitter:label2\" content=\"Tempo estimado de leitura\" \/>\n\t<meta name=\"twitter:data2\" content=\"1 minuto\" \/>\n<script type=\"application\/ld+json\" class=\"yoast-schema-graph\">{\"@context\":\"https:\/\/schema.org\",\"@graph\":[{\"@type\":\"Article\",\"@id\":\"https:\/\/portaltela.pt\/noticias\/2026\/01\/27\/distancia-compromete-acesso-ao-ensino-superior\/#article\",\"isPartOf\":{\"@id\":\"https:\/\/portaltela.pt\/noticias\/2026\/01\/27\/distancia-compromete-acesso-ao-ensino-superior\/\"},\"author\":{\"name\":\"Telinha\",\"@id\":\"https:\/\/portaltela.pt\/#\/schema\/person\/c4278d4a6028830caff9ee44b42d32ed\"},\"headline\":\"Dist\u00e2ncia compromete acesso ao ensino superior\",\"datePublished\":\"2026-01-28T00:01:00+00:00\",\"mainEntityOfPage\":{\"@id\":\"https:\/\/portaltela.pt\/noticias\/2026\/01\/27\/distancia-compromete-acesso-ao-ensino-superior\/\"},\"wordCount\":270,\"image\":{\"@id\":\"https:\/\/portaltela.pt\/noticias\/2026\/01\/27\/distancia-compromete-acesso-ao-ensino-superior\/#primaryimage\"},\"thumbnailUrl\":\"https:\/\/portaltela.pt\/s.01k8rhncp4jt1\/2026\/01\/img_1500x1000uu2023-10-02-10-45-52-1456865.jpg\",\"keywords\":[\"alunos\",\"desenvolvimento regional\",\"educa\u00e7\u00e3o\",\"educa\u00e7\u00e3o escolar\",\"educa\u00e7\u00e3o p\u00fablica\",\"estudos\"],\"articleSection\":[\"Not\u00edcias\"],\"inLanguage\":\"pt-PT\"},{\"@type\":\"WebPage\",\"@id\":\"https:\/\/portaltela.pt\/noticias\/2026\/01\/27\/distancia-compromete-acesso-ao-ensino-superior\/\",\"url\":\"https:\/\/portaltela.pt\/noticias\/2026\/01\/27\/distancia-compromete-acesso-ao-ensino-superior\/\",\"name\":\"Dist\u00e2ncia compromete acesso ao ensino superior - Portal Tela Portugal\",\"isPartOf\":{\"@id\":\"https:\/\/portaltela.pt\/#website\"},\"primaryImageOfPage\":{\"@id\":\"https:\/\/portaltela.pt\/noticias\/2026\/01\/27\/distancia-compromete-acesso-ao-ensino-superior\/#primaryimage\"},\"image\":{\"@id\":\"https:\/\/portaltela.pt\/noticias\/2026\/01\/27\/distancia-compromete-acesso-ao-ensino-superior\/#primaryimage\"},\"thumbnailUrl\":\"https:\/\/portaltela.pt\/s.01k8rhncp4jt1\/2026\/01\/img_1500x1000uu2023-10-02-10-45-52-1456865.jpg\",\"datePublished\":\"2026-01-28T00:01:00+00:00\",\"author\":{\"@id\":\"https:\/\/portaltela.pt\/#\/schema\/person\/c4278d4a6028830caff9ee44b42d32ed\"},\"breadcrumb\":{\"@id\":\"https:\/\/portaltela.pt\/noticias\/2026\/01\/27\/distancia-compromete-acesso-ao-ensino-superior\/#breadcrumb\"},\"inLanguage\":\"pt-PT\",\"potentialAction\":[{\"@type\":\"ReadAction\",\"target\":[\"https:\/\/portaltela.pt\/noticias\/2026\/01\/27\/distancia-compromete-acesso-ao-ensino-superior\/\"]}]},{\"@type\":\"ImageObject\",\"inLanguage\":\"pt-PT\",\"@id\":\"https:\/\/portaltela.pt\/noticias\/2026\/01\/27\/distancia-compromete-acesso-ao-ensino-superior\/#primaryimage\",\"url\":\"https:\/\/portaltela.pt\/s.01k8rhncp4jt1\/2026\/01\/img_1500x1000uu2023-10-02-10-45-52-1456865.jpg\",\"contentUrl\":\"https:\/\/portaltela.pt\/s.01k8rhncp4jt1\/2026\/01\/img_1500x1000uu2023-10-02-10-45-52-1456865.jpg\",\"width\":796,\"height\":448,\"caption\":\"Estudantes do Ensino Superior\"},{\"@type\":\"BreadcrumbList\",\"@id\":\"https:\/\/portaltela.pt\/noticias\/2026\/01\/27\/distancia-compromete-acesso-ao-ensino-superior\/#breadcrumb\",\"itemListElement\":[{\"@type\":\"ListItem\",\"position\":1,\"name\":\"In\u00edcio\",\"item\":\"https:\/\/portaltela.pt\/\"},{\"@type\":\"ListItem\",\"position\":2,\"name\":\"Dist\u00e2ncia compromete acesso ao ensino superior\"}]},{\"@type\":\"WebSite\",\"@id\":\"https:\/\/portaltela.pt\/#website\",\"url\":\"https:\/\/portaltela.pt\/\",\"name\":\"Portal Tela Portugal\",\"description\":\"\",\"potentialAction\":[{\"@type\":\"SearchAction\",\"target\":{\"@type\":\"EntryPoint\",\"urlTemplate\":\"https:\/\/portaltela.pt\/?s={search_term_string}\"},\"query-input\":{\"@type\":\"PropertyValueSpecification\",\"valueRequired\":true,\"valueName\":\"search_term_string\"}}],\"inLanguage\":\"pt-PT\"},{\"@type\":\"Person\",\"@id\":\"https:\/\/portaltela.pt\/#\/schema\/person\/c4278d4a6028830caff9ee44b42d32ed\",\"name\":\"Telinha\",\"image\":{\"@type\":\"ImageObject\",\"inLanguage\":\"pt-PT\",\"@id\":\"https:\/\/portaltela.pt\/s.01k8rhncp4jt1\/2025\/11\/talking-bot-125x125.png\",\"url\":\"https:\/\/portaltela.pt\/s.01k8rhncp4jt1\/2025\/11\/talking-bot-125x125.png\",\"contentUrl\":\"https:\/\/portaltela.pt\/s.01k8rhncp4jt1\/2025\/11\/talking-bot-125x125.png\",\"caption\":\"Telinha\"},\"sameAs\":[\"https:\/\/portaltela.pt\/\"],\"url\":\"https:\/\/portaltela.pt\/por\/367410592786\/\"}]}<\/script>\n<!-- \/ Yoast SEO plugin. -->","yoast_head_json":{"title":"Dist\u00e2ncia compromete acesso ao ensino superior - Portal Tela Portugal","robots":{"index":"index","follow":"follow","max-snippet":"max-snippet:-1","max-image-preview":"max-image-preview:large","max-video-preview":"max-video-preview:-1"},"og_locale":"pt_PT","og_type":"article","og_title":"Dist\u00e2ncia compromete acesso ao ensino superior - Portal Tela Portugal","og_description":"Um estudo da Funda\u00e7\u00e3o Belmiro de Azevedo (EDULOG) revela que a dist\u00e2ncia \u00e9 um dos principais fatores que penalizam a mobilidade de alunos no acesso ao ensino superior em Portugal continental. Os diplomas de cursos cient\u00edfico-human\u00edsticos sofrem mais com essa dist\u00e2ncia, enquanto os diplomados em cursos profissionais tendem a escolher institui\u00e7\u00f5es pr\u00f3ximas ou polit\u00e9cnicas. No caso de Medicina, fatores socioecon\u00f3micos pesam mais, especialmente pela maior presen\u00e7a de ensino privado nos munic\u00edpios de origem, o que atenua o impacto da dist\u00e2ncia. A atratividade da Medicina, com elevados retornos e prest\u00edgio, leva a aceitar maiores desloca\u00e7\u00f5es, embora as desigualdades de acesso continuem a existir. Entre 2014 e 2023, 15 munic\u00edpios n\u00e3o tiveram alunos de Medicina, evidenciando lacunas na cobertura regional e poss\u00edveis desequil\u00edbrios na fixa\u00e7\u00e3o de m\u00e9dicos.","og_url":"https:\/\/portaltela.pt\/noticias\/2026\/01\/27\/distancia-compromete-acesso-ao-ensino-superior\/","og_site_name":"Portal Tela Portugal","article_published_time":"2026-01-28T00:01:00+00:00","author":"Telinha","twitter_card":"summary_large_image","twitter_misc":{"Escrito por":"Telinha","Tempo estimado de leitura":"1 minuto"},"schema":{"@context":"https:\/\/schema.org","@graph":[{"@type":"Article","@id":"https:\/\/portaltela.pt\/noticias\/2026\/01\/27\/distancia-compromete-acesso-ao-ensino-superior\/#article","isPartOf":{"@id":"https:\/\/portaltela.pt\/noticias\/2026\/01\/27\/distancia-compromete-acesso-ao-ensino-superior\/"},"author":{"name":"Telinha","@id":"https:\/\/portaltela.pt\/#\/schema\/person\/c4278d4a6028830caff9ee44b42d32ed"},"headline":"Dist\u00e2ncia compromete acesso ao ensino superior","datePublished":"2026-01-28T00:01:00+00:00","mainEntityOfPage":{"@id":"https:\/\/portaltela.pt\/noticias\/2026\/01\/27\/distancia-compromete-acesso-ao-ensino-superior\/"},"wordCount":270,"image":{"@id":"https:\/\/portaltela.pt\/noticias\/2026\/01\/27\/distancia-compromete-acesso-ao-ensino-superior\/#primaryimage"},"thumbnailUrl":"https:\/\/portaltela.pt\/s.01k8rhncp4jt1\/2026\/01\/img_1500x1000uu2023-10-02-10-45-52-1456865.jpg","keywords":["alunos","desenvolvimento regional","educa\u00e7\u00e3o","educa\u00e7\u00e3o escolar","educa\u00e7\u00e3o p\u00fablica","estudos"],"articleSection":["Not\u00edcias"],"inLanguage":"pt-PT"},{"@type":"WebPage","@id":"https:\/\/portaltela.pt\/noticias\/2026\/01\/27\/distancia-compromete-acesso-ao-ensino-superior\/","url":"https:\/\/portaltela.pt\/noticias\/2026\/01\/27\/distancia-compromete-acesso-ao-ensino-superior\/","name":"Dist\u00e2ncia compromete acesso ao ensino superior - Portal Tela Portugal","isPartOf":{"@id":"https:\/\/portaltela.pt\/#website"},"primaryImageOfPage":{"@id":"https:\/\/portaltela.pt\/noticias\/2026\/01\/27\/distancia-compromete-acesso-ao-ensino-superior\/#primaryimage"},"image":{"@id":"https:\/\/portaltela.pt\/noticias\/2026\/01\/27\/distancia-compromete-acesso-ao-ensino-superior\/#primaryimage"},"thumbnailUrl":"https:\/\/portaltela.pt\/s.01k8rhncp4jt1\/2026\/01\/img_1500x1000uu2023-10-02-10-45-52-1456865.jpg","datePublished":"2026-01-28T00:01:00+00:00","author":{"@id":"https:\/\/portaltela.pt\/#\/schema\/person\/c4278d4a6028830caff9ee44b42d32ed"},"breadcrumb":{"@id":"https:\/\/portaltela.pt\/noticias\/2026\/01\/27\/distancia-compromete-acesso-ao-ensino-superior\/#breadcrumb"},"inLanguage":"pt-PT","potentialAction":[{"@type":"ReadAction","target":["https:\/\/portaltela.pt\/noticias\/2026\/01\/27\/distancia-compromete-acesso-ao-ensino-superior\/"]}]},{"@type":"ImageObject","inLanguage":"pt-PT","@id":"https:\/\/portaltela.pt\/noticias\/2026\/01\/27\/distancia-compromete-acesso-ao-ensino-superior\/#primaryimage","url":"https:\/\/portaltela.pt\/s.01k8rhncp4jt1\/2026\/01\/img_1500x1000uu2023-10-02-10-45-52-1456865.jpg","contentUrl":"https:\/\/portaltela.pt\/s.01k8rhncp4jt1\/2026\/01\/img_1500x1000uu2023-10-02-10-45-52-1456865.jpg","width":796,"height":448,"caption":"Estudantes do Ensino Superior"},{"@type":"BreadcrumbList","@id":"https:\/\/portaltela.pt\/noticias\/2026\/01\/27\/distancia-compromete-acesso-ao-ensino-superior\/#breadcrumb","itemListElement":[{"@type":"ListItem","position":1,"name":"In\u00edcio","item":"https:\/\/portaltela.pt\/"},{"@type":"ListItem","position":2,"name":"Dist\u00e2ncia compromete acesso ao ensino superior"}]},{"@type":"WebSite","@id":"https:\/\/portaltela.pt\/#website","url":"https:\/\/portaltela.pt\/","name":"Portal Tela Portugal","description":"","potentialAction":[{"@type":"SearchAction","target":{"@type":"EntryPoint","urlTemplate":"https:\/\/portaltela.pt\/?s={search_term_string}"},"query-input":{"@type":"PropertyValueSpecification","valueRequired":true,"valueName":"search_term_string"}}],"inLanguage":"pt-PT"},{"@type":"Person","@id":"https:\/\/portaltela.pt\/#\/schema\/person\/c4278d4a6028830caff9ee44b42d32ed","name":"Telinha","image":{"@type":"ImageObject","inLanguage":"pt-PT","@id":"https:\/\/portaltela.pt\/s.01k8rhncp4jt1\/2025\/11\/talking-bot-125x125.png","url":"https:\/\/portaltela.pt\/s.01k8rhncp4jt1\/2025\/11\/talking-bot-125x125.png","contentUrl":"https:\/\/portaltela.pt\/s.01k8rhncp4jt1\/2025\/11\/talking-bot-125x125.png","caption":"Telinha"},"sameAs":["https:\/\/portaltela.pt\/"],"url":"https:\/\/portaltela.pt\/por\/367410592786\/"}]}},"_links":{"self":[{"href":"https:\/\/portaltela.pt\/api\/wp\/v2\/posts\/177905","targetHints":{"allow":["GET"]}}],"collection":[{"href":"https:\/\/portaltela.pt\/api\/wp\/v2\/posts"}],"about":[{"href":"https:\/\/portaltela.pt\/api\/wp\/v2\/types\/post"}],"author":[{"embeddable":true,"href":"https:\/\/portaltela.pt\/api\/wp\/v2\/users\/2"}],"replies":[{"embeddable":true,"href":"https:\/\/portaltela.pt\/api\/wp\/v2\/comments?post=177905"}],"version-history":[{"count":0,"href":"https:\/\/portaltela.pt\/api\/wp\/v2\/posts\/177905\/revisions"}],"wp:featuredmedia":[{"embeddable":true,"href":"https:\/\/portaltela.pt\/api\/wp\/v2\/media\/177912"}],"wp:attachment":[{"href":"https:\/\/portaltela.pt\/api\/wp\/v2\/media?parent=177905"}],"wp:term":[{"taxonomy":"category","embeddable":true,"href":"https:\/\/portaltela.pt\/api\/wp\/v2\/categories?post=177905"},{"taxonomy":"post_tag","embeddable":true,"href":"https:\/\/portaltela.pt\/api\/wp\/v2\/tags?post=177905"}],"curies":[{"name":"wp","href":"https:\/\/api.w.org\/{rel}","templated":true}]}}