{"id":177841,"date":"2026-01-27T20:09:36","date_gmt":"2026-01-27T23:09:36","guid":{"rendered":"https:\/\/portaltela.pt\/noticias\/2026\/01\/27\/nuno-afonso-volta-a-nao-votar-em-ventura\/"},"modified":"2026-01-27T20:09:36","modified_gmt":"2026-01-27T23:09:36","slug":"nuno-afonso-volta-a-nao-votar-em-ventura","status":"publish","type":"post","link":"https:\/\/portaltela.pt\/noticias\/politica\/2026\/01\/27\/nuno-afonso-volta-a-nao-votar-em-ventura\/","title":{"rendered":"Nuno Afonso volta a n\u00e3o votar em Ventura"},"content":{"rendered":"<p>Nuno Afonso n\u00e3o votar\u00e1 em Andr\u00e9 Ventura na segunda volta das presidenciais, mantendo uma dist\u00e2ncia p\u00fablica que se mant\u00e9m desde o afastamento do Chega em 2023. O ex-l\u00edder interno do partido, que j\u00e1 foi pr\u00f3ximo de Ventura, afastou-se para abra\u00e7ar outros projetos pol\u00edticos e, na primeira volta, apoiou Jo\u00e3o Cotrim Figueiredo. Em entrevista, afirma que n\u00e3o apoia nenhum dos candidatos da segunda volta.<\/p>\n<p>A an\u00e1lise de Nuno Afonso aponta para um vazio na direita eleitoral. Em entrevista \u00e0 R\u00e1dio Observador, o fundador do Chega sustenta que a verdadeira direita \u00e9 conservadora, respeitadora e democr\u00e1tica, e n\u00e3o se rev\u00ea em Ventura. O ex-militante afirma que o candidato atual representa o descontentamento de parte do eleitorado, n\u00e3o a sua matriz ideol\u00f3gica.<\/p>\n<p>Para o agora independente, a escolha passa por voto em branco ou nulo, n\u00e3o pelos dois candidatos em risco. Afastando qualquer apoio a Ant\u00f3nio Jos\u00e9 Seguro, Nuno Afonso justifica que um conservador n\u00e3o pode apoiar um candidato socialista. A posi\u00e7\u00e3o mant\u00e9m-se mesmo depois de ter apoiado Cotrim Figueiredo na primeira volta por convic\u00e7\u00e3o, sem subscrever a ideia de que \u00e9 melhor um Presidente que esteja parado do que reformista.<\/p>\n<p>Nuno Afonso aponta ainda que Andr\u00e9 Ventura pretende manter influ\u00eancia no Chega caso seja eleito Presidente. O cr\u00edtico sustenta que o l\u00edder atual n\u00e3o romperia com o partido, mesmo ap\u00f3s a elei\u00e7\u00e3o, e procuraria colocar algu\u00e9m como \u201cmarionete\u201d para continuar a dirigir o movimento, garantindo, na pr\u00e1tica, o dom\u00ednio do autoritarismo ideol\u00f3gico.<\/p>\n","protected":false},"excerpt":{"rendered":"<ul>\n<li>Nuno Afonso, antigo l\u00edder pr\u00f3ximo de Andr\u00e9 Ventura no Chega, afirma que n\u00e3o vota nem em Ventura nem em Ant\u00f3nio Jos\u00e9 Seguro na segunda volta das presidenciais.<\/li>\n<li>Depois de ter sa\u00eddo do Chega em 2023, foi candidato aut\u00e1rquico pela Alian\u00e7a e pelo Movimento Partido Trabalhista (MPT) em 2025, e apoiou Jo\u00e3o Cotrim Figueiredo na primeira volta.<\/li>\n<li>Em entrevista \u00e0 R\u00e1dio Observador, diz que a verdadeira direita n\u00e3o se rev\u00ea em Ventura, classificando-o como candidato dos descontentes.<\/li>\n<li>Defende que a escolha \u00e9 entre voto em branco ou nulo, apontando que um conservador de direita n\u00e3o pode apoiar um candidato socialista.<\/li>\n<li>Atribui a Ventura a inten\u00e7\u00e3o de liderar o Chega mesmo se vencer a Presid\u00eancia, sugerindo que, se necess\u00e1rio, nomearia uma \u201cmarionete\u201d para o partido.<\/li>\n<\/ul>\n","protected":false},"author":2,"featured_media":177875,"comment_status":"closed","ping_status":"closed","sticky":false,"template":"","format":"standard","meta":{"footnotes":""},"categories":[1,5],"tags":[2453,2142,2678,68,2832,3001],"class_list":["post-177841","post","type-post","status-publish","format-standard","has-post-thumbnail","hentry","category-noticias","category-politica","tag-andre-ventura","tag-chega","tag-cotrim-de-figueiredo","tag-eleicoes","tag-politica","tag-presidenciais"],"yoast_head":"<!-- This site is optimized with the Yoast SEO plugin v27.2 - https:\/\/yoast.com\/product\/yoast-seo-wordpress\/ -->\n<title>Nuno Afonso volta a n\u00e3o votar em Ventura - Portal Tela Portugal<\/title>\n<meta name=\"robots\" content=\"index, follow, max-snippet:-1, max-image-preview:large, max-video-preview:-1\" \/>\n<meta property=\"og:locale\" content=\"pt_PT\" \/>\n<meta property=\"og:type\" content=\"article\" \/>\n<meta property=\"og:title\" content=\"Nuno Afonso volta a n\u00e3o votar em Ventura - Portal Tela Portugal\" \/>\n<meta property=\"og:description\" content=\"Nuno Afonso, antigo l\u00edder pr\u00f3ximo de Andr\u00e9 Ventura no Chega, afirma que n\u00e3o vota nem em Ventura nem em Ant\u00f3nio Jos\u00e9 Seguro na segunda volta das presidenciais. Depois de ter sa\u00eddo do Chega em 2023, foi candidato aut\u00e1rquico pela Alian\u00e7a e pelo Movimento Partido Trabalhista (MPT) em 2025, e apoiou Jo\u00e3o Cotrim Figueiredo na primeira volta. Em entrevista \u00e0 R\u00e1dio Observador, diz que a verdadeira direita n\u00e3o se rev\u00ea em Ventura, classificando-o como candidato dos descontentes. Defende que a escolha \u00e9 entre voto em branco ou nulo, apontando que um conservador de direita n\u00e3o pode apoiar um candidato socialista. Atribui a Ventura a inten\u00e7\u00e3o de liderar o Chega mesmo se vencer a Presid\u00eancia, sugerindo que, se necess\u00e1rio, nomearia uma \u201cmarionete\u201d para o partido.\" \/>\n<meta property=\"og:url\" content=\"https:\/\/portaltela.pt\/noticias\/2026\/01\/27\/nuno-afonso-volta-a-nao-votar-em-ventura\/\" \/>\n<meta property=\"og:site_name\" content=\"Portal Tela Portugal\" \/>\n<meta property=\"article:published_time\" content=\"2026-01-27T23:09:36+00:00\" \/>\n<meta name=\"author\" content=\"Telinha\" \/>\n<meta name=\"twitter:card\" content=\"summary_large_image\" \/>\n<meta name=\"twitter:label1\" content=\"Escrito por\" \/>\n\t<meta name=\"twitter:data1\" content=\"Telinha\" \/>\n\t<meta name=\"twitter:label2\" content=\"Tempo estimado de leitura\" \/>\n\t<meta name=\"twitter:data2\" content=\"1 minuto\" \/>\n<script type=\"application\/ld+json\" class=\"yoast-schema-graph\">{\"@context\":\"https:\/\/schema.org\",\"@graph\":[{\"@type\":\"Article\",\"@id\":\"https:\/\/portaltela.pt\/noticias\/2026\/01\/27\/nuno-afonso-volta-a-nao-votar-em-ventura\/#article\",\"isPartOf\":{\"@id\":\"https:\/\/portaltela.pt\/noticias\/2026\/01\/27\/nuno-afonso-volta-a-nao-votar-em-ventura\/\"},\"author\":{\"name\":\"Telinha\",\"@id\":\"https:\/\/portaltela.pt\/#\/schema\/person\/c4278d4a6028830caff9ee44b42d32ed\"},\"headline\":\"Nuno Afonso volta a n\u00e3o votar em Ventura\",\"datePublished\":\"2026-01-27T23:09:36+00:00\",\"mainEntityOfPage\":{\"@id\":\"https:\/\/portaltela.pt\/noticias\/2026\/01\/27\/nuno-afonso-volta-a-nao-votar-em-ventura\/\"},\"wordCount\":277,\"image\":{\"@id\":\"https:\/\/portaltela.pt\/noticias\/2026\/01\/27\/nuno-afonso-volta-a-nao-votar-em-ventura\/#primaryimage\"},\"thumbnailUrl\":\"https:\/\/portaltela.pt\/s.01k8rhncp4jt1\/2026\/01\/unnamed-file-5579.jpg\",\"keywords\":[\"Andr\u00e9 Ventura\",\"CHEGA\",\"Cotrim de Figueiredo\",\"elei\u00e7\u00f5es\",\"pol\u00edtica\",\"Presidenciais\"],\"articleSection\":[\"Not\u00edcias\",\"Pol\u00edtica\"],\"inLanguage\":\"pt-PT\"},{\"@type\":\"WebPage\",\"@id\":\"https:\/\/portaltela.pt\/noticias\/2026\/01\/27\/nuno-afonso-volta-a-nao-votar-em-ventura\/\",\"url\":\"https:\/\/portaltela.pt\/noticias\/2026\/01\/27\/nuno-afonso-volta-a-nao-votar-em-ventura\/\",\"name\":\"Nuno Afonso volta a n\u00e3o votar em Ventura - Portal Tela Portugal\",\"isPartOf\":{\"@id\":\"https:\/\/portaltela.pt\/#website\"},\"primaryImageOfPage\":{\"@id\":\"https:\/\/portaltela.pt\/noticias\/2026\/01\/27\/nuno-afonso-volta-a-nao-votar-em-ventura\/#primaryimage\"},\"image\":{\"@id\":\"https:\/\/portaltela.pt\/noticias\/2026\/01\/27\/nuno-afonso-volta-a-nao-votar-em-ventura\/#primaryimage\"},\"thumbnailUrl\":\"https:\/\/portaltela.pt\/s.01k8rhncp4jt1\/2026\/01\/unnamed-file-5579.jpg\",\"datePublished\":\"2026-01-27T23:09:36+00:00\",\"author\":{\"@id\":\"https:\/\/portaltela.pt\/#\/schema\/person\/c4278d4a6028830caff9ee44b42d32ed\"},\"breadcrumb\":{\"@id\":\"https:\/\/portaltela.pt\/noticias\/2026\/01\/27\/nuno-afonso-volta-a-nao-votar-em-ventura\/#breadcrumb\"},\"inLanguage\":\"pt-PT\",\"potentialAction\":[{\"@type\":\"ReadAction\",\"target\":[\"https:\/\/portaltela.pt\/noticias\/2026\/01\/27\/nuno-afonso-volta-a-nao-votar-em-ventura\/\"]}]},{\"@type\":\"ImageObject\",\"inLanguage\":\"pt-PT\",\"@id\":\"https:\/\/portaltela.pt\/noticias\/2026\/01\/27\/nuno-afonso-volta-a-nao-votar-em-ventura\/#primaryimage\",\"url\":\"https:\/\/portaltela.pt\/s.01k8rhncp4jt1\/2026\/01\/unnamed-file-5579.jpg\",\"contentUrl\":\"https:\/\/portaltela.pt\/s.01k8rhncp4jt1\/2026\/01\/unnamed-file-5579.jpg\",\"width\":796,\"height\":448,\"caption\":\"Nuno Afonso volta a n\u00e3o votar em Ventura\"},{\"@type\":\"BreadcrumbList\",\"@id\":\"https:\/\/portaltela.pt\/noticias\/2026\/01\/27\/nuno-afonso-volta-a-nao-votar-em-ventura\/#breadcrumb\",\"itemListElement\":[{\"@type\":\"ListItem\",\"position\":1,\"name\":\"In\u00edcio\",\"item\":\"https:\/\/portaltela.pt\/\"},{\"@type\":\"ListItem\",\"position\":2,\"name\":\"Nuno Afonso volta a n\u00e3o votar em Ventura\"}]},{\"@type\":\"WebSite\",\"@id\":\"https:\/\/portaltela.pt\/#website\",\"url\":\"https:\/\/portaltela.pt\/\",\"name\":\"Portal Tela Portugal\",\"description\":\"\",\"potentialAction\":[{\"@type\":\"SearchAction\",\"target\":{\"@type\":\"EntryPoint\",\"urlTemplate\":\"https:\/\/portaltela.pt\/?s={search_term_string}\"},\"query-input\":{\"@type\":\"PropertyValueSpecification\",\"valueRequired\":true,\"valueName\":\"search_term_string\"}}],\"inLanguage\":\"pt-PT\"},{\"@type\":\"Person\",\"@id\":\"https:\/\/portaltela.pt\/#\/schema\/person\/c4278d4a6028830caff9ee44b42d32ed\",\"name\":\"Telinha\",\"image\":{\"@type\":\"ImageObject\",\"inLanguage\":\"pt-PT\",\"@id\":\"https:\/\/portaltela.pt\/s.01k8rhncp4jt1\/2025\/11\/talking-bot-125x125.png\",\"url\":\"https:\/\/portaltela.pt\/s.01k8rhncp4jt1\/2025\/11\/talking-bot-125x125.png\",\"contentUrl\":\"https:\/\/portaltela.pt\/s.01k8rhncp4jt1\/2025\/11\/talking-bot-125x125.png\",\"caption\":\"Telinha\"},\"sameAs\":[\"https:\/\/portaltela.pt\/\"],\"url\":\"https:\/\/portaltela.pt\/por\/367410592786\/\"}]}<\/script>\n<!-- \/ Yoast SEO plugin. -->","yoast_head_json":{"title":"Nuno Afonso volta a n\u00e3o votar em Ventura - Portal Tela Portugal","robots":{"index":"index","follow":"follow","max-snippet":"max-snippet:-1","max-image-preview":"max-image-preview:large","max-video-preview":"max-video-preview:-1"},"og_locale":"pt_PT","og_type":"article","og_title":"Nuno Afonso volta a n\u00e3o votar em Ventura - Portal Tela Portugal","og_description":"Nuno Afonso, antigo l\u00edder pr\u00f3ximo de Andr\u00e9 Ventura no Chega, afirma que n\u00e3o vota nem em Ventura nem em Ant\u00f3nio Jos\u00e9 Seguro na segunda volta das presidenciais. Depois de ter sa\u00eddo do Chega em 2023, foi candidato aut\u00e1rquico pela Alian\u00e7a e pelo Movimento Partido Trabalhista (MPT) em 2025, e apoiou Jo\u00e3o Cotrim Figueiredo na primeira volta. Em entrevista \u00e0 R\u00e1dio Observador, diz que a verdadeira direita n\u00e3o se rev\u00ea em Ventura, classificando-o como candidato dos descontentes. Defende que a escolha \u00e9 entre voto em branco ou nulo, apontando que um conservador de direita n\u00e3o pode apoiar um candidato socialista. Atribui a Ventura a inten\u00e7\u00e3o de liderar o Chega mesmo se vencer a Presid\u00eancia, sugerindo que, se necess\u00e1rio, nomearia uma \u201cmarionete\u201d para o partido.","og_url":"https:\/\/portaltela.pt\/noticias\/2026\/01\/27\/nuno-afonso-volta-a-nao-votar-em-ventura\/","og_site_name":"Portal Tela Portugal","article_published_time":"2026-01-27T23:09:36+00:00","author":"Telinha","twitter_card":"summary_large_image","twitter_misc":{"Escrito por":"Telinha","Tempo estimado de leitura":"1 minuto"},"schema":{"@context":"https:\/\/schema.org","@graph":[{"@type":"Article","@id":"https:\/\/portaltela.pt\/noticias\/2026\/01\/27\/nuno-afonso-volta-a-nao-votar-em-ventura\/#article","isPartOf":{"@id":"https:\/\/portaltela.pt\/noticias\/2026\/01\/27\/nuno-afonso-volta-a-nao-votar-em-ventura\/"},"author":{"name":"Telinha","@id":"https:\/\/portaltela.pt\/#\/schema\/person\/c4278d4a6028830caff9ee44b42d32ed"},"headline":"Nuno Afonso volta a n\u00e3o votar em Ventura","datePublished":"2026-01-27T23:09:36+00:00","mainEntityOfPage":{"@id":"https:\/\/portaltela.pt\/noticias\/2026\/01\/27\/nuno-afonso-volta-a-nao-votar-em-ventura\/"},"wordCount":277,"image":{"@id":"https:\/\/portaltela.pt\/noticias\/2026\/01\/27\/nuno-afonso-volta-a-nao-votar-em-ventura\/#primaryimage"},"thumbnailUrl":"https:\/\/portaltela.pt\/s.01k8rhncp4jt1\/2026\/01\/unnamed-file-5579.jpg","keywords":["Andr\u00e9 Ventura","CHEGA","Cotrim de Figueiredo","elei\u00e7\u00f5es","pol\u00edtica","Presidenciais"],"articleSection":["Not\u00edcias","Pol\u00edtica"],"inLanguage":"pt-PT"},{"@type":"WebPage","@id":"https:\/\/portaltela.pt\/noticias\/2026\/01\/27\/nuno-afonso-volta-a-nao-votar-em-ventura\/","url":"https:\/\/portaltela.pt\/noticias\/2026\/01\/27\/nuno-afonso-volta-a-nao-votar-em-ventura\/","name":"Nuno Afonso volta a n\u00e3o votar em Ventura - Portal Tela Portugal","isPartOf":{"@id":"https:\/\/portaltela.pt\/#website"},"primaryImageOfPage":{"@id":"https:\/\/portaltela.pt\/noticias\/2026\/01\/27\/nuno-afonso-volta-a-nao-votar-em-ventura\/#primaryimage"},"image":{"@id":"https:\/\/portaltela.pt\/noticias\/2026\/01\/27\/nuno-afonso-volta-a-nao-votar-em-ventura\/#primaryimage"},"thumbnailUrl":"https:\/\/portaltela.pt\/s.01k8rhncp4jt1\/2026\/01\/unnamed-file-5579.jpg","datePublished":"2026-01-27T23:09:36+00:00","author":{"@id":"https:\/\/portaltela.pt\/#\/schema\/person\/c4278d4a6028830caff9ee44b42d32ed"},"breadcrumb":{"@id":"https:\/\/portaltela.pt\/noticias\/2026\/01\/27\/nuno-afonso-volta-a-nao-votar-em-ventura\/#breadcrumb"},"inLanguage":"pt-PT","potentialAction":[{"@type":"ReadAction","target":["https:\/\/portaltela.pt\/noticias\/2026\/01\/27\/nuno-afonso-volta-a-nao-votar-em-ventura\/"]}]},{"@type":"ImageObject","inLanguage":"pt-PT","@id":"https:\/\/portaltela.pt\/noticias\/2026\/01\/27\/nuno-afonso-volta-a-nao-votar-em-ventura\/#primaryimage","url":"https:\/\/portaltela.pt\/s.01k8rhncp4jt1\/2026\/01\/unnamed-file-5579.jpg","contentUrl":"https:\/\/portaltela.pt\/s.01k8rhncp4jt1\/2026\/01\/unnamed-file-5579.jpg","width":796,"height":448,"caption":"Nuno Afonso volta a n\u00e3o votar em Ventura"},{"@type":"BreadcrumbList","@id":"https:\/\/portaltela.pt\/noticias\/2026\/01\/27\/nuno-afonso-volta-a-nao-votar-em-ventura\/#breadcrumb","itemListElement":[{"@type":"ListItem","position":1,"name":"In\u00edcio","item":"https:\/\/portaltela.pt\/"},{"@type":"ListItem","position":2,"name":"Nuno Afonso volta a n\u00e3o votar em Ventura"}]},{"@type":"WebSite","@id":"https:\/\/portaltela.pt\/#website","url":"https:\/\/portaltela.pt\/","name":"Portal Tela Portugal","description":"","potentialAction":[{"@type":"SearchAction","target":{"@type":"EntryPoint","urlTemplate":"https:\/\/portaltela.pt\/?s={search_term_string}"},"query-input":{"@type":"PropertyValueSpecification","valueRequired":true,"valueName":"search_term_string"}}],"inLanguage":"pt-PT"},{"@type":"Person","@id":"https:\/\/portaltela.pt\/#\/schema\/person\/c4278d4a6028830caff9ee44b42d32ed","name":"Telinha","image":{"@type":"ImageObject","inLanguage":"pt-PT","@id":"https:\/\/portaltela.pt\/s.01k8rhncp4jt1\/2025\/11\/talking-bot-125x125.png","url":"https:\/\/portaltela.pt\/s.01k8rhncp4jt1\/2025\/11\/talking-bot-125x125.png","contentUrl":"https:\/\/portaltela.pt\/s.01k8rhncp4jt1\/2025\/11\/talking-bot-125x125.png","caption":"Telinha"},"sameAs":["https:\/\/portaltela.pt\/"],"url":"https:\/\/portaltela.pt\/por\/367410592786\/"}]}},"_links":{"self":[{"href":"https:\/\/portaltela.pt\/api\/wp\/v2\/posts\/177841","targetHints":{"allow":["GET"]}}],"collection":[{"href":"https:\/\/portaltela.pt\/api\/wp\/v2\/posts"}],"about":[{"href":"https:\/\/portaltela.pt\/api\/wp\/v2\/types\/post"}],"author":[{"embeddable":true,"href":"https:\/\/portaltela.pt\/api\/wp\/v2\/users\/2"}],"replies":[{"embeddable":true,"href":"https:\/\/portaltela.pt\/api\/wp\/v2\/comments?post=177841"}],"version-history":[{"count":0,"href":"https:\/\/portaltela.pt\/api\/wp\/v2\/posts\/177841\/revisions"}],"wp:featuredmedia":[{"embeddable":true,"href":"https:\/\/portaltela.pt\/api\/wp\/v2\/media\/177875"}],"wp:attachment":[{"href":"https:\/\/portaltela.pt\/api\/wp\/v2\/media?parent=177841"}],"wp:term":[{"taxonomy":"category","embeddable":true,"href":"https:\/\/portaltela.pt\/api\/wp\/v2\/categories?post=177841"},{"taxonomy":"post_tag","embeddable":true,"href":"https:\/\/portaltela.pt\/api\/wp\/v2\/tags?post=177841"}],"curies":[{"name":"wp","href":"https:\/\/api.w.org\/{rel}","templated":true}]}}