{"id":177773,"date":"2026-01-27T19:03:55","date_gmt":"2026-01-27T22:03:55","guid":{"rendered":"https:\/\/portaltela.pt\/noticias\/2026\/01\/27\/santiago-do-cacem-declara-tres-dias-de-luto-pela-morte-de-antonio-chainho\/"},"modified":"2026-01-27T19:03:55","modified_gmt":"2026-01-27T22:03:55","slug":"santiago-do-cacem-declara-tres-dias-de-luto-pela-morte-de-antonio-chainho","status":"publish","type":"post","link":"https:\/\/portaltela.pt\/noticias\/2026\/01\/27\/santiago-do-cacem-declara-tres-dias-de-luto-pela-morte-de-antonio-chainho\/","title":{"rendered":"Santiago do Cac\u00e9m declara tr\u00eas dias de luto pela morte de Ant\u00f3nio Chainho"},"content":{"rendered":"<p>A C\u00e2mara Municipal de Santiago do Cac\u00e9m decretou tr\u00eas dias de luto municipal pela morte de Ant\u00f3nio Chainho. O guitarrista faleceu esta ter\u00e7a-feira, na sua resid\u00eancia em Alfragide, aos 87 ou 88 anos, num dia em que celebrava mais um anivers\u00e1rio.<\/p>\n<p>Em nota de pesar, o munic\u00edpio sublinhou o impacto humano, cultural e art\u00edstico da perda de um conterr\u00e2neo natural de S\u00e3o Francisco da Serra. Chainho \u00e9 descrito como um dos mais not\u00e1veis int\u00e9rpretes da guitarra portuguesa, tendo elevado o nome de Santiago do Cac\u00e9m para al\u00e9m-fronteiras ao longo de uma carreira de v\u00e1rias d\u00e9cadas.<\/p>\n<p>O decreto visa reconhecer o legado do m\u00fasico, cuja obra contribuiu para a valoriza\u00e7\u00e3o, inova\u00e7\u00e3o e divulga\u00e7\u00e3o da guitarra portuguesa, instrumento emblem\u00e1tico da identidade cultural nacional. Durante o luto, o munic\u00edpio presta homenagem a uma figura que marcou a hist\u00f3ria cultural do concelho e do pa\u00eds.<\/p>\n<p>Recorda-se que Ant\u00f3nio Chainho foi distinguido com v\u00e1rias honras locais, incluindo o nome do audit\u00f3rio municipal de Santiago do Cac\u00e9m e a Escola Municipal da Guitarra Portuguesa Mestre Ant\u00f3nio Chainho. Estas iniciativas procuraram preservar a mem\u00f3ria do artista, que manteve fortes la\u00e7os com a terra natal.<\/p>\n","protected":false},"excerpt":{"rendered":"<ul>\n<li>Santiago do Cac\u00e9m decretou tr\u00eas dias de luto municipal pela morte de Ant\u00f3nio Chainho, ocorrido nesta ter\u00e7a-feira aos 88 anos na sua resid\u00eancia em Alfragide.<\/li>\n<li>Chainho, natural de S\u00e3o Francisco da Serra, teve uma carreira de mais de seis d\u00e9cadas e \u00e9 considerado um dos maiores int\u00e9rpretes da guitarra portuguesa.<\/li>\n<li>O munic\u00edpio destaca o legado humano, cultural e art\u00edstico do m\u00fasico, bem como a sua contribui\u00e7\u00e3o para projetar Santiago do Cac\u00e9m al\u00e9m-fronteiras.<\/li>\n<li>Homenagens j\u00e1 anunciadas incluem o nome de Ant\u00f3nio Chainho atribu\u00eddo ao audit\u00f3rio municipal e a cria\u00e7\u00e3o da Escola Municipal da Guitarra Portuguesa Mestre Ant\u00f3nio Chainho.<\/li>\n<li>Em 2022, foi condecorado com Comendador da Ordem do Infante D. Henrique; colaborou com artistas nacionais e internacionais e contribuiu para a constru\u00e7\u00e3o de um ensino estruturado da guitarra portuguesa.<\/li>\n<\/ul>\n","protected":false},"author":2,"featured_media":177790,"comment_status":"closed","ping_status":"closed","sticky":false,"template":"","format":"standard","meta":{"footnotes":""},"categories":[1],"tags":[145,2093,122,1014,2898],"class_list":["post-177773","post","type-post","status-publish","format-standard","has-post-thumbnail","hentry","category-noticias","tag-cultura","tag-municipios","tag-musica","tag-portugal","tag-santiago-do-cacem"],"yoast_head":"<!-- This site is optimized with the Yoast SEO plugin v27.2 - https:\/\/yoast.com\/product\/yoast-seo-wordpress\/ -->\n<title>Santiago do Cac\u00e9m declara tr\u00eas dias de luto pela morte de Ant\u00f3nio Chainho - Portal Tela Portugal<\/title>\n<meta name=\"robots\" content=\"index, follow, max-snippet:-1, max-image-preview:large, max-video-preview:-1\" \/>\n<meta property=\"og:locale\" content=\"pt_PT\" \/>\n<meta property=\"og:type\" content=\"article\" \/>\n<meta property=\"og:title\" content=\"Santiago do Cac\u00e9m declara tr\u00eas dias de luto pela morte de Ant\u00f3nio Chainho - Portal Tela Portugal\" \/>\n<meta property=\"og:description\" content=\"Santiago do Cac\u00e9m decretou tr\u00eas dias de luto municipal pela morte de Ant\u00f3nio Chainho, ocorrido nesta ter\u00e7a-feira aos 88 anos na sua resid\u00eancia em Alfragide. Chainho, natural de S\u00e3o Francisco da Serra, teve uma carreira de mais de seis d\u00e9cadas e \u00e9 considerado um dos maiores int\u00e9rpretes da guitarra portuguesa. O munic\u00edpio destaca o legado humano, cultural e art\u00edstico do m\u00fasico, bem como a sua contribui\u00e7\u00e3o para projetar Santiago do Cac\u00e9m al\u00e9m-fronteiras. Homenagens j\u00e1 anunciadas incluem o nome de Ant\u00f3nio Chainho atribu\u00eddo ao audit\u00f3rio municipal e a cria\u00e7\u00e3o da Escola Municipal da Guitarra Portuguesa Mestre Ant\u00f3nio Chainho. Em 2022, foi condecorado com Comendador da Ordem do Infante D. Henrique; colaborou com artistas nacionais e internacionais e contribuiu para a constru\u00e7\u00e3o de um ensino estruturado da guitarra portuguesa.\" \/>\n<meta property=\"og:url\" content=\"https:\/\/portaltela.pt\/noticias\/2026\/01\/27\/santiago-do-cacem-declara-tres-dias-de-luto-pela-morte-de-antonio-chainho\/\" \/>\n<meta property=\"og:site_name\" content=\"Portal Tela Portugal\" \/>\n<meta property=\"article:published_time\" content=\"2026-01-27T22:03:55+00:00\" \/>\n<meta name=\"author\" content=\"Telinha\" \/>\n<meta name=\"twitter:card\" content=\"summary_large_image\" \/>\n<meta name=\"twitter:label1\" content=\"Escrito por\" \/>\n\t<meta name=\"twitter:data1\" content=\"Telinha\" \/>\n\t<meta name=\"twitter:label2\" content=\"Tempo estimado de leitura\" \/>\n\t<meta name=\"twitter:data2\" content=\"1 minuto\" \/>\n<script type=\"application\/ld+json\" class=\"yoast-schema-graph\">{\"@context\":\"https:\/\/schema.org\",\"@graph\":[{\"@type\":\"Article\",\"@id\":\"https:\/\/portaltela.pt\/noticias\/2026\/01\/27\/santiago-do-cacem-declara-tres-dias-de-luto-pela-morte-de-antonio-chainho\/#article\",\"isPartOf\":{\"@id\":\"https:\/\/portaltela.pt\/noticias\/2026\/01\/27\/santiago-do-cacem-declara-tres-dias-de-luto-pela-morte-de-antonio-chainho\/\"},\"author\":{\"name\":\"Telinha\",\"@id\":\"https:\/\/portaltela.pt\/#\/schema\/person\/c4278d4a6028830caff9ee44b42d32ed\"},\"headline\":\"Santiago do Cac\u00e9m declara tr\u00eas dias de luto pela morte de Ant\u00f3nio Chainho\",\"datePublished\":\"2026-01-27T22:03:55+00:00\",\"mainEntityOfPage\":{\"@id\":\"https:\/\/portaltela.pt\/noticias\/2026\/01\/27\/santiago-do-cacem-declara-tres-dias-de-luto-pela-morte-de-antonio-chainho\/\"},\"wordCount\":232,\"image\":{\"@id\":\"https:\/\/portaltela.pt\/noticias\/2026\/01\/27\/santiago-do-cacem-declara-tres-dias-de-luto-pela-morte-de-antonio-chainho\/#primaryimage\"},\"thumbnailUrl\":\"https:\/\/portaltela.pt\/s.01k8rhncp4jt1\/2026\/01\/SANTIAGO-DO-CACEM.jpg\",\"keywords\":[\"cultura\",\"munic\u00edpios\",\"m\u00fasica\",\"Portugal\",\"Santiago do Cac\u00e9m\"],\"articleSection\":[\"Not\u00edcias\"],\"inLanguage\":\"pt-PT\"},{\"@type\":\"WebPage\",\"@id\":\"https:\/\/portaltela.pt\/noticias\/2026\/01\/27\/santiago-do-cacem-declara-tres-dias-de-luto-pela-morte-de-antonio-chainho\/\",\"url\":\"https:\/\/portaltela.pt\/noticias\/2026\/01\/27\/santiago-do-cacem-declara-tres-dias-de-luto-pela-morte-de-antonio-chainho\/\",\"name\":\"Santiago do Cac\u00e9m declara tr\u00eas dias de luto pela morte de Ant\u00f3nio Chainho - Portal Tela Portugal\",\"isPartOf\":{\"@id\":\"https:\/\/portaltela.pt\/#website\"},\"primaryImageOfPage\":{\"@id\":\"https:\/\/portaltela.pt\/noticias\/2026\/01\/27\/santiago-do-cacem-declara-tres-dias-de-luto-pela-morte-de-antonio-chainho\/#primaryimage\"},\"image\":{\"@id\":\"https:\/\/portaltela.pt\/noticias\/2026\/01\/27\/santiago-do-cacem-declara-tres-dias-de-luto-pela-morte-de-antonio-chainho\/#primaryimage\"},\"thumbnailUrl\":\"https:\/\/portaltela.pt\/s.01k8rhncp4jt1\/2026\/01\/SANTIAGO-DO-CACEM.jpg\",\"datePublished\":\"2026-01-27T22:03:55+00:00\",\"author\":{\"@id\":\"https:\/\/portaltela.pt\/#\/schema\/person\/c4278d4a6028830caff9ee44b42d32ed\"},\"breadcrumb\":{\"@id\":\"https:\/\/portaltela.pt\/noticias\/2026\/01\/27\/santiago-do-cacem-declara-tres-dias-de-luto-pela-morte-de-antonio-chainho\/#breadcrumb\"},\"inLanguage\":\"pt-PT\",\"potentialAction\":[{\"@type\":\"ReadAction\",\"target\":[\"https:\/\/portaltela.pt\/noticias\/2026\/01\/27\/santiago-do-cacem-declara-tres-dias-de-luto-pela-morte-de-antonio-chainho\/\"]}]},{\"@type\":\"ImageObject\",\"inLanguage\":\"pt-PT\",\"@id\":\"https:\/\/portaltela.pt\/noticias\/2026\/01\/27\/santiago-do-cacem-declara-tres-dias-de-luto-pela-morte-de-antonio-chainho\/#primaryimage\",\"url\":\"https:\/\/portaltela.pt\/s.01k8rhncp4jt1\/2026\/01\/SANTIAGO-DO-CACEM.jpg\",\"contentUrl\":\"https:\/\/portaltela.pt\/s.01k8rhncp4jt1\/2026\/01\/SANTIAGO-DO-CACEM.jpg\",\"width\":796,\"height\":448,\"caption\":\"\u201cNo Natal Compre no Com\u00e9rcio Tradicional\u201d volta a premiar clientes e refor\u00e7a aposta nas lojas locais de Santiago do Cac\u00e9m\"},{\"@type\":\"BreadcrumbList\",\"@id\":\"https:\/\/portaltela.pt\/noticias\/2026\/01\/27\/santiago-do-cacem-declara-tres-dias-de-luto-pela-morte-de-antonio-chainho\/#breadcrumb\",\"itemListElement\":[{\"@type\":\"ListItem\",\"position\":1,\"name\":\"In\u00edcio\",\"item\":\"https:\/\/portaltela.pt\/\"},{\"@type\":\"ListItem\",\"position\":2,\"name\":\"Santiago do Cac\u00e9m declara tr\u00eas dias de luto pela morte de Ant\u00f3nio Chainho\"}]},{\"@type\":\"WebSite\",\"@id\":\"https:\/\/portaltela.pt\/#website\",\"url\":\"https:\/\/portaltela.pt\/\",\"name\":\"Portal Tela Portugal\",\"description\":\"\",\"potentialAction\":[{\"@type\":\"SearchAction\",\"target\":{\"@type\":\"EntryPoint\",\"urlTemplate\":\"https:\/\/portaltela.pt\/?s={search_term_string}\"},\"query-input\":{\"@type\":\"PropertyValueSpecification\",\"valueRequired\":true,\"valueName\":\"search_term_string\"}}],\"inLanguage\":\"pt-PT\"},{\"@type\":\"Person\",\"@id\":\"https:\/\/portaltela.pt\/#\/schema\/person\/c4278d4a6028830caff9ee44b42d32ed\",\"name\":\"Telinha\",\"image\":{\"@type\":\"ImageObject\",\"inLanguage\":\"pt-PT\",\"@id\":\"https:\/\/portaltela.pt\/s.01k8rhncp4jt1\/2025\/11\/talking-bot-125x125.png\",\"url\":\"https:\/\/portaltela.pt\/s.01k8rhncp4jt1\/2025\/11\/talking-bot-125x125.png\",\"contentUrl\":\"https:\/\/portaltela.pt\/s.01k8rhncp4jt1\/2025\/11\/talking-bot-125x125.png\",\"caption\":\"Telinha\"},\"sameAs\":[\"https:\/\/portaltela.pt\/\"],\"url\":\"https:\/\/portaltela.pt\/por\/367410592786\/\"}]}<\/script>\n<!-- \/ Yoast SEO plugin. -->","yoast_head_json":{"title":"Santiago do Cac\u00e9m declara tr\u00eas dias de luto pela morte de Ant\u00f3nio Chainho - Portal Tela Portugal","robots":{"index":"index","follow":"follow","max-snippet":"max-snippet:-1","max-image-preview":"max-image-preview:large","max-video-preview":"max-video-preview:-1"},"og_locale":"pt_PT","og_type":"article","og_title":"Santiago do Cac\u00e9m declara tr\u00eas dias de luto pela morte de Ant\u00f3nio Chainho - Portal Tela Portugal","og_description":"Santiago do Cac\u00e9m decretou tr\u00eas dias de luto municipal pela morte de Ant\u00f3nio Chainho, ocorrido nesta ter\u00e7a-feira aos 88 anos na sua resid\u00eancia em Alfragide. Chainho, natural de S\u00e3o Francisco da Serra, teve uma carreira de mais de seis d\u00e9cadas e \u00e9 considerado um dos maiores int\u00e9rpretes da guitarra portuguesa. O munic\u00edpio destaca o legado humano, cultural e art\u00edstico do m\u00fasico, bem como a sua contribui\u00e7\u00e3o para projetar Santiago do Cac\u00e9m al\u00e9m-fronteiras. Homenagens j\u00e1 anunciadas incluem o nome de Ant\u00f3nio Chainho atribu\u00eddo ao audit\u00f3rio municipal e a cria\u00e7\u00e3o da Escola Municipal da Guitarra Portuguesa Mestre Ant\u00f3nio Chainho. Em 2022, foi condecorado com Comendador da Ordem do Infante D. Henrique; colaborou com artistas nacionais e internacionais e contribuiu para a constru\u00e7\u00e3o de um ensino estruturado da guitarra portuguesa.","og_url":"https:\/\/portaltela.pt\/noticias\/2026\/01\/27\/santiago-do-cacem-declara-tres-dias-de-luto-pela-morte-de-antonio-chainho\/","og_site_name":"Portal Tela Portugal","article_published_time":"2026-01-27T22:03:55+00:00","author":"Telinha","twitter_card":"summary_large_image","twitter_misc":{"Escrito por":"Telinha","Tempo estimado de leitura":"1 minuto"},"schema":{"@context":"https:\/\/schema.org","@graph":[{"@type":"Article","@id":"https:\/\/portaltela.pt\/noticias\/2026\/01\/27\/santiago-do-cacem-declara-tres-dias-de-luto-pela-morte-de-antonio-chainho\/#article","isPartOf":{"@id":"https:\/\/portaltela.pt\/noticias\/2026\/01\/27\/santiago-do-cacem-declara-tres-dias-de-luto-pela-morte-de-antonio-chainho\/"},"author":{"name":"Telinha","@id":"https:\/\/portaltela.pt\/#\/schema\/person\/c4278d4a6028830caff9ee44b42d32ed"},"headline":"Santiago do Cac\u00e9m declara tr\u00eas dias de luto pela morte de Ant\u00f3nio Chainho","datePublished":"2026-01-27T22:03:55+00:00","mainEntityOfPage":{"@id":"https:\/\/portaltela.pt\/noticias\/2026\/01\/27\/santiago-do-cacem-declara-tres-dias-de-luto-pela-morte-de-antonio-chainho\/"},"wordCount":232,"image":{"@id":"https:\/\/portaltela.pt\/noticias\/2026\/01\/27\/santiago-do-cacem-declara-tres-dias-de-luto-pela-morte-de-antonio-chainho\/#primaryimage"},"thumbnailUrl":"https:\/\/portaltela.pt\/s.01k8rhncp4jt1\/2026\/01\/SANTIAGO-DO-CACEM.jpg","keywords":["cultura","munic\u00edpios","m\u00fasica","Portugal","Santiago do Cac\u00e9m"],"articleSection":["Not\u00edcias"],"inLanguage":"pt-PT"},{"@type":"WebPage","@id":"https:\/\/portaltela.pt\/noticias\/2026\/01\/27\/santiago-do-cacem-declara-tres-dias-de-luto-pela-morte-de-antonio-chainho\/","url":"https:\/\/portaltela.pt\/noticias\/2026\/01\/27\/santiago-do-cacem-declara-tres-dias-de-luto-pela-morte-de-antonio-chainho\/","name":"Santiago do Cac\u00e9m declara tr\u00eas dias de luto pela morte de Ant\u00f3nio Chainho - Portal Tela Portugal","isPartOf":{"@id":"https:\/\/portaltela.pt\/#website"},"primaryImageOfPage":{"@id":"https:\/\/portaltela.pt\/noticias\/2026\/01\/27\/santiago-do-cacem-declara-tres-dias-de-luto-pela-morte-de-antonio-chainho\/#primaryimage"},"image":{"@id":"https:\/\/portaltela.pt\/noticias\/2026\/01\/27\/santiago-do-cacem-declara-tres-dias-de-luto-pela-morte-de-antonio-chainho\/#primaryimage"},"thumbnailUrl":"https:\/\/portaltela.pt\/s.01k8rhncp4jt1\/2026\/01\/SANTIAGO-DO-CACEM.jpg","datePublished":"2026-01-27T22:03:55+00:00","author":{"@id":"https:\/\/portaltela.pt\/#\/schema\/person\/c4278d4a6028830caff9ee44b42d32ed"},"breadcrumb":{"@id":"https:\/\/portaltela.pt\/noticias\/2026\/01\/27\/santiago-do-cacem-declara-tres-dias-de-luto-pela-morte-de-antonio-chainho\/#breadcrumb"},"inLanguage":"pt-PT","potentialAction":[{"@type":"ReadAction","target":["https:\/\/portaltela.pt\/noticias\/2026\/01\/27\/santiago-do-cacem-declara-tres-dias-de-luto-pela-morte-de-antonio-chainho\/"]}]},{"@type":"ImageObject","inLanguage":"pt-PT","@id":"https:\/\/portaltela.pt\/noticias\/2026\/01\/27\/santiago-do-cacem-declara-tres-dias-de-luto-pela-morte-de-antonio-chainho\/#primaryimage","url":"https:\/\/portaltela.pt\/s.01k8rhncp4jt1\/2026\/01\/SANTIAGO-DO-CACEM.jpg","contentUrl":"https:\/\/portaltela.pt\/s.01k8rhncp4jt1\/2026\/01\/SANTIAGO-DO-CACEM.jpg","width":796,"height":448,"caption":"\u201cNo Natal Compre no Com\u00e9rcio Tradicional\u201d volta a premiar clientes e refor\u00e7a aposta nas lojas locais de Santiago do Cac\u00e9m"},{"@type":"BreadcrumbList","@id":"https:\/\/portaltela.pt\/noticias\/2026\/01\/27\/santiago-do-cacem-declara-tres-dias-de-luto-pela-morte-de-antonio-chainho\/#breadcrumb","itemListElement":[{"@type":"ListItem","position":1,"name":"In\u00edcio","item":"https:\/\/portaltela.pt\/"},{"@type":"ListItem","position":2,"name":"Santiago do Cac\u00e9m declara tr\u00eas dias de luto pela morte de Ant\u00f3nio Chainho"}]},{"@type":"WebSite","@id":"https:\/\/portaltela.pt\/#website","url":"https:\/\/portaltela.pt\/","name":"Portal Tela Portugal","description":"","potentialAction":[{"@type":"SearchAction","target":{"@type":"EntryPoint","urlTemplate":"https:\/\/portaltela.pt\/?s={search_term_string}"},"query-input":{"@type":"PropertyValueSpecification","valueRequired":true,"valueName":"search_term_string"}}],"inLanguage":"pt-PT"},{"@type":"Person","@id":"https:\/\/portaltela.pt\/#\/schema\/person\/c4278d4a6028830caff9ee44b42d32ed","name":"Telinha","image":{"@type":"ImageObject","inLanguage":"pt-PT","@id":"https:\/\/portaltela.pt\/s.01k8rhncp4jt1\/2025\/11\/talking-bot-125x125.png","url":"https:\/\/portaltela.pt\/s.01k8rhncp4jt1\/2025\/11\/talking-bot-125x125.png","contentUrl":"https:\/\/portaltela.pt\/s.01k8rhncp4jt1\/2025\/11\/talking-bot-125x125.png","caption":"Telinha"},"sameAs":["https:\/\/portaltela.pt\/"],"url":"https:\/\/portaltela.pt\/por\/367410592786\/"}]}},"_links":{"self":[{"href":"https:\/\/portaltela.pt\/api\/wp\/v2\/posts\/177773","targetHints":{"allow":["GET"]}}],"collection":[{"href":"https:\/\/portaltela.pt\/api\/wp\/v2\/posts"}],"about":[{"href":"https:\/\/portaltela.pt\/api\/wp\/v2\/types\/post"}],"author":[{"embeddable":true,"href":"https:\/\/portaltela.pt\/api\/wp\/v2\/users\/2"}],"replies":[{"embeddable":true,"href":"https:\/\/portaltela.pt\/api\/wp\/v2\/comments?post=177773"}],"version-history":[{"count":0,"href":"https:\/\/portaltela.pt\/api\/wp\/v2\/posts\/177773\/revisions"}],"wp:featuredmedia":[{"embeddable":true,"href":"https:\/\/portaltela.pt\/api\/wp\/v2\/media\/177790"}],"wp:attachment":[{"href":"https:\/\/portaltela.pt\/api\/wp\/v2\/media?parent=177773"}],"wp:term":[{"taxonomy":"category","embeddable":true,"href":"https:\/\/portaltela.pt\/api\/wp\/v2\/categories?post=177773"},{"taxonomy":"post_tag","embeddable":true,"href":"https:\/\/portaltela.pt\/api\/wp\/v2\/tags?post=177773"}],"curies":[{"name":"wp","href":"https:\/\/api.w.org\/{rel}","templated":true}]}}