{"id":177747,"date":"2026-01-27T19:30:56","date_gmt":"2026-01-27T22:30:56","guid":{"rendered":"https:\/\/portaltela.pt\/noticias\/2026\/01\/27\/santana-lopes-elogia-seguro-e-sugere-ventura-como-lider-do-partido\/"},"modified":"2026-01-27T19:30:56","modified_gmt":"2026-01-27T22:30:56","slug":"santana-lopes-elogia-seguro-e-sugere-ventura-como-lider-do-partido","status":"publish","type":"post","link":"https:\/\/portaltela.pt\/noticias\/politica\/2026\/01\/27\/santana-lopes-elogia-seguro-e-sugere-ventura-como-lider-do-partido\/","title":{"rendered":"Santana Lopes elogia Seguro e sugere Ventura como l\u00edder do partido"},"content":{"rendered":"<p>Pedro Santana Lopes, Duarte Cordeiro e Judite Sousa marcaram presen\u00e7a no programa Informa\u00e7\u00e3o Privilegiada, transmitido pelo NOW, para analisar o \u00fanico debate televisivo entre Ant\u00f3nio Jos\u00e9 Seguro e Andr\u00e9 Ventura, na segunda volta das elei\u00e7\u00f5es presidenciais.<\/p>\n<p>O debate contou com a participa\u00e7\u00e3o dos dois candidatos \u00e0 Presid\u00eancia, Seguro e Ventura, que discutiam propostas e pontos de disc\u00f3rdia. A an\u00e1lise no programa procurou contextualizar o confronto entre as duas candidaturas e as din\u00e2micas do escrut\u00ednio.<\/p>\n<p>Entre os convidados, Santana Lopes elogiou a presta\u00e7\u00e3o de Seguro, destacando a postura diante da discuss\u00e3o p\u00fablica. Duarte Cordeiro e Judite Sousa apresentaram perspetivas complementares sobre o conte\u00fado e o impacto do debate na opini\u00e3o p\u00fablica.<\/p>\n","protected":false},"excerpt":{"rendered":"<ul>\n<li>O programa Information Privilegiada, no NOW, contou com Pedro Santana Lopes, Duarte Cordeiro e Judite Sousa para analisar o debate entre Ant\u00f3nio Jos\u00e9 Seguro e Andr\u00e9 Ventura.<\/li>\n<li>Este foi o \u00fanico debate televisivo entre os dois candidatos \u00e0 segunda volta das elei\u00e7\u00f5es presidenciais.<\/li>\n<li>Pela primeira vez em quarenta anos, o Pa\u00eds escolhe o Presidente da Rep\u00fablica numa segunda volta.<\/li>\n<li>O debate ocorreu entre Ant\u00f3nio Jos\u00e9 Seguro e Andr\u00e9 Ventura, na segunda volta das elei\u00e7\u00f5es presidenciais.<\/li>\n<\/ul>\n","protected":false},"author":2,"featured_media":177776,"comment_status":"closed","ping_status":"closed","sticky":false,"template":"","format":"standard","meta":{"footnotes":""},"categories":[1,5],"tags":[2655,68,2832,3001,2759,2558],"class_list":["post-177747","post","type-post","status-publish","format-standard","has-post-thumbnail","hentry","category-noticias","category-politica","tag-antonio-jose-seguro","tag-eleicoes","tag-politica","tag-presidenciais","tag-santana-lopes","tag-ventura"],"yoast_head":"<!-- This site is optimized with the Yoast SEO plugin v27.2 - https:\/\/yoast.com\/product\/yoast-seo-wordpress\/ -->\n<title>Santana Lopes elogia Seguro e sugere Ventura como l\u00edder do partido - Portal Tela Portugal<\/title>\n<meta name=\"robots\" content=\"index, follow, max-snippet:-1, max-image-preview:large, max-video-preview:-1\" \/>\n<meta property=\"og:locale\" content=\"pt_PT\" \/>\n<meta property=\"og:type\" content=\"article\" \/>\n<meta property=\"og:title\" content=\"Santana Lopes elogia Seguro e sugere Ventura como l\u00edder do partido - Portal Tela Portugal\" \/>\n<meta property=\"og:description\" content=\"O programa Information Privilegiada, no NOW, contou com Pedro Santana Lopes, Duarte Cordeiro e Judite Sousa para analisar o debate entre Ant\u00f3nio Jos\u00e9 Seguro e Andr\u00e9 Ventura. Este foi o \u00fanico debate televisivo entre os dois candidatos \u00e0 segunda volta das elei\u00e7\u00f5es presidenciais. Pela primeira vez em quarenta anos, o Pa\u00eds escolhe o Presidente da Rep\u00fablica numa segunda volta. O debate ocorreu entre Ant\u00f3nio Jos\u00e9 Seguro e Andr\u00e9 Ventura, na segunda volta das elei\u00e7\u00f5es presidenciais.\" \/>\n<meta property=\"og:url\" content=\"https:\/\/portaltela.pt\/noticias\/2026\/01\/27\/santana-lopes-elogia-seguro-e-sugere-ventura-como-lider-do-partido\/\" \/>\n<meta property=\"og:site_name\" content=\"Portal Tela Portugal\" \/>\n<meta property=\"article:published_time\" content=\"2026-01-27T22:30:56+00:00\" \/>\n<meta name=\"author\" content=\"Telinha\" \/>\n<meta name=\"twitter:card\" content=\"summary_large_image\" \/>\n<meta name=\"twitter:label1\" content=\"Escrito por\" \/>\n\t<meta name=\"twitter:data1\" content=\"Telinha\" \/>\n\t<meta name=\"twitter:label2\" content=\"Tempo estimado de leitura\" \/>\n\t<meta name=\"twitter:data2\" content=\"1 minuto\" \/>\n<script type=\"application\/ld+json\" class=\"yoast-schema-graph\">{\"@context\":\"https:\/\/schema.org\",\"@graph\":[{\"@type\":\"Article\",\"@id\":\"https:\/\/portaltela.pt\/noticias\/2026\/01\/27\/santana-lopes-elogia-seguro-e-sugere-ventura-como-lider-do-partido\/#article\",\"isPartOf\":{\"@id\":\"https:\/\/portaltela.pt\/noticias\/2026\/01\/27\/santana-lopes-elogia-seguro-e-sugere-ventura-como-lider-do-partido\/\"},\"author\":{\"name\":\"Telinha\",\"@id\":\"https:\/\/portaltela.pt\/#\/schema\/person\/c4278d4a6028830caff9ee44b42d32ed\"},\"headline\":\"Santana Lopes elogia Seguro e sugere Ventura como l\u00edder do partido\",\"datePublished\":\"2026-01-27T22:30:56+00:00\",\"mainEntityOfPage\":{\"@id\":\"https:\/\/portaltela.pt\/noticias\/2026\/01\/27\/santana-lopes-elogia-seguro-e-sugere-ventura-como-lider-do-partido\/\"},\"wordCount\":137,\"image\":{\"@id\":\"https:\/\/portaltela.pt\/noticias\/2026\/01\/27\/santana-lopes-elogia-seguro-e-sugere-ventura-como-lider-do-partido\/#primaryimage\"},\"thumbnailUrl\":\"https:\/\/portaltela.pt\/s.01k8rhncp4jt1\/2026\/01\/img_1200x721uu2026-01-27-22-27-55-2417810.jpg\",\"keywords\":[\"Ant\u00f3nio Jos\u00e9 Seguro\",\"elei\u00e7\u00f5es\",\"pol\u00edtica\",\"Presidenciais\",\"Santana Lopes\",\"Ventura\"],\"articleSection\":[\"Not\u00edcias\",\"Pol\u00edtica\"],\"inLanguage\":\"pt-PT\"},{\"@type\":\"WebPage\",\"@id\":\"https:\/\/portaltela.pt\/noticias\/2026\/01\/27\/santana-lopes-elogia-seguro-e-sugere-ventura-como-lider-do-partido\/\",\"url\":\"https:\/\/portaltela.pt\/noticias\/2026\/01\/27\/santana-lopes-elogia-seguro-e-sugere-ventura-como-lider-do-partido\/\",\"name\":\"Santana Lopes elogia Seguro e sugere Ventura como l\u00edder do partido - Portal Tela Portugal\",\"isPartOf\":{\"@id\":\"https:\/\/portaltela.pt\/#website\"},\"primaryImageOfPage\":{\"@id\":\"https:\/\/portaltela.pt\/noticias\/2026\/01\/27\/santana-lopes-elogia-seguro-e-sugere-ventura-como-lider-do-partido\/#primaryimage\"},\"image\":{\"@id\":\"https:\/\/portaltela.pt\/noticias\/2026\/01\/27\/santana-lopes-elogia-seguro-e-sugere-ventura-como-lider-do-partido\/#primaryimage\"},\"thumbnailUrl\":\"https:\/\/portaltela.pt\/s.01k8rhncp4jt1\/2026\/01\/img_1200x721uu2026-01-27-22-27-55-2417810.jpg\",\"datePublished\":\"2026-01-27T22:30:56+00:00\",\"author\":{\"@id\":\"https:\/\/portaltela.pt\/#\/schema\/person\/c4278d4a6028830caff9ee44b42d32ed\"},\"breadcrumb\":{\"@id\":\"https:\/\/portaltela.pt\/noticias\/2026\/01\/27\/santana-lopes-elogia-seguro-e-sugere-ventura-como-lider-do-partido\/#breadcrumb\"},\"inLanguage\":\"pt-PT\",\"potentialAction\":[{\"@type\":\"ReadAction\",\"target\":[\"https:\/\/portaltela.pt\/noticias\/2026\/01\/27\/santana-lopes-elogia-seguro-e-sugere-ventura-como-lider-do-partido\/\"]}]},{\"@type\":\"ImageObject\",\"inLanguage\":\"pt-PT\",\"@id\":\"https:\/\/portaltela.pt\/noticias\/2026\/01\/27\/santana-lopes-elogia-seguro-e-sugere-ventura-como-lider-do-partido\/#primaryimage\",\"url\":\"https:\/\/portaltela.pt\/s.01k8rhncp4jt1\/2026\/01\/img_1200x721uu2026-01-27-22-27-55-2417810.jpg\",\"contentUrl\":\"https:\/\/portaltela.pt\/s.01k8rhncp4jt1\/2026\/01\/img_1200x721uu2026-01-27-22-27-55-2417810.jpg\",\"width\":796,\"height\":448,\"caption\":\"Photo\"},{\"@type\":\"BreadcrumbList\",\"@id\":\"https:\/\/portaltela.pt\/noticias\/2026\/01\/27\/santana-lopes-elogia-seguro-e-sugere-ventura-como-lider-do-partido\/#breadcrumb\",\"itemListElement\":[{\"@type\":\"ListItem\",\"position\":1,\"name\":\"In\u00edcio\",\"item\":\"https:\/\/portaltela.pt\/\"},{\"@type\":\"ListItem\",\"position\":2,\"name\":\"Santana Lopes elogia Seguro e sugere Ventura como l\u00edder do partido\"}]},{\"@type\":\"WebSite\",\"@id\":\"https:\/\/portaltela.pt\/#website\",\"url\":\"https:\/\/portaltela.pt\/\",\"name\":\"Portal Tela Portugal\",\"description\":\"\",\"potentialAction\":[{\"@type\":\"SearchAction\",\"target\":{\"@type\":\"EntryPoint\",\"urlTemplate\":\"https:\/\/portaltela.pt\/?s={search_term_string}\"},\"query-input\":{\"@type\":\"PropertyValueSpecification\",\"valueRequired\":true,\"valueName\":\"search_term_string\"}}],\"inLanguage\":\"pt-PT\"},{\"@type\":\"Person\",\"@id\":\"https:\/\/portaltela.pt\/#\/schema\/person\/c4278d4a6028830caff9ee44b42d32ed\",\"name\":\"Telinha\",\"image\":{\"@type\":\"ImageObject\",\"inLanguage\":\"pt-PT\",\"@id\":\"https:\/\/portaltela.pt\/s.01k8rhncp4jt1\/2025\/11\/talking-bot-125x125.png\",\"url\":\"https:\/\/portaltela.pt\/s.01k8rhncp4jt1\/2025\/11\/talking-bot-125x125.png\",\"contentUrl\":\"https:\/\/portaltela.pt\/s.01k8rhncp4jt1\/2025\/11\/talking-bot-125x125.png\",\"caption\":\"Telinha\"},\"sameAs\":[\"https:\/\/portaltela.pt\/\"],\"url\":\"https:\/\/portaltela.pt\/por\/367410592786\/\"}]}<\/script>\n<!-- \/ Yoast SEO plugin. -->","yoast_head_json":{"title":"Santana Lopes elogia Seguro e sugere Ventura como l\u00edder do partido - Portal Tela Portugal","robots":{"index":"index","follow":"follow","max-snippet":"max-snippet:-1","max-image-preview":"max-image-preview:large","max-video-preview":"max-video-preview:-1"},"og_locale":"pt_PT","og_type":"article","og_title":"Santana Lopes elogia Seguro e sugere Ventura como l\u00edder do partido - Portal Tela Portugal","og_description":"O programa Information Privilegiada, no NOW, contou com Pedro Santana Lopes, Duarte Cordeiro e Judite Sousa para analisar o debate entre Ant\u00f3nio Jos\u00e9 Seguro e Andr\u00e9 Ventura. Este foi o \u00fanico debate televisivo entre os dois candidatos \u00e0 segunda volta das elei\u00e7\u00f5es presidenciais. Pela primeira vez em quarenta anos, o Pa\u00eds escolhe o Presidente da Rep\u00fablica numa segunda volta. O debate ocorreu entre Ant\u00f3nio Jos\u00e9 Seguro e Andr\u00e9 Ventura, na segunda volta das elei\u00e7\u00f5es presidenciais.","og_url":"https:\/\/portaltela.pt\/noticias\/2026\/01\/27\/santana-lopes-elogia-seguro-e-sugere-ventura-como-lider-do-partido\/","og_site_name":"Portal Tela Portugal","article_published_time":"2026-01-27T22:30:56+00:00","author":"Telinha","twitter_card":"summary_large_image","twitter_misc":{"Escrito por":"Telinha","Tempo estimado de leitura":"1 minuto"},"schema":{"@context":"https:\/\/schema.org","@graph":[{"@type":"Article","@id":"https:\/\/portaltela.pt\/noticias\/2026\/01\/27\/santana-lopes-elogia-seguro-e-sugere-ventura-como-lider-do-partido\/#article","isPartOf":{"@id":"https:\/\/portaltela.pt\/noticias\/2026\/01\/27\/santana-lopes-elogia-seguro-e-sugere-ventura-como-lider-do-partido\/"},"author":{"name":"Telinha","@id":"https:\/\/portaltela.pt\/#\/schema\/person\/c4278d4a6028830caff9ee44b42d32ed"},"headline":"Santana Lopes elogia Seguro e sugere Ventura como l\u00edder do partido","datePublished":"2026-01-27T22:30:56+00:00","mainEntityOfPage":{"@id":"https:\/\/portaltela.pt\/noticias\/2026\/01\/27\/santana-lopes-elogia-seguro-e-sugere-ventura-como-lider-do-partido\/"},"wordCount":137,"image":{"@id":"https:\/\/portaltela.pt\/noticias\/2026\/01\/27\/santana-lopes-elogia-seguro-e-sugere-ventura-como-lider-do-partido\/#primaryimage"},"thumbnailUrl":"https:\/\/portaltela.pt\/s.01k8rhncp4jt1\/2026\/01\/img_1200x721uu2026-01-27-22-27-55-2417810.jpg","keywords":["Ant\u00f3nio Jos\u00e9 Seguro","elei\u00e7\u00f5es","pol\u00edtica","Presidenciais","Santana Lopes","Ventura"],"articleSection":["Not\u00edcias","Pol\u00edtica"],"inLanguage":"pt-PT"},{"@type":"WebPage","@id":"https:\/\/portaltela.pt\/noticias\/2026\/01\/27\/santana-lopes-elogia-seguro-e-sugere-ventura-como-lider-do-partido\/","url":"https:\/\/portaltela.pt\/noticias\/2026\/01\/27\/santana-lopes-elogia-seguro-e-sugere-ventura-como-lider-do-partido\/","name":"Santana Lopes elogia Seguro e sugere Ventura como l\u00edder do partido - Portal Tela Portugal","isPartOf":{"@id":"https:\/\/portaltela.pt\/#website"},"primaryImageOfPage":{"@id":"https:\/\/portaltela.pt\/noticias\/2026\/01\/27\/santana-lopes-elogia-seguro-e-sugere-ventura-como-lider-do-partido\/#primaryimage"},"image":{"@id":"https:\/\/portaltela.pt\/noticias\/2026\/01\/27\/santana-lopes-elogia-seguro-e-sugere-ventura-como-lider-do-partido\/#primaryimage"},"thumbnailUrl":"https:\/\/portaltela.pt\/s.01k8rhncp4jt1\/2026\/01\/img_1200x721uu2026-01-27-22-27-55-2417810.jpg","datePublished":"2026-01-27T22:30:56+00:00","author":{"@id":"https:\/\/portaltela.pt\/#\/schema\/person\/c4278d4a6028830caff9ee44b42d32ed"},"breadcrumb":{"@id":"https:\/\/portaltela.pt\/noticias\/2026\/01\/27\/santana-lopes-elogia-seguro-e-sugere-ventura-como-lider-do-partido\/#breadcrumb"},"inLanguage":"pt-PT","potentialAction":[{"@type":"ReadAction","target":["https:\/\/portaltela.pt\/noticias\/2026\/01\/27\/santana-lopes-elogia-seguro-e-sugere-ventura-como-lider-do-partido\/"]}]},{"@type":"ImageObject","inLanguage":"pt-PT","@id":"https:\/\/portaltela.pt\/noticias\/2026\/01\/27\/santana-lopes-elogia-seguro-e-sugere-ventura-como-lider-do-partido\/#primaryimage","url":"https:\/\/portaltela.pt\/s.01k8rhncp4jt1\/2026\/01\/img_1200x721uu2026-01-27-22-27-55-2417810.jpg","contentUrl":"https:\/\/portaltela.pt\/s.01k8rhncp4jt1\/2026\/01\/img_1200x721uu2026-01-27-22-27-55-2417810.jpg","width":796,"height":448,"caption":"Photo"},{"@type":"BreadcrumbList","@id":"https:\/\/portaltela.pt\/noticias\/2026\/01\/27\/santana-lopes-elogia-seguro-e-sugere-ventura-como-lider-do-partido\/#breadcrumb","itemListElement":[{"@type":"ListItem","position":1,"name":"In\u00edcio","item":"https:\/\/portaltela.pt\/"},{"@type":"ListItem","position":2,"name":"Santana Lopes elogia Seguro e sugere Ventura como l\u00edder do partido"}]},{"@type":"WebSite","@id":"https:\/\/portaltela.pt\/#website","url":"https:\/\/portaltela.pt\/","name":"Portal Tela Portugal","description":"","potentialAction":[{"@type":"SearchAction","target":{"@type":"EntryPoint","urlTemplate":"https:\/\/portaltela.pt\/?s={search_term_string}"},"query-input":{"@type":"PropertyValueSpecification","valueRequired":true,"valueName":"search_term_string"}}],"inLanguage":"pt-PT"},{"@type":"Person","@id":"https:\/\/portaltela.pt\/#\/schema\/person\/c4278d4a6028830caff9ee44b42d32ed","name":"Telinha","image":{"@type":"ImageObject","inLanguage":"pt-PT","@id":"https:\/\/portaltela.pt\/s.01k8rhncp4jt1\/2025\/11\/talking-bot-125x125.png","url":"https:\/\/portaltela.pt\/s.01k8rhncp4jt1\/2025\/11\/talking-bot-125x125.png","contentUrl":"https:\/\/portaltela.pt\/s.01k8rhncp4jt1\/2025\/11\/talking-bot-125x125.png","caption":"Telinha"},"sameAs":["https:\/\/portaltela.pt\/"],"url":"https:\/\/portaltela.pt\/por\/367410592786\/"}]}},"_links":{"self":[{"href":"https:\/\/portaltela.pt\/api\/wp\/v2\/posts\/177747","targetHints":{"allow":["GET"]}}],"collection":[{"href":"https:\/\/portaltela.pt\/api\/wp\/v2\/posts"}],"about":[{"href":"https:\/\/portaltela.pt\/api\/wp\/v2\/types\/post"}],"author":[{"embeddable":true,"href":"https:\/\/portaltela.pt\/api\/wp\/v2\/users\/2"}],"replies":[{"embeddable":true,"href":"https:\/\/portaltela.pt\/api\/wp\/v2\/comments?post=177747"}],"version-history":[{"count":0,"href":"https:\/\/portaltela.pt\/api\/wp\/v2\/posts\/177747\/revisions"}],"wp:featuredmedia":[{"embeddable":true,"href":"https:\/\/portaltela.pt\/api\/wp\/v2\/media\/177776"}],"wp:attachment":[{"href":"https:\/\/portaltela.pt\/api\/wp\/v2\/media?parent=177747"}],"wp:term":[{"taxonomy":"category","embeddable":true,"href":"https:\/\/portaltela.pt\/api\/wp\/v2\/categories?post=177747"},{"taxonomy":"post_tag","embeddable":true,"href":"https:\/\/portaltela.pt\/api\/wp\/v2\/tags?post=177747"}],"curies":[{"name":"wp","href":"https:\/\/api.w.org\/{rel}","templated":true}]}}