{"id":177714,"date":"2026-01-27T15:50:00","date_gmt":"2026-01-27T18:50:00","guid":{"rendered":"https:\/\/portaltela.pt\/noticias\/2026\/01\/27\/mocambique-avalia-5376-milhoes-de-euros-em-infraestruturas-destruidas\/"},"modified":"2026-01-27T15:50:00","modified_gmt":"2026-01-27T18:50:00","slug":"mocambique-avalia-5376-milhoes-de-euros-em-infraestruturas-destruidas","status":"publish","type":"post","link":"https:\/\/portaltela.pt\/noticias\/2026\/01\/27\/mocambique-avalia-5376-milhoes-de-euros-em-infraestruturas-destruidas\/","title":{"rendered":"Mo\u00e7ambique avalia 537,6 milh\u00f5es de euros em infraestruturas destru\u00eddas"},"content":{"rendered":"<p>Mo\u00e7ambique tem uma avalia\u00e7\u00e3o preliminar de que as inunda\u00e7\u00f5es destru\u00edram infraestruturas no valor de 537,6 milh\u00f5es de euros. A cifra resulta de uma an\u00e1lise inicial realizada pelas autoridades competentes no pa\u00eds.<\/p>\n<p>Segundo fontes oficiais, o montante engloba danos em vias, pontes, redes de \u00e1gua e energia, al\u00e9m de edif\u00edcios p\u00fablicos e privados afetados pelas cheias. Os n\u00fameros podem evoluir conforme o levantamento progride.<\/p>\n<p>O relat\u00f3rio completo ainda n\u00e3o est\u00e1 dispon\u00edvel publicamente, estando acess\u00edvel apenas a subscritores. As autoridades reiteram que os dados podem mudar \u00e0 medida que chegam novas informa\u00e7\u00f5es.<\/p>\n<p>As inunda\u00e7\u00f5es afectaram v\u00e1rias regi\u00f5es de Mo\u00e7ambique, deixando comunidades isoladas e exigindo reorienta\u00e7\u00e3o de recursos para recupera\u00e7\u00e3o. O governo promete atualiza\u00e7\u00f5es assim que houver novos dados.<\/p>\n","protected":false},"excerpt":{"rendered":"<ul>\n<li>Mo\u00e7ambique avalia danos totais em infraestruturas causados por inunda\u00e7\u00f5es, estimados em 537,6 milh\u00f5es de euros.<\/li>\n<li>As estimativas referem-se a infraestruturas destru\u00eddas no territ\u00f3rio nacional devido \u00e0s cheias.<\/li>\n<li>O conte\u00fado completo da not\u00edcia est\u00e1 dispon\u00edvel apenas para assinantes.<\/li>\n<\/ul>\n","protected":false},"author":2,"featured_media":177719,"comment_status":"closed","ping_status":"closed","sticky":false,"template":"","format":"standard","meta":{"footnotes":""},"categories":[1],"tags":[1503,174,258,2051,2293,3738],"class_list":["post-177714","post","type-post","status-publish","format-standard","has-post-thumbnail","hentry","category-noticias","tag-abastecimento-de-agua","tag-energia","tag-infraestruturas","tag-inundacao","tag-inundacoes","tag-vias-de-comunicacao"],"yoast_head":"<!-- This site is optimized with the Yoast SEO plugin v27.2 - https:\/\/yoast.com\/product\/yoast-seo-wordpress\/ -->\n<title>Mo\u00e7ambique avalia 537,6 milh\u00f5es de euros em infraestruturas destru\u00eddas - Portal Tela Portugal<\/title>\n<meta name=\"robots\" content=\"index, follow, max-snippet:-1, max-image-preview:large, max-video-preview:-1\" \/>\n<meta property=\"og:locale\" content=\"pt_PT\" \/>\n<meta property=\"og:type\" content=\"article\" \/>\n<meta property=\"og:title\" content=\"Mo\u00e7ambique avalia 537,6 milh\u00f5es de euros em infraestruturas destru\u00eddas - Portal Tela Portugal\" \/>\n<meta property=\"og:description\" content=\"Mo\u00e7ambique avalia danos totais em infraestruturas causados por inunda\u00e7\u00f5es, estimados em 537,6 milh\u00f5es de euros. As estimativas referem-se a infraestruturas destru\u00eddas no territ\u00f3rio nacional devido \u00e0s cheias. O conte\u00fado completo da not\u00edcia est\u00e1 dispon\u00edvel apenas para assinantes.\" \/>\n<meta property=\"og:url\" content=\"https:\/\/portaltela.pt\/noticias\/2026\/01\/27\/mocambique-avalia-5376-milhoes-de-euros-em-infraestruturas-destruidas\/\" \/>\n<meta property=\"og:site_name\" content=\"Portal Tela Portugal\" \/>\n<meta property=\"article:published_time\" content=\"2026-01-27T18:50:00+00:00\" \/>\n<meta name=\"author\" content=\"Telinha\" \/>\n<meta name=\"twitter:card\" content=\"summary_large_image\" \/>\n<meta name=\"twitter:label1\" content=\"Escrito por\" \/>\n\t<meta name=\"twitter:data1\" content=\"Telinha\" \/>\n\t<meta name=\"twitter:label2\" content=\"Tempo estimado de leitura\" \/>\n\t<meta name=\"twitter:data2\" content=\"1 minuto\" \/>\n<script type=\"application\/ld+json\" class=\"yoast-schema-graph\">{\"@context\":\"https:\/\/schema.org\",\"@graph\":[{\"@type\":\"Article\",\"@id\":\"https:\/\/portaltela.pt\/noticias\/2026\/01\/27\/mocambique-avalia-5376-milhoes-de-euros-em-infraestruturas-destruidas\/#article\",\"isPartOf\":{\"@id\":\"https:\/\/portaltela.pt\/noticias\/2026\/01\/27\/mocambique-avalia-5376-milhoes-de-euros-em-infraestruturas-destruidas\/\"},\"author\":{\"name\":\"Telinha\",\"@id\":\"https:\/\/portaltela.pt\/#\/schema\/person\/c4278d4a6028830caff9ee44b42d32ed\"},\"headline\":\"Mo\u00e7ambique avalia 537,6 milh\u00f5es de euros em infraestruturas destru\u00eddas\",\"datePublished\":\"2026-01-27T18:50:00+00:00\",\"mainEntityOfPage\":{\"@id\":\"https:\/\/portaltela.pt\/noticias\/2026\/01\/27\/mocambique-avalia-5376-milhoes-de-euros-em-infraestruturas-destruidas\/\"},\"wordCount\":148,\"image\":{\"@id\":\"https:\/\/portaltela.pt\/noticias\/2026\/01\/27\/mocambique-avalia-5376-milhoes-de-euros-em-infraestruturas-destruidas\/#primaryimage\"},\"thumbnailUrl\":\"https:\/\/portaltela.pt\/s.01k8rhncp4jt1\/2026\/01\/CACHE_780X1200_ANALOG_WATERMARKED_46412498_3960690_23012026030919.jpg\",\"keywords\":[\"abastecimento de \u00e1gua\",\"energia\",\"infraestruturas\",\"inunda\u00e7\u00e3o\",\"inunda\u00e7\u00f5es\",\"vias de comunica\u00e7\u00e3o\"],\"articleSection\":[\"Not\u00edcias\"],\"inLanguage\":\"pt-PT\"},{\"@type\":\"WebPage\",\"@id\":\"https:\/\/portaltela.pt\/noticias\/2026\/01\/27\/mocambique-avalia-5376-milhoes-de-euros-em-infraestruturas-destruidas\/\",\"url\":\"https:\/\/portaltela.pt\/noticias\/2026\/01\/27\/mocambique-avalia-5376-milhoes-de-euros-em-infraestruturas-destruidas\/\",\"name\":\"Mo\u00e7ambique avalia 537,6 milh\u00f5es de euros em infraestruturas destru\u00eddas - Portal Tela Portugal\",\"isPartOf\":{\"@id\":\"https:\/\/portaltela.pt\/#website\"},\"primaryImageOfPage\":{\"@id\":\"https:\/\/portaltela.pt\/noticias\/2026\/01\/27\/mocambique-avalia-5376-milhoes-de-euros-em-infraestruturas-destruidas\/#primaryimage\"},\"image\":{\"@id\":\"https:\/\/portaltela.pt\/noticias\/2026\/01\/27\/mocambique-avalia-5376-milhoes-de-euros-em-infraestruturas-destruidas\/#primaryimage\"},\"thumbnailUrl\":\"https:\/\/portaltela.pt\/s.01k8rhncp4jt1\/2026\/01\/CACHE_780X1200_ANALOG_WATERMARKED_46412498_3960690_23012026030919.jpg\",\"datePublished\":\"2026-01-27T18:50:00+00:00\",\"author\":{\"@id\":\"https:\/\/portaltela.pt\/#\/schema\/person\/c4278d4a6028830caff9ee44b42d32ed\"},\"breadcrumb\":{\"@id\":\"https:\/\/portaltela.pt\/noticias\/2026\/01\/27\/mocambique-avalia-5376-milhoes-de-euros-em-infraestruturas-destruidas\/#breadcrumb\"},\"inLanguage\":\"pt-PT\",\"potentialAction\":[{\"@type\":\"ReadAction\",\"target\":[\"https:\/\/portaltela.pt\/noticias\/2026\/01\/27\/mocambique-avalia-5376-milhoes-de-euros-em-infraestruturas-destruidas\/\"]}]},{\"@type\":\"ImageObject\",\"inLanguage\":\"pt-PT\",\"@id\":\"https:\/\/portaltela.pt\/noticias\/2026\/01\/27\/mocambique-avalia-5376-milhoes-de-euros-em-infraestruturas-destruidas\/#primaryimage\",\"url\":\"https:\/\/portaltela.pt\/s.01k8rhncp4jt1\/2026\/01\/CACHE_780X1200_ANALOG_WATERMARKED_46412498_3960690_23012026030919.jpg\",\"contentUrl\":\"https:\/\/portaltela.pt\/s.01k8rhncp4jt1\/2026\/01\/CACHE_780X1200_ANALOG_WATERMARKED_46412498_3960690_23012026030919.jpg\",\"width\":796,\"height\":448,\"caption\":\"Mo\u00e7ambique avalia em 537,6 ME infraestruturas destru\u00eddas pelas inunda\u00e7\u00f5es\"},{\"@type\":\"BreadcrumbList\",\"@id\":\"https:\/\/portaltela.pt\/noticias\/2026\/01\/27\/mocambique-avalia-5376-milhoes-de-euros-em-infraestruturas-destruidas\/#breadcrumb\",\"itemListElement\":[{\"@type\":\"ListItem\",\"position\":1,\"name\":\"In\u00edcio\",\"item\":\"https:\/\/portaltela.pt\/\"},{\"@type\":\"ListItem\",\"position\":2,\"name\":\"Mo\u00e7ambique avalia 537,6 milh\u00f5es de euros em infraestruturas destru\u00eddas\"}]},{\"@type\":\"WebSite\",\"@id\":\"https:\/\/portaltela.pt\/#website\",\"url\":\"https:\/\/portaltela.pt\/\",\"name\":\"Portal Tela Portugal\",\"description\":\"\",\"potentialAction\":[{\"@type\":\"SearchAction\",\"target\":{\"@type\":\"EntryPoint\",\"urlTemplate\":\"https:\/\/portaltela.pt\/?s={search_term_string}\"},\"query-input\":{\"@type\":\"PropertyValueSpecification\",\"valueRequired\":true,\"valueName\":\"search_term_string\"}}],\"inLanguage\":\"pt-PT\"},{\"@type\":\"Person\",\"@id\":\"https:\/\/portaltela.pt\/#\/schema\/person\/c4278d4a6028830caff9ee44b42d32ed\",\"name\":\"Telinha\",\"image\":{\"@type\":\"ImageObject\",\"inLanguage\":\"pt-PT\",\"@id\":\"https:\/\/portaltela.pt\/s.01k8rhncp4jt1\/2025\/11\/talking-bot-125x125.png\",\"url\":\"https:\/\/portaltela.pt\/s.01k8rhncp4jt1\/2025\/11\/talking-bot-125x125.png\",\"contentUrl\":\"https:\/\/portaltela.pt\/s.01k8rhncp4jt1\/2025\/11\/talking-bot-125x125.png\",\"caption\":\"Telinha\"},\"sameAs\":[\"https:\/\/portaltela.pt\/\"],\"url\":\"https:\/\/portaltela.pt\/por\/367410592786\/\"}]}<\/script>\n<!-- \/ Yoast SEO plugin. -->","yoast_head_json":{"title":"Mo\u00e7ambique avalia 537,6 milh\u00f5es de euros em infraestruturas destru\u00eddas - Portal Tela Portugal","robots":{"index":"index","follow":"follow","max-snippet":"max-snippet:-1","max-image-preview":"max-image-preview:large","max-video-preview":"max-video-preview:-1"},"og_locale":"pt_PT","og_type":"article","og_title":"Mo\u00e7ambique avalia 537,6 milh\u00f5es de euros em infraestruturas destru\u00eddas - Portal Tela Portugal","og_description":"Mo\u00e7ambique avalia danos totais em infraestruturas causados por inunda\u00e7\u00f5es, estimados em 537,6 milh\u00f5es de euros. As estimativas referem-se a infraestruturas destru\u00eddas no territ\u00f3rio nacional devido \u00e0s cheias. O conte\u00fado completo da not\u00edcia est\u00e1 dispon\u00edvel apenas para assinantes.","og_url":"https:\/\/portaltela.pt\/noticias\/2026\/01\/27\/mocambique-avalia-5376-milhoes-de-euros-em-infraestruturas-destruidas\/","og_site_name":"Portal Tela Portugal","article_published_time":"2026-01-27T18:50:00+00:00","author":"Telinha","twitter_card":"summary_large_image","twitter_misc":{"Escrito por":"Telinha","Tempo estimado de leitura":"1 minuto"},"schema":{"@context":"https:\/\/schema.org","@graph":[{"@type":"Article","@id":"https:\/\/portaltela.pt\/noticias\/2026\/01\/27\/mocambique-avalia-5376-milhoes-de-euros-em-infraestruturas-destruidas\/#article","isPartOf":{"@id":"https:\/\/portaltela.pt\/noticias\/2026\/01\/27\/mocambique-avalia-5376-milhoes-de-euros-em-infraestruturas-destruidas\/"},"author":{"name":"Telinha","@id":"https:\/\/portaltela.pt\/#\/schema\/person\/c4278d4a6028830caff9ee44b42d32ed"},"headline":"Mo\u00e7ambique avalia 537,6 milh\u00f5es de euros em infraestruturas destru\u00eddas","datePublished":"2026-01-27T18:50:00+00:00","mainEntityOfPage":{"@id":"https:\/\/portaltela.pt\/noticias\/2026\/01\/27\/mocambique-avalia-5376-milhoes-de-euros-em-infraestruturas-destruidas\/"},"wordCount":148,"image":{"@id":"https:\/\/portaltela.pt\/noticias\/2026\/01\/27\/mocambique-avalia-5376-milhoes-de-euros-em-infraestruturas-destruidas\/#primaryimage"},"thumbnailUrl":"https:\/\/portaltela.pt\/s.01k8rhncp4jt1\/2026\/01\/CACHE_780X1200_ANALOG_WATERMARKED_46412498_3960690_23012026030919.jpg","keywords":["abastecimento de \u00e1gua","energia","infraestruturas","inunda\u00e7\u00e3o","inunda\u00e7\u00f5es","vias de comunica\u00e7\u00e3o"],"articleSection":["Not\u00edcias"],"inLanguage":"pt-PT"},{"@type":"WebPage","@id":"https:\/\/portaltela.pt\/noticias\/2026\/01\/27\/mocambique-avalia-5376-milhoes-de-euros-em-infraestruturas-destruidas\/","url":"https:\/\/portaltela.pt\/noticias\/2026\/01\/27\/mocambique-avalia-5376-milhoes-de-euros-em-infraestruturas-destruidas\/","name":"Mo\u00e7ambique avalia 537,6 milh\u00f5es de euros em infraestruturas destru\u00eddas - Portal Tela Portugal","isPartOf":{"@id":"https:\/\/portaltela.pt\/#website"},"primaryImageOfPage":{"@id":"https:\/\/portaltela.pt\/noticias\/2026\/01\/27\/mocambique-avalia-5376-milhoes-de-euros-em-infraestruturas-destruidas\/#primaryimage"},"image":{"@id":"https:\/\/portaltela.pt\/noticias\/2026\/01\/27\/mocambique-avalia-5376-milhoes-de-euros-em-infraestruturas-destruidas\/#primaryimage"},"thumbnailUrl":"https:\/\/portaltela.pt\/s.01k8rhncp4jt1\/2026\/01\/CACHE_780X1200_ANALOG_WATERMARKED_46412498_3960690_23012026030919.jpg","datePublished":"2026-01-27T18:50:00+00:00","author":{"@id":"https:\/\/portaltela.pt\/#\/schema\/person\/c4278d4a6028830caff9ee44b42d32ed"},"breadcrumb":{"@id":"https:\/\/portaltela.pt\/noticias\/2026\/01\/27\/mocambique-avalia-5376-milhoes-de-euros-em-infraestruturas-destruidas\/#breadcrumb"},"inLanguage":"pt-PT","potentialAction":[{"@type":"ReadAction","target":["https:\/\/portaltela.pt\/noticias\/2026\/01\/27\/mocambique-avalia-5376-milhoes-de-euros-em-infraestruturas-destruidas\/"]}]},{"@type":"ImageObject","inLanguage":"pt-PT","@id":"https:\/\/portaltela.pt\/noticias\/2026\/01\/27\/mocambique-avalia-5376-milhoes-de-euros-em-infraestruturas-destruidas\/#primaryimage","url":"https:\/\/portaltela.pt\/s.01k8rhncp4jt1\/2026\/01\/CACHE_780X1200_ANALOG_WATERMARKED_46412498_3960690_23012026030919.jpg","contentUrl":"https:\/\/portaltela.pt\/s.01k8rhncp4jt1\/2026\/01\/CACHE_780X1200_ANALOG_WATERMARKED_46412498_3960690_23012026030919.jpg","width":796,"height":448,"caption":"Mo\u00e7ambique avalia em 537,6 ME infraestruturas destru\u00eddas pelas inunda\u00e7\u00f5es"},{"@type":"BreadcrumbList","@id":"https:\/\/portaltela.pt\/noticias\/2026\/01\/27\/mocambique-avalia-5376-milhoes-de-euros-em-infraestruturas-destruidas\/#breadcrumb","itemListElement":[{"@type":"ListItem","position":1,"name":"In\u00edcio","item":"https:\/\/portaltela.pt\/"},{"@type":"ListItem","position":2,"name":"Mo\u00e7ambique avalia 537,6 milh\u00f5es de euros em infraestruturas destru\u00eddas"}]},{"@type":"WebSite","@id":"https:\/\/portaltela.pt\/#website","url":"https:\/\/portaltela.pt\/","name":"Portal Tela Portugal","description":"","potentialAction":[{"@type":"SearchAction","target":{"@type":"EntryPoint","urlTemplate":"https:\/\/portaltela.pt\/?s={search_term_string}"},"query-input":{"@type":"PropertyValueSpecification","valueRequired":true,"valueName":"search_term_string"}}],"inLanguage":"pt-PT"},{"@type":"Person","@id":"https:\/\/portaltela.pt\/#\/schema\/person\/c4278d4a6028830caff9ee44b42d32ed","name":"Telinha","image":{"@type":"ImageObject","inLanguage":"pt-PT","@id":"https:\/\/portaltela.pt\/s.01k8rhncp4jt1\/2025\/11\/talking-bot-125x125.png","url":"https:\/\/portaltela.pt\/s.01k8rhncp4jt1\/2025\/11\/talking-bot-125x125.png","contentUrl":"https:\/\/portaltela.pt\/s.01k8rhncp4jt1\/2025\/11\/talking-bot-125x125.png","caption":"Telinha"},"sameAs":["https:\/\/portaltela.pt\/"],"url":"https:\/\/portaltela.pt\/por\/367410592786\/"}]}},"_links":{"self":[{"href":"https:\/\/portaltela.pt\/api\/wp\/v2\/posts\/177714","targetHints":{"allow":["GET"]}}],"collection":[{"href":"https:\/\/portaltela.pt\/api\/wp\/v2\/posts"}],"about":[{"href":"https:\/\/portaltela.pt\/api\/wp\/v2\/types\/post"}],"author":[{"embeddable":true,"href":"https:\/\/portaltela.pt\/api\/wp\/v2\/users\/2"}],"replies":[{"embeddable":true,"href":"https:\/\/portaltela.pt\/api\/wp\/v2\/comments?post=177714"}],"version-history":[{"count":0,"href":"https:\/\/portaltela.pt\/api\/wp\/v2\/posts\/177714\/revisions"}],"wp:featuredmedia":[{"embeddable":true,"href":"https:\/\/portaltela.pt\/api\/wp\/v2\/media\/177719"}],"wp:attachment":[{"href":"https:\/\/portaltela.pt\/api\/wp\/v2\/media?parent=177714"}],"wp:term":[{"taxonomy":"category","embeddable":true,"href":"https:\/\/portaltela.pt\/api\/wp\/v2\/categories?post=177714"},{"taxonomy":"post_tag","embeddable":true,"href":"https:\/\/portaltela.pt\/api\/wp\/v2\/tags?post=177714"}],"curies":[{"name":"wp","href":"https:\/\/api.w.org\/{rel}","templated":true}]}}