{"id":177680,"date":"2026-01-27T18:27:00","date_gmt":"2026-01-27T21:27:00","guid":{"rendered":"https:\/\/portaltela.pt\/noticias\/2026\/01\/27\/alegado-falso-padre-acusa-diocese-de-aveiro-de-perseguicao-e-nega-impedimento-de-celebrar-missas\/"},"modified":"2026-01-27T18:27:00","modified_gmt":"2026-01-27T21:27:00","slug":"alegado-falso-padre-acusa-diocese-de-aveiro-de-perseguicao-e-nega-impedimento-de-celebrar-missas","status":"publish","type":"post","link":"https:\/\/portaltela.pt\/noticias\/2026\/01\/27\/alegado-falso-padre-acusa-diocese-de-aveiro-de-perseguicao-e-nega-impedimento-de-celebrar-missas\/","title":{"rendered":"Alegado falso padre acusa Diocese de Aveiro de persegui\u00e7\u00e3o e nega impedimento de celebrar missas"},"content":{"rendered":"<p>Francisco Martins, conhecido por celebrar missas em casa e organizar retiros em F\u00e1tima, \u00e9 apontado pela Diocese de Aveiro como um falso padre. A diocese enviou um email aos paroquianos a esclarecer a situa\u00e7\u00e3o, contrariando as afirma\u00e7\u00f5es do homem.<\/p>\n<p>Segundo a diocese, Martins n\u00e3o \u00e9 padre reconhecido pela Igreja. O contacto com os paroquianos refor\u00e7ou que n\u00e3o existe autoriza\u00e7\u00e3o oficial para celebrar missas em nome da igreja diocesana. A divulga\u00e7\u00e3o teve como objetivo esclarecer d\u00favidas de fi\u00e9is.<\/p>\n<p>Martins afirma que a situa\u00e7\u00e3o resulta de uma vingan\u00e7a pessoal do Bispo de Aveiro. A acusa\u00e7\u00e3o envolve uma den\u00fancia feita ao Vaticano sobre alegados casos de abusos sexuais. O alegado conflito pode desencadear uma batalha judicial.<\/p>\n<h3>Contexto e implica\u00e7\u00f5es<\/h3>\n<p>O caso envolve declara\u00e7\u00f5es p\u00fablicas da diocese e respostas do alegado cl\u00e9rigo. N\u00e3o foram divulgados detalhes adicionais sobre a natureza da den\u00fancia ao Vaticano nem sobre eventuais desdobramentos legais.<\/p>\n<p>A situa\u00e7\u00e3o j\u00e1 gerou interesse medi\u00e1tico, com cobertura de ve\u00edculos locais. As informa\u00e7\u00f5es dispon\u00edveis apontam para uma disputa entre fontes da Igreja e o indiv\u00edduo, sem que haja conclus\u00e3o oficial at\u00e9 ao momento.<\/p>\n<p>Francisco Martins mant\u00e9m a sua atividade de celebra\u00e7\u00e3o de missas em contextos privados. A diocese enfatiza que essas celebra\u00e7\u00f5es n\u00e3o contam com autoriza\u00e7\u00e3o oficial. N\u00e3o houve coment\u00e1rios adicionais por parte de representantes da diocese.<\/p>\n","protected":false},"excerpt":{"rendered":"<ul>\n<li>Francisco Martins, que celebra missas em casa e organiza retiros em F\u00e1tima, afirma que a acusa\u00e7\u00e3o de ser \u201cfalso padre\u201d \u00e9 uma vingan\u00e7a pessoal do Bispo de Aveiro, ligada a uma den\u00fancia ao Vaticano sobre abusos sexuais.<\/li>\n<li>A Diocese de Aveiro enviou um email aos paroquianos a afirmar que Francisco n\u00e3o \u00e9 padre.<\/li>\n<li>O conflito pode abrir uma batalha judicial entre a figura religiosa e a diocese.<\/li>\n<li>O caso envolve quest\u00f5es entre a pr\u00e1tica religiosa n\u00e3o reconhecida pela diocese e a atua\u00e7\u00e3o institucional da Igreja local.<\/li>\n<li>N\u00e3o h\u00e1 confirma\u00e7\u00e3o independente dispon\u00edvel no momento.<\/li>\n<\/ul>\n","protected":false},"author":2,"featured_media":177683,"comment_status":"closed","ping_status":"closed","sticky":false,"template":"","format":"standard","meta":{"footnotes":""},"categories":[1],"tags":[1059,103,147,1216,102,104],"class_list":["post-177680","post","type-post","status-publish","format-standard","has-post-thumbnail","hentry","category-noticias","tag-aveiro","tag-catolicismo","tag-crime","tag-falsa-comunicacao-de-crime","tag-igreja","tag-religiao"],"yoast_head":"<!-- This site is optimized with the Yoast SEO plugin v27.2 - https:\/\/yoast.com\/product\/yoast-seo-wordpress\/ -->\n<title>Alegado falso padre acusa Diocese de Aveiro de persegui\u00e7\u00e3o e nega impedimento de celebrar missas - Portal Tela Portugal<\/title>\n<meta name=\"robots\" content=\"index, follow, max-snippet:-1, max-image-preview:large, max-video-preview:-1\" \/>\n<meta property=\"og:locale\" content=\"pt_PT\" \/>\n<meta property=\"og:type\" content=\"article\" \/>\n<meta property=\"og:title\" content=\"Alegado falso padre acusa Diocese de Aveiro de persegui\u00e7\u00e3o e nega impedimento de celebrar missas - Portal Tela Portugal\" \/>\n<meta property=\"og:description\" content=\"Francisco Martins, que celebra missas em casa e organiza retiros em F\u00e1tima, afirma que a acusa\u00e7\u00e3o de ser \u201cfalso padre\u201d \u00e9 uma vingan\u00e7a pessoal do Bispo de Aveiro, ligada a uma den\u00fancia ao Vaticano sobre abusos sexuais. A Diocese de Aveiro enviou um email aos paroquianos a afirmar que Francisco n\u00e3o \u00e9 padre. O conflito pode abrir uma batalha judicial entre a figura religiosa e a diocese. O caso envolve quest\u00f5es entre a pr\u00e1tica religiosa n\u00e3o reconhecida pela diocese e a atua\u00e7\u00e3o institucional da Igreja local. N\u00e3o h\u00e1 confirma\u00e7\u00e3o independente dispon\u00edvel no momento.\" \/>\n<meta property=\"og:url\" content=\"https:\/\/portaltela.pt\/noticias\/2026\/01\/27\/alegado-falso-padre-acusa-diocese-de-aveiro-de-perseguicao-e-nega-impedimento-de-celebrar-missas\/\" \/>\n<meta property=\"og:site_name\" content=\"Portal Tela Portugal\" \/>\n<meta property=\"article:published_time\" content=\"2026-01-27T21:27:00+00:00\" \/>\n<meta name=\"author\" content=\"Telinha\" \/>\n<meta name=\"twitter:card\" content=\"summary_large_image\" \/>\n<meta name=\"twitter:label1\" content=\"Escrito por\" \/>\n\t<meta name=\"twitter:data1\" content=\"Telinha\" \/>\n\t<meta name=\"twitter:label2\" content=\"Tempo estimado de leitura\" \/>\n\t<meta name=\"twitter:data2\" content=\"1 minuto\" \/>\n<script type=\"application\/ld+json\" class=\"yoast-schema-graph\">{\"@context\":\"https:\/\/schema.org\",\"@graph\":[{\"@type\":\"Article\",\"@id\":\"https:\/\/portaltela.pt\/noticias\/2026\/01\/27\/alegado-falso-padre-acusa-diocese-de-aveiro-de-perseguicao-e-nega-impedimento-de-celebrar-missas\/#article\",\"isPartOf\":{\"@id\":\"https:\/\/portaltela.pt\/noticias\/2026\/01\/27\/alegado-falso-padre-acusa-diocese-de-aveiro-de-perseguicao-e-nega-impedimento-de-celebrar-missas\/\"},\"author\":{\"name\":\"Telinha\",\"@id\":\"https:\/\/portaltela.pt\/#\/schema\/person\/c4278d4a6028830caff9ee44b42d32ed\"},\"headline\":\"Alegado falso padre acusa Diocese de Aveiro de persegui\u00e7\u00e3o e nega impedimento de celebrar missas\",\"datePublished\":\"2026-01-27T21:27:00+00:00\",\"mainEntityOfPage\":{\"@id\":\"https:\/\/portaltela.pt\/noticias\/2026\/01\/27\/alegado-falso-padre-acusa-diocese-de-aveiro-de-perseguicao-e-nega-impedimento-de-celebrar-missas\/\"},\"wordCount\":260,\"image\":{\"@id\":\"https:\/\/portaltela.pt\/noticias\/2026\/01\/27\/alegado-falso-padre-acusa-diocese-de-aveiro-de-perseguicao-e-nega-impedimento-de-celebrar-missas\/#primaryimage\"},\"thumbnailUrl\":\"https:\/\/portaltela.pt\/s.01k8rhncp4jt1\/2026\/01\/img_1500x1000uu2026-01-27-19-28-00-2262916.jpg\",\"keywords\":[\"Aveiro\",\"catolicismo\",\"crime\",\"falsa comunica\u00e7\u00e3o de crime\",\"igreja\",\"religi\u00e3o\"],\"articleSection\":[\"Not\u00edcias\"],\"inLanguage\":\"pt-PT\"},{\"@type\":\"WebPage\",\"@id\":\"https:\/\/portaltela.pt\/noticias\/2026\/01\/27\/alegado-falso-padre-acusa-diocese-de-aveiro-de-perseguicao-e-nega-impedimento-de-celebrar-missas\/\",\"url\":\"https:\/\/portaltela.pt\/noticias\/2026\/01\/27\/alegado-falso-padre-acusa-diocese-de-aveiro-de-perseguicao-e-nega-impedimento-de-celebrar-missas\/\",\"name\":\"Alegado falso padre acusa Diocese de Aveiro de persegui\u00e7\u00e3o e nega impedimento de celebrar missas - Portal Tela Portugal\",\"isPartOf\":{\"@id\":\"https:\/\/portaltela.pt\/#website\"},\"primaryImageOfPage\":{\"@id\":\"https:\/\/portaltela.pt\/noticias\/2026\/01\/27\/alegado-falso-padre-acusa-diocese-de-aveiro-de-perseguicao-e-nega-impedimento-de-celebrar-missas\/#primaryimage\"},\"image\":{\"@id\":\"https:\/\/portaltela.pt\/noticias\/2026\/01\/27\/alegado-falso-padre-acusa-diocese-de-aveiro-de-perseguicao-e-nega-impedimento-de-celebrar-missas\/#primaryimage\"},\"thumbnailUrl\":\"https:\/\/portaltela.pt\/s.01k8rhncp4jt1\/2026\/01\/img_1500x1000uu2026-01-27-19-28-00-2262916.jpg\",\"datePublished\":\"2026-01-27T21:27:00+00:00\",\"author\":{\"@id\":\"https:\/\/portaltela.pt\/#\/schema\/person\/c4278d4a6028830caff9ee44b42d32ed\"},\"breadcrumb\":{\"@id\":\"https:\/\/portaltela.pt\/noticias\/2026\/01\/27\/alegado-falso-padre-acusa-diocese-de-aveiro-de-perseguicao-e-nega-impedimento-de-celebrar-missas\/#breadcrumb\"},\"inLanguage\":\"pt-PT\",\"potentialAction\":[{\"@type\":\"ReadAction\",\"target\":[\"https:\/\/portaltela.pt\/noticias\/2026\/01\/27\/alegado-falso-padre-acusa-diocese-de-aveiro-de-perseguicao-e-nega-impedimento-de-celebrar-missas\/\"]}]},{\"@type\":\"ImageObject\",\"inLanguage\":\"pt-PT\",\"@id\":\"https:\/\/portaltela.pt\/noticias\/2026\/01\/27\/alegado-falso-padre-acusa-diocese-de-aveiro-de-perseguicao-e-nega-impedimento-de-celebrar-missas\/#primaryimage\",\"url\":\"https:\/\/portaltela.pt\/s.01k8rhncp4jt1\/2026\/01\/img_1500x1000uu2026-01-27-19-28-00-2262916.jpg\",\"contentUrl\":\"https:\/\/portaltela.pt\/s.01k8rhncp4jt1\/2026\/01\/img_1500x1000uu2026-01-27-19-28-00-2262916.jpg\",\"width\":796,\"height\":448,\"caption\":\"Francisco Martins refuta acusa\u00e7\u00f5es da Diocese de Aveiro de que \u00e9 um 'falso padre'\"},{\"@type\":\"BreadcrumbList\",\"@id\":\"https:\/\/portaltela.pt\/noticias\/2026\/01\/27\/alegado-falso-padre-acusa-diocese-de-aveiro-de-perseguicao-e-nega-impedimento-de-celebrar-missas\/#breadcrumb\",\"itemListElement\":[{\"@type\":\"ListItem\",\"position\":1,\"name\":\"In\u00edcio\",\"item\":\"https:\/\/portaltela.pt\/\"},{\"@type\":\"ListItem\",\"position\":2,\"name\":\"Alegado falso padre acusa Diocese de Aveiro de persegui\u00e7\u00e3o e nega impedimento de celebrar missas\"}]},{\"@type\":\"WebSite\",\"@id\":\"https:\/\/portaltela.pt\/#website\",\"url\":\"https:\/\/portaltela.pt\/\",\"name\":\"Portal Tela Portugal\",\"description\":\"\",\"potentialAction\":[{\"@type\":\"SearchAction\",\"target\":{\"@type\":\"EntryPoint\",\"urlTemplate\":\"https:\/\/portaltela.pt\/?s={search_term_string}\"},\"query-input\":{\"@type\":\"PropertyValueSpecification\",\"valueRequired\":true,\"valueName\":\"search_term_string\"}}],\"inLanguage\":\"pt-PT\"},{\"@type\":\"Person\",\"@id\":\"https:\/\/portaltela.pt\/#\/schema\/person\/c4278d4a6028830caff9ee44b42d32ed\",\"name\":\"Telinha\",\"image\":{\"@type\":\"ImageObject\",\"inLanguage\":\"pt-PT\",\"@id\":\"https:\/\/portaltela.pt\/s.01k8rhncp4jt1\/2025\/11\/talking-bot-125x125.png\",\"url\":\"https:\/\/portaltela.pt\/s.01k8rhncp4jt1\/2025\/11\/talking-bot-125x125.png\",\"contentUrl\":\"https:\/\/portaltela.pt\/s.01k8rhncp4jt1\/2025\/11\/talking-bot-125x125.png\",\"caption\":\"Telinha\"},\"sameAs\":[\"https:\/\/portaltela.pt\/\"],\"url\":\"https:\/\/portaltela.pt\/por\/367410592786\/\"}]}<\/script>\n<!-- \/ Yoast SEO plugin. -->","yoast_head_json":{"title":"Alegado falso padre acusa Diocese de Aveiro de persegui\u00e7\u00e3o e nega impedimento de celebrar missas - Portal Tela Portugal","robots":{"index":"index","follow":"follow","max-snippet":"max-snippet:-1","max-image-preview":"max-image-preview:large","max-video-preview":"max-video-preview:-1"},"og_locale":"pt_PT","og_type":"article","og_title":"Alegado falso padre acusa Diocese de Aveiro de persegui\u00e7\u00e3o e nega impedimento de celebrar missas - Portal Tela Portugal","og_description":"Francisco Martins, que celebra missas em casa e organiza retiros em F\u00e1tima, afirma que a acusa\u00e7\u00e3o de ser \u201cfalso padre\u201d \u00e9 uma vingan\u00e7a pessoal do Bispo de Aveiro, ligada a uma den\u00fancia ao Vaticano sobre abusos sexuais. A Diocese de Aveiro enviou um email aos paroquianos a afirmar que Francisco n\u00e3o \u00e9 padre. O conflito pode abrir uma batalha judicial entre a figura religiosa e a diocese. O caso envolve quest\u00f5es entre a pr\u00e1tica religiosa n\u00e3o reconhecida pela diocese e a atua\u00e7\u00e3o institucional da Igreja local. N\u00e3o h\u00e1 confirma\u00e7\u00e3o independente dispon\u00edvel no momento.","og_url":"https:\/\/portaltela.pt\/noticias\/2026\/01\/27\/alegado-falso-padre-acusa-diocese-de-aveiro-de-perseguicao-e-nega-impedimento-de-celebrar-missas\/","og_site_name":"Portal Tela Portugal","article_published_time":"2026-01-27T21:27:00+00:00","author":"Telinha","twitter_card":"summary_large_image","twitter_misc":{"Escrito por":"Telinha","Tempo estimado de leitura":"1 minuto"},"schema":{"@context":"https:\/\/schema.org","@graph":[{"@type":"Article","@id":"https:\/\/portaltela.pt\/noticias\/2026\/01\/27\/alegado-falso-padre-acusa-diocese-de-aveiro-de-perseguicao-e-nega-impedimento-de-celebrar-missas\/#article","isPartOf":{"@id":"https:\/\/portaltela.pt\/noticias\/2026\/01\/27\/alegado-falso-padre-acusa-diocese-de-aveiro-de-perseguicao-e-nega-impedimento-de-celebrar-missas\/"},"author":{"name":"Telinha","@id":"https:\/\/portaltela.pt\/#\/schema\/person\/c4278d4a6028830caff9ee44b42d32ed"},"headline":"Alegado falso padre acusa Diocese de Aveiro de persegui\u00e7\u00e3o e nega impedimento de celebrar missas","datePublished":"2026-01-27T21:27:00+00:00","mainEntityOfPage":{"@id":"https:\/\/portaltela.pt\/noticias\/2026\/01\/27\/alegado-falso-padre-acusa-diocese-de-aveiro-de-perseguicao-e-nega-impedimento-de-celebrar-missas\/"},"wordCount":260,"image":{"@id":"https:\/\/portaltela.pt\/noticias\/2026\/01\/27\/alegado-falso-padre-acusa-diocese-de-aveiro-de-perseguicao-e-nega-impedimento-de-celebrar-missas\/#primaryimage"},"thumbnailUrl":"https:\/\/portaltela.pt\/s.01k8rhncp4jt1\/2026\/01\/img_1500x1000uu2026-01-27-19-28-00-2262916.jpg","keywords":["Aveiro","catolicismo","crime","falsa comunica\u00e7\u00e3o de crime","igreja","religi\u00e3o"],"articleSection":["Not\u00edcias"],"inLanguage":"pt-PT"},{"@type":"WebPage","@id":"https:\/\/portaltela.pt\/noticias\/2026\/01\/27\/alegado-falso-padre-acusa-diocese-de-aveiro-de-perseguicao-e-nega-impedimento-de-celebrar-missas\/","url":"https:\/\/portaltela.pt\/noticias\/2026\/01\/27\/alegado-falso-padre-acusa-diocese-de-aveiro-de-perseguicao-e-nega-impedimento-de-celebrar-missas\/","name":"Alegado falso padre acusa Diocese de Aveiro de persegui\u00e7\u00e3o e nega impedimento de celebrar missas - Portal Tela Portugal","isPartOf":{"@id":"https:\/\/portaltela.pt\/#website"},"primaryImageOfPage":{"@id":"https:\/\/portaltela.pt\/noticias\/2026\/01\/27\/alegado-falso-padre-acusa-diocese-de-aveiro-de-perseguicao-e-nega-impedimento-de-celebrar-missas\/#primaryimage"},"image":{"@id":"https:\/\/portaltela.pt\/noticias\/2026\/01\/27\/alegado-falso-padre-acusa-diocese-de-aveiro-de-perseguicao-e-nega-impedimento-de-celebrar-missas\/#primaryimage"},"thumbnailUrl":"https:\/\/portaltela.pt\/s.01k8rhncp4jt1\/2026\/01\/img_1500x1000uu2026-01-27-19-28-00-2262916.jpg","datePublished":"2026-01-27T21:27:00+00:00","author":{"@id":"https:\/\/portaltela.pt\/#\/schema\/person\/c4278d4a6028830caff9ee44b42d32ed"},"breadcrumb":{"@id":"https:\/\/portaltela.pt\/noticias\/2026\/01\/27\/alegado-falso-padre-acusa-diocese-de-aveiro-de-perseguicao-e-nega-impedimento-de-celebrar-missas\/#breadcrumb"},"inLanguage":"pt-PT","potentialAction":[{"@type":"ReadAction","target":["https:\/\/portaltela.pt\/noticias\/2026\/01\/27\/alegado-falso-padre-acusa-diocese-de-aveiro-de-perseguicao-e-nega-impedimento-de-celebrar-missas\/"]}]},{"@type":"ImageObject","inLanguage":"pt-PT","@id":"https:\/\/portaltela.pt\/noticias\/2026\/01\/27\/alegado-falso-padre-acusa-diocese-de-aveiro-de-perseguicao-e-nega-impedimento-de-celebrar-missas\/#primaryimage","url":"https:\/\/portaltela.pt\/s.01k8rhncp4jt1\/2026\/01\/img_1500x1000uu2026-01-27-19-28-00-2262916.jpg","contentUrl":"https:\/\/portaltela.pt\/s.01k8rhncp4jt1\/2026\/01\/img_1500x1000uu2026-01-27-19-28-00-2262916.jpg","width":796,"height":448,"caption":"Francisco Martins refuta acusa\u00e7\u00f5es da Diocese de Aveiro de que \u00e9 um 'falso padre'"},{"@type":"BreadcrumbList","@id":"https:\/\/portaltela.pt\/noticias\/2026\/01\/27\/alegado-falso-padre-acusa-diocese-de-aveiro-de-perseguicao-e-nega-impedimento-de-celebrar-missas\/#breadcrumb","itemListElement":[{"@type":"ListItem","position":1,"name":"In\u00edcio","item":"https:\/\/portaltela.pt\/"},{"@type":"ListItem","position":2,"name":"Alegado falso padre acusa Diocese de Aveiro de persegui\u00e7\u00e3o e nega impedimento de celebrar missas"}]},{"@type":"WebSite","@id":"https:\/\/portaltela.pt\/#website","url":"https:\/\/portaltela.pt\/","name":"Portal Tela Portugal","description":"","potentialAction":[{"@type":"SearchAction","target":{"@type":"EntryPoint","urlTemplate":"https:\/\/portaltela.pt\/?s={search_term_string}"},"query-input":{"@type":"PropertyValueSpecification","valueRequired":true,"valueName":"search_term_string"}}],"inLanguage":"pt-PT"},{"@type":"Person","@id":"https:\/\/portaltela.pt\/#\/schema\/person\/c4278d4a6028830caff9ee44b42d32ed","name":"Telinha","image":{"@type":"ImageObject","inLanguage":"pt-PT","@id":"https:\/\/portaltela.pt\/s.01k8rhncp4jt1\/2025\/11\/talking-bot-125x125.png","url":"https:\/\/portaltela.pt\/s.01k8rhncp4jt1\/2025\/11\/talking-bot-125x125.png","contentUrl":"https:\/\/portaltela.pt\/s.01k8rhncp4jt1\/2025\/11\/talking-bot-125x125.png","caption":"Telinha"},"sameAs":["https:\/\/portaltela.pt\/"],"url":"https:\/\/portaltela.pt\/por\/367410592786\/"}]}},"_links":{"self":[{"href":"https:\/\/portaltela.pt\/api\/wp\/v2\/posts\/177680","targetHints":{"allow":["GET"]}}],"collection":[{"href":"https:\/\/portaltela.pt\/api\/wp\/v2\/posts"}],"about":[{"href":"https:\/\/portaltela.pt\/api\/wp\/v2\/types\/post"}],"author":[{"embeddable":true,"href":"https:\/\/portaltela.pt\/api\/wp\/v2\/users\/2"}],"replies":[{"embeddable":true,"href":"https:\/\/portaltela.pt\/api\/wp\/v2\/comments?post=177680"}],"version-history":[{"count":0,"href":"https:\/\/portaltela.pt\/api\/wp\/v2\/posts\/177680\/revisions"}],"wp:featuredmedia":[{"embeddable":true,"href":"https:\/\/portaltela.pt\/api\/wp\/v2\/media\/177683"}],"wp:attachment":[{"href":"https:\/\/portaltela.pt\/api\/wp\/v2\/media?parent=177680"}],"wp:term":[{"taxonomy":"category","embeddable":true,"href":"https:\/\/portaltela.pt\/api\/wp\/v2\/categories?post=177680"},{"taxonomy":"post_tag","embeddable":true,"href":"https:\/\/portaltela.pt\/api\/wp\/v2\/tags?post=177680"}],"curies":[{"name":"wp","href":"https:\/\/api.w.org\/{rel}","templated":true}]}}