{"id":177677,"date":"2026-01-27T18:15:00","date_gmt":"2026-01-27T21:15:00","guid":{"rendered":"https:\/\/portaltela.pt\/noticias\/2026\/01\/27\/seguro-pretende-unir-os-portugueses-ventura-aponta-a-vencer-as-elites\/"},"modified":"2026-01-27T18:15:00","modified_gmt":"2026-01-27T21:15:00","slug":"seguro-pretende-unir-os-portugueses-ventura-aponta-a-vencer-as-elites","status":"publish","type":"post","link":"https:\/\/portaltela.pt\/noticias\/politica\/2026\/01\/27\/seguro-pretende-unir-os-portugueses-ventura-aponta-a-vencer-as-elites\/","title":{"rendered":"Seguro pretende unir os portugueses; Ventura aponta a vencer as elites"},"content":{"rendered":"<p>Ant\u00f3nio Jos\u00e9 Seguro afirmou, esta ter\u00e7a-feira, que pretende ser presidente de todos os portugueses, defendendo a democracia e uma lideran\u00e7a de di\u00e1logo. Andr\u00e9 Ventura, por sua vez, afirmou que a segunda volta ser\u00e1 uma luta entre elites e povo.<\/p>\n<p>Ventura apontou que os apoios reunidos por Seguro prov\u00eam de v\u00e1rios quadrantes, especialmente do centro-direita, e que isso demonstra resist\u00eancia de um \u201csistema\u201d onde n\u00e3o h\u00e1 mudan\u00e7as. Diz que \u00e9 uma luta das elites contra o povo.<\/p>\n<p>Seguro rejeitou liderar fa\u00e7\u00f5es e prometeu uma presid\u00eancia \u00edntegra, que n\u00e3o divida a sociedade. Garantiu que defende liberdade, economia de mercado, Estado social e justi\u00e7a social, sem discrimina\u00e7\u00f5es.<\/p>\n<h3>Regras constitucionais em debate<\/h3>\n<p>Ventura defendeu a necessidade de mudar a Constitui\u00e7\u00e3o para eliminar subven\u00e7\u00f5es vital\u00edcias e nomea\u00e7\u00f5es do aparelho do Estado, alegando que assim seria poss\u00edvel evitar retroatividade. N\u00e3o explicou se o far\u00e1 se chegar ao poder.<\/p>\n<p>Seguro afirmou que n\u00e3o pretende alterar a Carta Fundamental. Disse que cumprir\u00e1 a Constitui\u00e7\u00e3o atual e que a estabilidade pol\u00edtica n\u00e3o depende de mudan\u00e7as constitucionais, apontando para uma responsabiliza\u00e7\u00e3o do Governo pelos resultados.<\/p>\n<h3>Revis\u00e3o laboral e pol\u00edticas p\u00fablicas<\/h3>\n<p>No debate, Seguro mencionou que, se a proposta for inicial, votar\u00e1, e pediu uma discuss\u00e3o futura sobre emprego mais qualificado com uso de intelig\u00eancia artificial. Ventura criticou uma legisla\u00e7\u00e3o laboral que, aos seus olhos, n\u00e3o valoriza sal\u00e1rios nem reduz desigualdades.<\/p>\n","protected":false},"excerpt":{"rendered":"<ul>\n<li>Ant\u00f3nio Jos\u00e9 Seguro afirmou que pretende ser presidente de todos os portugueses, defendendo a democracia e a toler\u00e2ncia, no debate da segunda volta realizado em Lisboa.<\/li>\n<li>Andr\u00e9 Ventura afirmou que a segunda volta ser\u00e1 \u201cuma luta de elites contra o povo\u201d e criticou apoios de Seguro vindos de v\u00e1rios quadrantes pol\u00edticos, em particular do centro-direita.<\/li>\n<li>Ventura disse que os apoios a Seguro revelam resist\u00eancia de um \u201csistema\u201d que n\u00e3o est\u00e1 habituado a mudan\u00e7as e que a disputa \u00e9 entre elites e povo.<\/li>\n<li>Seguro disse que n\u00e3o pretende liderar uma fa\u00e7\u00e3o e que ser\u00e1 um presidente de di\u00e1logo, mantendo a constitui\u00e7\u00e3o atual e n\u00e3o propondo mudan\u00e7as constitucionais para estabilidade.<\/li>\n<li>Os dois discutiram a revis\u00e3o constitucional, a revis\u00e3o laboral e quest\u00f5es como sa\u00fade e empregos, com Seguro a defender um papel refor\u00e7ado na justi\u00e7a social e Ventura a defender altera\u00e7\u00f5es \u00e0 Constitui\u00e7\u00e3o para mudar nomea\u00e7\u00f5es e o funcionamento do aparelho do Estado.<\/li>\n<\/ul>\n","protected":false},"author":2,"featured_media":177686,"comment_status":"closed","ping_status":"closed","sticky":false,"template":"","format":"standard","meta":{"footnotes":""},"categories":[1,5],"tags":[4057,4520,68,2685,2832,30],"class_list":["post-177677","post","type-post","status-publish","format-standard","has-post-thumbnail","hentry","category-noticias","category-politica","tag-constituicao","tag-economia-de-mercado","tag-eleicoes","tag-estado-social","tag-politica","tag-presidente"],"yoast_head":"<!-- This site is optimized with the Yoast SEO plugin v27.2 - https:\/\/yoast.com\/product\/yoast-seo-wordpress\/ -->\n<title>Seguro pretende unir os portugueses; Ventura aponta a vencer as elites - Portal Tela Portugal<\/title>\n<meta name=\"robots\" content=\"index, follow, max-snippet:-1, max-image-preview:large, max-video-preview:-1\" \/>\n<meta property=\"og:locale\" content=\"pt_PT\" \/>\n<meta property=\"og:type\" content=\"article\" \/>\n<meta property=\"og:title\" content=\"Seguro pretende unir os portugueses; Ventura aponta a vencer as elites - Portal Tela Portugal\" \/>\n<meta property=\"og:description\" content=\"Ant\u00f3nio Jos\u00e9 Seguro afirmou que pretende ser presidente de todos os portugueses, defendendo a democracia e a toler\u00e2ncia, no debate da segunda volta realizado em Lisboa. Andr\u00e9 Ventura afirmou que a segunda volta ser\u00e1 \u201cuma luta de elites contra o povo\u201d e criticou apoios de Seguro vindos de v\u00e1rios quadrantes pol\u00edticos, em particular do centro-direita. Ventura disse que os apoios a Seguro revelam resist\u00eancia de um \u201csistema\u201d que n\u00e3o est\u00e1 habituado a mudan\u00e7as e que a disputa \u00e9 entre elites e povo. Seguro disse que n\u00e3o pretende liderar uma fa\u00e7\u00e3o e que ser\u00e1 um presidente de di\u00e1logo, mantendo a constitui\u00e7\u00e3o atual e n\u00e3o propondo mudan\u00e7as constitucionais para estabilidade. Os dois discutiram a revis\u00e3o constitucional, a revis\u00e3o laboral e quest\u00f5es como sa\u00fade e empregos, com Seguro a defender um papel refor\u00e7ado na justi\u00e7a social e Ventura a defender altera\u00e7\u00f5es \u00e0 Constitui\u00e7\u00e3o para mudar nomea\u00e7\u00f5es e o funcionamento do aparelho do Estado.\" \/>\n<meta property=\"og:url\" content=\"https:\/\/portaltela.pt\/noticias\/2026\/01\/27\/seguro-pretende-unir-os-portugueses-ventura-aponta-a-vencer-as-elites\/\" \/>\n<meta property=\"og:site_name\" content=\"Portal Tela Portugal\" \/>\n<meta property=\"article:published_time\" content=\"2026-01-27T21:15:00+00:00\" \/>\n<meta name=\"author\" content=\"Telinha\" \/>\n<meta name=\"twitter:card\" content=\"summary_large_image\" \/>\n<meta name=\"twitter:label1\" content=\"Escrito por\" \/>\n\t<meta name=\"twitter:data1\" content=\"Telinha\" \/>\n\t<meta name=\"twitter:label2\" content=\"Tempo estimado de leitura\" \/>\n\t<meta name=\"twitter:data2\" content=\"1 minuto\" \/>\n<script type=\"application\/ld+json\" class=\"yoast-schema-graph\">{\"@context\":\"https:\/\/schema.org\",\"@graph\":[{\"@type\":\"Article\",\"@id\":\"https:\/\/portaltela.pt\/noticias\/2026\/01\/27\/seguro-pretende-unir-os-portugueses-ventura-aponta-a-vencer-as-elites\/#article\",\"isPartOf\":{\"@id\":\"https:\/\/portaltela.pt\/noticias\/2026\/01\/27\/seguro-pretende-unir-os-portugueses-ventura-aponta-a-vencer-as-elites\/\"},\"author\":{\"name\":\"Telinha\",\"@id\":\"https:\/\/portaltela.pt\/#\/schema\/person\/c4278d4a6028830caff9ee44b42d32ed\"},\"headline\":\"Seguro pretende unir os portugueses; Ventura aponta a vencer as elites\",\"datePublished\":\"2026-01-27T21:15:00+00:00\",\"mainEntityOfPage\":{\"@id\":\"https:\/\/portaltela.pt\/noticias\/2026\/01\/27\/seguro-pretende-unir-os-portugueses-ventura-aponta-a-vencer-as-elites\/\"},\"wordCount\":264,\"image\":{\"@id\":\"https:\/\/portaltela.pt\/noticias\/2026\/01\/27\/seguro-pretende-unir-os-portugueses-ventura-aponta-a-vencer-as-elites\/#primaryimage\"},\"thumbnailUrl\":\"https:\/\/portaltela.pt\/s.01k8rhncp4jt1\/2026\/01\/image-1902.jpg\",\"keywords\":[\"constitui\u00e7\u00e3o\",\"economia de mercado\",\"elei\u00e7\u00f5es\",\"Estado Social\",\"pol\u00edtica\",\"presidente\"],\"articleSection\":[\"Not\u00edcias\",\"Pol\u00edtica\"],\"inLanguage\":\"pt-PT\"},{\"@type\":\"WebPage\",\"@id\":\"https:\/\/portaltela.pt\/noticias\/2026\/01\/27\/seguro-pretende-unir-os-portugueses-ventura-aponta-a-vencer-as-elites\/\",\"url\":\"https:\/\/portaltela.pt\/noticias\/2026\/01\/27\/seguro-pretende-unir-os-portugueses-ventura-aponta-a-vencer-as-elites\/\",\"name\":\"Seguro pretende unir os portugueses; Ventura aponta a vencer as elites - Portal Tela Portugal\",\"isPartOf\":{\"@id\":\"https:\/\/portaltela.pt\/#website\"},\"primaryImageOfPage\":{\"@id\":\"https:\/\/portaltela.pt\/noticias\/2026\/01\/27\/seguro-pretende-unir-os-portugueses-ventura-aponta-a-vencer-as-elites\/#primaryimage\"},\"image\":{\"@id\":\"https:\/\/portaltela.pt\/noticias\/2026\/01\/27\/seguro-pretende-unir-os-portugueses-ventura-aponta-a-vencer-as-elites\/#primaryimage\"},\"thumbnailUrl\":\"https:\/\/portaltela.pt\/s.01k8rhncp4jt1\/2026\/01\/image-1902.jpg\",\"datePublished\":\"2026-01-27T21:15:00+00:00\",\"author\":{\"@id\":\"https:\/\/portaltela.pt\/#\/schema\/person\/c4278d4a6028830caff9ee44b42d32ed\"},\"breadcrumb\":{\"@id\":\"https:\/\/portaltela.pt\/noticias\/2026\/01\/27\/seguro-pretende-unir-os-portugueses-ventura-aponta-a-vencer-as-elites\/#breadcrumb\"},\"inLanguage\":\"pt-PT\",\"potentialAction\":[{\"@type\":\"ReadAction\",\"target\":[\"https:\/\/portaltela.pt\/noticias\/2026\/01\/27\/seguro-pretende-unir-os-portugueses-ventura-aponta-a-vencer-as-elites\/\"]}]},{\"@type\":\"ImageObject\",\"inLanguage\":\"pt-PT\",\"@id\":\"https:\/\/portaltela.pt\/noticias\/2026\/01\/27\/seguro-pretende-unir-os-portugueses-ventura-aponta-a-vencer-as-elites\/#primaryimage\",\"url\":\"https:\/\/portaltela.pt\/s.01k8rhncp4jt1\/2026\/01\/image-1902.jpg\",\"contentUrl\":\"https:\/\/portaltela.pt\/s.01k8rhncp4jt1\/2026\/01\/image-1902.jpg\",\"width\":796,\"height\":448,\"caption\":\"Debate entre Ant\u00f3nio Jos\u00e9 Seguro e Andr\u00e9 Ventura antes da segunda volta das presidenciais\"},{\"@type\":\"BreadcrumbList\",\"@id\":\"https:\/\/portaltela.pt\/noticias\/2026\/01\/27\/seguro-pretende-unir-os-portugueses-ventura-aponta-a-vencer-as-elites\/#breadcrumb\",\"itemListElement\":[{\"@type\":\"ListItem\",\"position\":1,\"name\":\"In\u00edcio\",\"item\":\"https:\/\/portaltela.pt\/\"},{\"@type\":\"ListItem\",\"position\":2,\"name\":\"Seguro pretende unir os portugueses; Ventura aponta a vencer as elites\"}]},{\"@type\":\"WebSite\",\"@id\":\"https:\/\/portaltela.pt\/#website\",\"url\":\"https:\/\/portaltela.pt\/\",\"name\":\"Portal Tela Portugal\",\"description\":\"\",\"potentialAction\":[{\"@type\":\"SearchAction\",\"target\":{\"@type\":\"EntryPoint\",\"urlTemplate\":\"https:\/\/portaltela.pt\/?s={search_term_string}\"},\"query-input\":{\"@type\":\"PropertyValueSpecification\",\"valueRequired\":true,\"valueName\":\"search_term_string\"}}],\"inLanguage\":\"pt-PT\"},{\"@type\":\"Person\",\"@id\":\"https:\/\/portaltela.pt\/#\/schema\/person\/c4278d4a6028830caff9ee44b42d32ed\",\"name\":\"Telinha\",\"image\":{\"@type\":\"ImageObject\",\"inLanguage\":\"pt-PT\",\"@id\":\"https:\/\/portaltela.pt\/s.01k8rhncp4jt1\/2025\/11\/talking-bot-125x125.png\",\"url\":\"https:\/\/portaltela.pt\/s.01k8rhncp4jt1\/2025\/11\/talking-bot-125x125.png\",\"contentUrl\":\"https:\/\/portaltela.pt\/s.01k8rhncp4jt1\/2025\/11\/talking-bot-125x125.png\",\"caption\":\"Telinha\"},\"sameAs\":[\"https:\/\/portaltela.pt\/\"],\"url\":\"https:\/\/portaltela.pt\/por\/367410592786\/\"}]}<\/script>\n<!-- \/ Yoast SEO plugin. -->","yoast_head_json":{"title":"Seguro pretende unir os portugueses; Ventura aponta a vencer as elites - Portal Tela Portugal","robots":{"index":"index","follow":"follow","max-snippet":"max-snippet:-1","max-image-preview":"max-image-preview:large","max-video-preview":"max-video-preview:-1"},"og_locale":"pt_PT","og_type":"article","og_title":"Seguro pretende unir os portugueses; Ventura aponta a vencer as elites - Portal Tela Portugal","og_description":"Ant\u00f3nio Jos\u00e9 Seguro afirmou que pretende ser presidente de todos os portugueses, defendendo a democracia e a toler\u00e2ncia, no debate da segunda volta realizado em Lisboa. Andr\u00e9 Ventura afirmou que a segunda volta ser\u00e1 \u201cuma luta de elites contra o povo\u201d e criticou apoios de Seguro vindos de v\u00e1rios quadrantes pol\u00edticos, em particular do centro-direita. Ventura disse que os apoios a Seguro revelam resist\u00eancia de um \u201csistema\u201d que n\u00e3o est\u00e1 habituado a mudan\u00e7as e que a disputa \u00e9 entre elites e povo. Seguro disse que n\u00e3o pretende liderar uma fa\u00e7\u00e3o e que ser\u00e1 um presidente de di\u00e1logo, mantendo a constitui\u00e7\u00e3o atual e n\u00e3o propondo mudan\u00e7as constitucionais para estabilidade. Os dois discutiram a revis\u00e3o constitucional, a revis\u00e3o laboral e quest\u00f5es como sa\u00fade e empregos, com Seguro a defender um papel refor\u00e7ado na justi\u00e7a social e Ventura a defender altera\u00e7\u00f5es \u00e0 Constitui\u00e7\u00e3o para mudar nomea\u00e7\u00f5es e o funcionamento do aparelho do Estado.","og_url":"https:\/\/portaltela.pt\/noticias\/2026\/01\/27\/seguro-pretende-unir-os-portugueses-ventura-aponta-a-vencer-as-elites\/","og_site_name":"Portal Tela Portugal","article_published_time":"2026-01-27T21:15:00+00:00","author":"Telinha","twitter_card":"summary_large_image","twitter_misc":{"Escrito por":"Telinha","Tempo estimado de leitura":"1 minuto"},"schema":{"@context":"https:\/\/schema.org","@graph":[{"@type":"Article","@id":"https:\/\/portaltela.pt\/noticias\/2026\/01\/27\/seguro-pretende-unir-os-portugueses-ventura-aponta-a-vencer-as-elites\/#article","isPartOf":{"@id":"https:\/\/portaltela.pt\/noticias\/2026\/01\/27\/seguro-pretende-unir-os-portugueses-ventura-aponta-a-vencer-as-elites\/"},"author":{"name":"Telinha","@id":"https:\/\/portaltela.pt\/#\/schema\/person\/c4278d4a6028830caff9ee44b42d32ed"},"headline":"Seguro pretende unir os portugueses; Ventura aponta a vencer as elites","datePublished":"2026-01-27T21:15:00+00:00","mainEntityOfPage":{"@id":"https:\/\/portaltela.pt\/noticias\/2026\/01\/27\/seguro-pretende-unir-os-portugueses-ventura-aponta-a-vencer-as-elites\/"},"wordCount":264,"image":{"@id":"https:\/\/portaltela.pt\/noticias\/2026\/01\/27\/seguro-pretende-unir-os-portugueses-ventura-aponta-a-vencer-as-elites\/#primaryimage"},"thumbnailUrl":"https:\/\/portaltela.pt\/s.01k8rhncp4jt1\/2026\/01\/image-1902.jpg","keywords":["constitui\u00e7\u00e3o","economia de mercado","elei\u00e7\u00f5es","Estado Social","pol\u00edtica","presidente"],"articleSection":["Not\u00edcias","Pol\u00edtica"],"inLanguage":"pt-PT"},{"@type":"WebPage","@id":"https:\/\/portaltela.pt\/noticias\/2026\/01\/27\/seguro-pretende-unir-os-portugueses-ventura-aponta-a-vencer-as-elites\/","url":"https:\/\/portaltela.pt\/noticias\/2026\/01\/27\/seguro-pretende-unir-os-portugueses-ventura-aponta-a-vencer-as-elites\/","name":"Seguro pretende unir os portugueses; Ventura aponta a vencer as elites - Portal Tela Portugal","isPartOf":{"@id":"https:\/\/portaltela.pt\/#website"},"primaryImageOfPage":{"@id":"https:\/\/portaltela.pt\/noticias\/2026\/01\/27\/seguro-pretende-unir-os-portugueses-ventura-aponta-a-vencer-as-elites\/#primaryimage"},"image":{"@id":"https:\/\/portaltela.pt\/noticias\/2026\/01\/27\/seguro-pretende-unir-os-portugueses-ventura-aponta-a-vencer-as-elites\/#primaryimage"},"thumbnailUrl":"https:\/\/portaltela.pt\/s.01k8rhncp4jt1\/2026\/01\/image-1902.jpg","datePublished":"2026-01-27T21:15:00+00:00","author":{"@id":"https:\/\/portaltela.pt\/#\/schema\/person\/c4278d4a6028830caff9ee44b42d32ed"},"breadcrumb":{"@id":"https:\/\/portaltela.pt\/noticias\/2026\/01\/27\/seguro-pretende-unir-os-portugueses-ventura-aponta-a-vencer-as-elites\/#breadcrumb"},"inLanguage":"pt-PT","potentialAction":[{"@type":"ReadAction","target":["https:\/\/portaltela.pt\/noticias\/2026\/01\/27\/seguro-pretende-unir-os-portugueses-ventura-aponta-a-vencer-as-elites\/"]}]},{"@type":"ImageObject","inLanguage":"pt-PT","@id":"https:\/\/portaltela.pt\/noticias\/2026\/01\/27\/seguro-pretende-unir-os-portugueses-ventura-aponta-a-vencer-as-elites\/#primaryimage","url":"https:\/\/portaltela.pt\/s.01k8rhncp4jt1\/2026\/01\/image-1902.jpg","contentUrl":"https:\/\/portaltela.pt\/s.01k8rhncp4jt1\/2026\/01\/image-1902.jpg","width":796,"height":448,"caption":"Debate entre Ant\u00f3nio Jos\u00e9 Seguro e Andr\u00e9 Ventura antes da segunda volta das presidenciais"},{"@type":"BreadcrumbList","@id":"https:\/\/portaltela.pt\/noticias\/2026\/01\/27\/seguro-pretende-unir-os-portugueses-ventura-aponta-a-vencer-as-elites\/#breadcrumb","itemListElement":[{"@type":"ListItem","position":1,"name":"In\u00edcio","item":"https:\/\/portaltela.pt\/"},{"@type":"ListItem","position":2,"name":"Seguro pretende unir os portugueses; Ventura aponta a vencer as elites"}]},{"@type":"WebSite","@id":"https:\/\/portaltela.pt\/#website","url":"https:\/\/portaltela.pt\/","name":"Portal Tela Portugal","description":"","potentialAction":[{"@type":"SearchAction","target":{"@type":"EntryPoint","urlTemplate":"https:\/\/portaltela.pt\/?s={search_term_string}"},"query-input":{"@type":"PropertyValueSpecification","valueRequired":true,"valueName":"search_term_string"}}],"inLanguage":"pt-PT"},{"@type":"Person","@id":"https:\/\/portaltela.pt\/#\/schema\/person\/c4278d4a6028830caff9ee44b42d32ed","name":"Telinha","image":{"@type":"ImageObject","inLanguage":"pt-PT","@id":"https:\/\/portaltela.pt\/s.01k8rhncp4jt1\/2025\/11\/talking-bot-125x125.png","url":"https:\/\/portaltela.pt\/s.01k8rhncp4jt1\/2025\/11\/talking-bot-125x125.png","contentUrl":"https:\/\/portaltela.pt\/s.01k8rhncp4jt1\/2025\/11\/talking-bot-125x125.png","caption":"Telinha"},"sameAs":["https:\/\/portaltela.pt\/"],"url":"https:\/\/portaltela.pt\/por\/367410592786\/"}]}},"_links":{"self":[{"href":"https:\/\/portaltela.pt\/api\/wp\/v2\/posts\/177677","targetHints":{"allow":["GET"]}}],"collection":[{"href":"https:\/\/portaltela.pt\/api\/wp\/v2\/posts"}],"about":[{"href":"https:\/\/portaltela.pt\/api\/wp\/v2\/types\/post"}],"author":[{"embeddable":true,"href":"https:\/\/portaltela.pt\/api\/wp\/v2\/users\/2"}],"replies":[{"embeddable":true,"href":"https:\/\/portaltela.pt\/api\/wp\/v2\/comments?post=177677"}],"version-history":[{"count":0,"href":"https:\/\/portaltela.pt\/api\/wp\/v2\/posts\/177677\/revisions"}],"wp:featuredmedia":[{"embeddable":true,"href":"https:\/\/portaltela.pt\/api\/wp\/v2\/media\/177686"}],"wp:attachment":[{"href":"https:\/\/portaltela.pt\/api\/wp\/v2\/media?parent=177677"}],"wp:term":[{"taxonomy":"category","embeddable":true,"href":"https:\/\/portaltela.pt\/api\/wp\/v2\/categories?post=177677"},{"taxonomy":"post_tag","embeddable":true,"href":"https:\/\/portaltela.pt\/api\/wp\/v2\/tags?post=177677"}],"curies":[{"name":"wp","href":"https:\/\/api.w.org\/{rel}","templated":true}]}}