{"id":177572,"date":"2026-01-27T17:21:00","date_gmt":"2026-01-27T20:21:00","guid":{"rendered":"https:\/\/portaltela.pt\/noticias\/2026\/01\/27\/pessoa-baleada-no-arizona-em-tiroteio-envolvendo-a-patrulha-de-fronteira-dos-eua\/"},"modified":"2026-01-27T17:21:00","modified_gmt":"2026-01-27T20:21:00","slug":"pessoa-baleada-no-arizona-em-tiroteio-envolvendo-a-patrulha-de-fronteira-dos-eua","status":"publish","type":"post","link":"https:\/\/portaltela.pt\/noticias\/2026\/01\/27\/pessoa-baleada-no-arizona-em-tiroteio-envolvendo-a-patrulha-de-fronteira-dos-eua\/","title":{"rendered":"Pessoa baleada no Arizona em tiroteio envolvendo a Patrulha de Fronteira dos EUA"},"content":{"rendered":"<p>Uma pessoa ficou baleada num tiroteio ocorrido no Arizona, envolvendo a Patrulha da Fronteira dos EUA. O incidente ocorreu nesta ter\u00e7a-feira e est\u00e1 a ser investigado pelas autoridades locais com colabora\u00e7\u00e3o federal.<\/p>\n<p>O xerife do condado de Pima, Chris Nanos, informou que o gabinete trabalha com o FBI e com a Alf\u00e2ndega e Prote\u00e7\u00e3o de Fronteiras para apurar as circunst\u00e2ncias. N\u00e3o houve confirma\u00e7\u00e3o oficial sobre feridos entre oficiais de seguran\u00e7a.<\/p>\n<p>Segundo a NBC News, uma pessoa encontra-se em estado cr\u00edtico ap\u00f3s o tiroteio. Ainda n\u00e3o foi divulgado se houve algum agente ferido durante o incidente. O Departamento de Seguran\u00e7a Interna n\u00e3o comentou o caso at\u00e9 ao momento.<\/p>\n<p>Equipas de emerg\u00eancia de Santa Rita e da American Medical Response prestaram assist\u00eancia m\u00e9dica no local. O ferido foi posteriormente transportado de helic\u00f3ptero para um hospital, segundo a NBC News.<\/p>\n<p>Este epis\u00f3dio ocorre num contexto de tens\u00f5es relacionadas com viol\u00eancia policial, paralelo a casos recentes que geraram protestos e debates p\u00fablicos sobre o tema. A investiga\u00e7\u00e3o continua em curso pelas autoridades competentes.<\/p>\n","protected":false},"excerpt":{"rendered":"<ul>\n<li>A Patrulha da Fronteira dos EUA esteve envolvida num tiroteio no Arizona, com o FBI e a Alf\u00e2ndega e Prote\u00e7\u00e3o de Fronteiras a investigarem o incidente.<\/li>\n<li>Uma pessoa ficou em estado cr\u00edtico ap\u00f3s ser baleada; n\u00e3o h\u00e1 informa\u00e7\u00f5es sobre ferimentos entre membros das for\u00e7as de seguran\u00e7a.<\/li>\n<li>O ferido foi atendido no local pelos bombeiros de Santa Rita e pela American Medical Response e transportado de helic\u00f3ptero para um hospital.<\/li>\n<li>O Departamento de Seguran\u00e7a Interna n\u00e3o comentou o caso at\u00e9 ao momento.<\/li>\n<li>O epis\u00f3dio ocorre num contexto de protestos contra viol\u00eancia de for\u00e7as de seguran\u00e7a, ap\u00f3s a morte de Alex Pretti, enfermeiro de 37 anos, no Minnesota.<\/li>\n<\/ul>\n","protected":false},"author":2,"featured_media":177583,"comment_status":"closed","ping_status":"closed","sticky":false,"template":"","format":"standard","meta":{"footnotes":""},"categories":[1],"tags":[1600,4153,4293,215,250,939],"class_list":["post-177572","post","type-post","status-publish","format-standard","has-post-thumbnail","hentry","category-noticias","tag-estados-unidos","tag-fronteira","tag-incidentes-internacionais","tag-investigacao","tag-seguranca-publica","tag-violencia"],"yoast_head":"<!-- This site is optimized with the Yoast SEO plugin v27.2 - https:\/\/yoast.com\/product\/yoast-seo-wordpress\/ -->\n<title>Pessoa baleada no Arizona em tiroteio envolvendo a Patrulha de Fronteira dos EUA - Portal Tela Portugal<\/title>\n<meta name=\"robots\" content=\"index, follow, max-snippet:-1, max-image-preview:large, max-video-preview:-1\" \/>\n<meta property=\"og:locale\" content=\"pt_PT\" \/>\n<meta property=\"og:type\" content=\"article\" \/>\n<meta property=\"og:title\" content=\"Pessoa baleada no Arizona em tiroteio envolvendo a Patrulha de Fronteira dos EUA - Portal Tela Portugal\" \/>\n<meta property=\"og:description\" content=\"A Patrulha da Fronteira dos EUA esteve envolvida num tiroteio no Arizona, com o FBI e a Alf\u00e2ndega e Prote\u00e7\u00e3o de Fronteiras a investigarem o incidente. Uma pessoa ficou em estado cr\u00edtico ap\u00f3s ser baleada; n\u00e3o h\u00e1 informa\u00e7\u00f5es sobre ferimentos entre membros das for\u00e7as de seguran\u00e7a. O ferido foi atendido no local pelos bombeiros de Santa Rita e pela American Medical Response e transportado de helic\u00f3ptero para um hospital. O Departamento de Seguran\u00e7a Interna n\u00e3o comentou o caso at\u00e9 ao momento. O epis\u00f3dio ocorre num contexto de protestos contra viol\u00eancia de for\u00e7as de seguran\u00e7a, ap\u00f3s a morte de Alex Pretti, enfermeiro de 37 anos, no Minnesota.\" \/>\n<meta property=\"og:url\" content=\"https:\/\/portaltela.pt\/noticias\/2026\/01\/27\/pessoa-baleada-no-arizona-em-tiroteio-envolvendo-a-patrulha-de-fronteira-dos-eua\/\" \/>\n<meta property=\"og:site_name\" content=\"Portal Tela Portugal\" \/>\n<meta property=\"article:published_time\" content=\"2026-01-27T20:21:00+00:00\" \/>\n<meta name=\"author\" content=\"Telinha\" \/>\n<meta name=\"twitter:card\" content=\"summary_large_image\" \/>\n<meta name=\"twitter:label1\" content=\"Escrito por\" \/>\n\t<meta name=\"twitter:data1\" content=\"Telinha\" \/>\n\t<meta name=\"twitter:label2\" content=\"Tempo estimado de leitura\" \/>\n\t<meta name=\"twitter:data2\" content=\"1 minuto\" \/>\n<script type=\"application\/ld+json\" class=\"yoast-schema-graph\">{\"@context\":\"https:\/\/schema.org\",\"@graph\":[{\"@type\":\"Article\",\"@id\":\"https:\/\/portaltela.pt\/noticias\/2026\/01\/27\/pessoa-baleada-no-arizona-em-tiroteio-envolvendo-a-patrulha-de-fronteira-dos-eua\/#article\",\"isPartOf\":{\"@id\":\"https:\/\/portaltela.pt\/noticias\/2026\/01\/27\/pessoa-baleada-no-arizona-em-tiroteio-envolvendo-a-patrulha-de-fronteira-dos-eua\/\"},\"author\":{\"name\":\"Telinha\",\"@id\":\"https:\/\/portaltela.pt\/#\/schema\/person\/c4278d4a6028830caff9ee44b42d32ed\"},\"headline\":\"Pessoa baleada no Arizona em tiroteio envolvendo a Patrulha de Fronteira dos EUA\",\"datePublished\":\"2026-01-27T20:21:00+00:00\",\"mainEntityOfPage\":{\"@id\":\"https:\/\/portaltela.pt\/noticias\/2026\/01\/27\/pessoa-baleada-no-arizona-em-tiroteio-envolvendo-a-patrulha-de-fronteira-dos-eua\/\"},\"wordCount\":204,\"image\":{\"@id\":\"https:\/\/portaltela.pt\/noticias\/2026\/01\/27\/pessoa-baleada-no-arizona-em-tiroteio-envolvendo-a-patrulha-de-fronteira-dos-eua\/#primaryimage\"},\"thumbnailUrl\":\"https:\/\/portaltela.pt\/s.01k8rhncp4jt1\/2026\/01\/img_1500x1000uu2026-01-27-20-20-00-2262929.jpg\",\"keywords\":[\"Estados Unidos\",\"Fronteira\",\"incidentes internacionais\",\"investiga\u00e7\u00e3o\",\"seguran\u00e7a p\u00fablica\",\"viol\u00eancia\"],\"articleSection\":[\"Not\u00edcias\"],\"inLanguage\":\"pt-PT\"},{\"@type\":\"WebPage\",\"@id\":\"https:\/\/portaltela.pt\/noticias\/2026\/01\/27\/pessoa-baleada-no-arizona-em-tiroteio-envolvendo-a-patrulha-de-fronteira-dos-eua\/\",\"url\":\"https:\/\/portaltela.pt\/noticias\/2026\/01\/27\/pessoa-baleada-no-arizona-em-tiroteio-envolvendo-a-patrulha-de-fronteira-dos-eua\/\",\"name\":\"Pessoa baleada no Arizona em tiroteio envolvendo a Patrulha de Fronteira dos EUA - Portal Tela Portugal\",\"isPartOf\":{\"@id\":\"https:\/\/portaltela.pt\/#website\"},\"primaryImageOfPage\":{\"@id\":\"https:\/\/portaltela.pt\/noticias\/2026\/01\/27\/pessoa-baleada-no-arizona-em-tiroteio-envolvendo-a-patrulha-de-fronteira-dos-eua\/#primaryimage\"},\"image\":{\"@id\":\"https:\/\/portaltela.pt\/noticias\/2026\/01\/27\/pessoa-baleada-no-arizona-em-tiroteio-envolvendo-a-patrulha-de-fronteira-dos-eua\/#primaryimage\"},\"thumbnailUrl\":\"https:\/\/portaltela.pt\/s.01k8rhncp4jt1\/2026\/01\/img_1500x1000uu2026-01-27-20-20-00-2262929.jpg\",\"datePublished\":\"2026-01-27T20:21:00+00:00\",\"author\":{\"@id\":\"https:\/\/portaltela.pt\/#\/schema\/person\/c4278d4a6028830caff9ee44b42d32ed\"},\"breadcrumb\":{\"@id\":\"https:\/\/portaltela.pt\/noticias\/2026\/01\/27\/pessoa-baleada-no-arizona-em-tiroteio-envolvendo-a-patrulha-de-fronteira-dos-eua\/#breadcrumb\"},\"inLanguage\":\"pt-PT\",\"potentialAction\":[{\"@type\":\"ReadAction\",\"target\":[\"https:\/\/portaltela.pt\/noticias\/2026\/01\/27\/pessoa-baleada-no-arizona-em-tiroteio-envolvendo-a-patrulha-de-fronteira-dos-eua\/\"]}]},{\"@type\":\"ImageObject\",\"inLanguage\":\"pt-PT\",\"@id\":\"https:\/\/portaltela.pt\/noticias\/2026\/01\/27\/pessoa-baleada-no-arizona-em-tiroteio-envolvendo-a-patrulha-de-fronteira-dos-eua\/#primaryimage\",\"url\":\"https:\/\/portaltela.pt\/s.01k8rhncp4jt1\/2026\/01\/img_1500x1000uu2026-01-27-20-20-00-2262929.jpg\",\"contentUrl\":\"https:\/\/portaltela.pt\/s.01k8rhncp4jt1\/2026\/01\/img_1500x1000uu2026-01-27-20-20-00-2262929.jpg\",\"width\":796,\"height\":448,\"caption\":\"Patrulha de Fronteiras dos EUA\"},{\"@type\":\"BreadcrumbList\",\"@id\":\"https:\/\/portaltela.pt\/noticias\/2026\/01\/27\/pessoa-baleada-no-arizona-em-tiroteio-envolvendo-a-patrulha-de-fronteira-dos-eua\/#breadcrumb\",\"itemListElement\":[{\"@type\":\"ListItem\",\"position\":1,\"name\":\"In\u00edcio\",\"item\":\"https:\/\/portaltela.pt\/\"},{\"@type\":\"ListItem\",\"position\":2,\"name\":\"Pessoa baleada no Arizona em tiroteio envolvendo a Patrulha de Fronteira dos EUA\"}]},{\"@type\":\"WebSite\",\"@id\":\"https:\/\/portaltela.pt\/#website\",\"url\":\"https:\/\/portaltela.pt\/\",\"name\":\"Portal Tela Portugal\",\"description\":\"\",\"potentialAction\":[{\"@type\":\"SearchAction\",\"target\":{\"@type\":\"EntryPoint\",\"urlTemplate\":\"https:\/\/portaltela.pt\/?s={search_term_string}\"},\"query-input\":{\"@type\":\"PropertyValueSpecification\",\"valueRequired\":true,\"valueName\":\"search_term_string\"}}],\"inLanguage\":\"pt-PT\"},{\"@type\":\"Person\",\"@id\":\"https:\/\/portaltela.pt\/#\/schema\/person\/c4278d4a6028830caff9ee44b42d32ed\",\"name\":\"Telinha\",\"image\":{\"@type\":\"ImageObject\",\"inLanguage\":\"pt-PT\",\"@id\":\"https:\/\/portaltela.pt\/s.01k8rhncp4jt1\/2025\/11\/talking-bot-125x125.png\",\"url\":\"https:\/\/portaltela.pt\/s.01k8rhncp4jt1\/2025\/11\/talking-bot-125x125.png\",\"contentUrl\":\"https:\/\/portaltela.pt\/s.01k8rhncp4jt1\/2025\/11\/talking-bot-125x125.png\",\"caption\":\"Telinha\"},\"sameAs\":[\"https:\/\/portaltela.pt\/\"],\"url\":\"https:\/\/portaltela.pt\/por\/367410592786\/\"}]}<\/script>\n<!-- \/ Yoast SEO plugin. -->","yoast_head_json":{"title":"Pessoa baleada no Arizona em tiroteio envolvendo a Patrulha de Fronteira dos EUA - Portal Tela Portugal","robots":{"index":"index","follow":"follow","max-snippet":"max-snippet:-1","max-image-preview":"max-image-preview:large","max-video-preview":"max-video-preview:-1"},"og_locale":"pt_PT","og_type":"article","og_title":"Pessoa baleada no Arizona em tiroteio envolvendo a Patrulha de Fronteira dos EUA - Portal Tela Portugal","og_description":"A Patrulha da Fronteira dos EUA esteve envolvida num tiroteio no Arizona, com o FBI e a Alf\u00e2ndega e Prote\u00e7\u00e3o de Fronteiras a investigarem o incidente. Uma pessoa ficou em estado cr\u00edtico ap\u00f3s ser baleada; n\u00e3o h\u00e1 informa\u00e7\u00f5es sobre ferimentos entre membros das for\u00e7as de seguran\u00e7a. O ferido foi atendido no local pelos bombeiros de Santa Rita e pela American Medical Response e transportado de helic\u00f3ptero para um hospital. O Departamento de Seguran\u00e7a Interna n\u00e3o comentou o caso at\u00e9 ao momento. O epis\u00f3dio ocorre num contexto de protestos contra viol\u00eancia de for\u00e7as de seguran\u00e7a, ap\u00f3s a morte de Alex Pretti, enfermeiro de 37 anos, no Minnesota.","og_url":"https:\/\/portaltela.pt\/noticias\/2026\/01\/27\/pessoa-baleada-no-arizona-em-tiroteio-envolvendo-a-patrulha-de-fronteira-dos-eua\/","og_site_name":"Portal Tela Portugal","article_published_time":"2026-01-27T20:21:00+00:00","author":"Telinha","twitter_card":"summary_large_image","twitter_misc":{"Escrito por":"Telinha","Tempo estimado de leitura":"1 minuto"},"schema":{"@context":"https:\/\/schema.org","@graph":[{"@type":"Article","@id":"https:\/\/portaltela.pt\/noticias\/2026\/01\/27\/pessoa-baleada-no-arizona-em-tiroteio-envolvendo-a-patrulha-de-fronteira-dos-eua\/#article","isPartOf":{"@id":"https:\/\/portaltela.pt\/noticias\/2026\/01\/27\/pessoa-baleada-no-arizona-em-tiroteio-envolvendo-a-patrulha-de-fronteira-dos-eua\/"},"author":{"name":"Telinha","@id":"https:\/\/portaltela.pt\/#\/schema\/person\/c4278d4a6028830caff9ee44b42d32ed"},"headline":"Pessoa baleada no Arizona em tiroteio envolvendo a Patrulha de Fronteira dos EUA","datePublished":"2026-01-27T20:21:00+00:00","mainEntityOfPage":{"@id":"https:\/\/portaltela.pt\/noticias\/2026\/01\/27\/pessoa-baleada-no-arizona-em-tiroteio-envolvendo-a-patrulha-de-fronteira-dos-eua\/"},"wordCount":204,"image":{"@id":"https:\/\/portaltela.pt\/noticias\/2026\/01\/27\/pessoa-baleada-no-arizona-em-tiroteio-envolvendo-a-patrulha-de-fronteira-dos-eua\/#primaryimage"},"thumbnailUrl":"https:\/\/portaltela.pt\/s.01k8rhncp4jt1\/2026\/01\/img_1500x1000uu2026-01-27-20-20-00-2262929.jpg","keywords":["Estados Unidos","Fronteira","incidentes internacionais","investiga\u00e7\u00e3o","seguran\u00e7a p\u00fablica","viol\u00eancia"],"articleSection":["Not\u00edcias"],"inLanguage":"pt-PT"},{"@type":"WebPage","@id":"https:\/\/portaltela.pt\/noticias\/2026\/01\/27\/pessoa-baleada-no-arizona-em-tiroteio-envolvendo-a-patrulha-de-fronteira-dos-eua\/","url":"https:\/\/portaltela.pt\/noticias\/2026\/01\/27\/pessoa-baleada-no-arizona-em-tiroteio-envolvendo-a-patrulha-de-fronteira-dos-eua\/","name":"Pessoa baleada no Arizona em tiroteio envolvendo a Patrulha de Fronteira dos EUA - Portal Tela Portugal","isPartOf":{"@id":"https:\/\/portaltela.pt\/#website"},"primaryImageOfPage":{"@id":"https:\/\/portaltela.pt\/noticias\/2026\/01\/27\/pessoa-baleada-no-arizona-em-tiroteio-envolvendo-a-patrulha-de-fronteira-dos-eua\/#primaryimage"},"image":{"@id":"https:\/\/portaltela.pt\/noticias\/2026\/01\/27\/pessoa-baleada-no-arizona-em-tiroteio-envolvendo-a-patrulha-de-fronteira-dos-eua\/#primaryimage"},"thumbnailUrl":"https:\/\/portaltela.pt\/s.01k8rhncp4jt1\/2026\/01\/img_1500x1000uu2026-01-27-20-20-00-2262929.jpg","datePublished":"2026-01-27T20:21:00+00:00","author":{"@id":"https:\/\/portaltela.pt\/#\/schema\/person\/c4278d4a6028830caff9ee44b42d32ed"},"breadcrumb":{"@id":"https:\/\/portaltela.pt\/noticias\/2026\/01\/27\/pessoa-baleada-no-arizona-em-tiroteio-envolvendo-a-patrulha-de-fronteira-dos-eua\/#breadcrumb"},"inLanguage":"pt-PT","potentialAction":[{"@type":"ReadAction","target":["https:\/\/portaltela.pt\/noticias\/2026\/01\/27\/pessoa-baleada-no-arizona-em-tiroteio-envolvendo-a-patrulha-de-fronteira-dos-eua\/"]}]},{"@type":"ImageObject","inLanguage":"pt-PT","@id":"https:\/\/portaltela.pt\/noticias\/2026\/01\/27\/pessoa-baleada-no-arizona-em-tiroteio-envolvendo-a-patrulha-de-fronteira-dos-eua\/#primaryimage","url":"https:\/\/portaltela.pt\/s.01k8rhncp4jt1\/2026\/01\/img_1500x1000uu2026-01-27-20-20-00-2262929.jpg","contentUrl":"https:\/\/portaltela.pt\/s.01k8rhncp4jt1\/2026\/01\/img_1500x1000uu2026-01-27-20-20-00-2262929.jpg","width":796,"height":448,"caption":"Patrulha de Fronteiras dos EUA"},{"@type":"BreadcrumbList","@id":"https:\/\/portaltela.pt\/noticias\/2026\/01\/27\/pessoa-baleada-no-arizona-em-tiroteio-envolvendo-a-patrulha-de-fronteira-dos-eua\/#breadcrumb","itemListElement":[{"@type":"ListItem","position":1,"name":"In\u00edcio","item":"https:\/\/portaltela.pt\/"},{"@type":"ListItem","position":2,"name":"Pessoa baleada no Arizona em tiroteio envolvendo a Patrulha de Fronteira dos EUA"}]},{"@type":"WebSite","@id":"https:\/\/portaltela.pt\/#website","url":"https:\/\/portaltela.pt\/","name":"Portal Tela Portugal","description":"","potentialAction":[{"@type":"SearchAction","target":{"@type":"EntryPoint","urlTemplate":"https:\/\/portaltela.pt\/?s={search_term_string}"},"query-input":{"@type":"PropertyValueSpecification","valueRequired":true,"valueName":"search_term_string"}}],"inLanguage":"pt-PT"},{"@type":"Person","@id":"https:\/\/portaltela.pt\/#\/schema\/person\/c4278d4a6028830caff9ee44b42d32ed","name":"Telinha","image":{"@type":"ImageObject","inLanguage":"pt-PT","@id":"https:\/\/portaltela.pt\/s.01k8rhncp4jt1\/2025\/11\/talking-bot-125x125.png","url":"https:\/\/portaltela.pt\/s.01k8rhncp4jt1\/2025\/11\/talking-bot-125x125.png","contentUrl":"https:\/\/portaltela.pt\/s.01k8rhncp4jt1\/2025\/11\/talking-bot-125x125.png","caption":"Telinha"},"sameAs":["https:\/\/portaltela.pt\/"],"url":"https:\/\/portaltela.pt\/por\/367410592786\/"}]}},"_links":{"self":[{"href":"https:\/\/portaltela.pt\/api\/wp\/v2\/posts\/177572","targetHints":{"allow":["GET"]}}],"collection":[{"href":"https:\/\/portaltela.pt\/api\/wp\/v2\/posts"}],"about":[{"href":"https:\/\/portaltela.pt\/api\/wp\/v2\/types\/post"}],"author":[{"embeddable":true,"href":"https:\/\/portaltela.pt\/api\/wp\/v2\/users\/2"}],"replies":[{"embeddable":true,"href":"https:\/\/portaltela.pt\/api\/wp\/v2\/comments?post=177572"}],"version-history":[{"count":0,"href":"https:\/\/portaltela.pt\/api\/wp\/v2\/posts\/177572\/revisions"}],"wp:featuredmedia":[{"embeddable":true,"href":"https:\/\/portaltela.pt\/api\/wp\/v2\/media\/177583"}],"wp:attachment":[{"href":"https:\/\/portaltela.pt\/api\/wp\/v2\/media?parent=177572"}],"wp:term":[{"taxonomy":"category","embeddable":true,"href":"https:\/\/portaltela.pt\/api\/wp\/v2\/categories?post=177572"},{"taxonomy":"post_tag","embeddable":true,"href":"https:\/\/portaltela.pt\/api\/wp\/v2\/tags?post=177572"}],"curies":[{"name":"wp","href":"https:\/\/api.w.org\/{rel}","templated":true}]}}