{"id":177550,"date":"2026-01-27T16:35:00","date_gmt":"2026-01-27T19:35:00","guid":{"rendered":"https:\/\/portaltela.pt\/noticias\/2026\/01\/27\/mau-tempo-corta-duas-estradas-nacionais-no-distrito-de-portalegre\/"},"modified":"2026-01-27T16:35:00","modified_gmt":"2026-01-27T19:35:00","slug":"mau-tempo-corta-duas-estradas-nacionais-no-distrito-de-portalegre","status":"publish","type":"post","link":"https:\/\/portaltela.pt\/noticias\/2026\/01\/27\/mau-tempo-corta-duas-estradas-nacionais-no-distrito-de-portalegre\/","title":{"rendered":"Mau tempo corta duas estradas nacionais no distrito de Portalegre"},"content":{"rendered":"<p>Duas estradas nacionais no distrito de Portalegre est\u00e3o encerradas ao tr\u00e2nsito devido ao mau tempo, segundo a GNR. A EN245, entre Fronteira e Alter do Ch\u00e3o, est\u00e1 cortada desde segunda-feira por inunda\u00e7\u00e3o perto do pont\u00e3o da Ribeira Grande. A EN246-1, na zona de Marv\u00e3o, est\u00e1 bloqueada preventivamente por risco de queda de \u00e1rvores.<\/p>\n<p>A C\u00e2mara de Marv\u00e3o confirmou o encerramento da EN246-1 na zona tur\u00edstica do t\u00fanel das \u00e1rvores, com previs\u00e3o de manter o corte at\u00e9, pelo menos, \u00e0s 12:00 de quarta-feira. O desvio norte\/sul passa pela Portagem, com liga\u00e7\u00f5es pela EN359, at\u00e9 Espanha ou Portalegre.<\/p>\n<p>No sentido sul\/norte, o desvio utiliza o Bairro Novo e a Rua das Escolas, retomando a EN246-1 no cruzamento do Prado, em dire\u00e7\u00e3o a Castelo de Vide. O munic\u00edpio sublinha que as condi\u00e7\u00f5es meteorol\u00f3gicas ditam o atraso no regresso \u00e0 normalidade.<\/p>\n<p>Desvios e cortes estendem-se a outras zonas do Alentejo, onde v\u00e1rias vias municipais e nacionais foram encerradas temporariamente. Em Alc\u00e1cer do Sal, a liga\u00e7\u00e3o Ar\u00eaz\u2013Vale de Guizo (EN382) j\u00e1 foi reaberta.<\/p>\n<p>Entretanto, o jardim municipal e o parque ambiental de Redondo est\u00e3o encerrados devido ao vento forte e \u00e0s condi\u00e7\u00f5es atmosf\u00e9ricas adversas. A suspens\u00e3o mant\u00e9m-se at\u00e9 segunda ordem, para salvaguardar a seguran\u00e7a de utilizadores.<\/p>\n<p>O IPMA aponta que a regi\u00e3o \u00e9 marcada pela depress\u00e3o Kristin, j\u00e1 a seguir \u00e0s tempestades Ingrid e Joseph. A chuva, o vento, a neve e a agita\u00e7\u00e3o mar\u00edtima induzem avisos oficiais, com acalmia prevista para hoje e agravamento a partir de meia-noite de quarta-feira.<\/p>\n","protected":false},"excerpt":{"rendered":"<ul>\n<li>A Estrada Nacional 245 est\u00e1 cortada entre Fronteira e Alter do Ch\u00e3o, no distrito de Portalegre, desde segunda-feira devido a inunda\u00e7\u00f5es junto ao pont\u00e3o da Ribeira Grande.<\/li>\n<li>A Estrada Nacional 246-1, na zona de Marv\u00e3o, est\u00e1 cortada preventivamente para evitar o risco de queda de \u00e1rvores.<\/li>\n<li>A C\u00e2mara de Marv\u00e3o indicou o corte da EN246-1 na zona tur\u00edstica do t\u00fanel das \u00e1rvores, at\u00e9, pelo menos, \u00e0s 12:00 de quarta-feira, entre os quil\u00f3metros 9,3 e 10,5, em S\u00e3o Salvador da Aramenha.<\/li>\n<li>Os desvios para a EN246-1 ficam no sentido norte\/sul pelo cruzamento do Prado, rua das Escolas e Bairro Novo, na Portagem, retomando pela EN359; no sentido sul\/norte, via Bairro Novo e Rua das Escolas, na Portagem, at\u00e9 ao Prado.<\/li>\n<li>O IPMA afirma que hoje haver\u00e1 acalmia, mas o tempo dever\u00e1 agravar-se a partir da meia-noite de quarta-feira, com chuva, vento, neve e agita\u00e7\u00e3o mar\u00edtima, mantendo avisos ativos.<\/li>\n<\/ul>\n","protected":false},"author":2,"featured_media":177551,"comment_status":"closed","ping_status":"closed","sticky":false,"template":"","format":"standard","meta":{"footnotes":""},"categories":[1],"tags":[883,4216,1083,2051,3377,1075],"class_list":["post-177550","post","type-post","status-publish","format-standard","has-post-thumbnail","hentry","category-noticias","tag-alentejo","tag-condicoes-de-transito","tag-estradas","tag-inundacao","tag-marvao","tag-portalegre"],"yoast_head":"<!-- This site is optimized with the Yoast SEO plugin v27.2 - https:\/\/yoast.com\/product\/yoast-seo-wordpress\/ -->\n<title>Mau tempo corta duas estradas nacionais no distrito de Portalegre - Portal Tela Portugal<\/title>\n<meta name=\"robots\" content=\"index, follow, max-snippet:-1, max-image-preview:large, max-video-preview:-1\" \/>\n<meta property=\"og:locale\" content=\"pt_PT\" \/>\n<meta property=\"og:type\" content=\"article\" \/>\n<meta property=\"og:title\" content=\"Mau tempo corta duas estradas nacionais no distrito de Portalegre - Portal Tela Portugal\" \/>\n<meta property=\"og:description\" content=\"A Estrada Nacional 245 est\u00e1 cortada entre Fronteira e Alter do Ch\u00e3o, no distrito de Portalegre, desde segunda-feira devido a inunda\u00e7\u00f5es junto ao pont\u00e3o da Ribeira Grande. A Estrada Nacional 246-1, na zona de Marv\u00e3o, est\u00e1 cortada preventivamente para evitar o risco de queda de \u00e1rvores. A C\u00e2mara de Marv\u00e3o indicou o corte da EN246-1 na zona tur\u00edstica do t\u00fanel das \u00e1rvores, at\u00e9, pelo menos, \u00e0s 12:00 de quarta-feira, entre os quil\u00f3metros 9,3 e 10,5, em S\u00e3o Salvador da Aramenha. Os desvios para a EN246-1 ficam no sentido norte\/sul pelo cruzamento do Prado, rua das Escolas e Bairro Novo, na Portagem, retomando pela EN359; no sentido sul\/norte, via Bairro Novo e Rua das Escolas, na Portagem, at\u00e9 ao Prado. O IPMA afirma que hoje haver\u00e1 acalmia, mas o tempo dever\u00e1 agravar-se a partir da meia-noite de quarta-feira, com chuva, vento, neve e agita\u00e7\u00e3o mar\u00edtima, mantendo avisos ativos.\" \/>\n<meta property=\"og:url\" content=\"https:\/\/portaltela.pt\/noticias\/2026\/01\/27\/mau-tempo-corta-duas-estradas-nacionais-no-distrito-de-portalegre\/\" \/>\n<meta property=\"og:site_name\" content=\"Portal Tela Portugal\" \/>\n<meta property=\"article:published_time\" content=\"2026-01-27T19:35:00+00:00\" \/>\n<meta name=\"author\" content=\"Telinha\" \/>\n<meta name=\"twitter:card\" content=\"summary_large_image\" \/>\n<meta name=\"twitter:label1\" content=\"Escrito por\" \/>\n\t<meta name=\"twitter:data1\" content=\"Telinha\" \/>\n\t<meta name=\"twitter:label2\" content=\"Tempo estimado de leitura\" \/>\n\t<meta name=\"twitter:data2\" content=\"1 minuto\" \/>\n<script type=\"application\/ld+json\" class=\"yoast-schema-graph\">{\"@context\":\"https:\/\/schema.org\",\"@graph\":[{\"@type\":\"Article\",\"@id\":\"https:\/\/portaltela.pt\/noticias\/2026\/01\/27\/mau-tempo-corta-duas-estradas-nacionais-no-distrito-de-portalegre\/#article\",\"isPartOf\":{\"@id\":\"https:\/\/portaltela.pt\/noticias\/2026\/01\/27\/mau-tempo-corta-duas-estradas-nacionais-no-distrito-de-portalegre\/\"},\"author\":{\"name\":\"Telinha\",\"@id\":\"https:\/\/portaltela.pt\/#\/schema\/person\/c4278d4a6028830caff9ee44b42d32ed\"},\"headline\":\"Mau tempo corta duas estradas nacionais no distrito de Portalegre\",\"datePublished\":\"2026-01-27T19:35:00+00:00\",\"mainEntityOfPage\":{\"@id\":\"https:\/\/portaltela.pt\/noticias\/2026\/01\/27\/mau-tempo-corta-duas-estradas-nacionais-no-distrito-de-portalegre\/\"},\"wordCount\":289,\"image\":{\"@id\":\"https:\/\/portaltela.pt\/noticias\/2026\/01\/27\/mau-tempo-corta-duas-estradas-nacionais-no-distrito-de-portalegre\/#primaryimage\"},\"thumbnailUrl\":\"https:\/\/portaltela.pt\/s.01k8rhncp4jt1\/2026\/01\/imagem_odigital-1200-x-675-px-10-4.jpg\",\"keywords\":[\"Alentejo\",\"condi\u00e7\u00f5es de tr\u00e2nsito\",\"estradas\",\"inunda\u00e7\u00e3o\",\"Marv\u00e3o\",\"Portalegre\"],\"articleSection\":[\"Not\u00edcias\"],\"inLanguage\":\"pt-PT\"},{\"@type\":\"WebPage\",\"@id\":\"https:\/\/portaltela.pt\/noticias\/2026\/01\/27\/mau-tempo-corta-duas-estradas-nacionais-no-distrito-de-portalegre\/\",\"url\":\"https:\/\/portaltela.pt\/noticias\/2026\/01\/27\/mau-tempo-corta-duas-estradas-nacionais-no-distrito-de-portalegre\/\",\"name\":\"Mau tempo corta duas estradas nacionais no distrito de Portalegre - Portal Tela Portugal\",\"isPartOf\":{\"@id\":\"https:\/\/portaltela.pt\/#website\"},\"primaryImageOfPage\":{\"@id\":\"https:\/\/portaltela.pt\/noticias\/2026\/01\/27\/mau-tempo-corta-duas-estradas-nacionais-no-distrito-de-portalegre\/#primaryimage\"},\"image\":{\"@id\":\"https:\/\/portaltela.pt\/noticias\/2026\/01\/27\/mau-tempo-corta-duas-estradas-nacionais-no-distrito-de-portalegre\/#primaryimage\"},\"thumbnailUrl\":\"https:\/\/portaltela.pt\/s.01k8rhncp4jt1\/2026\/01\/imagem_odigital-1200-x-675-px-10-4.jpg\",\"datePublished\":\"2026-01-27T19:35:00+00:00\",\"author\":{\"@id\":\"https:\/\/portaltela.pt\/#\/schema\/person\/c4278d4a6028830caff9ee44b42d32ed\"},\"breadcrumb\":{\"@id\":\"https:\/\/portaltela.pt\/noticias\/2026\/01\/27\/mau-tempo-corta-duas-estradas-nacionais-no-distrito-de-portalegre\/#breadcrumb\"},\"inLanguage\":\"pt-PT\",\"potentialAction\":[{\"@type\":\"ReadAction\",\"target\":[\"https:\/\/portaltela.pt\/noticias\/2026\/01\/27\/mau-tempo-corta-duas-estradas-nacionais-no-distrito-de-portalegre\/\"]}]},{\"@type\":\"ImageObject\",\"inLanguage\":\"pt-PT\",\"@id\":\"https:\/\/portaltela.pt\/noticias\/2026\/01\/27\/mau-tempo-corta-duas-estradas-nacionais-no-distrito-de-portalegre\/#primaryimage\",\"url\":\"https:\/\/portaltela.pt\/s.01k8rhncp4jt1\/2026\/01\/imagem_odigital-1200-x-675-px-10-4.jpg\",\"contentUrl\":\"https:\/\/portaltela.pt\/s.01k8rhncp4jt1\/2026\/01\/imagem_odigital-1200-x-675-px-10-4.jpg\",\"width\":796,\"height\":448,\"caption\":\"Chuva provoca corte da EM538 entre Figueira e Barros e Sousel\"},{\"@type\":\"BreadcrumbList\",\"@id\":\"https:\/\/portaltela.pt\/noticias\/2026\/01\/27\/mau-tempo-corta-duas-estradas-nacionais-no-distrito-de-portalegre\/#breadcrumb\",\"itemListElement\":[{\"@type\":\"ListItem\",\"position\":1,\"name\":\"In\u00edcio\",\"item\":\"https:\/\/portaltela.pt\/\"},{\"@type\":\"ListItem\",\"position\":2,\"name\":\"Mau tempo corta duas estradas nacionais no distrito de Portalegre\"}]},{\"@type\":\"WebSite\",\"@id\":\"https:\/\/portaltela.pt\/#website\",\"url\":\"https:\/\/portaltela.pt\/\",\"name\":\"Portal Tela Portugal\",\"description\":\"\",\"potentialAction\":[{\"@type\":\"SearchAction\",\"target\":{\"@type\":\"EntryPoint\",\"urlTemplate\":\"https:\/\/portaltela.pt\/?s={search_term_string}\"},\"query-input\":{\"@type\":\"PropertyValueSpecification\",\"valueRequired\":true,\"valueName\":\"search_term_string\"}}],\"inLanguage\":\"pt-PT\"},{\"@type\":\"Person\",\"@id\":\"https:\/\/portaltela.pt\/#\/schema\/person\/c4278d4a6028830caff9ee44b42d32ed\",\"name\":\"Telinha\",\"image\":{\"@type\":\"ImageObject\",\"inLanguage\":\"pt-PT\",\"@id\":\"https:\/\/portaltela.pt\/s.01k8rhncp4jt1\/2025\/11\/talking-bot-125x125.png\",\"url\":\"https:\/\/portaltela.pt\/s.01k8rhncp4jt1\/2025\/11\/talking-bot-125x125.png\",\"contentUrl\":\"https:\/\/portaltela.pt\/s.01k8rhncp4jt1\/2025\/11\/talking-bot-125x125.png\",\"caption\":\"Telinha\"},\"sameAs\":[\"https:\/\/portaltela.pt\/\"],\"url\":\"https:\/\/portaltela.pt\/por\/367410592786\/\"}]}<\/script>\n<!-- \/ Yoast SEO plugin. -->","yoast_head_json":{"title":"Mau tempo corta duas estradas nacionais no distrito de Portalegre - Portal Tela Portugal","robots":{"index":"index","follow":"follow","max-snippet":"max-snippet:-1","max-image-preview":"max-image-preview:large","max-video-preview":"max-video-preview:-1"},"og_locale":"pt_PT","og_type":"article","og_title":"Mau tempo corta duas estradas nacionais no distrito de Portalegre - Portal Tela Portugal","og_description":"A Estrada Nacional 245 est\u00e1 cortada entre Fronteira e Alter do Ch\u00e3o, no distrito de Portalegre, desde segunda-feira devido a inunda\u00e7\u00f5es junto ao pont\u00e3o da Ribeira Grande. A Estrada Nacional 246-1, na zona de Marv\u00e3o, est\u00e1 cortada preventivamente para evitar o risco de queda de \u00e1rvores. A C\u00e2mara de Marv\u00e3o indicou o corte da EN246-1 na zona tur\u00edstica do t\u00fanel das \u00e1rvores, at\u00e9, pelo menos, \u00e0s 12:00 de quarta-feira, entre os quil\u00f3metros 9,3 e 10,5, em S\u00e3o Salvador da Aramenha. Os desvios para a EN246-1 ficam no sentido norte\/sul pelo cruzamento do Prado, rua das Escolas e Bairro Novo, na Portagem, retomando pela EN359; no sentido sul\/norte, via Bairro Novo e Rua das Escolas, na Portagem, at\u00e9 ao Prado. O IPMA afirma que hoje haver\u00e1 acalmia, mas o tempo dever\u00e1 agravar-se a partir da meia-noite de quarta-feira, com chuva, vento, neve e agita\u00e7\u00e3o mar\u00edtima, mantendo avisos ativos.","og_url":"https:\/\/portaltela.pt\/noticias\/2026\/01\/27\/mau-tempo-corta-duas-estradas-nacionais-no-distrito-de-portalegre\/","og_site_name":"Portal Tela Portugal","article_published_time":"2026-01-27T19:35:00+00:00","author":"Telinha","twitter_card":"summary_large_image","twitter_misc":{"Escrito por":"Telinha","Tempo estimado de leitura":"1 minuto"},"schema":{"@context":"https:\/\/schema.org","@graph":[{"@type":"Article","@id":"https:\/\/portaltela.pt\/noticias\/2026\/01\/27\/mau-tempo-corta-duas-estradas-nacionais-no-distrito-de-portalegre\/#article","isPartOf":{"@id":"https:\/\/portaltela.pt\/noticias\/2026\/01\/27\/mau-tempo-corta-duas-estradas-nacionais-no-distrito-de-portalegre\/"},"author":{"name":"Telinha","@id":"https:\/\/portaltela.pt\/#\/schema\/person\/c4278d4a6028830caff9ee44b42d32ed"},"headline":"Mau tempo corta duas estradas nacionais no distrito de Portalegre","datePublished":"2026-01-27T19:35:00+00:00","mainEntityOfPage":{"@id":"https:\/\/portaltela.pt\/noticias\/2026\/01\/27\/mau-tempo-corta-duas-estradas-nacionais-no-distrito-de-portalegre\/"},"wordCount":289,"image":{"@id":"https:\/\/portaltela.pt\/noticias\/2026\/01\/27\/mau-tempo-corta-duas-estradas-nacionais-no-distrito-de-portalegre\/#primaryimage"},"thumbnailUrl":"https:\/\/portaltela.pt\/s.01k8rhncp4jt1\/2026\/01\/imagem_odigital-1200-x-675-px-10-4.jpg","keywords":["Alentejo","condi\u00e7\u00f5es de tr\u00e2nsito","estradas","inunda\u00e7\u00e3o","Marv\u00e3o","Portalegre"],"articleSection":["Not\u00edcias"],"inLanguage":"pt-PT"},{"@type":"WebPage","@id":"https:\/\/portaltela.pt\/noticias\/2026\/01\/27\/mau-tempo-corta-duas-estradas-nacionais-no-distrito-de-portalegre\/","url":"https:\/\/portaltela.pt\/noticias\/2026\/01\/27\/mau-tempo-corta-duas-estradas-nacionais-no-distrito-de-portalegre\/","name":"Mau tempo corta duas estradas nacionais no distrito de Portalegre - Portal Tela Portugal","isPartOf":{"@id":"https:\/\/portaltela.pt\/#website"},"primaryImageOfPage":{"@id":"https:\/\/portaltela.pt\/noticias\/2026\/01\/27\/mau-tempo-corta-duas-estradas-nacionais-no-distrito-de-portalegre\/#primaryimage"},"image":{"@id":"https:\/\/portaltela.pt\/noticias\/2026\/01\/27\/mau-tempo-corta-duas-estradas-nacionais-no-distrito-de-portalegre\/#primaryimage"},"thumbnailUrl":"https:\/\/portaltela.pt\/s.01k8rhncp4jt1\/2026\/01\/imagem_odigital-1200-x-675-px-10-4.jpg","datePublished":"2026-01-27T19:35:00+00:00","author":{"@id":"https:\/\/portaltela.pt\/#\/schema\/person\/c4278d4a6028830caff9ee44b42d32ed"},"breadcrumb":{"@id":"https:\/\/portaltela.pt\/noticias\/2026\/01\/27\/mau-tempo-corta-duas-estradas-nacionais-no-distrito-de-portalegre\/#breadcrumb"},"inLanguage":"pt-PT","potentialAction":[{"@type":"ReadAction","target":["https:\/\/portaltela.pt\/noticias\/2026\/01\/27\/mau-tempo-corta-duas-estradas-nacionais-no-distrito-de-portalegre\/"]}]},{"@type":"ImageObject","inLanguage":"pt-PT","@id":"https:\/\/portaltela.pt\/noticias\/2026\/01\/27\/mau-tempo-corta-duas-estradas-nacionais-no-distrito-de-portalegre\/#primaryimage","url":"https:\/\/portaltela.pt\/s.01k8rhncp4jt1\/2026\/01\/imagem_odigital-1200-x-675-px-10-4.jpg","contentUrl":"https:\/\/portaltela.pt\/s.01k8rhncp4jt1\/2026\/01\/imagem_odigital-1200-x-675-px-10-4.jpg","width":796,"height":448,"caption":"Chuva provoca corte da EM538 entre Figueira e Barros e Sousel"},{"@type":"BreadcrumbList","@id":"https:\/\/portaltela.pt\/noticias\/2026\/01\/27\/mau-tempo-corta-duas-estradas-nacionais-no-distrito-de-portalegre\/#breadcrumb","itemListElement":[{"@type":"ListItem","position":1,"name":"In\u00edcio","item":"https:\/\/portaltela.pt\/"},{"@type":"ListItem","position":2,"name":"Mau tempo corta duas estradas nacionais no distrito de Portalegre"}]},{"@type":"WebSite","@id":"https:\/\/portaltela.pt\/#website","url":"https:\/\/portaltela.pt\/","name":"Portal Tela Portugal","description":"","potentialAction":[{"@type":"SearchAction","target":{"@type":"EntryPoint","urlTemplate":"https:\/\/portaltela.pt\/?s={search_term_string}"},"query-input":{"@type":"PropertyValueSpecification","valueRequired":true,"valueName":"search_term_string"}}],"inLanguage":"pt-PT"},{"@type":"Person","@id":"https:\/\/portaltela.pt\/#\/schema\/person\/c4278d4a6028830caff9ee44b42d32ed","name":"Telinha","image":{"@type":"ImageObject","inLanguage":"pt-PT","@id":"https:\/\/portaltela.pt\/s.01k8rhncp4jt1\/2025\/11\/talking-bot-125x125.png","url":"https:\/\/portaltela.pt\/s.01k8rhncp4jt1\/2025\/11\/talking-bot-125x125.png","contentUrl":"https:\/\/portaltela.pt\/s.01k8rhncp4jt1\/2025\/11\/talking-bot-125x125.png","caption":"Telinha"},"sameAs":["https:\/\/portaltela.pt\/"],"url":"https:\/\/portaltela.pt\/por\/367410592786\/"}]}},"_links":{"self":[{"href":"https:\/\/portaltela.pt\/api\/wp\/v2\/posts\/177550","targetHints":{"allow":["GET"]}}],"collection":[{"href":"https:\/\/portaltela.pt\/api\/wp\/v2\/posts"}],"about":[{"href":"https:\/\/portaltela.pt\/api\/wp\/v2\/types\/post"}],"author":[{"embeddable":true,"href":"https:\/\/portaltela.pt\/api\/wp\/v2\/users\/2"}],"replies":[{"embeddable":true,"href":"https:\/\/portaltela.pt\/api\/wp\/v2\/comments?post=177550"}],"version-history":[{"count":0,"href":"https:\/\/portaltela.pt\/api\/wp\/v2\/posts\/177550\/revisions"}],"wp:featuredmedia":[{"embeddable":true,"href":"https:\/\/portaltela.pt\/api\/wp\/v2\/media\/177551"}],"wp:attachment":[{"href":"https:\/\/portaltela.pt\/api\/wp\/v2\/media?parent=177550"}],"wp:term":[{"taxonomy":"category","embeddable":true,"href":"https:\/\/portaltela.pt\/api\/wp\/v2\/categories?post=177550"},{"taxonomy":"post_tag","embeddable":true,"href":"https:\/\/portaltela.pt\/api\/wp\/v2\/tags?post=177550"}],"curies":[{"name":"wp","href":"https:\/\/api.w.org\/{rel}","templated":true}]}}