{"id":177535,"date":"2026-01-27T16:41:00","date_gmt":"2026-01-27T19:41:00","guid":{"rendered":"https:\/\/portaltela.pt\/noticias\/2026\/01\/27\/eua-e-aliados-alertam-para-vazio-de-seguranca-e-risco-do-ei\/"},"modified":"2026-01-27T16:41:00","modified_gmt":"2026-01-27T19:41:00","slug":"eua-e-aliados-alertam-para-vazio-de-seguranca-e-risco-do-ei","status":"publish","type":"post","link":"https:\/\/portaltela.pt\/noticias\/internacional\/2026\/01\/27\/eua-e-aliados-alertam-para-vazio-de-seguranca-e-risco-do-ei\/","title":{"rendered":"EUA e aliados alertam para vazio de seguran\u00e7a e risco do EI"},"content":{"rendered":"<p>Os Estados Unidos, Fran\u00e7a, Reino Unido e Alemanha emitiram hoje uma declara\u00e7\u00e3o conjunta dirigida ao Governo s\u00edrio e \u00e0s for\u00e7as curdas, alertando para um poss\u00edvel vazio de seguran\u00e7a que poderia favorecer o Estado Isl\u00e2mico. O objetivo \u00e9 manter e concentrar esfor\u00e7os na luta contra o Daesh e evitar lacunas em centros de deten\u00e7\u00e3o ligados ao grupo.<\/p>\n<p>Os ministros e representantes dos quatro pa\u00edses anunciaram que v\u00e3o convocar o mais rapidamente poss\u00edvel uma reuni\u00e3o da Coliga\u00e7\u00e3o Internacional contra o Estado Isl\u00e2mico. O encontro visa coordenar a\u00e7\u00f5es para evitar fugas e o ressurgimento do grupo na regi\u00e3o nordeste da S\u00edria.<\/p>\n<p>Na declara\u00e7\u00e3o, as delega\u00e7\u00f5es apelam a um cessar-fogo permanente e a negocia\u00e7\u00f5es urgentes para uma integra\u00e7\u00e3o pac\u00edfica do nordeste s\u00edrio num Estado s\u00edrio unificado, que respeite os direitos de todos os cidad\u00e3os. As partes devem, portanto, trabalhar para uma solu\u00e7\u00e3o duradoura.<\/p>\n<p>A ofensiva atual, conduzida pelo Governo de Damasco com seus aliados, tem posto em d\u00favida a seguran\u00e7a de campos e pris\u00f5es no nordeste, onde permanecem milhares de jihadistas do Daesh e fam\u00edlias desde 2019. Os Estados Unidos j\u00e1 est\u00e3o a transferir prisioneiros para o Iraque para minimizar riscos.<\/p>\n<p>O grupo extremista recuperou for\u00e7a desde a queda do regime de Bashar al-Assad, em dezembro de 2024, com o Governo de transi\u00e7\u00e3o em Damasco. A comunidade internacional apoia Ahmad al-Sharaa, antigo jihadista, que integra a coliga\u00e7\u00e3o contra o Daesh.<\/p>\n<p>Ataques a\u00e9reos conjuntos de EUA, Fran\u00e7a e Reino Unido foram realizados recentemente para impedir o ressurgimento do Daesh, que controlou partes de S\u00edria e Iraque na d\u00e9cada anterior. O objetivo \u00e9 impedir que o grupo se reorganize na regi\u00e3o.<\/p>\n<p>No fim de semana, Damasco e as FDS prolongaram por 15 dias um cessar-fogo, apesar de acusa\u00e7\u00f5es m\u00fatuas de viola\u00e7\u00f5es. A transfer\u00eancia de \u00e1reas sob controlo das FDS para autoridades de Damasco e a integra\u00e7\u00e3o de dirigentes foram temas centrais do debate.<\/p>\n","protected":false},"excerpt":{"rendered":"<ul>\n<li>EUA, Fran\u00e7a, Reino Unido e Alemanha alertaram para um \u201cvazio de seguran\u00e7a\u201d que possa beneficiar o Daesh, apelando ao Governo s\u00edrio e \u00e0s for\u00e7as curdas para evitarem esse cen\u00e1rio nos centros de deten\u00e7\u00e3o do grupo.<\/li>\n<li>O grupo disse que v\u00e3o convocar, o mais r\u00e1pido poss\u00edvel, uma reuni\u00e3o da Coliga\u00e7\u00e3o Internacional contra o Estado Isl\u00e2mico para discutir as medidas.<\/li>\n<li>Os quatro pa\u00edses exortaram as partes em conflito a chegarem a um cessar-fogo permanente e a negociarem a inclus\u00e3o pac\u00edfica do nordeste da S\u00edria num estado s\u00edrio unificado e soberano.<\/li>\n<li>O aumento de riscos nos campos e pris\u00f5es no nordeste, com milhares de jihadistas e familiares desde 2019, levou os EUA a transferirem prisioneiros para o Iraque, com planos de at\u00e9 sete mil suspeitos.<\/li>\n<li>A ofensiva recente permitiu retomar territ\u00f3rio anteriormente controlado pela coliga\u00e7\u00e3o das For\u00e7as Democr\u00e1ticas S\u00edrias, gerando incertezas sobre a seguran\u00e7a e a governan\u00e7a na regi\u00e3o.<\/li>\n<\/ul>\n","protected":false},"author":2,"featured_media":177559,"comment_status":"closed","ping_status":"closed","sticky":false,"template":"","format":"standard","meta":{"footnotes":""},"categories":[4,1],"tags":[1338,3395,3625,2036,4343,2066],"class_list":["post-177535","post","type-post","status-publish","format-standard","has-post-thumbnail","hentry","category-internacional","category-noticias","tag-coalizao-internacional","tag-daesh","tag-estado-islamico","tag-negociacoes-internacionais","tag-prisoes","tag-siria"],"yoast_head":"<!-- This site is optimized with the Yoast SEO plugin v27.2 - https:\/\/yoast.com\/product\/yoast-seo-wordpress\/ -->\n<title>EUA e aliados alertam para vazio de seguran\u00e7a e risco do EI - Portal Tela Portugal<\/title>\n<meta name=\"robots\" content=\"index, follow, max-snippet:-1, max-image-preview:large, max-video-preview:-1\" \/>\n<meta property=\"og:locale\" content=\"pt_PT\" \/>\n<meta property=\"og:type\" content=\"article\" \/>\n<meta property=\"og:title\" content=\"EUA e aliados alertam para vazio de seguran\u00e7a e risco do EI - Portal Tela Portugal\" \/>\n<meta property=\"og:description\" content=\"EUA, Fran\u00e7a, Reino Unido e Alemanha alertaram para um \u201cvazio de seguran\u00e7a\u201d que possa beneficiar o Daesh, apelando ao Governo s\u00edrio e \u00e0s for\u00e7as curdas para evitarem esse cen\u00e1rio nos centros de deten\u00e7\u00e3o do grupo. O grupo disse que v\u00e3o convocar, o mais r\u00e1pido poss\u00edvel, uma reuni\u00e3o da Coliga\u00e7\u00e3o Internacional contra o Estado Isl\u00e2mico para discutir as medidas. Os quatro pa\u00edses exortaram as partes em conflito a chegarem a um cessar-fogo permanente e a negociarem a inclus\u00e3o pac\u00edfica do nordeste da S\u00edria num estado s\u00edrio unificado e soberano. O aumento de riscos nos campos e pris\u00f5es no nordeste, com milhares de jihadistas e familiares desde 2019, levou os EUA a transferirem prisioneiros para o Iraque, com planos de at\u00e9 sete mil suspeitos. A ofensiva recente permitiu retomar territ\u00f3rio anteriormente controlado pela coliga\u00e7\u00e3o das For\u00e7as Democr\u00e1ticas S\u00edrias, gerando incertezas sobre a seguran\u00e7a e a governan\u00e7a na regi\u00e3o.\" \/>\n<meta property=\"og:url\" content=\"https:\/\/portaltela.pt\/noticias\/2026\/01\/27\/eua-e-aliados-alertam-para-vazio-de-seguranca-e-risco-do-ei\/\" \/>\n<meta property=\"og:site_name\" content=\"Portal Tela Portugal\" \/>\n<meta property=\"article:published_time\" content=\"2026-01-27T19:41:00+00:00\" \/>\n<meta name=\"author\" content=\"Telinha\" \/>\n<meta name=\"twitter:card\" content=\"summary_large_image\" \/>\n<meta name=\"twitter:label1\" content=\"Escrito por\" \/>\n\t<meta name=\"twitter:data1\" content=\"Telinha\" \/>\n\t<meta name=\"twitter:label2\" content=\"Tempo estimado de leitura\" \/>\n\t<meta name=\"twitter:data2\" content=\"2 minutos\" \/>\n<script type=\"application\/ld+json\" class=\"yoast-schema-graph\">{\"@context\":\"https:\/\/schema.org\",\"@graph\":[{\"@type\":\"Article\",\"@id\":\"https:\/\/portaltela.pt\/noticias\/2026\/01\/27\/eua-e-aliados-alertam-para-vazio-de-seguranca-e-risco-do-ei\/#article\",\"isPartOf\":{\"@id\":\"https:\/\/portaltela.pt\/noticias\/2026\/01\/27\/eua-e-aliados-alertam-para-vazio-de-seguranca-e-risco-do-ei\/\"},\"author\":{\"name\":\"Telinha\",\"@id\":\"https:\/\/portaltela.pt\/#\/schema\/person\/c4278d4a6028830caff9ee44b42d32ed\"},\"headline\":\"EUA e aliados alertam para vazio de seguran\u00e7a e risco do EI\",\"datePublished\":\"2026-01-27T19:41:00+00:00\",\"mainEntityOfPage\":{\"@id\":\"https:\/\/portaltela.pt\/noticias\/2026\/01\/27\/eua-e-aliados-alertam-para-vazio-de-seguranca-e-risco-do-ei\/\"},\"wordCount\":360,\"image\":{\"@id\":\"https:\/\/portaltela.pt\/noticias\/2026\/01\/27\/eua-e-aliados-alertam-para-vazio-de-seguranca-e-risco-do-ei\/#primaryimage\"},\"thumbnailUrl\":\"https:\/\/portaltela.pt\/s.01k8rhncp4jt1\/2026\/01\/naom_5840aa0aaa64e-3.jpg\",\"keywords\":[\"coaliz\u00e3o internacional\",\"Daesh\",\"Estado Isl\u00e2mico\",\"negocia\u00e7\u00f5es internacionais\",\"pris\u00f5es\",\"S\u00edria\"],\"articleSection\":[\"Internacional\",\"Not\u00edcias\"],\"inLanguage\":\"pt-PT\"},{\"@type\":\"WebPage\",\"@id\":\"https:\/\/portaltela.pt\/noticias\/2026\/01\/27\/eua-e-aliados-alertam-para-vazio-de-seguranca-e-risco-do-ei\/\",\"url\":\"https:\/\/portaltela.pt\/noticias\/2026\/01\/27\/eua-e-aliados-alertam-para-vazio-de-seguranca-e-risco-do-ei\/\",\"name\":\"EUA e aliados alertam para vazio de seguran\u00e7a e risco do EI - Portal Tela Portugal\",\"isPartOf\":{\"@id\":\"https:\/\/portaltela.pt\/#website\"},\"primaryImageOfPage\":{\"@id\":\"https:\/\/portaltela.pt\/noticias\/2026\/01\/27\/eua-e-aliados-alertam-para-vazio-de-seguranca-e-risco-do-ei\/#primaryimage\"},\"image\":{\"@id\":\"https:\/\/portaltela.pt\/noticias\/2026\/01\/27\/eua-e-aliados-alertam-para-vazio-de-seguranca-e-risco-do-ei\/#primaryimage\"},\"thumbnailUrl\":\"https:\/\/portaltela.pt\/s.01k8rhncp4jt1\/2026\/01\/naom_5840aa0aaa64e-3.jpg\",\"datePublished\":\"2026-01-27T19:41:00+00:00\",\"author\":{\"@id\":\"https:\/\/portaltela.pt\/#\/schema\/person\/c4278d4a6028830caff9ee44b42d32ed\"},\"breadcrumb\":{\"@id\":\"https:\/\/portaltela.pt\/noticias\/2026\/01\/27\/eua-e-aliados-alertam-para-vazio-de-seguranca-e-risco-do-ei\/#breadcrumb\"},\"inLanguage\":\"pt-PT\",\"potentialAction\":[{\"@type\":\"ReadAction\",\"target\":[\"https:\/\/portaltela.pt\/noticias\/2026\/01\/27\/eua-e-aliados-alertam-para-vazio-de-seguranca-e-risco-do-ei\/\"]}]},{\"@type\":\"ImageObject\",\"inLanguage\":\"pt-PT\",\"@id\":\"https:\/\/portaltela.pt\/noticias\/2026\/01\/27\/eua-e-aliados-alertam-para-vazio-de-seguranca-e-risco-do-ei\/#primaryimage\",\"url\":\"https:\/\/portaltela.pt\/s.01k8rhncp4jt1\/2026\/01\/naom_5840aa0aaa64e-3.jpg\",\"contentUrl\":\"https:\/\/portaltela.pt\/s.01k8rhncp4jt1\/2026\/01\/naom_5840aa0aaa64e-3.jpg\",\"width\":796,\"height\":448,\"caption\":\"S\u00edria anuncia cessar-fogo global com os curdos\"},{\"@type\":\"BreadcrumbList\",\"@id\":\"https:\/\/portaltela.pt\/noticias\/2026\/01\/27\/eua-e-aliados-alertam-para-vazio-de-seguranca-e-risco-do-ei\/#breadcrumb\",\"itemListElement\":[{\"@type\":\"ListItem\",\"position\":1,\"name\":\"In\u00edcio\",\"item\":\"https:\/\/portaltela.pt\/\"},{\"@type\":\"ListItem\",\"position\":2,\"name\":\"EUA e aliados alertam para vazio de seguran\u00e7a e risco do EI\"}]},{\"@type\":\"WebSite\",\"@id\":\"https:\/\/portaltela.pt\/#website\",\"url\":\"https:\/\/portaltela.pt\/\",\"name\":\"Portal Tela Portugal\",\"description\":\"\",\"potentialAction\":[{\"@type\":\"SearchAction\",\"target\":{\"@type\":\"EntryPoint\",\"urlTemplate\":\"https:\/\/portaltela.pt\/?s={search_term_string}\"},\"query-input\":{\"@type\":\"PropertyValueSpecification\",\"valueRequired\":true,\"valueName\":\"search_term_string\"}}],\"inLanguage\":\"pt-PT\"},{\"@type\":\"Person\",\"@id\":\"https:\/\/portaltela.pt\/#\/schema\/person\/c4278d4a6028830caff9ee44b42d32ed\",\"name\":\"Telinha\",\"image\":{\"@type\":\"ImageObject\",\"inLanguage\":\"pt-PT\",\"@id\":\"https:\/\/portaltela.pt\/s.01k8rhncp4jt1\/2025\/11\/talking-bot-125x125.png\",\"url\":\"https:\/\/portaltela.pt\/s.01k8rhncp4jt1\/2025\/11\/talking-bot-125x125.png\",\"contentUrl\":\"https:\/\/portaltela.pt\/s.01k8rhncp4jt1\/2025\/11\/talking-bot-125x125.png\",\"caption\":\"Telinha\"},\"sameAs\":[\"https:\/\/portaltela.pt\/\"],\"url\":\"https:\/\/portaltela.pt\/por\/367410592786\/\"}]}<\/script>\n<!-- \/ Yoast SEO plugin. -->","yoast_head_json":{"title":"EUA e aliados alertam para vazio de seguran\u00e7a e risco do EI - Portal Tela Portugal","robots":{"index":"index","follow":"follow","max-snippet":"max-snippet:-1","max-image-preview":"max-image-preview:large","max-video-preview":"max-video-preview:-1"},"og_locale":"pt_PT","og_type":"article","og_title":"EUA e aliados alertam para vazio de seguran\u00e7a e risco do EI - Portal Tela Portugal","og_description":"EUA, Fran\u00e7a, Reino Unido e Alemanha alertaram para um \u201cvazio de seguran\u00e7a\u201d que possa beneficiar o Daesh, apelando ao Governo s\u00edrio e \u00e0s for\u00e7as curdas para evitarem esse cen\u00e1rio nos centros de deten\u00e7\u00e3o do grupo. O grupo disse que v\u00e3o convocar, o mais r\u00e1pido poss\u00edvel, uma reuni\u00e3o da Coliga\u00e7\u00e3o Internacional contra o Estado Isl\u00e2mico para discutir as medidas. Os quatro pa\u00edses exortaram as partes em conflito a chegarem a um cessar-fogo permanente e a negociarem a inclus\u00e3o pac\u00edfica do nordeste da S\u00edria num estado s\u00edrio unificado e soberano. O aumento de riscos nos campos e pris\u00f5es no nordeste, com milhares de jihadistas e familiares desde 2019, levou os EUA a transferirem prisioneiros para o Iraque, com planos de at\u00e9 sete mil suspeitos. A ofensiva recente permitiu retomar territ\u00f3rio anteriormente controlado pela coliga\u00e7\u00e3o das For\u00e7as Democr\u00e1ticas S\u00edrias, gerando incertezas sobre a seguran\u00e7a e a governan\u00e7a na regi\u00e3o.","og_url":"https:\/\/portaltela.pt\/noticias\/2026\/01\/27\/eua-e-aliados-alertam-para-vazio-de-seguranca-e-risco-do-ei\/","og_site_name":"Portal Tela Portugal","article_published_time":"2026-01-27T19:41:00+00:00","author":"Telinha","twitter_card":"summary_large_image","twitter_misc":{"Escrito por":"Telinha","Tempo estimado de leitura":"2 minutos"},"schema":{"@context":"https:\/\/schema.org","@graph":[{"@type":"Article","@id":"https:\/\/portaltela.pt\/noticias\/2026\/01\/27\/eua-e-aliados-alertam-para-vazio-de-seguranca-e-risco-do-ei\/#article","isPartOf":{"@id":"https:\/\/portaltela.pt\/noticias\/2026\/01\/27\/eua-e-aliados-alertam-para-vazio-de-seguranca-e-risco-do-ei\/"},"author":{"name":"Telinha","@id":"https:\/\/portaltela.pt\/#\/schema\/person\/c4278d4a6028830caff9ee44b42d32ed"},"headline":"EUA e aliados alertam para vazio de seguran\u00e7a e risco do EI","datePublished":"2026-01-27T19:41:00+00:00","mainEntityOfPage":{"@id":"https:\/\/portaltela.pt\/noticias\/2026\/01\/27\/eua-e-aliados-alertam-para-vazio-de-seguranca-e-risco-do-ei\/"},"wordCount":360,"image":{"@id":"https:\/\/portaltela.pt\/noticias\/2026\/01\/27\/eua-e-aliados-alertam-para-vazio-de-seguranca-e-risco-do-ei\/#primaryimage"},"thumbnailUrl":"https:\/\/portaltela.pt\/s.01k8rhncp4jt1\/2026\/01\/naom_5840aa0aaa64e-3.jpg","keywords":["coaliz\u00e3o internacional","Daesh","Estado Isl\u00e2mico","negocia\u00e7\u00f5es internacionais","pris\u00f5es","S\u00edria"],"articleSection":["Internacional","Not\u00edcias"],"inLanguage":"pt-PT"},{"@type":"WebPage","@id":"https:\/\/portaltela.pt\/noticias\/2026\/01\/27\/eua-e-aliados-alertam-para-vazio-de-seguranca-e-risco-do-ei\/","url":"https:\/\/portaltela.pt\/noticias\/2026\/01\/27\/eua-e-aliados-alertam-para-vazio-de-seguranca-e-risco-do-ei\/","name":"EUA e aliados alertam para vazio de seguran\u00e7a e risco do EI - Portal Tela Portugal","isPartOf":{"@id":"https:\/\/portaltela.pt\/#website"},"primaryImageOfPage":{"@id":"https:\/\/portaltela.pt\/noticias\/2026\/01\/27\/eua-e-aliados-alertam-para-vazio-de-seguranca-e-risco-do-ei\/#primaryimage"},"image":{"@id":"https:\/\/portaltela.pt\/noticias\/2026\/01\/27\/eua-e-aliados-alertam-para-vazio-de-seguranca-e-risco-do-ei\/#primaryimage"},"thumbnailUrl":"https:\/\/portaltela.pt\/s.01k8rhncp4jt1\/2026\/01\/naom_5840aa0aaa64e-3.jpg","datePublished":"2026-01-27T19:41:00+00:00","author":{"@id":"https:\/\/portaltela.pt\/#\/schema\/person\/c4278d4a6028830caff9ee44b42d32ed"},"breadcrumb":{"@id":"https:\/\/portaltela.pt\/noticias\/2026\/01\/27\/eua-e-aliados-alertam-para-vazio-de-seguranca-e-risco-do-ei\/#breadcrumb"},"inLanguage":"pt-PT","potentialAction":[{"@type":"ReadAction","target":["https:\/\/portaltela.pt\/noticias\/2026\/01\/27\/eua-e-aliados-alertam-para-vazio-de-seguranca-e-risco-do-ei\/"]}]},{"@type":"ImageObject","inLanguage":"pt-PT","@id":"https:\/\/portaltela.pt\/noticias\/2026\/01\/27\/eua-e-aliados-alertam-para-vazio-de-seguranca-e-risco-do-ei\/#primaryimage","url":"https:\/\/portaltela.pt\/s.01k8rhncp4jt1\/2026\/01\/naom_5840aa0aaa64e-3.jpg","contentUrl":"https:\/\/portaltela.pt\/s.01k8rhncp4jt1\/2026\/01\/naom_5840aa0aaa64e-3.jpg","width":796,"height":448,"caption":"S\u00edria anuncia cessar-fogo global com os curdos"},{"@type":"BreadcrumbList","@id":"https:\/\/portaltela.pt\/noticias\/2026\/01\/27\/eua-e-aliados-alertam-para-vazio-de-seguranca-e-risco-do-ei\/#breadcrumb","itemListElement":[{"@type":"ListItem","position":1,"name":"In\u00edcio","item":"https:\/\/portaltela.pt\/"},{"@type":"ListItem","position":2,"name":"EUA e aliados alertam para vazio de seguran\u00e7a e risco do EI"}]},{"@type":"WebSite","@id":"https:\/\/portaltela.pt\/#website","url":"https:\/\/portaltela.pt\/","name":"Portal Tela Portugal","description":"","potentialAction":[{"@type":"SearchAction","target":{"@type":"EntryPoint","urlTemplate":"https:\/\/portaltela.pt\/?s={search_term_string}"},"query-input":{"@type":"PropertyValueSpecification","valueRequired":true,"valueName":"search_term_string"}}],"inLanguage":"pt-PT"},{"@type":"Person","@id":"https:\/\/portaltela.pt\/#\/schema\/person\/c4278d4a6028830caff9ee44b42d32ed","name":"Telinha","image":{"@type":"ImageObject","inLanguage":"pt-PT","@id":"https:\/\/portaltela.pt\/s.01k8rhncp4jt1\/2025\/11\/talking-bot-125x125.png","url":"https:\/\/portaltela.pt\/s.01k8rhncp4jt1\/2025\/11\/talking-bot-125x125.png","contentUrl":"https:\/\/portaltela.pt\/s.01k8rhncp4jt1\/2025\/11\/talking-bot-125x125.png","caption":"Telinha"},"sameAs":["https:\/\/portaltela.pt\/"],"url":"https:\/\/portaltela.pt\/por\/367410592786\/"}]}},"_links":{"self":[{"href":"https:\/\/portaltela.pt\/api\/wp\/v2\/posts\/177535","targetHints":{"allow":["GET"]}}],"collection":[{"href":"https:\/\/portaltela.pt\/api\/wp\/v2\/posts"}],"about":[{"href":"https:\/\/portaltela.pt\/api\/wp\/v2\/types\/post"}],"author":[{"embeddable":true,"href":"https:\/\/portaltela.pt\/api\/wp\/v2\/users\/2"}],"replies":[{"embeddable":true,"href":"https:\/\/portaltela.pt\/api\/wp\/v2\/comments?post=177535"}],"version-history":[{"count":0,"href":"https:\/\/portaltela.pt\/api\/wp\/v2\/posts\/177535\/revisions"}],"wp:featuredmedia":[{"embeddable":true,"href":"https:\/\/portaltela.pt\/api\/wp\/v2\/media\/177559"}],"wp:attachment":[{"href":"https:\/\/portaltela.pt\/api\/wp\/v2\/media?parent=177535"}],"wp:term":[{"taxonomy":"category","embeddable":true,"href":"https:\/\/portaltela.pt\/api\/wp\/v2\/categories?post=177535"},{"taxonomy":"post_tag","embeddable":true,"href":"https:\/\/portaltela.pt\/api\/wp\/v2\/tags?post=177535"}],"curies":[{"name":"wp","href":"https:\/\/api.w.org\/{rel}","templated":true}]}}