{"id":177533,"date":"2026-01-27T16:44:45","date_gmt":"2026-01-27T19:44:45","guid":{"rendered":"https:\/\/portaltela.pt\/noticias\/2026\/01\/27\/trancoso-debate-prevencao-e-gestao-de-fogos-rurais-na-cmgifr\/"},"modified":"2026-01-27T16:44:45","modified_gmt":"2026-01-27T19:44:45","slug":"trancoso-debate-prevencao-e-gestao-de-fogos-rurais-na-cmgifr","status":"publish","type":"post","link":"https:\/\/portaltela.pt\/noticias\/2026\/01\/27\/trancoso-debate-prevencao-e-gestao-de-fogos-rurais-na-cmgifr\/","title":{"rendered":"Trancoso debate preven\u00e7\u00e3o e gest\u00e3o de fogos rurais na CMGIFR"},"content":{"rendered":"<p>Hoje, 27 de janeiro, realizou-se no Sal\u00e3o Nobre dos Pa\u00e7os do Concelho a reuni\u00e3o da Comiss\u00e3o Municipal de Gest\u00e3o Integrada de Fogos Rurais (CMGIFR) de Trancoso. O objetivo foi discutir preven\u00e7\u00e3o e gest\u00e3o de fogos rurais no concelho.<\/p>\n<p>A sess\u00e3o contou com representantes da GNR, ICNF, Bombeiros Volunt\u00e1rios de Trancoso e de Vila Franca das Naves, Associa\u00e7\u00f5es de Produtores Florestais da Piscot\u00e1vora e do Alto da Broca, al\u00e9m de membros das Juntas de Freguesia e do Gabinete T\u00e9cnico Florestal (GTF) do Munic\u00edpio.<\/p>\n<p>Tamb\u00e9m marcaram presen\u00e7a a Prote\u00e7\u00e3o Civil Municipal, representantes dos Conselhos Diretivos das Unidades de Baldios e a Chefe da Divis\u00e3o de Obras, Ambiente, Estruturas e Equipamento Urbano. O encontro destacou a import\u00e2ncia da coopera\u00e7\u00e3o entre entidades para prevenir inc\u00eandios e refor\u00e7ar a seguran\u00e7a local.<\/p>\n<h3>Coopera\u00e7\u00e3o institucional e objetivos<\/h3>\n<p>Foi sublinhada a necessidade de articular esfor\u00e7os entre as entidades para reduzir o risco de inc\u00eandios rurais e aumentar a resili\u00eancia do territ\u00f3rio. A reuni\u00e3o refor\u00e7ou a relev\u00e2ncia da coopera\u00e7\u00e3o entre \u00f3rg\u00e3os do munic\u00edpio, autoridades e associa\u00e7\u00f5es. O objetivo \u00e9 manter a resposta integrada em situa\u00e7\u00f5es de fogos.<\/p>\n<p>Os participantes acordaram manter procedimentos conjuntos e refor\u00e7ar caminhos de comunica\u00e7\u00e3o entre servi\u00e7os, com foco na preven\u00e7\u00e3o, monitoriza\u00e7\u00e3o e resposta r\u00e1pida. O encontro encerrou-se com o compromisso de continuidade de a\u00e7\u00f5es coordenadas no concelho.<\/p>\n","protected":false},"excerpt":{"rendered":"<ul>\n<li>A reuni\u00e3o da Comiss\u00e3o Municipal de Gest\u00e3o Integrada de Fogos Rurais (CMGIFR) de Trancoso ocorreu hoje, 27 de janeiro, no Sal\u00e3o Nobre dos Pa\u00e7os do Concelho.<\/li>\n<li>Estiveram presentes a Guarda Nacional Republicana, o Instituto da Conserva\u00e7\u00e3o da Natureza e das Florestas, os Bombeiros Volunt\u00e1rios de Trancoso e de Vila Franca das Naves, as Associa\u00e7\u00f5es de Produtores Florestais da Piscot\u00e1vora e do Alto da Broca, representantes das Juntas de Freguesia, o Gabinete T\u00e9cnico Florestal (GTF) do Munic\u00edpio, a Prote\u00e7\u00e3o Civil Municipal, os Conselhos Diretivos das Unidades de Baldios e o Chefe da Divis\u00e3o de Obras, Ambiente, Estruturas e Equipamento Urbano.<\/li>\n<li>O objetivo \u00e9 promover um trabalho articulado entre as entidades para a preven\u00e7\u00e3o e redu\u00e7\u00e3o do risco de inc\u00eandios rurais.<\/li>\n<li>Destacou-se a coopera\u00e7\u00e3o institucional como elemento fundamental para a preven\u00e7\u00e3o, redu\u00e7\u00e3o do risco e fortalecimento da resili\u00eancia e da seguran\u00e7a do territ\u00f3rio de Trancoso.<\/li>\n<li>O objetivo conjunto \u00e9 fortalecer a coordena\u00e7\u00e3o e o planeamento para o territ\u00f3rio do concelho.<\/li>\n<\/ul>\n","protected":false},"author":2,"featured_media":177545,"comment_status":"closed","ping_status":"closed","sticky":false,"template":"","format":"standard","meta":{"footnotes":""},"categories":[1],"tags":[4351,2415,2617,320,2236],"class_list":["post-177533","post","type-post","status-publish","format-standard","has-post-thumbnail","hentry","category-noticias","tag-bombeiros-voluntarios","tag-gestao","tag-incendios","tag-protecao-civil","tag-trancoso"],"yoast_head":"<!-- This site is optimized with the Yoast SEO plugin v27.2 - https:\/\/yoast.com\/product\/yoast-seo-wordpress\/ -->\n<title>Trancoso debate preven\u00e7\u00e3o e gest\u00e3o de fogos rurais na CMGIFR - Portal Tela Portugal<\/title>\n<meta name=\"robots\" content=\"index, follow, max-snippet:-1, max-image-preview:large, max-video-preview:-1\" \/>\n<meta property=\"og:locale\" content=\"pt_PT\" \/>\n<meta property=\"og:type\" content=\"article\" \/>\n<meta property=\"og:title\" content=\"Trancoso debate preven\u00e7\u00e3o e gest\u00e3o de fogos rurais na CMGIFR - Portal Tela Portugal\" \/>\n<meta property=\"og:description\" content=\"A reuni\u00e3o da Comiss\u00e3o Municipal de Gest\u00e3o Integrada de Fogos Rurais (CMGIFR) de Trancoso ocorreu hoje, 27 de janeiro, no Sal\u00e3o Nobre dos Pa\u00e7os do Concelho. Estiveram presentes a Guarda Nacional Republicana, o Instituto da Conserva\u00e7\u00e3o da Natureza e das Florestas, os Bombeiros Volunt\u00e1rios de Trancoso e de Vila Franca das Naves, as Associa\u00e7\u00f5es de Produtores Florestais da Piscot\u00e1vora e do Alto da Broca, representantes das Juntas de Freguesia, o Gabinete T\u00e9cnico Florestal (GTF) do Munic\u00edpio, a Prote\u00e7\u00e3o Civil Municipal, os Conselhos Diretivos das Unidades de Baldios e o Chefe da Divis\u00e3o de Obras, Ambiente, Estruturas e Equipamento Urbano. O objetivo \u00e9 promover um trabalho articulado entre as entidades para a preven\u00e7\u00e3o e redu\u00e7\u00e3o do risco de inc\u00eandios rurais. Destacou-se a coopera\u00e7\u00e3o institucional como elemento fundamental para a preven\u00e7\u00e3o, redu\u00e7\u00e3o do risco e fortalecimento da resili\u00eancia e da seguran\u00e7a do territ\u00f3rio de Trancoso. O objetivo conjunto \u00e9 fortalecer a coordena\u00e7\u00e3o e o planeamento para o territ\u00f3rio do concelho.\" \/>\n<meta property=\"og:url\" content=\"https:\/\/portaltela.pt\/noticias\/2026\/01\/27\/trancoso-debate-prevencao-e-gestao-de-fogos-rurais-na-cmgifr\/\" \/>\n<meta property=\"og:site_name\" content=\"Portal Tela Portugal\" \/>\n<meta property=\"article:published_time\" content=\"2026-01-27T19:44:45+00:00\" \/>\n<meta name=\"author\" content=\"Telinha\" \/>\n<meta name=\"twitter:card\" content=\"summary_large_image\" \/>\n<meta name=\"twitter:label1\" content=\"Escrito por\" \/>\n\t<meta name=\"twitter:data1\" content=\"Telinha\" \/>\n\t<meta name=\"twitter:label2\" content=\"Tempo estimado de leitura\" \/>\n\t<meta name=\"twitter:data2\" content=\"1 minuto\" \/>\n<script type=\"application\/ld+json\" class=\"yoast-schema-graph\">{\"@context\":\"https:\/\/schema.org\",\"@graph\":[{\"@type\":\"Article\",\"@id\":\"https:\/\/portaltela.pt\/noticias\/2026\/01\/27\/trancoso-debate-prevencao-e-gestao-de-fogos-rurais-na-cmgifr\/#article\",\"isPartOf\":{\"@id\":\"https:\/\/portaltela.pt\/noticias\/2026\/01\/27\/trancoso-debate-prevencao-e-gestao-de-fogos-rurais-na-cmgifr\/\"},\"author\":{\"name\":\"Telinha\",\"@id\":\"https:\/\/portaltela.pt\/#\/schema\/person\/c4278d4a6028830caff9ee44b42d32ed\"},\"headline\":\"Trancoso debate preven\u00e7\u00e3o e gest\u00e3o de fogos rurais na CMGIFR\",\"datePublished\":\"2026-01-27T19:44:45+00:00\",\"mainEntityOfPage\":{\"@id\":\"https:\/\/portaltela.pt\/noticias\/2026\/01\/27\/trancoso-debate-prevencao-e-gestao-de-fogos-rurais-na-cmgifr\/\"},\"wordCount\":265,\"image\":{\"@id\":\"https:\/\/portaltela.pt\/noticias\/2026\/01\/27\/trancoso-debate-prevencao-e-gestao-de-fogos-rurais-na-cmgifr\/#primaryimage\"},\"thumbnailUrl\":\"https:\/\/portaltela.pt\/s.01k8rhncp4jt1\/2026\/01\/unnamed-file-5549.jpg\",\"keywords\":[\"Bombeiros Volunt\u00e1rios\",\"gest\u00e3o\",\"inc\u00eandios\",\"prote\u00e7\u00e3o civil\",\"Trancoso\"],\"articleSection\":[\"Not\u00edcias\"],\"inLanguage\":\"pt-PT\"},{\"@type\":\"WebPage\",\"@id\":\"https:\/\/portaltela.pt\/noticias\/2026\/01\/27\/trancoso-debate-prevencao-e-gestao-de-fogos-rurais-na-cmgifr\/\",\"url\":\"https:\/\/portaltela.pt\/noticias\/2026\/01\/27\/trancoso-debate-prevencao-e-gestao-de-fogos-rurais-na-cmgifr\/\",\"name\":\"Trancoso debate preven\u00e7\u00e3o e gest\u00e3o de fogos rurais na CMGIFR - Portal Tela Portugal\",\"isPartOf\":{\"@id\":\"https:\/\/portaltela.pt\/#website\"},\"primaryImageOfPage\":{\"@id\":\"https:\/\/portaltela.pt\/noticias\/2026\/01\/27\/trancoso-debate-prevencao-e-gestao-de-fogos-rurais-na-cmgifr\/#primaryimage\"},\"image\":{\"@id\":\"https:\/\/portaltela.pt\/noticias\/2026\/01\/27\/trancoso-debate-prevencao-e-gestao-de-fogos-rurais-na-cmgifr\/#primaryimage\"},\"thumbnailUrl\":\"https:\/\/portaltela.pt\/s.01k8rhncp4jt1\/2026\/01\/unnamed-file-5549.jpg\",\"datePublished\":\"2026-01-27T19:44:45+00:00\",\"author\":{\"@id\":\"https:\/\/portaltela.pt\/#\/schema\/person\/c4278d4a6028830caff9ee44b42d32ed\"},\"breadcrumb\":{\"@id\":\"https:\/\/portaltela.pt\/noticias\/2026\/01\/27\/trancoso-debate-prevencao-e-gestao-de-fogos-rurais-na-cmgifr\/#breadcrumb\"},\"inLanguage\":\"pt-PT\",\"potentialAction\":[{\"@type\":\"ReadAction\",\"target\":[\"https:\/\/portaltela.pt\/noticias\/2026\/01\/27\/trancoso-debate-prevencao-e-gestao-de-fogos-rurais-na-cmgifr\/\"]}]},{\"@type\":\"ImageObject\",\"inLanguage\":\"pt-PT\",\"@id\":\"https:\/\/portaltela.pt\/noticias\/2026\/01\/27\/trancoso-debate-prevencao-e-gestao-de-fogos-rurais-na-cmgifr\/#primaryimage\",\"url\":\"https:\/\/portaltela.pt\/s.01k8rhncp4jt1\/2026\/01\/unnamed-file-5549.jpg\",\"contentUrl\":\"https:\/\/portaltela.pt\/s.01k8rhncp4jt1\/2026\/01\/unnamed-file-5549.jpg\",\"width\":796,\"height\":448,\"caption\":\"TRANCOSO: Preven\u00e7\u00e3o e gest\u00e3o de fogos rurais em debate na CMGIFR\"},{\"@type\":\"BreadcrumbList\",\"@id\":\"https:\/\/portaltela.pt\/noticias\/2026\/01\/27\/trancoso-debate-prevencao-e-gestao-de-fogos-rurais-na-cmgifr\/#breadcrumb\",\"itemListElement\":[{\"@type\":\"ListItem\",\"position\":1,\"name\":\"In\u00edcio\",\"item\":\"https:\/\/portaltela.pt\/\"},{\"@type\":\"ListItem\",\"position\":2,\"name\":\"Trancoso debate preven\u00e7\u00e3o e gest\u00e3o de fogos rurais na CMGIFR\"}]},{\"@type\":\"WebSite\",\"@id\":\"https:\/\/portaltela.pt\/#website\",\"url\":\"https:\/\/portaltela.pt\/\",\"name\":\"Portal Tela Portugal\",\"description\":\"\",\"potentialAction\":[{\"@type\":\"SearchAction\",\"target\":{\"@type\":\"EntryPoint\",\"urlTemplate\":\"https:\/\/portaltela.pt\/?s={search_term_string}\"},\"query-input\":{\"@type\":\"PropertyValueSpecification\",\"valueRequired\":true,\"valueName\":\"search_term_string\"}}],\"inLanguage\":\"pt-PT\"},{\"@type\":\"Person\",\"@id\":\"https:\/\/portaltela.pt\/#\/schema\/person\/c4278d4a6028830caff9ee44b42d32ed\",\"name\":\"Telinha\",\"image\":{\"@type\":\"ImageObject\",\"inLanguage\":\"pt-PT\",\"@id\":\"https:\/\/portaltela.pt\/s.01k8rhncp4jt1\/2025\/11\/talking-bot-125x125.png\",\"url\":\"https:\/\/portaltela.pt\/s.01k8rhncp4jt1\/2025\/11\/talking-bot-125x125.png\",\"contentUrl\":\"https:\/\/portaltela.pt\/s.01k8rhncp4jt1\/2025\/11\/talking-bot-125x125.png\",\"caption\":\"Telinha\"},\"sameAs\":[\"https:\/\/portaltela.pt\/\"],\"url\":\"https:\/\/portaltela.pt\/por\/367410592786\/\"}]}<\/script>\n<!-- \/ Yoast SEO plugin. -->","yoast_head_json":{"title":"Trancoso debate preven\u00e7\u00e3o e gest\u00e3o de fogos rurais na CMGIFR - Portal Tela Portugal","robots":{"index":"index","follow":"follow","max-snippet":"max-snippet:-1","max-image-preview":"max-image-preview:large","max-video-preview":"max-video-preview:-1"},"og_locale":"pt_PT","og_type":"article","og_title":"Trancoso debate preven\u00e7\u00e3o e gest\u00e3o de fogos rurais na CMGIFR - Portal Tela Portugal","og_description":"A reuni\u00e3o da Comiss\u00e3o Municipal de Gest\u00e3o Integrada de Fogos Rurais (CMGIFR) de Trancoso ocorreu hoje, 27 de janeiro, no Sal\u00e3o Nobre dos Pa\u00e7os do Concelho. Estiveram presentes a Guarda Nacional Republicana, o Instituto da Conserva\u00e7\u00e3o da Natureza e das Florestas, os Bombeiros Volunt\u00e1rios de Trancoso e de Vila Franca das Naves, as Associa\u00e7\u00f5es de Produtores Florestais da Piscot\u00e1vora e do Alto da Broca, representantes das Juntas de Freguesia, o Gabinete T\u00e9cnico Florestal (GTF) do Munic\u00edpio, a Prote\u00e7\u00e3o Civil Municipal, os Conselhos Diretivos das Unidades de Baldios e o Chefe da Divis\u00e3o de Obras, Ambiente, Estruturas e Equipamento Urbano. O objetivo \u00e9 promover um trabalho articulado entre as entidades para a preven\u00e7\u00e3o e redu\u00e7\u00e3o do risco de inc\u00eandios rurais. Destacou-se a coopera\u00e7\u00e3o institucional como elemento fundamental para a preven\u00e7\u00e3o, redu\u00e7\u00e3o do risco e fortalecimento da resili\u00eancia e da seguran\u00e7a do territ\u00f3rio de Trancoso. O objetivo conjunto \u00e9 fortalecer a coordena\u00e7\u00e3o e o planeamento para o territ\u00f3rio do concelho.","og_url":"https:\/\/portaltela.pt\/noticias\/2026\/01\/27\/trancoso-debate-prevencao-e-gestao-de-fogos-rurais-na-cmgifr\/","og_site_name":"Portal Tela Portugal","article_published_time":"2026-01-27T19:44:45+00:00","author":"Telinha","twitter_card":"summary_large_image","twitter_misc":{"Escrito por":"Telinha","Tempo estimado de leitura":"1 minuto"},"schema":{"@context":"https:\/\/schema.org","@graph":[{"@type":"Article","@id":"https:\/\/portaltela.pt\/noticias\/2026\/01\/27\/trancoso-debate-prevencao-e-gestao-de-fogos-rurais-na-cmgifr\/#article","isPartOf":{"@id":"https:\/\/portaltela.pt\/noticias\/2026\/01\/27\/trancoso-debate-prevencao-e-gestao-de-fogos-rurais-na-cmgifr\/"},"author":{"name":"Telinha","@id":"https:\/\/portaltela.pt\/#\/schema\/person\/c4278d4a6028830caff9ee44b42d32ed"},"headline":"Trancoso debate preven\u00e7\u00e3o e gest\u00e3o de fogos rurais na CMGIFR","datePublished":"2026-01-27T19:44:45+00:00","mainEntityOfPage":{"@id":"https:\/\/portaltela.pt\/noticias\/2026\/01\/27\/trancoso-debate-prevencao-e-gestao-de-fogos-rurais-na-cmgifr\/"},"wordCount":265,"image":{"@id":"https:\/\/portaltela.pt\/noticias\/2026\/01\/27\/trancoso-debate-prevencao-e-gestao-de-fogos-rurais-na-cmgifr\/#primaryimage"},"thumbnailUrl":"https:\/\/portaltela.pt\/s.01k8rhncp4jt1\/2026\/01\/unnamed-file-5549.jpg","keywords":["Bombeiros Volunt\u00e1rios","gest\u00e3o","inc\u00eandios","prote\u00e7\u00e3o civil","Trancoso"],"articleSection":["Not\u00edcias"],"inLanguage":"pt-PT"},{"@type":"WebPage","@id":"https:\/\/portaltela.pt\/noticias\/2026\/01\/27\/trancoso-debate-prevencao-e-gestao-de-fogos-rurais-na-cmgifr\/","url":"https:\/\/portaltela.pt\/noticias\/2026\/01\/27\/trancoso-debate-prevencao-e-gestao-de-fogos-rurais-na-cmgifr\/","name":"Trancoso debate preven\u00e7\u00e3o e gest\u00e3o de fogos rurais na CMGIFR - Portal Tela Portugal","isPartOf":{"@id":"https:\/\/portaltela.pt\/#website"},"primaryImageOfPage":{"@id":"https:\/\/portaltela.pt\/noticias\/2026\/01\/27\/trancoso-debate-prevencao-e-gestao-de-fogos-rurais-na-cmgifr\/#primaryimage"},"image":{"@id":"https:\/\/portaltela.pt\/noticias\/2026\/01\/27\/trancoso-debate-prevencao-e-gestao-de-fogos-rurais-na-cmgifr\/#primaryimage"},"thumbnailUrl":"https:\/\/portaltela.pt\/s.01k8rhncp4jt1\/2026\/01\/unnamed-file-5549.jpg","datePublished":"2026-01-27T19:44:45+00:00","author":{"@id":"https:\/\/portaltela.pt\/#\/schema\/person\/c4278d4a6028830caff9ee44b42d32ed"},"breadcrumb":{"@id":"https:\/\/portaltela.pt\/noticias\/2026\/01\/27\/trancoso-debate-prevencao-e-gestao-de-fogos-rurais-na-cmgifr\/#breadcrumb"},"inLanguage":"pt-PT","potentialAction":[{"@type":"ReadAction","target":["https:\/\/portaltela.pt\/noticias\/2026\/01\/27\/trancoso-debate-prevencao-e-gestao-de-fogos-rurais-na-cmgifr\/"]}]},{"@type":"ImageObject","inLanguage":"pt-PT","@id":"https:\/\/portaltela.pt\/noticias\/2026\/01\/27\/trancoso-debate-prevencao-e-gestao-de-fogos-rurais-na-cmgifr\/#primaryimage","url":"https:\/\/portaltela.pt\/s.01k8rhncp4jt1\/2026\/01\/unnamed-file-5549.jpg","contentUrl":"https:\/\/portaltela.pt\/s.01k8rhncp4jt1\/2026\/01\/unnamed-file-5549.jpg","width":796,"height":448,"caption":"TRANCOSO: Preven\u00e7\u00e3o e gest\u00e3o de fogos rurais em debate na CMGIFR"},{"@type":"BreadcrumbList","@id":"https:\/\/portaltela.pt\/noticias\/2026\/01\/27\/trancoso-debate-prevencao-e-gestao-de-fogos-rurais-na-cmgifr\/#breadcrumb","itemListElement":[{"@type":"ListItem","position":1,"name":"In\u00edcio","item":"https:\/\/portaltela.pt\/"},{"@type":"ListItem","position":2,"name":"Trancoso debate preven\u00e7\u00e3o e gest\u00e3o de fogos rurais na CMGIFR"}]},{"@type":"WebSite","@id":"https:\/\/portaltela.pt\/#website","url":"https:\/\/portaltela.pt\/","name":"Portal Tela Portugal","description":"","potentialAction":[{"@type":"SearchAction","target":{"@type":"EntryPoint","urlTemplate":"https:\/\/portaltela.pt\/?s={search_term_string}"},"query-input":{"@type":"PropertyValueSpecification","valueRequired":true,"valueName":"search_term_string"}}],"inLanguage":"pt-PT"},{"@type":"Person","@id":"https:\/\/portaltela.pt\/#\/schema\/person\/c4278d4a6028830caff9ee44b42d32ed","name":"Telinha","image":{"@type":"ImageObject","inLanguage":"pt-PT","@id":"https:\/\/portaltela.pt\/s.01k8rhncp4jt1\/2025\/11\/talking-bot-125x125.png","url":"https:\/\/portaltela.pt\/s.01k8rhncp4jt1\/2025\/11\/talking-bot-125x125.png","contentUrl":"https:\/\/portaltela.pt\/s.01k8rhncp4jt1\/2025\/11\/talking-bot-125x125.png","caption":"Telinha"},"sameAs":["https:\/\/portaltela.pt\/"],"url":"https:\/\/portaltela.pt\/por\/367410592786\/"}]}},"_links":{"self":[{"href":"https:\/\/portaltela.pt\/api\/wp\/v2\/posts\/177533","targetHints":{"allow":["GET"]}}],"collection":[{"href":"https:\/\/portaltela.pt\/api\/wp\/v2\/posts"}],"about":[{"href":"https:\/\/portaltela.pt\/api\/wp\/v2\/types\/post"}],"author":[{"embeddable":true,"href":"https:\/\/portaltela.pt\/api\/wp\/v2\/users\/2"}],"replies":[{"embeddable":true,"href":"https:\/\/portaltela.pt\/api\/wp\/v2\/comments?post=177533"}],"version-history":[{"count":0,"href":"https:\/\/portaltela.pt\/api\/wp\/v2\/posts\/177533\/revisions"}],"wp:featuredmedia":[{"embeddable":true,"href":"https:\/\/portaltela.pt\/api\/wp\/v2\/media\/177545"}],"wp:attachment":[{"href":"https:\/\/portaltela.pt\/api\/wp\/v2\/media?parent=177533"}],"wp:term":[{"taxonomy":"category","embeddable":true,"href":"https:\/\/portaltela.pt\/api\/wp\/v2\/categories?post=177533"},{"taxonomy":"post_tag","embeddable":true,"href":"https:\/\/portaltela.pt\/api\/wp\/v2\/tags?post=177533"}],"curies":[{"name":"wp","href":"https:\/\/api.w.org\/{rel}","templated":true}]}}