{"id":177524,"date":"2026-01-27T16:51:00","date_gmt":"2026-01-27T19:51:00","guid":{"rendered":"https:\/\/portaltela.pt\/noticias\/2026\/01\/27\/guitarrista-antonio-chainho-morre-aos-88-anos-3\/"},"modified":"2026-01-27T16:51:00","modified_gmt":"2026-01-27T19:51:00","slug":"guitarrista-antonio-chainho-morre-aos-88-anos-3","status":"publish","type":"post","link":"https:\/\/portaltela.pt\/noticias\/2026\/01\/27\/guitarrista-antonio-chainho-morre-aos-88-anos-3\/","title":{"rendered":"Guitarrista Ant\u00f3nio Chainho morre aos 88 anos"},"content":{"rendered":"<p>Ant\u00f3nio Chainho, conhecido como o \u201cmestre da guitarra portuguesa\u201d, morreu hoje aos 88 anos na sua casa em Alfragide, nos arredores de Lisboa. A not\u00edcia foi confirmada ao alugem pela ag\u00eancia Lusa atrav\u00e9s do seu agente art\u00edstico.<\/p>\n<p>O m\u00fasico encerrou a carreira de 60 anos em setembro de 2024, ano em que editou o \u00faltimo \u00e1lbum, O Abra\u00e7o da Guitarra, uma homenagem aos mestres que o influenciaram atrav\u00e9s da r\u00e1dio. Chainho nasceu a 27 de janeiro de 1938, em S\u00e3o Francisco da Serra, Santiago do Cac\u00e9m, no distrito de Set\u00fabal, tendo iniciado a carreira no meio fadista na d\u00e9cada de 1960.<\/p>\n<p>Ao longo da vida gravou sete \u00e1lbuns em nome pr\u00f3prio e um DVD, Ao vivo no CCB, al\u00e9m de colaborar com artistas como Fernando Alvim, Gal Costa, Faf\u00e1 de Bel\u00e9m, Mar\u00eda Dolores Pradera, Jos\u00e9 Carreras, Adriana Calcanhotto e Rui Veloso, entre outros.<\/p>\n<h3>Percurso e legado<\/h3>\n<p>Na d\u00e9cada de 1970, Chainho apostou na forma\u00e7\u00e3o de novos instrumentistas de guitarra portuguesa, uma vis\u00e3o que se tornou realidade com o ensino da guitarra portuguesa no Museu do Fado, em Lisboa, e com a cria\u00e7\u00e3o de uma escola em Santiago do Cac\u00e9m em 2005.<\/p>\n<p>Em 2022, o Presidente da Rep\u00fablica, Marcelo Rebelo de Sousa, condecorou-o com o grau de Comendador da Ordem do Infante D. Henrique, reconhecendo servi\u00e7os relevantes \u00e0 cultura portuguesa e \u00e0 sua proje\u00e7\u00e3o no pa\u00eds e no estrangeiro.<\/p>\n","protected":false},"excerpt":{"rendered":"<ul>\n<li>O guitarrista e compositor Ant\u00f3nio Chainho morreu hoje na sua resid\u00eancia em Alfragide, nos arredores de Lisboa, no dia em que completaria 88 anos.<\/li>\n<li>\u00c9 referido pela cr\u00edtica internacional como o &#8220;mestre da guitarra portuguesa&#8221; e encerrou a carreira em setembro de 2024, ap\u00f3s sessenta anos.<\/li>\n<li>No \u00faltimo ano lan\u00e7ou o derradeiro \u00e1lbum, &#8220;O Abra\u00e7o da Guitarra&#8221;.<\/li>\n<li>Nascido a 27 de janeiro de 1938, em S\u00e3o Francisco da Serra, come\u00e7ou a tocar no meio fadista na d\u00e9cada de 1960.<\/li>\n<li>Em finais dos anos setenta promoveu o ensino da guitarra portuguesa, com curso no Museu do Fado em Lisboa e uma escola com o seu nome em Santiago do Cac\u00e9m; em 2022 foi condecorado Comendador da Ordem do Infante D. Henrique pelo Presidente da Rep\u00fablica.<\/li>\n<\/ul>\n","protected":false},"author":2,"featured_media":177564,"comment_status":"closed","ping_status":"closed","sticky":false,"template":"","format":"standard","meta":{"footnotes":""},"categories":[1],"tags":[762,4263,981,122,1014,994],"class_list":["post-177524","post","type-post","status-publish","format-standard","has-post-thumbnail","hentry","category-noticias","tag-artistas","tag-condecoracoes-honorificas","tag-lisboa","tag-musica","tag-portugal","tag-setubal"],"yoast_head":"<!-- This site is optimized with the Yoast SEO plugin v27.2 - https:\/\/yoast.com\/product\/yoast-seo-wordpress\/ -->\n<title>Guitarrista Ant\u00f3nio Chainho morre aos 88 anos - Portal Tela Portugal<\/title>\n<meta name=\"robots\" content=\"index, follow, max-snippet:-1, max-image-preview:large, max-video-preview:-1\" \/>\n<meta property=\"og:locale\" content=\"pt_PT\" \/>\n<meta property=\"og:type\" content=\"article\" \/>\n<meta property=\"og:title\" content=\"Guitarrista Ant\u00f3nio Chainho morre aos 88 anos - Portal Tela Portugal\" \/>\n<meta property=\"og:description\" content=\"O guitarrista e compositor Ant\u00f3nio Chainho morreu hoje na sua resid\u00eancia em Alfragide, nos arredores de Lisboa, no dia em que completaria 88 anos. \u00c9 referido pela cr\u00edtica internacional como o &quot;mestre da guitarra portuguesa&quot; e encerrou a carreira em setembro de 2024, ap\u00f3s sessenta anos. No \u00faltimo ano lan\u00e7ou o derradeiro \u00e1lbum, &quot;O Abra\u00e7o da Guitarra&quot;. Nascido a 27 de janeiro de 1938, em S\u00e3o Francisco da Serra, come\u00e7ou a tocar no meio fadista na d\u00e9cada de 1960. Em finais dos anos setenta promoveu o ensino da guitarra portuguesa, com curso no Museu do Fado em Lisboa e uma escola com o seu nome em Santiago do Cac\u00e9m; em 2022 foi condecorado Comendador da Ordem do Infante D. Henrique pelo Presidente da Rep\u00fablica.\" \/>\n<meta property=\"og:url\" content=\"https:\/\/portaltela.pt\/noticias\/2026\/01\/27\/guitarrista-antonio-chainho-morre-aos-88-anos-3\/\" \/>\n<meta property=\"og:site_name\" content=\"Portal Tela Portugal\" \/>\n<meta property=\"article:published_time\" content=\"2026-01-27T19:51:00+00:00\" \/>\n<meta name=\"author\" content=\"Telinha\" \/>\n<meta name=\"twitter:card\" content=\"summary_large_image\" \/>\n<meta name=\"twitter:label1\" content=\"Escrito por\" \/>\n\t<meta name=\"twitter:data1\" content=\"Telinha\" \/>\n\t<meta name=\"twitter:label2\" content=\"Tempo estimado de leitura\" \/>\n\t<meta name=\"twitter:data2\" content=\"1 minuto\" \/>\n<script type=\"application\/ld+json\" class=\"yoast-schema-graph\">{\"@context\":\"https:\/\/schema.org\",\"@graph\":[{\"@type\":\"Article\",\"@id\":\"https:\/\/portaltela.pt\/noticias\/2026\/01\/27\/guitarrista-antonio-chainho-morre-aos-88-anos-3\/#article\",\"isPartOf\":{\"@id\":\"https:\/\/portaltela.pt\/noticias\/2026\/01\/27\/guitarrista-antonio-chainho-morre-aos-88-anos-3\/\"},\"author\":{\"name\":\"Telinha\",\"@id\":\"https:\/\/portaltela.pt\/#\/schema\/person\/c4278d4a6028830caff9ee44b42d32ed\"},\"headline\":\"Guitarrista Ant\u00f3nio Chainho morre aos 88 anos\",\"datePublished\":\"2026-01-27T19:51:00+00:00\",\"mainEntityOfPage\":{\"@id\":\"https:\/\/portaltela.pt\/noticias\/2026\/01\/27\/guitarrista-antonio-chainho-morre-aos-88-anos-3\/\"},\"wordCount\":250,\"image\":{\"@id\":\"https:\/\/portaltela.pt\/noticias\/2026\/01\/27\/guitarrista-antonio-chainho-morre-aos-88-anos-3\/#primaryimage\"},\"thumbnailUrl\":\"https:\/\/portaltela.pt\/s.01k8rhncp4jt1\/2026\/01\/unnamed-file-5554.jpg\",\"keywords\":[\"artistas\",\"condecora\u00e7\u00f5es honor\u00edficas\",\"Lisboa\",\"m\u00fasica\",\"Portugal\",\"Set\u00fabal\"],\"articleSection\":[\"Not\u00edcias\"],\"inLanguage\":\"pt-PT\"},{\"@type\":\"WebPage\",\"@id\":\"https:\/\/portaltela.pt\/noticias\/2026\/01\/27\/guitarrista-antonio-chainho-morre-aos-88-anos-3\/\",\"url\":\"https:\/\/portaltela.pt\/noticias\/2026\/01\/27\/guitarrista-antonio-chainho-morre-aos-88-anos-3\/\",\"name\":\"Guitarrista Ant\u00f3nio Chainho morre aos 88 anos - Portal Tela Portugal\",\"isPartOf\":{\"@id\":\"https:\/\/portaltela.pt\/#website\"},\"primaryImageOfPage\":{\"@id\":\"https:\/\/portaltela.pt\/noticias\/2026\/01\/27\/guitarrista-antonio-chainho-morre-aos-88-anos-3\/#primaryimage\"},\"image\":{\"@id\":\"https:\/\/portaltela.pt\/noticias\/2026\/01\/27\/guitarrista-antonio-chainho-morre-aos-88-anos-3\/#primaryimage\"},\"thumbnailUrl\":\"https:\/\/portaltela.pt\/s.01k8rhncp4jt1\/2026\/01\/unnamed-file-5554.jpg\",\"datePublished\":\"2026-01-27T19:51:00+00:00\",\"author\":{\"@id\":\"https:\/\/portaltela.pt\/#\/schema\/person\/c4278d4a6028830caff9ee44b42d32ed\"},\"breadcrumb\":{\"@id\":\"https:\/\/portaltela.pt\/noticias\/2026\/01\/27\/guitarrista-antonio-chainho-morre-aos-88-anos-3\/#breadcrumb\"},\"inLanguage\":\"pt-PT\",\"potentialAction\":[{\"@type\":\"ReadAction\",\"target\":[\"https:\/\/portaltela.pt\/noticias\/2026\/01\/27\/guitarrista-antonio-chainho-morre-aos-88-anos-3\/\"]}]},{\"@type\":\"ImageObject\",\"inLanguage\":\"pt-PT\",\"@id\":\"https:\/\/portaltela.pt\/noticias\/2026\/01\/27\/guitarrista-antonio-chainho-morre-aos-88-anos-3\/#primaryimage\",\"url\":\"https:\/\/portaltela.pt\/s.01k8rhncp4jt1\/2026\/01\/unnamed-file-5554.jpg\",\"contentUrl\":\"https:\/\/portaltela.pt\/s.01k8rhncp4jt1\/2026\/01\/unnamed-file-5554.jpg\",\"width\":796,\"height\":448,\"caption\":\"Guitarrista Ant\u00f3nio Chainho morre aos 88 anos\"},{\"@type\":\"BreadcrumbList\",\"@id\":\"https:\/\/portaltela.pt\/noticias\/2026\/01\/27\/guitarrista-antonio-chainho-morre-aos-88-anos-3\/#breadcrumb\",\"itemListElement\":[{\"@type\":\"ListItem\",\"position\":1,\"name\":\"In\u00edcio\",\"item\":\"https:\/\/portaltela.pt\/\"},{\"@type\":\"ListItem\",\"position\":2,\"name\":\"Guitarrista Ant\u00f3nio Chainho morre aos 88 anos\"}]},{\"@type\":\"WebSite\",\"@id\":\"https:\/\/portaltela.pt\/#website\",\"url\":\"https:\/\/portaltela.pt\/\",\"name\":\"Portal Tela Portugal\",\"description\":\"\",\"potentialAction\":[{\"@type\":\"SearchAction\",\"target\":{\"@type\":\"EntryPoint\",\"urlTemplate\":\"https:\/\/portaltela.pt\/?s={search_term_string}\"},\"query-input\":{\"@type\":\"PropertyValueSpecification\",\"valueRequired\":true,\"valueName\":\"search_term_string\"}}],\"inLanguage\":\"pt-PT\"},{\"@type\":\"Person\",\"@id\":\"https:\/\/portaltela.pt\/#\/schema\/person\/c4278d4a6028830caff9ee44b42d32ed\",\"name\":\"Telinha\",\"image\":{\"@type\":\"ImageObject\",\"inLanguage\":\"pt-PT\",\"@id\":\"https:\/\/portaltela.pt\/s.01k8rhncp4jt1\/2025\/11\/talking-bot-125x125.png\",\"url\":\"https:\/\/portaltela.pt\/s.01k8rhncp4jt1\/2025\/11\/talking-bot-125x125.png\",\"contentUrl\":\"https:\/\/portaltela.pt\/s.01k8rhncp4jt1\/2025\/11\/talking-bot-125x125.png\",\"caption\":\"Telinha\"},\"sameAs\":[\"https:\/\/portaltela.pt\/\"],\"url\":\"https:\/\/portaltela.pt\/por\/367410592786\/\"}]}<\/script>\n<!-- \/ Yoast SEO plugin. -->","yoast_head_json":{"title":"Guitarrista Ant\u00f3nio Chainho morre aos 88 anos - Portal Tela Portugal","robots":{"index":"index","follow":"follow","max-snippet":"max-snippet:-1","max-image-preview":"max-image-preview:large","max-video-preview":"max-video-preview:-1"},"og_locale":"pt_PT","og_type":"article","og_title":"Guitarrista Ant\u00f3nio Chainho morre aos 88 anos - Portal Tela Portugal","og_description":"O guitarrista e compositor Ant\u00f3nio Chainho morreu hoje na sua resid\u00eancia em Alfragide, nos arredores de Lisboa, no dia em que completaria 88 anos. \u00c9 referido pela cr\u00edtica internacional como o \"mestre da guitarra portuguesa\" e encerrou a carreira em setembro de 2024, ap\u00f3s sessenta anos. No \u00faltimo ano lan\u00e7ou o derradeiro \u00e1lbum, \"O Abra\u00e7o da Guitarra\". Nascido a 27 de janeiro de 1938, em S\u00e3o Francisco da Serra, come\u00e7ou a tocar no meio fadista na d\u00e9cada de 1960. Em finais dos anos setenta promoveu o ensino da guitarra portuguesa, com curso no Museu do Fado em Lisboa e uma escola com o seu nome em Santiago do Cac\u00e9m; em 2022 foi condecorado Comendador da Ordem do Infante D. Henrique pelo Presidente da Rep\u00fablica.","og_url":"https:\/\/portaltela.pt\/noticias\/2026\/01\/27\/guitarrista-antonio-chainho-morre-aos-88-anos-3\/","og_site_name":"Portal Tela Portugal","article_published_time":"2026-01-27T19:51:00+00:00","author":"Telinha","twitter_card":"summary_large_image","twitter_misc":{"Escrito por":"Telinha","Tempo estimado de leitura":"1 minuto"},"schema":{"@context":"https:\/\/schema.org","@graph":[{"@type":"Article","@id":"https:\/\/portaltela.pt\/noticias\/2026\/01\/27\/guitarrista-antonio-chainho-morre-aos-88-anos-3\/#article","isPartOf":{"@id":"https:\/\/portaltela.pt\/noticias\/2026\/01\/27\/guitarrista-antonio-chainho-morre-aos-88-anos-3\/"},"author":{"name":"Telinha","@id":"https:\/\/portaltela.pt\/#\/schema\/person\/c4278d4a6028830caff9ee44b42d32ed"},"headline":"Guitarrista Ant\u00f3nio Chainho morre aos 88 anos","datePublished":"2026-01-27T19:51:00+00:00","mainEntityOfPage":{"@id":"https:\/\/portaltela.pt\/noticias\/2026\/01\/27\/guitarrista-antonio-chainho-morre-aos-88-anos-3\/"},"wordCount":250,"image":{"@id":"https:\/\/portaltela.pt\/noticias\/2026\/01\/27\/guitarrista-antonio-chainho-morre-aos-88-anos-3\/#primaryimage"},"thumbnailUrl":"https:\/\/portaltela.pt\/s.01k8rhncp4jt1\/2026\/01\/unnamed-file-5554.jpg","keywords":["artistas","condecora\u00e7\u00f5es honor\u00edficas","Lisboa","m\u00fasica","Portugal","Set\u00fabal"],"articleSection":["Not\u00edcias"],"inLanguage":"pt-PT"},{"@type":"WebPage","@id":"https:\/\/portaltela.pt\/noticias\/2026\/01\/27\/guitarrista-antonio-chainho-morre-aos-88-anos-3\/","url":"https:\/\/portaltela.pt\/noticias\/2026\/01\/27\/guitarrista-antonio-chainho-morre-aos-88-anos-3\/","name":"Guitarrista Ant\u00f3nio Chainho morre aos 88 anos - Portal Tela Portugal","isPartOf":{"@id":"https:\/\/portaltela.pt\/#website"},"primaryImageOfPage":{"@id":"https:\/\/portaltela.pt\/noticias\/2026\/01\/27\/guitarrista-antonio-chainho-morre-aos-88-anos-3\/#primaryimage"},"image":{"@id":"https:\/\/portaltela.pt\/noticias\/2026\/01\/27\/guitarrista-antonio-chainho-morre-aos-88-anos-3\/#primaryimage"},"thumbnailUrl":"https:\/\/portaltela.pt\/s.01k8rhncp4jt1\/2026\/01\/unnamed-file-5554.jpg","datePublished":"2026-01-27T19:51:00+00:00","author":{"@id":"https:\/\/portaltela.pt\/#\/schema\/person\/c4278d4a6028830caff9ee44b42d32ed"},"breadcrumb":{"@id":"https:\/\/portaltela.pt\/noticias\/2026\/01\/27\/guitarrista-antonio-chainho-morre-aos-88-anos-3\/#breadcrumb"},"inLanguage":"pt-PT","potentialAction":[{"@type":"ReadAction","target":["https:\/\/portaltela.pt\/noticias\/2026\/01\/27\/guitarrista-antonio-chainho-morre-aos-88-anos-3\/"]}]},{"@type":"ImageObject","inLanguage":"pt-PT","@id":"https:\/\/portaltela.pt\/noticias\/2026\/01\/27\/guitarrista-antonio-chainho-morre-aos-88-anos-3\/#primaryimage","url":"https:\/\/portaltela.pt\/s.01k8rhncp4jt1\/2026\/01\/unnamed-file-5554.jpg","contentUrl":"https:\/\/portaltela.pt\/s.01k8rhncp4jt1\/2026\/01\/unnamed-file-5554.jpg","width":796,"height":448,"caption":"Guitarrista Ant\u00f3nio Chainho morre aos 88 anos"},{"@type":"BreadcrumbList","@id":"https:\/\/portaltela.pt\/noticias\/2026\/01\/27\/guitarrista-antonio-chainho-morre-aos-88-anos-3\/#breadcrumb","itemListElement":[{"@type":"ListItem","position":1,"name":"In\u00edcio","item":"https:\/\/portaltela.pt\/"},{"@type":"ListItem","position":2,"name":"Guitarrista Ant\u00f3nio Chainho morre aos 88 anos"}]},{"@type":"WebSite","@id":"https:\/\/portaltela.pt\/#website","url":"https:\/\/portaltela.pt\/","name":"Portal Tela Portugal","description":"","potentialAction":[{"@type":"SearchAction","target":{"@type":"EntryPoint","urlTemplate":"https:\/\/portaltela.pt\/?s={search_term_string}"},"query-input":{"@type":"PropertyValueSpecification","valueRequired":true,"valueName":"search_term_string"}}],"inLanguage":"pt-PT"},{"@type":"Person","@id":"https:\/\/portaltela.pt\/#\/schema\/person\/c4278d4a6028830caff9ee44b42d32ed","name":"Telinha","image":{"@type":"ImageObject","inLanguage":"pt-PT","@id":"https:\/\/portaltela.pt\/s.01k8rhncp4jt1\/2025\/11\/talking-bot-125x125.png","url":"https:\/\/portaltela.pt\/s.01k8rhncp4jt1\/2025\/11\/talking-bot-125x125.png","contentUrl":"https:\/\/portaltela.pt\/s.01k8rhncp4jt1\/2025\/11\/talking-bot-125x125.png","caption":"Telinha"},"sameAs":["https:\/\/portaltela.pt\/"],"url":"https:\/\/portaltela.pt\/por\/367410592786\/"}]}},"_links":{"self":[{"href":"https:\/\/portaltela.pt\/api\/wp\/v2\/posts\/177524","targetHints":{"allow":["GET"]}}],"collection":[{"href":"https:\/\/portaltela.pt\/api\/wp\/v2\/posts"}],"about":[{"href":"https:\/\/portaltela.pt\/api\/wp\/v2\/types\/post"}],"author":[{"embeddable":true,"href":"https:\/\/portaltela.pt\/api\/wp\/v2\/users\/2"}],"replies":[{"embeddable":true,"href":"https:\/\/portaltela.pt\/api\/wp\/v2\/comments?post=177524"}],"version-history":[{"count":0,"href":"https:\/\/portaltela.pt\/api\/wp\/v2\/posts\/177524\/revisions"}],"wp:featuredmedia":[{"embeddable":true,"href":"https:\/\/portaltela.pt\/api\/wp\/v2\/media\/177564"}],"wp:attachment":[{"href":"https:\/\/portaltela.pt\/api\/wp\/v2\/media?parent=177524"}],"wp:term":[{"taxonomy":"category","embeddable":true,"href":"https:\/\/portaltela.pt\/api\/wp\/v2\/categories?post=177524"},{"taxonomy":"post_tag","embeddable":true,"href":"https:\/\/portaltela.pt\/api\/wp\/v2\/tags?post=177524"}],"curies":[{"name":"wp","href":"https:\/\/api.w.org\/{rel}","templated":true}]}}