{"id":177522,"date":"2026-01-27T17:01:26","date_gmt":"2026-01-27T20:01:26","guid":{"rendered":"https:\/\/portaltela.pt\/noticias\/2026\/01\/27\/rui-borges-comenta-regresso-de-nuno-santos-e-admite-pressao\/"},"modified":"2026-01-27T17:01:26","modified_gmt":"2026-01-27T20:01:26","slug":"rui-borges-comenta-regresso-de-nuno-santos-e-admite-pressao","status":"publish","type":"post","link":"https:\/\/portaltela.pt\/desporto\/futebol\/2026\/01\/27\/rui-borges-comenta-regresso-de-nuno-santos-e-admite-pressao\/","title":{"rendered":"Rui Borges comenta regresso de Nuno Santos e admite press\u00e3o"},"content":{"rendered":"<p>Na antevis\u00e3o ao encontro Athletic Bilbao vs Sporting, Rui Borges, treinador do Sporting, destacou o papel de Nuno Santos no grupo. O t\u00e9cnico mostrou que o ala esquerdo tem impacto significativo tanto pelo seu rendimento como pessoa no balne\u00e1rio.<\/p>\n<p>Borges referiu que Nuno Santos \u00e9 uma figura que motiva os companheiros e que a sua forma de competir \u201cpega\u201d na equipa, mantendo o n\u00edvel de exig\u00eancia alto. O objetivo \u00e9 manter o plantel atento e competitivo.<\/p>\n<p>O discurso do treinador refor\u00e7a a ideia de que o jogador pode gerar situa\u00e7\u00f5es desafiantes, pr\u00f3prias da din\u00e2mica de um grupo que compete em v\u00e1rias frentes. O foco permanece na prepara\u00e7\u00e3o para o jogo.<\/p>\n<p>A antevis\u00e3o acontece num momento de gest\u00e3o de rota\u00e7\u00e3o e de adapta\u00e7\u00e3o tedia \u00e0s op\u00e7\u00f5es do plantel, em busca de equil\u00edbrio entre qualidade t\u00e9cnica, entrega f\u00edsica e esp\u00edrito coletivo. O encontro \u00e9 visto como oportunidade de ver o grupo em a\u00e7\u00e3o.<\/p>\n","protected":false},"excerpt":{"rendered":"<ul>\n<li>Rui Borges antecipa o regresso de Nuno Santos ao Sporting, para o duelo com o Athletic Bilbao.<\/li>\n<li>O treinador diz que o ala esquerdo tem um grande impacto no grupo, tanto pelo que \u00e9 como atleta como pela pessoa que \u00e9.<\/li>\n<li>Borges admite que o regresso pode \u201cvai-me chatear muito a cabe\u00e7a, mas faz parte&#8230;\u201d, sublinhando que faz parte do processo.<\/li>\n<li>O t\u00e9cnico destaca que Nuno Santos \u201cn\u00e3o deixa ningu\u00e9m adormecer\u201d no plantel.<\/li>\n<\/ul>\n","protected":false},"author":2,"featured_media":177554,"comment_status":"closed","ping_status":"closed","sticky":false,"template":"","format":"standard","meta":{"footnotes":""},"categories":[21,24],"tags":[555,32,1747,242,4159,1652],"class_list":["post-177522","post","type-post","status-publish","format-standard","has-post-thumbnail","hentry","category-desporto","category-futebol","tag-assuntos-de-futebol","tag-futebol","tag-futebol-profissional","tag-jogadores","tag-jogo","tag-sporting"],"yoast_head":"<!-- This site is optimized with the Yoast SEO plugin v27.2 - https:\/\/yoast.com\/product\/yoast-seo-wordpress\/ -->\n<title>Rui Borges comenta regresso de Nuno Santos e admite press\u00e3o - Portal Tela Portugal<\/title>\n<meta name=\"robots\" content=\"index, follow, max-snippet:-1, max-image-preview:large, max-video-preview:-1\" \/>\n<meta property=\"og:locale\" content=\"pt_PT\" \/>\n<meta property=\"og:type\" content=\"article\" \/>\n<meta property=\"og:title\" content=\"Rui Borges comenta regresso de Nuno Santos e admite press\u00e3o - Portal Tela Portugal\" \/>\n<meta property=\"og:description\" content=\"Rui Borges antecipa o regresso de Nuno Santos ao Sporting, para o duelo com o Athletic Bilbao. O treinador diz que o ala esquerdo tem um grande impacto no grupo, tanto pelo que \u00e9 como atleta como pela pessoa que \u00e9. Borges admite que o regresso pode \u201cvai-me chatear muito a cabe\u00e7a, mas faz parte...\u201d, sublinhando que faz parte do processo. O t\u00e9cnico destaca que Nuno Santos \u201cn\u00e3o deixa ningu\u00e9m adormecer\u201d no plantel.\" \/>\n<meta property=\"og:url\" content=\"https:\/\/portaltela.pt\/noticias\/2026\/01\/27\/rui-borges-comenta-regresso-de-nuno-santos-e-admite-pressao\/\" \/>\n<meta property=\"og:site_name\" content=\"Portal Tela Portugal\" \/>\n<meta property=\"article:published_time\" content=\"2026-01-27T20:01:26+00:00\" \/>\n<meta name=\"author\" content=\"Telinha\" \/>\n<meta name=\"twitter:card\" content=\"summary_large_image\" \/>\n<meta name=\"twitter:label1\" content=\"Escrito por\" \/>\n\t<meta name=\"twitter:data1\" content=\"Telinha\" \/>\n\t<meta name=\"twitter:label2\" content=\"Tempo estimado de leitura\" \/>\n\t<meta name=\"twitter:data2\" content=\"1 minuto\" \/>\n<script type=\"application\/ld+json\" class=\"yoast-schema-graph\">{\"@context\":\"https:\/\/schema.org\",\"@graph\":[{\"@type\":\"Article\",\"@id\":\"https:\/\/portaltela.pt\/noticias\/2026\/01\/27\/rui-borges-comenta-regresso-de-nuno-santos-e-admite-pressao\/#article\",\"isPartOf\":{\"@id\":\"https:\/\/portaltela.pt\/noticias\/2026\/01\/27\/rui-borges-comenta-regresso-de-nuno-santos-e-admite-pressao\/\"},\"author\":{\"name\":\"Telinha\",\"@id\":\"https:\/\/portaltela.pt\/#\/schema\/person\/c4278d4a6028830caff9ee44b42d32ed\"},\"headline\":\"Rui Borges comenta regresso de Nuno Santos e admite press\u00e3o\",\"datePublished\":\"2026-01-27T20:01:26+00:00\",\"mainEntityOfPage\":{\"@id\":\"https:\/\/portaltela.pt\/noticias\/2026\/01\/27\/rui-borges-comenta-regresso-de-nuno-santos-e-admite-pressao\/\"},\"wordCount\":180,\"image\":{\"@id\":\"https:\/\/portaltela.pt\/noticias\/2026\/01\/27\/rui-borges-comenta-regresso-de-nuno-santos-e-admite-pressao\/#primaryimage\"},\"thumbnailUrl\":\"https:\/\/portaltela.pt\/s.01k8rhncp4jt1\/2026\/01\/img_1200x721uu2026-01-27-19-59-54-2417784.jpg\",\"keywords\":[\"assuntos de futebol\",\"futebol\",\"Futebol Profissional\",\"jogadores\",\"jogo\",\"Sporting\"],\"articleSection\":[\"Desporto\",\"Futebol\"],\"inLanguage\":\"pt-PT\"},{\"@type\":\"WebPage\",\"@id\":\"https:\/\/portaltela.pt\/noticias\/2026\/01\/27\/rui-borges-comenta-regresso-de-nuno-santos-e-admite-pressao\/\",\"url\":\"https:\/\/portaltela.pt\/noticias\/2026\/01\/27\/rui-borges-comenta-regresso-de-nuno-santos-e-admite-pressao\/\",\"name\":\"Rui Borges comenta regresso de Nuno Santos e admite press\u00e3o - Portal Tela Portugal\",\"isPartOf\":{\"@id\":\"https:\/\/portaltela.pt\/#website\"},\"primaryImageOfPage\":{\"@id\":\"https:\/\/portaltela.pt\/noticias\/2026\/01\/27\/rui-borges-comenta-regresso-de-nuno-santos-e-admite-pressao\/#primaryimage\"},\"image\":{\"@id\":\"https:\/\/portaltela.pt\/noticias\/2026\/01\/27\/rui-borges-comenta-regresso-de-nuno-santos-e-admite-pressao\/#primaryimage\"},\"thumbnailUrl\":\"https:\/\/portaltela.pt\/s.01k8rhncp4jt1\/2026\/01\/img_1200x721uu2026-01-27-19-59-54-2417784.jpg\",\"datePublished\":\"2026-01-27T20:01:26+00:00\",\"author\":{\"@id\":\"https:\/\/portaltela.pt\/#\/schema\/person\/c4278d4a6028830caff9ee44b42d32ed\"},\"breadcrumb\":{\"@id\":\"https:\/\/portaltela.pt\/noticias\/2026\/01\/27\/rui-borges-comenta-regresso-de-nuno-santos-e-admite-pressao\/#breadcrumb\"},\"inLanguage\":\"pt-PT\",\"potentialAction\":[{\"@type\":\"ReadAction\",\"target\":[\"https:\/\/portaltela.pt\/noticias\/2026\/01\/27\/rui-borges-comenta-regresso-de-nuno-santos-e-admite-pressao\/\"]}]},{\"@type\":\"ImageObject\",\"inLanguage\":\"pt-PT\",\"@id\":\"https:\/\/portaltela.pt\/noticias\/2026\/01\/27\/rui-borges-comenta-regresso-de-nuno-santos-e-admite-pressao\/#primaryimage\",\"url\":\"https:\/\/portaltela.pt\/s.01k8rhncp4jt1\/2026\/01\/img_1200x721uu2026-01-27-19-59-54-2417784.jpg\",\"contentUrl\":\"https:\/\/portaltela.pt\/s.01k8rhncp4jt1\/2026\/01\/img_1200x721uu2026-01-27-19-59-54-2417784.jpg\",\"width\":796,\"height\":448,\"caption\":\"Rui Borges e o regresso de Nuno Santos: \u00abVai-me chatear muito a cabe\u00e7a, mas faz parte...\u00bb\"},{\"@type\":\"BreadcrumbList\",\"@id\":\"https:\/\/portaltela.pt\/noticias\/2026\/01\/27\/rui-borges-comenta-regresso-de-nuno-santos-e-admite-pressao\/#breadcrumb\",\"itemListElement\":[{\"@type\":\"ListItem\",\"position\":1,\"name\":\"In\u00edcio\",\"item\":\"https:\/\/portaltela.pt\/\"},{\"@type\":\"ListItem\",\"position\":2,\"name\":\"Rui Borges comenta regresso de Nuno Santos e admite press\u00e3o\"}]},{\"@type\":\"WebSite\",\"@id\":\"https:\/\/portaltela.pt\/#website\",\"url\":\"https:\/\/portaltela.pt\/\",\"name\":\"Portal Tela Portugal\",\"description\":\"\",\"potentialAction\":[{\"@type\":\"SearchAction\",\"target\":{\"@type\":\"EntryPoint\",\"urlTemplate\":\"https:\/\/portaltela.pt\/?s={search_term_string}\"},\"query-input\":{\"@type\":\"PropertyValueSpecification\",\"valueRequired\":true,\"valueName\":\"search_term_string\"}}],\"inLanguage\":\"pt-PT\"},{\"@type\":\"Person\",\"@id\":\"https:\/\/portaltela.pt\/#\/schema\/person\/c4278d4a6028830caff9ee44b42d32ed\",\"name\":\"Telinha\",\"image\":{\"@type\":\"ImageObject\",\"inLanguage\":\"pt-PT\",\"@id\":\"https:\/\/portaltela.pt\/s.01k8rhncp4jt1\/2025\/11\/talking-bot-125x125.png\",\"url\":\"https:\/\/portaltela.pt\/s.01k8rhncp4jt1\/2025\/11\/talking-bot-125x125.png\",\"contentUrl\":\"https:\/\/portaltela.pt\/s.01k8rhncp4jt1\/2025\/11\/talking-bot-125x125.png\",\"caption\":\"Telinha\"},\"sameAs\":[\"https:\/\/portaltela.pt\/\"],\"url\":\"https:\/\/portaltela.pt\/por\/367410592786\/\"}]}<\/script>\n<!-- \/ Yoast SEO plugin. -->","yoast_head_json":{"title":"Rui Borges comenta regresso de Nuno Santos e admite press\u00e3o - Portal Tela Portugal","robots":{"index":"index","follow":"follow","max-snippet":"max-snippet:-1","max-image-preview":"max-image-preview:large","max-video-preview":"max-video-preview:-1"},"og_locale":"pt_PT","og_type":"article","og_title":"Rui Borges comenta regresso de Nuno Santos e admite press\u00e3o - Portal Tela Portugal","og_description":"Rui Borges antecipa o regresso de Nuno Santos ao Sporting, para o duelo com o Athletic Bilbao. O treinador diz que o ala esquerdo tem um grande impacto no grupo, tanto pelo que \u00e9 como atleta como pela pessoa que \u00e9. Borges admite que o regresso pode \u201cvai-me chatear muito a cabe\u00e7a, mas faz parte...\u201d, sublinhando que faz parte do processo. O t\u00e9cnico destaca que Nuno Santos \u201cn\u00e3o deixa ningu\u00e9m adormecer\u201d no plantel.","og_url":"https:\/\/portaltela.pt\/noticias\/2026\/01\/27\/rui-borges-comenta-regresso-de-nuno-santos-e-admite-pressao\/","og_site_name":"Portal Tela Portugal","article_published_time":"2026-01-27T20:01:26+00:00","author":"Telinha","twitter_card":"summary_large_image","twitter_misc":{"Escrito por":"Telinha","Tempo estimado de leitura":"1 minuto"},"schema":{"@context":"https:\/\/schema.org","@graph":[{"@type":"Article","@id":"https:\/\/portaltela.pt\/noticias\/2026\/01\/27\/rui-borges-comenta-regresso-de-nuno-santos-e-admite-pressao\/#article","isPartOf":{"@id":"https:\/\/portaltela.pt\/noticias\/2026\/01\/27\/rui-borges-comenta-regresso-de-nuno-santos-e-admite-pressao\/"},"author":{"name":"Telinha","@id":"https:\/\/portaltela.pt\/#\/schema\/person\/c4278d4a6028830caff9ee44b42d32ed"},"headline":"Rui Borges comenta regresso de Nuno Santos e admite press\u00e3o","datePublished":"2026-01-27T20:01:26+00:00","mainEntityOfPage":{"@id":"https:\/\/portaltela.pt\/noticias\/2026\/01\/27\/rui-borges-comenta-regresso-de-nuno-santos-e-admite-pressao\/"},"wordCount":180,"image":{"@id":"https:\/\/portaltela.pt\/noticias\/2026\/01\/27\/rui-borges-comenta-regresso-de-nuno-santos-e-admite-pressao\/#primaryimage"},"thumbnailUrl":"https:\/\/portaltela.pt\/s.01k8rhncp4jt1\/2026\/01\/img_1200x721uu2026-01-27-19-59-54-2417784.jpg","keywords":["assuntos de futebol","futebol","Futebol Profissional","jogadores","jogo","Sporting"],"articleSection":["Desporto","Futebol"],"inLanguage":"pt-PT"},{"@type":"WebPage","@id":"https:\/\/portaltela.pt\/noticias\/2026\/01\/27\/rui-borges-comenta-regresso-de-nuno-santos-e-admite-pressao\/","url":"https:\/\/portaltela.pt\/noticias\/2026\/01\/27\/rui-borges-comenta-regresso-de-nuno-santos-e-admite-pressao\/","name":"Rui Borges comenta regresso de Nuno Santos e admite press\u00e3o - Portal Tela Portugal","isPartOf":{"@id":"https:\/\/portaltela.pt\/#website"},"primaryImageOfPage":{"@id":"https:\/\/portaltela.pt\/noticias\/2026\/01\/27\/rui-borges-comenta-regresso-de-nuno-santos-e-admite-pressao\/#primaryimage"},"image":{"@id":"https:\/\/portaltela.pt\/noticias\/2026\/01\/27\/rui-borges-comenta-regresso-de-nuno-santos-e-admite-pressao\/#primaryimage"},"thumbnailUrl":"https:\/\/portaltela.pt\/s.01k8rhncp4jt1\/2026\/01\/img_1200x721uu2026-01-27-19-59-54-2417784.jpg","datePublished":"2026-01-27T20:01:26+00:00","author":{"@id":"https:\/\/portaltela.pt\/#\/schema\/person\/c4278d4a6028830caff9ee44b42d32ed"},"breadcrumb":{"@id":"https:\/\/portaltela.pt\/noticias\/2026\/01\/27\/rui-borges-comenta-regresso-de-nuno-santos-e-admite-pressao\/#breadcrumb"},"inLanguage":"pt-PT","potentialAction":[{"@type":"ReadAction","target":["https:\/\/portaltela.pt\/noticias\/2026\/01\/27\/rui-borges-comenta-regresso-de-nuno-santos-e-admite-pressao\/"]}]},{"@type":"ImageObject","inLanguage":"pt-PT","@id":"https:\/\/portaltela.pt\/noticias\/2026\/01\/27\/rui-borges-comenta-regresso-de-nuno-santos-e-admite-pressao\/#primaryimage","url":"https:\/\/portaltela.pt\/s.01k8rhncp4jt1\/2026\/01\/img_1200x721uu2026-01-27-19-59-54-2417784.jpg","contentUrl":"https:\/\/portaltela.pt\/s.01k8rhncp4jt1\/2026\/01\/img_1200x721uu2026-01-27-19-59-54-2417784.jpg","width":796,"height":448,"caption":"Rui Borges e o regresso de Nuno Santos: \u00abVai-me chatear muito a cabe\u00e7a, mas faz parte...\u00bb"},{"@type":"BreadcrumbList","@id":"https:\/\/portaltela.pt\/noticias\/2026\/01\/27\/rui-borges-comenta-regresso-de-nuno-santos-e-admite-pressao\/#breadcrumb","itemListElement":[{"@type":"ListItem","position":1,"name":"In\u00edcio","item":"https:\/\/portaltela.pt\/"},{"@type":"ListItem","position":2,"name":"Rui Borges comenta regresso de Nuno Santos e admite press\u00e3o"}]},{"@type":"WebSite","@id":"https:\/\/portaltela.pt\/#website","url":"https:\/\/portaltela.pt\/","name":"Portal Tela Portugal","description":"","potentialAction":[{"@type":"SearchAction","target":{"@type":"EntryPoint","urlTemplate":"https:\/\/portaltela.pt\/?s={search_term_string}"},"query-input":{"@type":"PropertyValueSpecification","valueRequired":true,"valueName":"search_term_string"}}],"inLanguage":"pt-PT"},{"@type":"Person","@id":"https:\/\/portaltela.pt\/#\/schema\/person\/c4278d4a6028830caff9ee44b42d32ed","name":"Telinha","image":{"@type":"ImageObject","inLanguage":"pt-PT","@id":"https:\/\/portaltela.pt\/s.01k8rhncp4jt1\/2025\/11\/talking-bot-125x125.png","url":"https:\/\/portaltela.pt\/s.01k8rhncp4jt1\/2025\/11\/talking-bot-125x125.png","contentUrl":"https:\/\/portaltela.pt\/s.01k8rhncp4jt1\/2025\/11\/talking-bot-125x125.png","caption":"Telinha"},"sameAs":["https:\/\/portaltela.pt\/"],"url":"https:\/\/portaltela.pt\/por\/367410592786\/"}]}},"_links":{"self":[{"href":"https:\/\/portaltela.pt\/api\/wp\/v2\/posts\/177522","targetHints":{"allow":["GET"]}}],"collection":[{"href":"https:\/\/portaltela.pt\/api\/wp\/v2\/posts"}],"about":[{"href":"https:\/\/portaltela.pt\/api\/wp\/v2\/types\/post"}],"author":[{"embeddable":true,"href":"https:\/\/portaltela.pt\/api\/wp\/v2\/users\/2"}],"replies":[{"embeddable":true,"href":"https:\/\/portaltela.pt\/api\/wp\/v2\/comments?post=177522"}],"version-history":[{"count":0,"href":"https:\/\/portaltela.pt\/api\/wp\/v2\/posts\/177522\/revisions"}],"wp:featuredmedia":[{"embeddable":true,"href":"https:\/\/portaltela.pt\/api\/wp\/v2\/media\/177554"}],"wp:attachment":[{"href":"https:\/\/portaltela.pt\/api\/wp\/v2\/media?parent=177522"}],"wp:term":[{"taxonomy":"category","embeddable":true,"href":"https:\/\/portaltela.pt\/api\/wp\/v2\/categories?post=177522"},{"taxonomy":"post_tag","embeddable":true,"href":"https:\/\/portaltela.pt\/api\/wp\/v2\/tags?post=177522"}],"curies":[{"name":"wp","href":"https:\/\/api.w.org\/{rel}","templated":true}]}}