{"id":177510,"date":"2026-01-27T16:25:00","date_gmt":"2026-01-27T19:25:00","guid":{"rendered":"https:\/\/portaltela.pt\/noticias\/2026\/01\/27\/projeto-sassetti-e-bordal-apresentado-em-madrid\/"},"modified":"2026-01-27T16:25:00","modified_gmt":"2026-01-27T19:25:00","slug":"projeto-sassetti-e-bordal-apresentado-em-madrid","status":"publish","type":"post","link":"https:\/\/portaltela.pt\/noticias\/2026\/01\/27\/projeto-sassetti-e-bordal-apresentado-em-madrid\/","title":{"rendered":"Projeto Sassetti e Bordal apresentado em Madrid"},"content":{"rendered":"<p>O projeto Sassetti \u00d7 Bordal foi apresentado em Madrid, na T\u00f6nnheim Gallery, dentro da exposi\u00e7\u00e3o \u00c1guas doces, \u00e1guas livres. A obra Furo, Fio, Tra\u00e7o resulta de uma resid\u00eancia art\u00edstica desenvolvida pela Bordal \u2013 Bordados da Madeira. A apresenta\u00e7\u00e3o destaca a fus\u00e3o entre cria\u00e7\u00e3o contempor\u00e2nea e gestos hist\u00f3ricos da estamparia e do bordado madeirense.<\/p>\n<p>O comunicado enviado \u00e0s reda\u00e7\u00f5es explica que o projeto valoriza o fazer manual como linguagem art\u00edstica. O trabalho parte de tr\u00eas elementos do processo tradicional: o furo, o fio e o tra\u00e7o, revelando o bordado como territ\u00f3rio de experimenta\u00e7\u00e3o, mem\u00f3ria e perman\u00eancia.<\/p>\n<p>A resid\u00eancia na Bordal deu origem a um corpo de trabalho que cruza patrim\u00f3nio, estamparia e arte contempor\u00e2nea. O Bordado da Madeira \u00e9 apresentado como pr\u00e1tica viva em di\u00e1logo com o presente, segundo o texto.<\/p>\n<p>A exposi\u00e7\u00e3o do projecto est\u00e1 prevista na Madeira, com inaugura\u00e7\u00e3o marcada para 18 de Mar\u00e7o na Galeria Lourdes \u2013 Quinta de S\u00e3o Jo\u00e3o, em C\u00e2mara de Lobos. O p\u00fablico poder\u00e1 conhecer a obra e o percurso criativo que lhe deu origem.<\/p>\n<p>A Bordal refor\u00e7a a sua atua\u00e7\u00e3o no campo da cultura, posicionando-se como espa\u00e7o de resid\u00eancia e investiga\u00e7\u00e3o art\u00edstica. A iniciativa contribui para a valoriza\u00e7\u00e3o do Bordado da Madeira como patrim\u00f3nio vivo e linguagem art\u00edstica contempor\u00e2nea.<\/p>\n","protected":false},"excerpt":{"rendered":"<ul>\n<li>A exposi\u00e7\u00e3o \u00c1guas doces, \u00e1guas livres, na T\u00f6nnheim Gallery, em Madrid, apresentou a obra &#8216;Furo, Fio, Tra\u00e7o&#8217; do projecto Sassetti \u00d7 Bordal.<\/li>\n<li>O projecto resulta de uma resid\u00eancia art\u00edstica na Bordal \u2013 Bordados da Madeira, que cruza patrim\u00f3nio, estamparia e arte contempor\u00e2nea.<\/li>\n<li>A pe\u00e7a valoriza o processo como parte da obra, destacando o furo, o fio e o tra\u00e7o como elementos centrais da pr\u00e1tica de bordado tradicional.<\/li>\n<li>Um comunicado \u00e0s redac\u00e7\u00f5es afirma que o Bordado da Madeira \u00e9 uma pr\u00e1tica viva, em di\u00e1logo continuo com o presente.<\/li>\n<li>A exposi\u00e7\u00e3o do projecto na Madeira est\u00e1 marcada para 18 de mar\u00e7o, na Galeria Lourdes \u2013 Quinta de S\u00e3o Jo\u00e3o, em C\u00e2mara de Lobos.<\/li>\n<\/ul>\n","protected":false},"author":2,"featured_media":177563,"comment_status":"closed","ping_status":"closed","sticky":false,"template":"","format":"standard","meta":{"footnotes":""},"categories":[1],"tags":[4435,1233,145,859,814,1995],"class_list":["post-177510","post","type-post","status-publish","format-standard","has-post-thumbnail","hentry","category-noticias","tag-artes","tag-bordados","tag-cultura","tag-madeira","tag-patrimonio","tag-residencias-artisticas"],"yoast_head":"<!-- This site is optimized with the Yoast SEO plugin v27.2 - https:\/\/yoast.com\/product\/yoast-seo-wordpress\/ -->\n<title>Projeto Sassetti e Bordal apresentado em Madrid - Portal Tela Portugal<\/title>\n<meta name=\"robots\" content=\"index, follow, max-snippet:-1, max-image-preview:large, max-video-preview:-1\" \/>\n<meta property=\"og:locale\" content=\"pt_PT\" \/>\n<meta property=\"og:type\" content=\"article\" \/>\n<meta property=\"og:title\" content=\"Projeto Sassetti e Bordal apresentado em Madrid - Portal Tela Portugal\" \/>\n<meta property=\"og:description\" content=\"A exposi\u00e7\u00e3o \u00c1guas doces, \u00e1guas livres, na T\u00f6nnheim Gallery, em Madrid, apresentou a obra &#039;Furo, Fio, Tra\u00e7o&#039; do projecto Sassetti \u00d7 Bordal. O projecto resulta de uma resid\u00eancia art\u00edstica na Bordal \u2013 Bordados da Madeira, que cruza patrim\u00f3nio, estamparia e arte contempor\u00e2nea. A pe\u00e7a valoriza o processo como parte da obra, destacando o furo, o fio e o tra\u00e7o como elementos centrais da pr\u00e1tica de bordado tradicional. Um comunicado \u00e0s redac\u00e7\u00f5es afirma que o Bordado da Madeira \u00e9 uma pr\u00e1tica viva, em di\u00e1logo continuo com o presente. A exposi\u00e7\u00e3o do projecto na Madeira est\u00e1 marcada para 18 de mar\u00e7o, na Galeria Lourdes \u2013 Quinta de S\u00e3o Jo\u00e3o, em C\u00e2mara de Lobos.\" \/>\n<meta property=\"og:url\" content=\"https:\/\/portaltela.pt\/noticias\/2026\/01\/27\/projeto-sassetti-e-bordal-apresentado-em-madrid\/\" \/>\n<meta property=\"og:site_name\" content=\"Portal Tela Portugal\" \/>\n<meta property=\"article:published_time\" content=\"2026-01-27T19:25:00+00:00\" \/>\n<meta name=\"author\" content=\"Telinha\" \/>\n<meta name=\"twitter:card\" content=\"summary_large_image\" \/>\n<meta name=\"twitter:label1\" content=\"Escrito por\" \/>\n\t<meta name=\"twitter:data1\" content=\"Telinha\" \/>\n\t<meta name=\"twitter:label2\" content=\"Tempo estimado de leitura\" \/>\n\t<meta name=\"twitter:data2\" content=\"1 minuto\" \/>\n<script type=\"application\/ld+json\" class=\"yoast-schema-graph\">{\"@context\":\"https:\/\/schema.org\",\"@graph\":[{\"@type\":\"Article\",\"@id\":\"https:\/\/portaltela.pt\/noticias\/2026\/01\/27\/projeto-sassetti-e-bordal-apresentado-em-madrid\/#article\",\"isPartOf\":{\"@id\":\"https:\/\/portaltela.pt\/noticias\/2026\/01\/27\/projeto-sassetti-e-bordal-apresentado-em-madrid\/\"},\"author\":{\"name\":\"Telinha\",\"@id\":\"https:\/\/portaltela.pt\/#\/schema\/person\/c4278d4a6028830caff9ee44b42d32ed\"},\"headline\":\"Projeto Sassetti e Bordal apresentado em Madrid\",\"datePublished\":\"2026-01-27T19:25:00+00:00\",\"mainEntityOfPage\":{\"@id\":\"https:\/\/portaltela.pt\/noticias\/2026\/01\/27\/projeto-sassetti-e-bordal-apresentado-em-madrid\/\"},\"wordCount\":248,\"image\":{\"@id\":\"https:\/\/portaltela.pt\/noticias\/2026\/01\/27\/projeto-sassetti-e-bordal-apresentado-em-madrid\/#primaryimage\"},\"thumbnailUrl\":\"https:\/\/portaltela.pt\/s.01k8rhncp4jt1\/2026\/01\/unnamed-file-5553.jpg\",\"keywords\":[\"artes\",\"bordados\",\"cultura\",\"Madeira\",\"patrim\u00f3nio\",\"resid\u00eancias art\u00edsticas\"],\"articleSection\":[\"Not\u00edcias\"],\"inLanguage\":\"pt-PT\"},{\"@type\":\"WebPage\",\"@id\":\"https:\/\/portaltela.pt\/noticias\/2026\/01\/27\/projeto-sassetti-e-bordal-apresentado-em-madrid\/\",\"url\":\"https:\/\/portaltela.pt\/noticias\/2026\/01\/27\/projeto-sassetti-e-bordal-apresentado-em-madrid\/\",\"name\":\"Projeto Sassetti e Bordal apresentado em Madrid - Portal Tela Portugal\",\"isPartOf\":{\"@id\":\"https:\/\/portaltela.pt\/#website\"},\"primaryImageOfPage\":{\"@id\":\"https:\/\/portaltela.pt\/noticias\/2026\/01\/27\/projeto-sassetti-e-bordal-apresentado-em-madrid\/#primaryimage\"},\"image\":{\"@id\":\"https:\/\/portaltela.pt\/noticias\/2026\/01\/27\/projeto-sassetti-e-bordal-apresentado-em-madrid\/#primaryimage\"},\"thumbnailUrl\":\"https:\/\/portaltela.pt\/s.01k8rhncp4jt1\/2026\/01\/unnamed-file-5553.jpg\",\"datePublished\":\"2026-01-27T19:25:00+00:00\",\"author\":{\"@id\":\"https:\/\/portaltela.pt\/#\/schema\/person\/c4278d4a6028830caff9ee44b42d32ed\"},\"breadcrumb\":{\"@id\":\"https:\/\/portaltela.pt\/noticias\/2026\/01\/27\/projeto-sassetti-e-bordal-apresentado-em-madrid\/#breadcrumb\"},\"inLanguage\":\"pt-PT\",\"potentialAction\":[{\"@type\":\"ReadAction\",\"target\":[\"https:\/\/portaltela.pt\/noticias\/2026\/01\/27\/projeto-sassetti-e-bordal-apresentado-em-madrid\/\"]}]},{\"@type\":\"ImageObject\",\"inLanguage\":\"pt-PT\",\"@id\":\"https:\/\/portaltela.pt\/noticias\/2026\/01\/27\/projeto-sassetti-e-bordal-apresentado-em-madrid\/#primaryimage\",\"url\":\"https:\/\/portaltela.pt\/s.01k8rhncp4jt1\/2026\/01\/unnamed-file-5553.jpg\",\"contentUrl\":\"https:\/\/portaltela.pt\/s.01k8rhncp4jt1\/2026\/01\/unnamed-file-5553.jpg\",\"width\":796,\"height\":448,\"caption\":\"Projecto Sassetti x Bordal apresentado em Madrid\"},{\"@type\":\"BreadcrumbList\",\"@id\":\"https:\/\/portaltela.pt\/noticias\/2026\/01\/27\/projeto-sassetti-e-bordal-apresentado-em-madrid\/#breadcrumb\",\"itemListElement\":[{\"@type\":\"ListItem\",\"position\":1,\"name\":\"In\u00edcio\",\"item\":\"https:\/\/portaltela.pt\/\"},{\"@type\":\"ListItem\",\"position\":2,\"name\":\"Projeto Sassetti e Bordal apresentado em Madrid\"}]},{\"@type\":\"WebSite\",\"@id\":\"https:\/\/portaltela.pt\/#website\",\"url\":\"https:\/\/portaltela.pt\/\",\"name\":\"Portal Tela Portugal\",\"description\":\"\",\"potentialAction\":[{\"@type\":\"SearchAction\",\"target\":{\"@type\":\"EntryPoint\",\"urlTemplate\":\"https:\/\/portaltela.pt\/?s={search_term_string}\"},\"query-input\":{\"@type\":\"PropertyValueSpecification\",\"valueRequired\":true,\"valueName\":\"search_term_string\"}}],\"inLanguage\":\"pt-PT\"},{\"@type\":\"Person\",\"@id\":\"https:\/\/portaltela.pt\/#\/schema\/person\/c4278d4a6028830caff9ee44b42d32ed\",\"name\":\"Telinha\",\"image\":{\"@type\":\"ImageObject\",\"inLanguage\":\"pt-PT\",\"@id\":\"https:\/\/portaltela.pt\/s.01k8rhncp4jt1\/2025\/11\/talking-bot-125x125.png\",\"url\":\"https:\/\/portaltela.pt\/s.01k8rhncp4jt1\/2025\/11\/talking-bot-125x125.png\",\"contentUrl\":\"https:\/\/portaltela.pt\/s.01k8rhncp4jt1\/2025\/11\/talking-bot-125x125.png\",\"caption\":\"Telinha\"},\"sameAs\":[\"https:\/\/portaltela.pt\/\"],\"url\":\"https:\/\/portaltela.pt\/por\/367410592786\/\"}]}<\/script>\n<!-- \/ Yoast SEO plugin. -->","yoast_head_json":{"title":"Projeto Sassetti e Bordal apresentado em Madrid - Portal Tela Portugal","robots":{"index":"index","follow":"follow","max-snippet":"max-snippet:-1","max-image-preview":"max-image-preview:large","max-video-preview":"max-video-preview:-1"},"og_locale":"pt_PT","og_type":"article","og_title":"Projeto Sassetti e Bordal apresentado em Madrid - Portal Tela Portugal","og_description":"A exposi\u00e7\u00e3o \u00c1guas doces, \u00e1guas livres, na T\u00f6nnheim Gallery, em Madrid, apresentou a obra 'Furo, Fio, Tra\u00e7o' do projecto Sassetti \u00d7 Bordal. O projecto resulta de uma resid\u00eancia art\u00edstica na Bordal \u2013 Bordados da Madeira, que cruza patrim\u00f3nio, estamparia e arte contempor\u00e2nea. A pe\u00e7a valoriza o processo como parte da obra, destacando o furo, o fio e o tra\u00e7o como elementos centrais da pr\u00e1tica de bordado tradicional. Um comunicado \u00e0s redac\u00e7\u00f5es afirma que o Bordado da Madeira \u00e9 uma pr\u00e1tica viva, em di\u00e1logo continuo com o presente. A exposi\u00e7\u00e3o do projecto na Madeira est\u00e1 marcada para 18 de mar\u00e7o, na Galeria Lourdes \u2013 Quinta de S\u00e3o Jo\u00e3o, em C\u00e2mara de Lobos.","og_url":"https:\/\/portaltela.pt\/noticias\/2026\/01\/27\/projeto-sassetti-e-bordal-apresentado-em-madrid\/","og_site_name":"Portal Tela Portugal","article_published_time":"2026-01-27T19:25:00+00:00","author":"Telinha","twitter_card":"summary_large_image","twitter_misc":{"Escrito por":"Telinha","Tempo estimado de leitura":"1 minuto"},"schema":{"@context":"https:\/\/schema.org","@graph":[{"@type":"Article","@id":"https:\/\/portaltela.pt\/noticias\/2026\/01\/27\/projeto-sassetti-e-bordal-apresentado-em-madrid\/#article","isPartOf":{"@id":"https:\/\/portaltela.pt\/noticias\/2026\/01\/27\/projeto-sassetti-e-bordal-apresentado-em-madrid\/"},"author":{"name":"Telinha","@id":"https:\/\/portaltela.pt\/#\/schema\/person\/c4278d4a6028830caff9ee44b42d32ed"},"headline":"Projeto Sassetti e Bordal apresentado em Madrid","datePublished":"2026-01-27T19:25:00+00:00","mainEntityOfPage":{"@id":"https:\/\/portaltela.pt\/noticias\/2026\/01\/27\/projeto-sassetti-e-bordal-apresentado-em-madrid\/"},"wordCount":248,"image":{"@id":"https:\/\/portaltela.pt\/noticias\/2026\/01\/27\/projeto-sassetti-e-bordal-apresentado-em-madrid\/#primaryimage"},"thumbnailUrl":"https:\/\/portaltela.pt\/s.01k8rhncp4jt1\/2026\/01\/unnamed-file-5553.jpg","keywords":["artes","bordados","cultura","Madeira","patrim\u00f3nio","resid\u00eancias art\u00edsticas"],"articleSection":["Not\u00edcias"],"inLanguage":"pt-PT"},{"@type":"WebPage","@id":"https:\/\/portaltela.pt\/noticias\/2026\/01\/27\/projeto-sassetti-e-bordal-apresentado-em-madrid\/","url":"https:\/\/portaltela.pt\/noticias\/2026\/01\/27\/projeto-sassetti-e-bordal-apresentado-em-madrid\/","name":"Projeto Sassetti e Bordal apresentado em Madrid - Portal Tela Portugal","isPartOf":{"@id":"https:\/\/portaltela.pt\/#website"},"primaryImageOfPage":{"@id":"https:\/\/portaltela.pt\/noticias\/2026\/01\/27\/projeto-sassetti-e-bordal-apresentado-em-madrid\/#primaryimage"},"image":{"@id":"https:\/\/portaltela.pt\/noticias\/2026\/01\/27\/projeto-sassetti-e-bordal-apresentado-em-madrid\/#primaryimage"},"thumbnailUrl":"https:\/\/portaltela.pt\/s.01k8rhncp4jt1\/2026\/01\/unnamed-file-5553.jpg","datePublished":"2026-01-27T19:25:00+00:00","author":{"@id":"https:\/\/portaltela.pt\/#\/schema\/person\/c4278d4a6028830caff9ee44b42d32ed"},"breadcrumb":{"@id":"https:\/\/portaltela.pt\/noticias\/2026\/01\/27\/projeto-sassetti-e-bordal-apresentado-em-madrid\/#breadcrumb"},"inLanguage":"pt-PT","potentialAction":[{"@type":"ReadAction","target":["https:\/\/portaltela.pt\/noticias\/2026\/01\/27\/projeto-sassetti-e-bordal-apresentado-em-madrid\/"]}]},{"@type":"ImageObject","inLanguage":"pt-PT","@id":"https:\/\/portaltela.pt\/noticias\/2026\/01\/27\/projeto-sassetti-e-bordal-apresentado-em-madrid\/#primaryimage","url":"https:\/\/portaltela.pt\/s.01k8rhncp4jt1\/2026\/01\/unnamed-file-5553.jpg","contentUrl":"https:\/\/portaltela.pt\/s.01k8rhncp4jt1\/2026\/01\/unnamed-file-5553.jpg","width":796,"height":448,"caption":"Projecto Sassetti x Bordal apresentado em Madrid"},{"@type":"BreadcrumbList","@id":"https:\/\/portaltela.pt\/noticias\/2026\/01\/27\/projeto-sassetti-e-bordal-apresentado-em-madrid\/#breadcrumb","itemListElement":[{"@type":"ListItem","position":1,"name":"In\u00edcio","item":"https:\/\/portaltela.pt\/"},{"@type":"ListItem","position":2,"name":"Projeto Sassetti e Bordal apresentado em Madrid"}]},{"@type":"WebSite","@id":"https:\/\/portaltela.pt\/#website","url":"https:\/\/portaltela.pt\/","name":"Portal Tela Portugal","description":"","potentialAction":[{"@type":"SearchAction","target":{"@type":"EntryPoint","urlTemplate":"https:\/\/portaltela.pt\/?s={search_term_string}"},"query-input":{"@type":"PropertyValueSpecification","valueRequired":true,"valueName":"search_term_string"}}],"inLanguage":"pt-PT"},{"@type":"Person","@id":"https:\/\/portaltela.pt\/#\/schema\/person\/c4278d4a6028830caff9ee44b42d32ed","name":"Telinha","image":{"@type":"ImageObject","inLanguage":"pt-PT","@id":"https:\/\/portaltela.pt\/s.01k8rhncp4jt1\/2025\/11\/talking-bot-125x125.png","url":"https:\/\/portaltela.pt\/s.01k8rhncp4jt1\/2025\/11\/talking-bot-125x125.png","contentUrl":"https:\/\/portaltela.pt\/s.01k8rhncp4jt1\/2025\/11\/talking-bot-125x125.png","caption":"Telinha"},"sameAs":["https:\/\/portaltela.pt\/"],"url":"https:\/\/portaltela.pt\/por\/367410592786\/"}]}},"_links":{"self":[{"href":"https:\/\/portaltela.pt\/api\/wp\/v2\/posts\/177510","targetHints":{"allow":["GET"]}}],"collection":[{"href":"https:\/\/portaltela.pt\/api\/wp\/v2\/posts"}],"about":[{"href":"https:\/\/portaltela.pt\/api\/wp\/v2\/types\/post"}],"author":[{"embeddable":true,"href":"https:\/\/portaltela.pt\/api\/wp\/v2\/users\/2"}],"replies":[{"embeddable":true,"href":"https:\/\/portaltela.pt\/api\/wp\/v2\/comments?post=177510"}],"version-history":[{"count":0,"href":"https:\/\/portaltela.pt\/api\/wp\/v2\/posts\/177510\/revisions"}],"wp:featuredmedia":[{"embeddable":true,"href":"https:\/\/portaltela.pt\/api\/wp\/v2\/media\/177563"}],"wp:attachment":[{"href":"https:\/\/portaltela.pt\/api\/wp\/v2\/media?parent=177510"}],"wp:term":[{"taxonomy":"category","embeddable":true,"href":"https:\/\/portaltela.pt\/api\/wp\/v2\/categories?post=177510"},{"taxonomy":"post_tag","embeddable":true,"href":"https:\/\/portaltela.pt\/api\/wp\/v2\/tags?post=177510"}],"curies":[{"name":"wp","href":"https:\/\/api.w.org\/{rel}","templated":true}]}}