{"id":177501,"date":"2026-01-27T16:56:00","date_gmt":"2026-01-27T19:56:00","guid":{"rendered":"https:\/\/portaltela.pt\/noticias\/2026\/01\/27\/guimaraes-enfrenta-pontes-cortadas-e-terrenos-inundados\/"},"modified":"2026-01-27T16:56:00","modified_gmt":"2026-01-27T19:56:00","slug":"guimaraes-enfrenta-pontes-cortadas-e-terrenos-inundados","status":"publish","type":"post","link":"https:\/\/portaltela.pt\/noticias\/2026\/01\/27\/guimaraes-enfrenta-pontes-cortadas-e-terrenos-inundados\/","title":{"rendered":"Guimar\u00e3es enfrenta pontes cortadas e terrenos inundados"},"content":{"rendered":"<p>As pontes de Barco e de Nasceiros, sobre o rio Ave, bem como a Ponte do Rabelo, sobre a Ribeira de Agrela, ficaram cortadas ao tr\u00e2nsito devido \u00e0 subida acentuada das \u00e1guas. Terrenos junto aos rios Ave e Selho em Guimar\u00e3es encontravam-se inundados. A Prote\u00e7\u00e3o Civil Municipal registou 25 ocorr\u00eancias relacionadas com o mau tempo.<\/p>\n<p>A ponte que liga Barco \u00e0 freguesia de Prazins Santa Euf\u00e9mia ficou intransit\u00e1vel, com o n\u00edvel da \u00e1gua a ultrapassar o tabuleiro. Na Ponte de Nasceiros, que liga Gondomar a Campos e Louredo, o cen\u00e1rio foi semelhante. A Junta de Freguesia de Caldelas encerrou a Ponte do Rabelo, junto \u00e0 Praia Seca, onde o ribeiro se encontra com o Ave.<\/p>\n<p>Os terrenos marginais aos rios Ave e Selho apresentavam alagamentos, nomeadamente na Veiga de Creixomil, na entrada de Guimar\u00e3es pela autoestrada. Grandes len\u00e7\u00f3is de \u00e1gua eram vis\u00edveis a partir da circula\u00e7\u00e3o entre Porto e Braga.<\/p>\n<p>Na regi\u00e3o, a Prote\u00e7\u00e3o Civil de Guimar\u00e3es informou 25 ocorr\u00eancias. Entre elas, houve 10 situa\u00e7\u00f5es de inunda\u00e7\u00e3o de estruturas ou superf\u00edcies pela precipita\u00e7\u00e3o intensa, 3 quedas de \u00e1rvores, 2 ocorr\u00eancias com muros ou taludes, 2 cheias e 1 aluimento de piso.<\/p>\n<p>O munic\u00edpio permanece em vigil\u00e2ncia devido \u00e0s previs\u00f5es de tempo extremo. O distrito de Braga tem aviso meteorol\u00f3gico vermelho para quarta-feira, 28, desde as 3h at\u00e9 \u00e0s 21h. Entre as 3h e as 6h s\u00e3o esperados ventos de at\u00e9 140 km\/h.<\/p>\n<h3>Situa\u00e7\u00e3o em Guimar\u00e3es<\/h3>\n<p>As autoridades indicam pontos de alargamento da \u00e1gua junto a vias e acessos, com cortes pontuais em infraestruturas rodovi\u00e1rias. Agricultores e moradores acusam dificuldades de mobilidade e de acesso a zonas ribeirinhas.<\/p>\n<h3>Aviso vermelho e previs\u00f5es<\/h3>\n<p>As autoridades mant\u00eam o alerta ativo at\u00e9 ao final do dia. As autoridades pedem cautela adicional, dado o potencial de inunda\u00e7\u00f5es repentinas e quedas de \u00e1rvores em zonas urbanas e rurais.<\/p>\n","protected":false},"excerpt":{"rendered":"<ul>\n<li>As pontes de Barco e de Nasceiros, sobre o rio Ave, e a Ponte do Rabelo, sobre a Ribeira de Agrela, est\u00e3o cortadas ao tr\u00e2nsito.<\/li>\n<li>Em Guimar\u00e3es, os terrenos nas margens dos rios Ave e Selho ficaram inundados, com.cheias vis\u00edveis na Veiga de Creixomil.<\/li>\n<li>A Prote\u00e7\u00e3o Civil Municipal registou 25 ocorr\u00eancias relacionadas com o temporal, maioritariamente inunda\u00e7\u00f5es, mas tamb\u00e9m quedas de \u00e1rvores.<\/li>\n<li>A ponte que liga Barco a Prazins Santa Euf\u00e9mia est\u00e1 intransit\u00e1vel; a Ponte de Nasceiros est\u00e1 na mesma situa\u00e7\u00e3o; a Junta de Freguesia de Caldelas encerrou a Ponte do Rabelo.<\/li>\n<li>H\u00e1 aviso meteorol\u00f3gico vermelho para o distrito de Braga na quarta-feira, entre as 3 horas e as 21 horas, com ventos de at\u00e9 140 quil\u00f3metros por hora entre as 3h e as 6h.<\/li>\n<\/ul>\n","protected":false},"author":2,"featured_media":177502,"comment_status":"closed","ping_status":"closed","sticky":false,"template":"","format":"standard","meta":{"footnotes":""},"categories":[1],"tags":[3812,1207,1145,4508,2293,320],"class_list":["post-177501","post","type-post","status-publish","format-standard","has-post-thumbnail","hentry","category-noticias","tag-alagamentos","tag-braga","tag-guimaraes","tag-infraestruturas-rodoviarias","tag-inundacoes","tag-protecao-civil"],"yoast_head":"<!-- This site is optimized with the Yoast SEO plugin v27.2 - https:\/\/yoast.com\/product\/yoast-seo-wordpress\/ -->\n<title>Guimar\u00e3es enfrenta pontes cortadas e terrenos inundados - Portal Tela Portugal<\/title>\n<meta name=\"robots\" content=\"index, follow, max-snippet:-1, max-image-preview:large, max-video-preview:-1\" \/>\n<meta property=\"og:locale\" content=\"pt_PT\" \/>\n<meta property=\"og:type\" content=\"article\" \/>\n<meta property=\"og:title\" content=\"Guimar\u00e3es enfrenta pontes cortadas e terrenos inundados - Portal Tela Portugal\" \/>\n<meta property=\"og:description\" content=\"As pontes de Barco e de Nasceiros, sobre o rio Ave, e a Ponte do Rabelo, sobre a Ribeira de Agrela, est\u00e3o cortadas ao tr\u00e2nsito. Em Guimar\u00e3es, os terrenos nas margens dos rios Ave e Selho ficaram inundados, com.cheias vis\u00edveis na Veiga de Creixomil. A Prote\u00e7\u00e3o Civil Municipal registou 25 ocorr\u00eancias relacionadas com o temporal, maioritariamente inunda\u00e7\u00f5es, mas tamb\u00e9m quedas de \u00e1rvores. A ponte que liga Barco a Prazins Santa Euf\u00e9mia est\u00e1 intransit\u00e1vel; a Ponte de Nasceiros est\u00e1 na mesma situa\u00e7\u00e3o; a Junta de Freguesia de Caldelas encerrou a Ponte do Rabelo. H\u00e1 aviso meteorol\u00f3gico vermelho para o distrito de Braga na quarta-feira, entre as 3 horas e as 21 horas, com ventos de at\u00e9 140 quil\u00f3metros por hora entre as 3h e as 6h.\" \/>\n<meta property=\"og:url\" content=\"https:\/\/portaltela.pt\/noticias\/2026\/01\/27\/guimaraes-enfrenta-pontes-cortadas-e-terrenos-inundados\/\" \/>\n<meta property=\"og:site_name\" content=\"Portal Tela Portugal\" \/>\n<meta property=\"article:published_time\" content=\"2026-01-27T19:56:00+00:00\" \/>\n<meta name=\"author\" content=\"Telinha\" \/>\n<meta name=\"twitter:card\" content=\"summary_large_image\" \/>\n<meta name=\"twitter:label1\" content=\"Escrito por\" \/>\n\t<meta name=\"twitter:data1\" content=\"Telinha\" \/>\n\t<meta name=\"twitter:label2\" content=\"Tempo estimado de leitura\" \/>\n\t<meta name=\"twitter:data2\" content=\"2 minutos\" \/>\n<script type=\"application\/ld+json\" class=\"yoast-schema-graph\">{\"@context\":\"https:\/\/schema.org\",\"@graph\":[{\"@type\":\"Article\",\"@id\":\"https:\/\/portaltela.pt\/noticias\/2026\/01\/27\/guimaraes-enfrenta-pontes-cortadas-e-terrenos-inundados\/#article\",\"isPartOf\":{\"@id\":\"https:\/\/portaltela.pt\/noticias\/2026\/01\/27\/guimaraes-enfrenta-pontes-cortadas-e-terrenos-inundados\/\"},\"author\":{\"name\":\"Telinha\",\"@id\":\"https:\/\/portaltela.pt\/#\/schema\/person\/c4278d4a6028830caff9ee44b42d32ed\"},\"headline\":\"Guimar\u00e3es enfrenta pontes cortadas e terrenos inundados\",\"datePublished\":\"2026-01-27T19:56:00+00:00\",\"mainEntityOfPage\":{\"@id\":\"https:\/\/portaltela.pt\/noticias\/2026\/01\/27\/guimaraes-enfrenta-pontes-cortadas-e-terrenos-inundados\/\"},\"wordCount\":331,\"image\":{\"@id\":\"https:\/\/portaltela.pt\/noticias\/2026\/01\/27\/guimaraes-enfrenta-pontes-cortadas-e-terrenos-inundados\/#primaryimage\"},\"thumbnailUrl\":\"https:\/\/portaltela.pt\/s.01k8rhncp4jt1\/2026\/01\/image-2.webp\",\"keywords\":[\"alagamentos\",\"Braga\",\"Guimar\u00e3es\",\"infraestruturas rodovi\u00e1rias\",\"inunda\u00e7\u00f5es\",\"prote\u00e7\u00e3o civil\"],\"articleSection\":[\"Not\u00edcias\"],\"inLanguage\":\"pt-PT\"},{\"@type\":\"WebPage\",\"@id\":\"https:\/\/portaltela.pt\/noticias\/2026\/01\/27\/guimaraes-enfrenta-pontes-cortadas-e-terrenos-inundados\/\",\"url\":\"https:\/\/portaltela.pt\/noticias\/2026\/01\/27\/guimaraes-enfrenta-pontes-cortadas-e-terrenos-inundados\/\",\"name\":\"Guimar\u00e3es enfrenta pontes cortadas e terrenos inundados - Portal Tela Portugal\",\"isPartOf\":{\"@id\":\"https:\/\/portaltela.pt\/#website\"},\"primaryImageOfPage\":{\"@id\":\"https:\/\/portaltela.pt\/noticias\/2026\/01\/27\/guimaraes-enfrenta-pontes-cortadas-e-terrenos-inundados\/#primaryimage\"},\"image\":{\"@id\":\"https:\/\/portaltela.pt\/noticias\/2026\/01\/27\/guimaraes-enfrenta-pontes-cortadas-e-terrenos-inundados\/#primaryimage\"},\"thumbnailUrl\":\"https:\/\/portaltela.pt\/s.01k8rhncp4jt1\/2026\/01\/image-2.webp\",\"datePublished\":\"2026-01-27T19:56:00+00:00\",\"author\":{\"@id\":\"https:\/\/portaltela.pt\/#\/schema\/person\/c4278d4a6028830caff9ee44b42d32ed\"},\"breadcrumb\":{\"@id\":\"https:\/\/portaltela.pt\/noticias\/2026\/01\/27\/guimaraes-enfrenta-pontes-cortadas-e-terrenos-inundados\/#breadcrumb\"},\"inLanguage\":\"pt-PT\",\"potentialAction\":[{\"@type\":\"ReadAction\",\"target\":[\"https:\/\/portaltela.pt\/noticias\/2026\/01\/27\/guimaraes-enfrenta-pontes-cortadas-e-terrenos-inundados\/\"]}]},{\"@type\":\"ImageObject\",\"inLanguage\":\"pt-PT\",\"@id\":\"https:\/\/portaltela.pt\/noticias\/2026\/01\/27\/guimaraes-enfrenta-pontes-cortadas-e-terrenos-inundados\/#primaryimage\",\"url\":\"https:\/\/portaltela.pt\/s.01k8rhncp4jt1\/2026\/01\/image-2.webp\",\"contentUrl\":\"https:\/\/portaltela.pt\/s.01k8rhncp4jt1\/2026\/01\/image-2.webp\",\"width\":1200,\"height\":897,\"caption\":\"Nas Taipas, o rio Ave j\u00e1 galgou as margens\"},{\"@type\":\"BreadcrumbList\",\"@id\":\"https:\/\/portaltela.pt\/noticias\/2026\/01\/27\/guimaraes-enfrenta-pontes-cortadas-e-terrenos-inundados\/#breadcrumb\",\"itemListElement\":[{\"@type\":\"ListItem\",\"position\":1,\"name\":\"In\u00edcio\",\"item\":\"https:\/\/portaltela.pt\/\"},{\"@type\":\"ListItem\",\"position\":2,\"name\":\"Guimar\u00e3es enfrenta pontes cortadas e terrenos inundados\"}]},{\"@type\":\"WebSite\",\"@id\":\"https:\/\/portaltela.pt\/#website\",\"url\":\"https:\/\/portaltela.pt\/\",\"name\":\"Portal Tela Portugal\",\"description\":\"\",\"potentialAction\":[{\"@type\":\"SearchAction\",\"target\":{\"@type\":\"EntryPoint\",\"urlTemplate\":\"https:\/\/portaltela.pt\/?s={search_term_string}\"},\"query-input\":{\"@type\":\"PropertyValueSpecification\",\"valueRequired\":true,\"valueName\":\"search_term_string\"}}],\"inLanguage\":\"pt-PT\"},{\"@type\":\"Person\",\"@id\":\"https:\/\/portaltela.pt\/#\/schema\/person\/c4278d4a6028830caff9ee44b42d32ed\",\"name\":\"Telinha\",\"image\":{\"@type\":\"ImageObject\",\"inLanguage\":\"pt-PT\",\"@id\":\"https:\/\/portaltela.pt\/s.01k8rhncp4jt1\/2025\/11\/talking-bot-125x125.png\",\"url\":\"https:\/\/portaltela.pt\/s.01k8rhncp4jt1\/2025\/11\/talking-bot-125x125.png\",\"contentUrl\":\"https:\/\/portaltela.pt\/s.01k8rhncp4jt1\/2025\/11\/talking-bot-125x125.png\",\"caption\":\"Telinha\"},\"sameAs\":[\"https:\/\/portaltela.pt\/\"],\"url\":\"https:\/\/portaltela.pt\/por\/367410592786\/\"}]}<\/script>\n<!-- \/ Yoast SEO plugin. -->","yoast_head_json":{"title":"Guimar\u00e3es enfrenta pontes cortadas e terrenos inundados - Portal Tela Portugal","robots":{"index":"index","follow":"follow","max-snippet":"max-snippet:-1","max-image-preview":"max-image-preview:large","max-video-preview":"max-video-preview:-1"},"og_locale":"pt_PT","og_type":"article","og_title":"Guimar\u00e3es enfrenta pontes cortadas e terrenos inundados - Portal Tela Portugal","og_description":"As pontes de Barco e de Nasceiros, sobre o rio Ave, e a Ponte do Rabelo, sobre a Ribeira de Agrela, est\u00e3o cortadas ao tr\u00e2nsito. Em Guimar\u00e3es, os terrenos nas margens dos rios Ave e Selho ficaram inundados, com.cheias vis\u00edveis na Veiga de Creixomil. A Prote\u00e7\u00e3o Civil Municipal registou 25 ocorr\u00eancias relacionadas com o temporal, maioritariamente inunda\u00e7\u00f5es, mas tamb\u00e9m quedas de \u00e1rvores. A ponte que liga Barco a Prazins Santa Euf\u00e9mia est\u00e1 intransit\u00e1vel; a Ponte de Nasceiros est\u00e1 na mesma situa\u00e7\u00e3o; a Junta de Freguesia de Caldelas encerrou a Ponte do Rabelo. H\u00e1 aviso meteorol\u00f3gico vermelho para o distrito de Braga na quarta-feira, entre as 3 horas e as 21 horas, com ventos de at\u00e9 140 quil\u00f3metros por hora entre as 3h e as 6h.","og_url":"https:\/\/portaltela.pt\/noticias\/2026\/01\/27\/guimaraes-enfrenta-pontes-cortadas-e-terrenos-inundados\/","og_site_name":"Portal Tela Portugal","article_published_time":"2026-01-27T19:56:00+00:00","author":"Telinha","twitter_card":"summary_large_image","twitter_misc":{"Escrito por":"Telinha","Tempo estimado de leitura":"2 minutos"},"schema":{"@context":"https:\/\/schema.org","@graph":[{"@type":"Article","@id":"https:\/\/portaltela.pt\/noticias\/2026\/01\/27\/guimaraes-enfrenta-pontes-cortadas-e-terrenos-inundados\/#article","isPartOf":{"@id":"https:\/\/portaltela.pt\/noticias\/2026\/01\/27\/guimaraes-enfrenta-pontes-cortadas-e-terrenos-inundados\/"},"author":{"name":"Telinha","@id":"https:\/\/portaltela.pt\/#\/schema\/person\/c4278d4a6028830caff9ee44b42d32ed"},"headline":"Guimar\u00e3es enfrenta pontes cortadas e terrenos inundados","datePublished":"2026-01-27T19:56:00+00:00","mainEntityOfPage":{"@id":"https:\/\/portaltela.pt\/noticias\/2026\/01\/27\/guimaraes-enfrenta-pontes-cortadas-e-terrenos-inundados\/"},"wordCount":331,"image":{"@id":"https:\/\/portaltela.pt\/noticias\/2026\/01\/27\/guimaraes-enfrenta-pontes-cortadas-e-terrenos-inundados\/#primaryimage"},"thumbnailUrl":"https:\/\/portaltela.pt\/s.01k8rhncp4jt1\/2026\/01\/image-2.webp","keywords":["alagamentos","Braga","Guimar\u00e3es","infraestruturas rodovi\u00e1rias","inunda\u00e7\u00f5es","prote\u00e7\u00e3o civil"],"articleSection":["Not\u00edcias"],"inLanguage":"pt-PT"},{"@type":"WebPage","@id":"https:\/\/portaltela.pt\/noticias\/2026\/01\/27\/guimaraes-enfrenta-pontes-cortadas-e-terrenos-inundados\/","url":"https:\/\/portaltela.pt\/noticias\/2026\/01\/27\/guimaraes-enfrenta-pontes-cortadas-e-terrenos-inundados\/","name":"Guimar\u00e3es enfrenta pontes cortadas e terrenos inundados - Portal Tela Portugal","isPartOf":{"@id":"https:\/\/portaltela.pt\/#website"},"primaryImageOfPage":{"@id":"https:\/\/portaltela.pt\/noticias\/2026\/01\/27\/guimaraes-enfrenta-pontes-cortadas-e-terrenos-inundados\/#primaryimage"},"image":{"@id":"https:\/\/portaltela.pt\/noticias\/2026\/01\/27\/guimaraes-enfrenta-pontes-cortadas-e-terrenos-inundados\/#primaryimage"},"thumbnailUrl":"https:\/\/portaltela.pt\/s.01k8rhncp4jt1\/2026\/01\/image-2.webp","datePublished":"2026-01-27T19:56:00+00:00","author":{"@id":"https:\/\/portaltela.pt\/#\/schema\/person\/c4278d4a6028830caff9ee44b42d32ed"},"breadcrumb":{"@id":"https:\/\/portaltela.pt\/noticias\/2026\/01\/27\/guimaraes-enfrenta-pontes-cortadas-e-terrenos-inundados\/#breadcrumb"},"inLanguage":"pt-PT","potentialAction":[{"@type":"ReadAction","target":["https:\/\/portaltela.pt\/noticias\/2026\/01\/27\/guimaraes-enfrenta-pontes-cortadas-e-terrenos-inundados\/"]}]},{"@type":"ImageObject","inLanguage":"pt-PT","@id":"https:\/\/portaltela.pt\/noticias\/2026\/01\/27\/guimaraes-enfrenta-pontes-cortadas-e-terrenos-inundados\/#primaryimage","url":"https:\/\/portaltela.pt\/s.01k8rhncp4jt1\/2026\/01\/image-2.webp","contentUrl":"https:\/\/portaltela.pt\/s.01k8rhncp4jt1\/2026\/01\/image-2.webp","width":1200,"height":897,"caption":"Nas Taipas, o rio Ave j\u00e1 galgou as margens"},{"@type":"BreadcrumbList","@id":"https:\/\/portaltela.pt\/noticias\/2026\/01\/27\/guimaraes-enfrenta-pontes-cortadas-e-terrenos-inundados\/#breadcrumb","itemListElement":[{"@type":"ListItem","position":1,"name":"In\u00edcio","item":"https:\/\/portaltela.pt\/"},{"@type":"ListItem","position":2,"name":"Guimar\u00e3es enfrenta pontes cortadas e terrenos inundados"}]},{"@type":"WebSite","@id":"https:\/\/portaltela.pt\/#website","url":"https:\/\/portaltela.pt\/","name":"Portal Tela Portugal","description":"","potentialAction":[{"@type":"SearchAction","target":{"@type":"EntryPoint","urlTemplate":"https:\/\/portaltela.pt\/?s={search_term_string}"},"query-input":{"@type":"PropertyValueSpecification","valueRequired":true,"valueName":"search_term_string"}}],"inLanguage":"pt-PT"},{"@type":"Person","@id":"https:\/\/portaltela.pt\/#\/schema\/person\/c4278d4a6028830caff9ee44b42d32ed","name":"Telinha","image":{"@type":"ImageObject","inLanguage":"pt-PT","@id":"https:\/\/portaltela.pt\/s.01k8rhncp4jt1\/2025\/11\/talking-bot-125x125.png","url":"https:\/\/portaltela.pt\/s.01k8rhncp4jt1\/2025\/11\/talking-bot-125x125.png","contentUrl":"https:\/\/portaltela.pt\/s.01k8rhncp4jt1\/2025\/11\/talking-bot-125x125.png","caption":"Telinha"},"sameAs":["https:\/\/portaltela.pt\/"],"url":"https:\/\/portaltela.pt\/por\/367410592786\/"}]}},"_links":{"self":[{"href":"https:\/\/portaltela.pt\/api\/wp\/v2\/posts\/177501","targetHints":{"allow":["GET"]}}],"collection":[{"href":"https:\/\/portaltela.pt\/api\/wp\/v2\/posts"}],"about":[{"href":"https:\/\/portaltela.pt\/api\/wp\/v2\/types\/post"}],"author":[{"embeddable":true,"href":"https:\/\/portaltela.pt\/api\/wp\/v2\/users\/2"}],"replies":[{"embeddable":true,"href":"https:\/\/portaltela.pt\/api\/wp\/v2\/comments?post=177501"}],"version-history":[{"count":0,"href":"https:\/\/portaltela.pt\/api\/wp\/v2\/posts\/177501\/revisions"}],"wp:featuredmedia":[{"embeddable":true,"href":"https:\/\/portaltela.pt\/api\/wp\/v2\/media\/177502"}],"wp:attachment":[{"href":"https:\/\/portaltela.pt\/api\/wp\/v2\/media?parent=177501"}],"wp:term":[{"taxonomy":"category","embeddable":true,"href":"https:\/\/portaltela.pt\/api\/wp\/v2\/categories?post=177501"},{"taxonomy":"post_tag","embeddable":true,"href":"https:\/\/portaltela.pt\/api\/wp\/v2\/tags?post=177501"}],"curies":[{"name":"wp","href":"https:\/\/api.w.org\/{rel}","templated":true}]}}