{"id":177490,"date":"2026-01-27T16:38:00","date_gmt":"2026-01-27T19:38:00","guid":{"rendered":"https:\/\/portaltela.pt\/noticias\/2026\/01\/27\/sabalenka-e-alcaraz-desfilam-mesmo-sem-banda\/"},"modified":"2026-01-27T16:38:00","modified_gmt":"2026-01-27T19:38:00","slug":"sabalenka-e-alcaraz-desfilam-mesmo-sem-banda","status":"publish","type":"post","link":"https:\/\/portaltela.pt\/desporto\/2026\/01\/27\/sabalenka-e-alcaraz-desfilam-mesmo-sem-banda\/","title":{"rendered":"Sabalenka e Alcaraz desfilam mesmo sem banda"},"content":{"rendered":"<p>O Open da Austr\u00e1lia, em Melbourne, segue com surpresas na edi\u00e7\u00e3o. Sabalenka e Alcaraz foram proibidos de usar pulseiras inteligentes, dispositivos sem ecr\u00e3 que monitorizam recupera\u00e7\u00e3o, esfor\u00e7o f\u00edsico e sono, durante os encontros.<\/p>\n<p>Sabalenka, cabe\u00e7a-de-serie 1, qualificou-se para as meias-finais ao derrotar Iva Jovic por 6-3, 6-0, ap\u00f3s um primeiro set tenso. A bielorrussa mostrou consist\u00eancia, com 21 winners e apenas 11 erros n\u00e3o for\u00e7ados.<\/p>\n<p>Svitolina eliminou Coco Gauff e assegurou um lugar nas semis ao vencer por 6-1, 6-2 em 59 minutos. A ucraniana, 31 anos, sobe ao terceiro lugar do ranking em 2017 e<\/p>\n<p>vai pela primeira vez a uma meia-final na Austr\u00e1lia.<\/p>\n<h3>Avan\u00e7os importantes no quadro masculino<\/h3>\n<p>Zverev, terceiro cabe\u00e7a-de-s\u00e9rie, derrotou Learner Tien por 6-3, 6-7 (5\/7), 6-1 e 7-6 (7\/3). O alem\u00e3o tornou-se no primeiro jogador nascido depois de 1990 a chegar a 10 meias-finais em Grand Slams.<\/p>\n<p>Alcaraz, n\u00famero 1, manteve-se firme e venceu Alex De Minaur por 7-5, 6-2, 6-1. O espanhol soma j\u00e1 17 vit\u00f3rias em 25 encontros em Majors contra advers\u00e1rios do top 10, desde 1973.<\/p>\n<p>O Open da Austr\u00e1lia continua sem a presen\u00e7a de algumas favoritas, com as decis\u00f5es a definirem as meias-finais e a manterem o ritmo da prova.<\/p>\n","protected":false},"excerpt":{"rendered":"<ul>\n<li>Sabalenka e Alcaraz atingiram as meias-finais do Open da Austr\u00e1lia sem cederem sete, e sem uso de pulseira inteligente para monitoriza\u00e7\u00e3o de recupera\u00e7\u00e3o e esfor\u00e7o.<\/li>\n<li>Sabalenka derrotou Iva Jovic, por 6-3, 6-0, ap\u00f3s um primeiro set exigente; Jovic tem 18 anos e era 27.\u00aa cabe\u00e7a-de-s\u00e9rie.<\/li>\n<li>Elina Svitolina eliminou Coco Gauff, 6-1, 6-2, assegurando presen\u00e7a pela primeira vez nas meias-finais do Major em Melbourne e aproxima-se do top 10.<\/li>\n<li>Carlos Alcaraz bateu Alex De Minaur, 7-5, 6-2, 6-1, mantendo-se na luta pelo \u00fanico Grand Slam que falta no seu palmar\u00e9s.<\/li>\n<li>Alexander Zverev derrotou Learner Tien e tornou-se no primeiro nascido desde 1990 a chegar \u00e0s 10 meias-finais de Grand Slam.<\/li>\n<\/ul>\n","protected":false},"author":2,"featured_media":177504,"comment_status":"closed","ping_status":"closed","sticky":false,"template":"","format":"standard","meta":{"footnotes":""},"categories":[21],"tags":[1602,3988,3385,94,2713],"class_list":["post-177490","post","type-post","status-publish","format-standard","has-post-thumbnail","hentry","category-desporto","tag-australia","tag-gauff","tag-sabalenka","tag-tenis","tag-tenistas"],"yoast_head":"<!-- This site is optimized with the Yoast SEO plugin v27.2 - https:\/\/yoast.com\/product\/yoast-seo-wordpress\/ -->\n<title>Sabalenka e Alcaraz desfilam mesmo sem banda - Portal Tela Portugal<\/title>\n<meta name=\"robots\" content=\"index, follow, max-snippet:-1, max-image-preview:large, max-video-preview:-1\" \/>\n<meta property=\"og:locale\" content=\"pt_PT\" \/>\n<meta property=\"og:type\" content=\"article\" \/>\n<meta property=\"og:title\" content=\"Sabalenka e Alcaraz desfilam mesmo sem banda - Portal Tela Portugal\" \/>\n<meta property=\"og:description\" content=\"Sabalenka e Alcaraz atingiram as meias-finais do Open da Austr\u00e1lia sem cederem sete, e sem uso de pulseira inteligente para monitoriza\u00e7\u00e3o de recupera\u00e7\u00e3o e esfor\u00e7o. Sabalenka derrotou Iva Jovic, por 6-3, 6-0, ap\u00f3s um primeiro set exigente; Jovic tem 18 anos e era 27.\u00aa cabe\u00e7a-de-s\u00e9rie. Elina Svitolina eliminou Coco Gauff, 6-1, 6-2, assegurando presen\u00e7a pela primeira vez nas meias-finais do Major em Melbourne e aproxima-se do top 10. Carlos Alcaraz bateu Alex De Minaur, 7-5, 6-2, 6-1, mantendo-se na luta pelo \u00fanico Grand Slam que falta no seu palmar\u00e9s. Alexander Zverev derrotou Learner Tien e tornou-se no primeiro nascido desde 1990 a chegar \u00e0s 10 meias-finais de Grand Slam.\" \/>\n<meta property=\"og:url\" content=\"https:\/\/portaltela.pt\/noticias\/2026\/01\/27\/sabalenka-e-alcaraz-desfilam-mesmo-sem-banda\/\" \/>\n<meta property=\"og:site_name\" content=\"Portal Tela Portugal\" \/>\n<meta property=\"article:published_time\" content=\"2026-01-27T19:38:00+00:00\" \/>\n<meta name=\"author\" content=\"Telinha\" \/>\n<meta name=\"twitter:card\" content=\"summary_large_image\" \/>\n<meta name=\"twitter:label1\" content=\"Escrito por\" \/>\n\t<meta name=\"twitter:data1\" content=\"Telinha\" \/>\n\t<meta name=\"twitter:label2\" content=\"Tempo estimado de leitura\" \/>\n\t<meta name=\"twitter:data2\" content=\"1 minuto\" \/>\n<script type=\"application\/ld+json\" class=\"yoast-schema-graph\">{\"@context\":\"https:\/\/schema.org\",\"@graph\":[{\"@type\":\"Article\",\"@id\":\"https:\/\/portaltela.pt\/noticias\/2026\/01\/27\/sabalenka-e-alcaraz-desfilam-mesmo-sem-banda\/#article\",\"isPartOf\":{\"@id\":\"https:\/\/portaltela.pt\/noticias\/2026\/01\/27\/sabalenka-e-alcaraz-desfilam-mesmo-sem-banda\/\"},\"author\":{\"name\":\"Telinha\",\"@id\":\"https:\/\/portaltela.pt\/#\/schema\/person\/c4278d4a6028830caff9ee44b42d32ed\"},\"headline\":\"Sabalenka e Alcaraz desfilam mesmo sem banda\",\"datePublished\":\"2026-01-27T19:38:00+00:00\",\"mainEntityOfPage\":{\"@id\":\"https:\/\/portaltela.pt\/noticias\/2026\/01\/27\/sabalenka-e-alcaraz-desfilam-mesmo-sem-banda\/\"},\"wordCount\":212,\"image\":{\"@id\":\"https:\/\/portaltela.pt\/noticias\/2026\/01\/27\/sabalenka-e-alcaraz-desfilam-mesmo-sem-banda\/#primaryimage\"},\"thumbnailUrl\":\"https:\/\/portaltela.pt\/s.01k8rhncp4jt1\/2026\/01\/2062291.jpg\",\"keywords\":[\"Austr\u00e1lia\",\"Gauff\",\"Sabalenka\",\"t\u00eanis\",\"tenistas\"],\"articleSection\":[\"Desporto\"],\"inLanguage\":\"pt-PT\"},{\"@type\":\"WebPage\",\"@id\":\"https:\/\/portaltela.pt\/noticias\/2026\/01\/27\/sabalenka-e-alcaraz-desfilam-mesmo-sem-banda\/\",\"url\":\"https:\/\/portaltela.pt\/noticias\/2026\/01\/27\/sabalenka-e-alcaraz-desfilam-mesmo-sem-banda\/\",\"name\":\"Sabalenka e Alcaraz desfilam mesmo sem banda - Portal Tela Portugal\",\"isPartOf\":{\"@id\":\"https:\/\/portaltela.pt\/#website\"},\"primaryImageOfPage\":{\"@id\":\"https:\/\/portaltela.pt\/noticias\/2026\/01\/27\/sabalenka-e-alcaraz-desfilam-mesmo-sem-banda\/#primaryimage\"},\"image\":{\"@id\":\"https:\/\/portaltela.pt\/noticias\/2026\/01\/27\/sabalenka-e-alcaraz-desfilam-mesmo-sem-banda\/#primaryimage\"},\"thumbnailUrl\":\"https:\/\/portaltela.pt\/s.01k8rhncp4jt1\/2026\/01\/2062291.jpg\",\"datePublished\":\"2026-01-27T19:38:00+00:00\",\"author\":{\"@id\":\"https:\/\/portaltela.pt\/#\/schema\/person\/c4278d4a6028830caff9ee44b42d32ed\"},\"breadcrumb\":{\"@id\":\"https:\/\/portaltela.pt\/noticias\/2026\/01\/27\/sabalenka-e-alcaraz-desfilam-mesmo-sem-banda\/#breadcrumb\"},\"inLanguage\":\"pt-PT\",\"potentialAction\":[{\"@type\":\"ReadAction\",\"target\":[\"https:\/\/portaltela.pt\/noticias\/2026\/01\/27\/sabalenka-e-alcaraz-desfilam-mesmo-sem-banda\/\"]}]},{\"@type\":\"ImageObject\",\"inLanguage\":\"pt-PT\",\"@id\":\"https:\/\/portaltela.pt\/noticias\/2026\/01\/27\/sabalenka-e-alcaraz-desfilam-mesmo-sem-banda\/#primaryimage\",\"url\":\"https:\/\/portaltela.pt\/s.01k8rhncp4jt1\/2026\/01\/2062291.jpg\",\"contentUrl\":\"https:\/\/portaltela.pt\/s.01k8rhncp4jt1\/2026\/01\/2062291.jpg\",\"width\":796,\"height\":448,\"caption\":\"Sabalanke celebra a sua vit\u00f3ria no Open da Austr\u00e1lia\"},{\"@type\":\"BreadcrumbList\",\"@id\":\"https:\/\/portaltela.pt\/noticias\/2026\/01\/27\/sabalenka-e-alcaraz-desfilam-mesmo-sem-banda\/#breadcrumb\",\"itemListElement\":[{\"@type\":\"ListItem\",\"position\":1,\"name\":\"In\u00edcio\",\"item\":\"https:\/\/portaltela.pt\/\"},{\"@type\":\"ListItem\",\"position\":2,\"name\":\"Sabalenka e Alcaraz desfilam mesmo sem banda\"}]},{\"@type\":\"WebSite\",\"@id\":\"https:\/\/portaltela.pt\/#website\",\"url\":\"https:\/\/portaltela.pt\/\",\"name\":\"Portal Tela Portugal\",\"description\":\"\",\"potentialAction\":[{\"@type\":\"SearchAction\",\"target\":{\"@type\":\"EntryPoint\",\"urlTemplate\":\"https:\/\/portaltela.pt\/?s={search_term_string}\"},\"query-input\":{\"@type\":\"PropertyValueSpecification\",\"valueRequired\":true,\"valueName\":\"search_term_string\"}}],\"inLanguage\":\"pt-PT\"},{\"@type\":\"Person\",\"@id\":\"https:\/\/portaltela.pt\/#\/schema\/person\/c4278d4a6028830caff9ee44b42d32ed\",\"name\":\"Telinha\",\"image\":{\"@type\":\"ImageObject\",\"inLanguage\":\"pt-PT\",\"@id\":\"https:\/\/portaltela.pt\/s.01k8rhncp4jt1\/2025\/11\/talking-bot-125x125.png\",\"url\":\"https:\/\/portaltela.pt\/s.01k8rhncp4jt1\/2025\/11\/talking-bot-125x125.png\",\"contentUrl\":\"https:\/\/portaltela.pt\/s.01k8rhncp4jt1\/2025\/11\/talking-bot-125x125.png\",\"caption\":\"Telinha\"},\"sameAs\":[\"https:\/\/portaltela.pt\/\"],\"url\":\"https:\/\/portaltela.pt\/por\/367410592786\/\"}]}<\/script>\n<!-- \/ Yoast SEO plugin. -->","yoast_head_json":{"title":"Sabalenka e Alcaraz desfilam mesmo sem banda - Portal Tela Portugal","robots":{"index":"index","follow":"follow","max-snippet":"max-snippet:-1","max-image-preview":"max-image-preview:large","max-video-preview":"max-video-preview:-1"},"og_locale":"pt_PT","og_type":"article","og_title":"Sabalenka e Alcaraz desfilam mesmo sem banda - Portal Tela Portugal","og_description":"Sabalenka e Alcaraz atingiram as meias-finais do Open da Austr\u00e1lia sem cederem sete, e sem uso de pulseira inteligente para monitoriza\u00e7\u00e3o de recupera\u00e7\u00e3o e esfor\u00e7o. Sabalenka derrotou Iva Jovic, por 6-3, 6-0, ap\u00f3s um primeiro set exigente; Jovic tem 18 anos e era 27.\u00aa cabe\u00e7a-de-s\u00e9rie. Elina Svitolina eliminou Coco Gauff, 6-1, 6-2, assegurando presen\u00e7a pela primeira vez nas meias-finais do Major em Melbourne e aproxima-se do top 10. Carlos Alcaraz bateu Alex De Minaur, 7-5, 6-2, 6-1, mantendo-se na luta pelo \u00fanico Grand Slam que falta no seu palmar\u00e9s. Alexander Zverev derrotou Learner Tien e tornou-se no primeiro nascido desde 1990 a chegar \u00e0s 10 meias-finais de Grand Slam.","og_url":"https:\/\/portaltela.pt\/noticias\/2026\/01\/27\/sabalenka-e-alcaraz-desfilam-mesmo-sem-banda\/","og_site_name":"Portal Tela Portugal","article_published_time":"2026-01-27T19:38:00+00:00","author":"Telinha","twitter_card":"summary_large_image","twitter_misc":{"Escrito por":"Telinha","Tempo estimado de leitura":"1 minuto"},"schema":{"@context":"https:\/\/schema.org","@graph":[{"@type":"Article","@id":"https:\/\/portaltela.pt\/noticias\/2026\/01\/27\/sabalenka-e-alcaraz-desfilam-mesmo-sem-banda\/#article","isPartOf":{"@id":"https:\/\/portaltela.pt\/noticias\/2026\/01\/27\/sabalenka-e-alcaraz-desfilam-mesmo-sem-banda\/"},"author":{"name":"Telinha","@id":"https:\/\/portaltela.pt\/#\/schema\/person\/c4278d4a6028830caff9ee44b42d32ed"},"headline":"Sabalenka e Alcaraz desfilam mesmo sem banda","datePublished":"2026-01-27T19:38:00+00:00","mainEntityOfPage":{"@id":"https:\/\/portaltela.pt\/noticias\/2026\/01\/27\/sabalenka-e-alcaraz-desfilam-mesmo-sem-banda\/"},"wordCount":212,"image":{"@id":"https:\/\/portaltela.pt\/noticias\/2026\/01\/27\/sabalenka-e-alcaraz-desfilam-mesmo-sem-banda\/#primaryimage"},"thumbnailUrl":"https:\/\/portaltela.pt\/s.01k8rhncp4jt1\/2026\/01\/2062291.jpg","keywords":["Austr\u00e1lia","Gauff","Sabalenka","t\u00eanis","tenistas"],"articleSection":["Desporto"],"inLanguage":"pt-PT"},{"@type":"WebPage","@id":"https:\/\/portaltela.pt\/noticias\/2026\/01\/27\/sabalenka-e-alcaraz-desfilam-mesmo-sem-banda\/","url":"https:\/\/portaltela.pt\/noticias\/2026\/01\/27\/sabalenka-e-alcaraz-desfilam-mesmo-sem-banda\/","name":"Sabalenka e Alcaraz desfilam mesmo sem banda - Portal Tela Portugal","isPartOf":{"@id":"https:\/\/portaltela.pt\/#website"},"primaryImageOfPage":{"@id":"https:\/\/portaltela.pt\/noticias\/2026\/01\/27\/sabalenka-e-alcaraz-desfilam-mesmo-sem-banda\/#primaryimage"},"image":{"@id":"https:\/\/portaltela.pt\/noticias\/2026\/01\/27\/sabalenka-e-alcaraz-desfilam-mesmo-sem-banda\/#primaryimage"},"thumbnailUrl":"https:\/\/portaltela.pt\/s.01k8rhncp4jt1\/2026\/01\/2062291.jpg","datePublished":"2026-01-27T19:38:00+00:00","author":{"@id":"https:\/\/portaltela.pt\/#\/schema\/person\/c4278d4a6028830caff9ee44b42d32ed"},"breadcrumb":{"@id":"https:\/\/portaltela.pt\/noticias\/2026\/01\/27\/sabalenka-e-alcaraz-desfilam-mesmo-sem-banda\/#breadcrumb"},"inLanguage":"pt-PT","potentialAction":[{"@type":"ReadAction","target":["https:\/\/portaltela.pt\/noticias\/2026\/01\/27\/sabalenka-e-alcaraz-desfilam-mesmo-sem-banda\/"]}]},{"@type":"ImageObject","inLanguage":"pt-PT","@id":"https:\/\/portaltela.pt\/noticias\/2026\/01\/27\/sabalenka-e-alcaraz-desfilam-mesmo-sem-banda\/#primaryimage","url":"https:\/\/portaltela.pt\/s.01k8rhncp4jt1\/2026\/01\/2062291.jpg","contentUrl":"https:\/\/portaltela.pt\/s.01k8rhncp4jt1\/2026\/01\/2062291.jpg","width":796,"height":448,"caption":"Sabalanke celebra a sua vit\u00f3ria no Open da Austr\u00e1lia"},{"@type":"BreadcrumbList","@id":"https:\/\/portaltela.pt\/noticias\/2026\/01\/27\/sabalenka-e-alcaraz-desfilam-mesmo-sem-banda\/#breadcrumb","itemListElement":[{"@type":"ListItem","position":1,"name":"In\u00edcio","item":"https:\/\/portaltela.pt\/"},{"@type":"ListItem","position":2,"name":"Sabalenka e Alcaraz desfilam mesmo sem banda"}]},{"@type":"WebSite","@id":"https:\/\/portaltela.pt\/#website","url":"https:\/\/portaltela.pt\/","name":"Portal Tela Portugal","description":"","potentialAction":[{"@type":"SearchAction","target":{"@type":"EntryPoint","urlTemplate":"https:\/\/portaltela.pt\/?s={search_term_string}"},"query-input":{"@type":"PropertyValueSpecification","valueRequired":true,"valueName":"search_term_string"}}],"inLanguage":"pt-PT"},{"@type":"Person","@id":"https:\/\/portaltela.pt\/#\/schema\/person\/c4278d4a6028830caff9ee44b42d32ed","name":"Telinha","image":{"@type":"ImageObject","inLanguage":"pt-PT","@id":"https:\/\/portaltela.pt\/s.01k8rhncp4jt1\/2025\/11\/talking-bot-125x125.png","url":"https:\/\/portaltela.pt\/s.01k8rhncp4jt1\/2025\/11\/talking-bot-125x125.png","contentUrl":"https:\/\/portaltela.pt\/s.01k8rhncp4jt1\/2025\/11\/talking-bot-125x125.png","caption":"Telinha"},"sameAs":["https:\/\/portaltela.pt\/"],"url":"https:\/\/portaltela.pt\/por\/367410592786\/"}]}},"_links":{"self":[{"href":"https:\/\/portaltela.pt\/api\/wp\/v2\/posts\/177490","targetHints":{"allow":["GET"]}}],"collection":[{"href":"https:\/\/portaltela.pt\/api\/wp\/v2\/posts"}],"about":[{"href":"https:\/\/portaltela.pt\/api\/wp\/v2\/types\/post"}],"author":[{"embeddable":true,"href":"https:\/\/portaltela.pt\/api\/wp\/v2\/users\/2"}],"replies":[{"embeddable":true,"href":"https:\/\/portaltela.pt\/api\/wp\/v2\/comments?post=177490"}],"version-history":[{"count":0,"href":"https:\/\/portaltela.pt\/api\/wp\/v2\/posts\/177490\/revisions"}],"wp:featuredmedia":[{"embeddable":true,"href":"https:\/\/portaltela.pt\/api\/wp\/v2\/media\/177504"}],"wp:attachment":[{"href":"https:\/\/portaltela.pt\/api\/wp\/v2\/media?parent=177490"}],"wp:term":[{"taxonomy":"category","embeddable":true,"href":"https:\/\/portaltela.pt\/api\/wp\/v2\/categories?post=177490"},{"taxonomy":"post_tag","embeddable":true,"href":"https:\/\/portaltela.pt\/api\/wp\/v2\/tags?post=177490"}],"curies":[{"name":"wp","href":"https:\/\/api.w.org\/{rel}","templated":true}]}}