{"id":177489,"date":"2026-01-27T16:55:00","date_gmt":"2026-01-27T19:55:00","guid":{"rendered":"https:\/\/portaltela.pt\/noticias\/2026\/01\/27\/neonazis-criaram-grupos-ficticios-de-ajuda-animal-e-alimentos-agressoes-captadas\/"},"modified":"2026-01-27T16:55:00","modified_gmt":"2026-01-27T19:55:00","slug":"neonazis-criaram-grupos-ficticios-de-ajuda-animal-e-alimentos-agressoes-captadas","status":"publish","type":"post","link":"https:\/\/portaltela.pt\/noticias\/2026\/01\/27\/neonazis-criaram-grupos-ficticios-de-ajuda-animal-e-alimentos-agressoes-captadas\/","title":{"rendered":"Neonazis criaram grupos fict\u00edcios de ajuda animal e alimentos; agress\u00f5es captadas"},"content":{"rendered":"<p>O 1143, grupo neonazi liderado por M\u00e1rio Machado, \u00e9 apontado pela investiga\u00e7\u00e3o como respons\u00e1vel por a\u00e7\u00f5es de agress\u00e3o em Aveiras contra cidad\u00e3os indianos. Segundo informa\u00e7\u00f5es apuradas, as a\u00e7\u00f5es foram captadas por videovigil\u00e2ncia. O grupo ter\u00e1 criado estruturas fict\u00edcias de apoio animal e de distribui\u00e7\u00e3o alimentar para encobrir a natureza extremista da organiza\u00e7\u00e3o.<\/p>\n<p>A investiga\u00e7\u00e3o indica que as agress\u00f5es ocorreram no concelho de Azambuja, na freguesia de Aveiras, e que as filmagens mostram atos de viol\u00eancia contra pessoas de origem indiana. A PJ j\u00e1 esteve envolvida no rastreio das liga\u00e7\u00f5es entre o grupo e os epis\u00f3dios captados por c\u00e2maras de seguran\u00e7a.<\/p>\n<p>O pulso da opera\u00e7\u00e3o parece estar ligado ao antigo l\u00edder do 1143, M\u00e1rio Machado, que passou pela pris\u00e3o de Alcoentre. Dados recolhidos indicam a exist\u00eancia de planos para formar uma mil\u00edcia, com o disfarce de resgate animal e apoio social como capa para atividades extremistas.<\/p>\n<p>Entre os materiais apreendidos pela investiga\u00e7\u00e3o, constam t-shirts com a inscri\u00e7\u00e3o 1143 Resgate Animal, supostamente utilizadas para confundir a imagem p\u00fablica do grupo. A an\u00e1lise dos fortes sinais de organiza\u00e7\u00e3o sugere uma estrat\u00e9gia de expans\u00e3o e infiltra\u00e7\u00e3o de jovens.<\/p>\n<h3>Contexto do Grupo 1143<\/h3>\n<p>A PJ tem vindo a analisar a evolu\u00e7\u00e3o do n\u00facleo, com foco na rela\u00e7\u00e3o entre as a\u00e7\u00f5es em Aveiras e as redes de apoio simuladas. As dilig\u00eancias procuram confirmar a extens\u00e3o da mil\u00edcia e o objetivo final da organiza\u00e7\u00e3o. O Minist\u00e9rio P\u00fablico acompanha o caso de perto.<\/p>\n<h3>Provas e pr\u00f3ximos passos<\/h3>\n<p>Fontes da investiga\u00e7\u00e3o apontam que as evid\u00eancias incluem mensagens e documentos que descrevem a ideia de mil\u00edcia, bem como vestu\u00e1rio tem\u00e1tico que refor\u00e7a a presen\u00e7a de um movimento estruturado. O objetivo \u00e9 esclarecer a liga\u00e7\u00e3o entre as agress\u00f5es e a pretens\u00e3o de cria\u00e7\u00e3o de um grupo paramilitar.<\/p>\n","protected":false},"excerpt":{"rendered":"<ul>\n<li>O grupo neonazi 1143, liderado por M\u00e1rio Machado a partir da pris\u00e3o de Alcoentre, ter\u00e1 criado grupos fict\u00edcios de resgate animal e de ajuda alimentar para disfar\u00e7ar a sua extrema influ\u00eancia.<\/li>\n<li>As investiga\u00e7\u00f5es indicam que o objetivo real era formar uma mil\u00edcia, segundo informa\u00e7\u00f5es recolhidas pelo P\u00daBLICO.<\/li>\n<li>Em Aveiras, c\u00e2maras captaram agress\u00f5es contra cidad\u00e3os indianos, alegadamente cometidas por membros ligados ao 1143.<\/li>\n<li>Em conversas, M\u00e1rio Machado ter\u00e1 dito que \u201cisso do resgate animal \u00e9 secund\u00e1rio\u201d, refor\u00e7ando a inten\u00e7\u00e3o de estruturar uma mil\u00edcia.<\/li>\n<li>Entre os materiais apreendidos estavam t-shirts com a inscri\u00e7\u00e3o \u201c1143 Resgate Animal\u201d, indicativas da rela\u00e7\u00e3o entre as a\u00e7\u00f5es de fachada e a ideia de extremismo.<\/li>\n<\/ul>\n","protected":false},"author":2,"featured_media":177492,"comment_status":"closed","ping_status":"closed","sticky":false,"template":"","format":"standard","meta":{"footnotes":""},"categories":[1],"tags":[4507,1133,3296,215,352,1802],"class_list":["post-177489","post","type-post","status-publish","format-standard","has-post-thumbnail","hentry","category-noticias","tag-aveiras","tag-azambuja","tag-extremismos","tag-investigacao","tag-organizacao-criminosa","tag-policia-judiciaria"],"yoast_head":"<!-- This site is optimized with the Yoast SEO plugin v27.2 - https:\/\/yoast.com\/product\/yoast-seo-wordpress\/ -->\n<title>Neonazis criaram grupos fict\u00edcios de ajuda animal e alimentos; agress\u00f5es captadas - Portal Tela Portugal<\/title>\n<meta name=\"robots\" content=\"index, follow, max-snippet:-1, max-image-preview:large, max-video-preview:-1\" \/>\n<meta property=\"og:locale\" content=\"pt_PT\" \/>\n<meta property=\"og:type\" content=\"article\" \/>\n<meta property=\"og:title\" content=\"Neonazis criaram grupos fict\u00edcios de ajuda animal e alimentos; agress\u00f5es captadas - Portal Tela Portugal\" \/>\n<meta property=\"og:description\" content=\"O grupo neonazi 1143, liderado por M\u00e1rio Machado a partir da pris\u00e3o de Alcoentre, ter\u00e1 criado grupos fict\u00edcios de resgate animal e de ajuda alimentar para disfar\u00e7ar a sua extrema influ\u00eancia. As investiga\u00e7\u00f5es indicam que o objetivo real era formar uma mil\u00edcia, segundo informa\u00e7\u00f5es recolhidas pelo P\u00daBLICO. Em Aveiras, c\u00e2maras captaram agress\u00f5es contra cidad\u00e3os indianos, alegadamente cometidas por membros ligados ao 1143. Em conversas, M\u00e1rio Machado ter\u00e1 dito que \u201cisso do resgate animal \u00e9 secund\u00e1rio\u201d, refor\u00e7ando a inten\u00e7\u00e3o de estruturar uma mil\u00edcia. Entre os materiais apreendidos estavam t-shirts com a inscri\u00e7\u00e3o \u201c1143 Resgate Animal\u201d, indicativas da rela\u00e7\u00e3o entre as a\u00e7\u00f5es de fachada e a ideia de extremismo.\" \/>\n<meta property=\"og:url\" content=\"https:\/\/portaltela.pt\/noticias\/2026\/01\/27\/neonazis-criaram-grupos-ficticios-de-ajuda-animal-e-alimentos-agressoes-captadas\/\" \/>\n<meta property=\"og:site_name\" content=\"Portal Tela Portugal\" \/>\n<meta property=\"article:published_time\" content=\"2026-01-27T19:55:00+00:00\" \/>\n<meta name=\"author\" content=\"Telinha\" \/>\n<meta name=\"twitter:card\" content=\"summary_large_image\" \/>\n<meta name=\"twitter:label1\" content=\"Escrito por\" \/>\n\t<meta name=\"twitter:data1\" content=\"Telinha\" \/>\n\t<meta name=\"twitter:label2\" content=\"Tempo estimado de leitura\" \/>\n\t<meta name=\"twitter:data2\" content=\"2 minutos\" \/>\n<script type=\"application\/ld+json\" class=\"yoast-schema-graph\">{\"@context\":\"https:\/\/schema.org\",\"@graph\":[{\"@type\":\"Article\",\"@id\":\"https:\/\/portaltela.pt\/noticias\/2026\/01\/27\/neonazis-criaram-grupos-ficticios-de-ajuda-animal-e-alimentos-agressoes-captadas\/#article\",\"isPartOf\":{\"@id\":\"https:\/\/portaltela.pt\/noticias\/2026\/01\/27\/neonazis-criaram-grupos-ficticios-de-ajuda-animal-e-alimentos-agressoes-captadas\/\"},\"author\":{\"name\":\"Telinha\",\"@id\":\"https:\/\/portaltela.pt\/#\/schema\/person\/c4278d4a6028830caff9ee44b42d32ed\"},\"headline\":\"Neonazis criaram grupos fict\u00edcios de ajuda animal e alimentos; agress\u00f5es captadas\",\"datePublished\":\"2026-01-27T19:55:00+00:00\",\"mainEntityOfPage\":{\"@id\":\"https:\/\/portaltela.pt\/noticias\/2026\/01\/27\/neonazis-criaram-grupos-ficticios-de-ajuda-animal-e-alimentos-agressoes-captadas\/\"},\"wordCount\":348,\"image\":{\"@id\":\"https:\/\/portaltela.pt\/noticias\/2026\/01\/27\/neonazis-criaram-grupos-ficticios-de-ajuda-animal-e-alimentos-agressoes-captadas\/#primaryimage\"},\"thumbnailUrl\":\"https:\/\/portaltela.pt\/s.01k8rhncp4jt1\/2026\/01\/2062168.jpg\",\"keywords\":[\"Aveiras\",\"Azambuja\",\"extremismos\",\"investiga\u00e7\u00e3o\",\"organiza\u00e7\u00e3o criminosa\",\"Pol\u00edcia Judici\u00e1ria\"],\"articleSection\":[\"Not\u00edcias\"],\"inLanguage\":\"pt-PT\"},{\"@type\":\"WebPage\",\"@id\":\"https:\/\/portaltela.pt\/noticias\/2026\/01\/27\/neonazis-criaram-grupos-ficticios-de-ajuda-animal-e-alimentos-agressoes-captadas\/\",\"url\":\"https:\/\/portaltela.pt\/noticias\/2026\/01\/27\/neonazis-criaram-grupos-ficticios-de-ajuda-animal-e-alimentos-agressoes-captadas\/\",\"name\":\"Neonazis criaram grupos fict\u00edcios de ajuda animal e alimentos; agress\u00f5es captadas - Portal Tela Portugal\",\"isPartOf\":{\"@id\":\"https:\/\/portaltela.pt\/#website\"},\"primaryImageOfPage\":{\"@id\":\"https:\/\/portaltela.pt\/noticias\/2026\/01\/27\/neonazis-criaram-grupos-ficticios-de-ajuda-animal-e-alimentos-agressoes-captadas\/#primaryimage\"},\"image\":{\"@id\":\"https:\/\/portaltela.pt\/noticias\/2026\/01\/27\/neonazis-criaram-grupos-ficticios-de-ajuda-animal-e-alimentos-agressoes-captadas\/#primaryimage\"},\"thumbnailUrl\":\"https:\/\/portaltela.pt\/s.01k8rhncp4jt1\/2026\/01\/2062168.jpg\",\"datePublished\":\"2026-01-27T19:55:00+00:00\",\"author\":{\"@id\":\"https:\/\/portaltela.pt\/#\/schema\/person\/c4278d4a6028830caff9ee44b42d32ed\"},\"breadcrumb\":{\"@id\":\"https:\/\/portaltela.pt\/noticias\/2026\/01\/27\/neonazis-criaram-grupos-ficticios-de-ajuda-animal-e-alimentos-agressoes-captadas\/#breadcrumb\"},\"inLanguage\":\"pt-PT\",\"potentialAction\":[{\"@type\":\"ReadAction\",\"target\":[\"https:\/\/portaltela.pt\/noticias\/2026\/01\/27\/neonazis-criaram-grupos-ficticios-de-ajuda-animal-e-alimentos-agressoes-captadas\/\"]}]},{\"@type\":\"ImageObject\",\"inLanguage\":\"pt-PT\",\"@id\":\"https:\/\/portaltela.pt\/noticias\/2026\/01\/27\/neonazis-criaram-grupos-ficticios-de-ajuda-animal-e-alimentos-agressoes-captadas\/#primaryimage\",\"url\":\"https:\/\/portaltela.pt\/s.01k8rhncp4jt1\/2026\/01\/2062168.jpg\",\"contentUrl\":\"https:\/\/portaltela.pt\/s.01k8rhncp4jt1\/2026\/01\/2062168.jpg\",\"width\":796,\"height\":448,\"caption\":\"Manifesta\u00e7\u00e3o organizada em Fevereiro do ano passado \\\"contra a islamiza\u00e7\u00e3o da Europa\\\" esteve na origem da den\u00fancia\"},{\"@type\":\"BreadcrumbList\",\"@id\":\"https:\/\/portaltela.pt\/noticias\/2026\/01\/27\/neonazis-criaram-grupos-ficticios-de-ajuda-animal-e-alimentos-agressoes-captadas\/#breadcrumb\",\"itemListElement\":[{\"@type\":\"ListItem\",\"position\":1,\"name\":\"In\u00edcio\",\"item\":\"https:\/\/portaltela.pt\/\"},{\"@type\":\"ListItem\",\"position\":2,\"name\":\"Neonazis criaram grupos fict\u00edcios de ajuda animal e alimentos; agress\u00f5es captadas\"}]},{\"@type\":\"WebSite\",\"@id\":\"https:\/\/portaltela.pt\/#website\",\"url\":\"https:\/\/portaltela.pt\/\",\"name\":\"Portal Tela Portugal\",\"description\":\"\",\"potentialAction\":[{\"@type\":\"SearchAction\",\"target\":{\"@type\":\"EntryPoint\",\"urlTemplate\":\"https:\/\/portaltela.pt\/?s={search_term_string}\"},\"query-input\":{\"@type\":\"PropertyValueSpecification\",\"valueRequired\":true,\"valueName\":\"search_term_string\"}}],\"inLanguage\":\"pt-PT\"},{\"@type\":\"Person\",\"@id\":\"https:\/\/portaltela.pt\/#\/schema\/person\/c4278d4a6028830caff9ee44b42d32ed\",\"name\":\"Telinha\",\"image\":{\"@type\":\"ImageObject\",\"inLanguage\":\"pt-PT\",\"@id\":\"https:\/\/portaltela.pt\/s.01k8rhncp4jt1\/2025\/11\/talking-bot-125x125.png\",\"url\":\"https:\/\/portaltela.pt\/s.01k8rhncp4jt1\/2025\/11\/talking-bot-125x125.png\",\"contentUrl\":\"https:\/\/portaltela.pt\/s.01k8rhncp4jt1\/2025\/11\/talking-bot-125x125.png\",\"caption\":\"Telinha\"},\"sameAs\":[\"https:\/\/portaltela.pt\/\"],\"url\":\"https:\/\/portaltela.pt\/por\/367410592786\/\"}]}<\/script>\n<!-- \/ Yoast SEO plugin. -->","yoast_head_json":{"title":"Neonazis criaram grupos fict\u00edcios de ajuda animal e alimentos; agress\u00f5es captadas - Portal Tela Portugal","robots":{"index":"index","follow":"follow","max-snippet":"max-snippet:-1","max-image-preview":"max-image-preview:large","max-video-preview":"max-video-preview:-1"},"og_locale":"pt_PT","og_type":"article","og_title":"Neonazis criaram grupos fict\u00edcios de ajuda animal e alimentos; agress\u00f5es captadas - Portal Tela Portugal","og_description":"O grupo neonazi 1143, liderado por M\u00e1rio Machado a partir da pris\u00e3o de Alcoentre, ter\u00e1 criado grupos fict\u00edcios de resgate animal e de ajuda alimentar para disfar\u00e7ar a sua extrema influ\u00eancia. As investiga\u00e7\u00f5es indicam que o objetivo real era formar uma mil\u00edcia, segundo informa\u00e7\u00f5es recolhidas pelo P\u00daBLICO. Em Aveiras, c\u00e2maras captaram agress\u00f5es contra cidad\u00e3os indianos, alegadamente cometidas por membros ligados ao 1143. Em conversas, M\u00e1rio Machado ter\u00e1 dito que \u201cisso do resgate animal \u00e9 secund\u00e1rio\u201d, refor\u00e7ando a inten\u00e7\u00e3o de estruturar uma mil\u00edcia. Entre os materiais apreendidos estavam t-shirts com a inscri\u00e7\u00e3o \u201c1143 Resgate Animal\u201d, indicativas da rela\u00e7\u00e3o entre as a\u00e7\u00f5es de fachada e a ideia de extremismo.","og_url":"https:\/\/portaltela.pt\/noticias\/2026\/01\/27\/neonazis-criaram-grupos-ficticios-de-ajuda-animal-e-alimentos-agressoes-captadas\/","og_site_name":"Portal Tela Portugal","article_published_time":"2026-01-27T19:55:00+00:00","author":"Telinha","twitter_card":"summary_large_image","twitter_misc":{"Escrito por":"Telinha","Tempo estimado de leitura":"2 minutos"},"schema":{"@context":"https:\/\/schema.org","@graph":[{"@type":"Article","@id":"https:\/\/portaltela.pt\/noticias\/2026\/01\/27\/neonazis-criaram-grupos-ficticios-de-ajuda-animal-e-alimentos-agressoes-captadas\/#article","isPartOf":{"@id":"https:\/\/portaltela.pt\/noticias\/2026\/01\/27\/neonazis-criaram-grupos-ficticios-de-ajuda-animal-e-alimentos-agressoes-captadas\/"},"author":{"name":"Telinha","@id":"https:\/\/portaltela.pt\/#\/schema\/person\/c4278d4a6028830caff9ee44b42d32ed"},"headline":"Neonazis criaram grupos fict\u00edcios de ajuda animal e alimentos; agress\u00f5es captadas","datePublished":"2026-01-27T19:55:00+00:00","mainEntityOfPage":{"@id":"https:\/\/portaltela.pt\/noticias\/2026\/01\/27\/neonazis-criaram-grupos-ficticios-de-ajuda-animal-e-alimentos-agressoes-captadas\/"},"wordCount":348,"image":{"@id":"https:\/\/portaltela.pt\/noticias\/2026\/01\/27\/neonazis-criaram-grupos-ficticios-de-ajuda-animal-e-alimentos-agressoes-captadas\/#primaryimage"},"thumbnailUrl":"https:\/\/portaltela.pt\/s.01k8rhncp4jt1\/2026\/01\/2062168.jpg","keywords":["Aveiras","Azambuja","extremismos","investiga\u00e7\u00e3o","organiza\u00e7\u00e3o criminosa","Pol\u00edcia Judici\u00e1ria"],"articleSection":["Not\u00edcias"],"inLanguage":"pt-PT"},{"@type":"WebPage","@id":"https:\/\/portaltela.pt\/noticias\/2026\/01\/27\/neonazis-criaram-grupos-ficticios-de-ajuda-animal-e-alimentos-agressoes-captadas\/","url":"https:\/\/portaltela.pt\/noticias\/2026\/01\/27\/neonazis-criaram-grupos-ficticios-de-ajuda-animal-e-alimentos-agressoes-captadas\/","name":"Neonazis criaram grupos fict\u00edcios de ajuda animal e alimentos; agress\u00f5es captadas - Portal Tela Portugal","isPartOf":{"@id":"https:\/\/portaltela.pt\/#website"},"primaryImageOfPage":{"@id":"https:\/\/portaltela.pt\/noticias\/2026\/01\/27\/neonazis-criaram-grupos-ficticios-de-ajuda-animal-e-alimentos-agressoes-captadas\/#primaryimage"},"image":{"@id":"https:\/\/portaltela.pt\/noticias\/2026\/01\/27\/neonazis-criaram-grupos-ficticios-de-ajuda-animal-e-alimentos-agressoes-captadas\/#primaryimage"},"thumbnailUrl":"https:\/\/portaltela.pt\/s.01k8rhncp4jt1\/2026\/01\/2062168.jpg","datePublished":"2026-01-27T19:55:00+00:00","author":{"@id":"https:\/\/portaltela.pt\/#\/schema\/person\/c4278d4a6028830caff9ee44b42d32ed"},"breadcrumb":{"@id":"https:\/\/portaltela.pt\/noticias\/2026\/01\/27\/neonazis-criaram-grupos-ficticios-de-ajuda-animal-e-alimentos-agressoes-captadas\/#breadcrumb"},"inLanguage":"pt-PT","potentialAction":[{"@type":"ReadAction","target":["https:\/\/portaltela.pt\/noticias\/2026\/01\/27\/neonazis-criaram-grupos-ficticios-de-ajuda-animal-e-alimentos-agressoes-captadas\/"]}]},{"@type":"ImageObject","inLanguage":"pt-PT","@id":"https:\/\/portaltela.pt\/noticias\/2026\/01\/27\/neonazis-criaram-grupos-ficticios-de-ajuda-animal-e-alimentos-agressoes-captadas\/#primaryimage","url":"https:\/\/portaltela.pt\/s.01k8rhncp4jt1\/2026\/01\/2062168.jpg","contentUrl":"https:\/\/portaltela.pt\/s.01k8rhncp4jt1\/2026\/01\/2062168.jpg","width":796,"height":448,"caption":"Manifesta\u00e7\u00e3o organizada em Fevereiro do ano passado \"contra a islamiza\u00e7\u00e3o da Europa\" esteve na origem da den\u00fancia"},{"@type":"BreadcrumbList","@id":"https:\/\/portaltela.pt\/noticias\/2026\/01\/27\/neonazis-criaram-grupos-ficticios-de-ajuda-animal-e-alimentos-agressoes-captadas\/#breadcrumb","itemListElement":[{"@type":"ListItem","position":1,"name":"In\u00edcio","item":"https:\/\/portaltela.pt\/"},{"@type":"ListItem","position":2,"name":"Neonazis criaram grupos fict\u00edcios de ajuda animal e alimentos; agress\u00f5es captadas"}]},{"@type":"WebSite","@id":"https:\/\/portaltela.pt\/#website","url":"https:\/\/portaltela.pt\/","name":"Portal Tela Portugal","description":"","potentialAction":[{"@type":"SearchAction","target":{"@type":"EntryPoint","urlTemplate":"https:\/\/portaltela.pt\/?s={search_term_string}"},"query-input":{"@type":"PropertyValueSpecification","valueRequired":true,"valueName":"search_term_string"}}],"inLanguage":"pt-PT"},{"@type":"Person","@id":"https:\/\/portaltela.pt\/#\/schema\/person\/c4278d4a6028830caff9ee44b42d32ed","name":"Telinha","image":{"@type":"ImageObject","inLanguage":"pt-PT","@id":"https:\/\/portaltela.pt\/s.01k8rhncp4jt1\/2025\/11\/talking-bot-125x125.png","url":"https:\/\/portaltela.pt\/s.01k8rhncp4jt1\/2025\/11\/talking-bot-125x125.png","contentUrl":"https:\/\/portaltela.pt\/s.01k8rhncp4jt1\/2025\/11\/talking-bot-125x125.png","caption":"Telinha"},"sameAs":["https:\/\/portaltela.pt\/"],"url":"https:\/\/portaltela.pt\/por\/367410592786\/"}]}},"_links":{"self":[{"href":"https:\/\/portaltela.pt\/api\/wp\/v2\/posts\/177489","targetHints":{"allow":["GET"]}}],"collection":[{"href":"https:\/\/portaltela.pt\/api\/wp\/v2\/posts"}],"about":[{"href":"https:\/\/portaltela.pt\/api\/wp\/v2\/types\/post"}],"author":[{"embeddable":true,"href":"https:\/\/portaltela.pt\/api\/wp\/v2\/users\/2"}],"replies":[{"embeddable":true,"href":"https:\/\/portaltela.pt\/api\/wp\/v2\/comments?post=177489"}],"version-history":[{"count":0,"href":"https:\/\/portaltela.pt\/api\/wp\/v2\/posts\/177489\/revisions"}],"wp:featuredmedia":[{"embeddable":true,"href":"https:\/\/portaltela.pt\/api\/wp\/v2\/media\/177492"}],"wp:attachment":[{"href":"https:\/\/portaltela.pt\/api\/wp\/v2\/media?parent=177489"}],"wp:term":[{"taxonomy":"category","embeddable":true,"href":"https:\/\/portaltela.pt\/api\/wp\/v2\/categories?post=177489"},{"taxonomy":"post_tag","embeddable":true,"href":"https:\/\/portaltela.pt\/api\/wp\/v2\/tags?post=177489"}],"curies":[{"name":"wp","href":"https:\/\/api.w.org\/{rel}","templated":true}]}}