{"id":177474,"date":"2026-01-27T16:36:00","date_gmt":"2026-01-27T19:36:00","guid":{"rendered":"https:\/\/portaltela.pt\/noticias\/2026\/01\/27\/igreja-catolica-avalia-em-abril-continuidade-do-grupo-que-investiga-abusos\/"},"modified":"2026-01-27T16:36:00","modified_gmt":"2026-01-27T19:36:00","slug":"igreja-catolica-avalia-em-abril-continuidade-do-grupo-que-investiga-abusos","status":"publish","type":"post","link":"https:\/\/portaltela.pt\/noticias\/2026\/01\/27\/igreja-catolica-avalia-em-abril-continuidade-do-grupo-que-investiga-abusos\/","title":{"rendered":"Igreja Cat\u00f3lica avalia, em abril, continuidade do grupo que investiga abusos"},"content":{"rendered":"<p>A Igreja Cat\u00f3lica em Portugal aguarda a decis\u00e3o sobre a continuidade do Grupo Vita na assembleia plen\u00e1ria de abril. O tema foi apresentado pela Confer\u00eancia Episcopal Portuguesa (CEP), que reiterou reconhecimento pelo trabalho dos peritos e pelas recomenda\u00e7\u00f5es. O objetivo \u00e9 avaliar o futuro do grupo que investiga abusos.<\/p>\n<p>A coordenadora do Grupo Vita, a psic\u00f3loga Rute Agulhas, afirmou disponibilidade para continuar em fun\u00e7\u00f5es. A CEP elogiou o trabalho, destacando melhorias na prote\u00e7\u00e3o de menores e adultos vulner\u00e1veis. A institui\u00e7\u00e3o enfatizou a necessidade de escuta atenta e a\u00e7\u00e3o respons\u00e1vel.<\/p>\n<p>A CEP sublinhou que as vulnerabilidades persistem e que os abusos n\u00e3o s\u00e3o coisa do passado. As recomenda\u00e7\u00f5es exigem reflex\u00e3o s\u00e9ria para evitar dor adicional \u00e0s v\u00edtimas e sobreviventes, mantendo o foco nas pessoas afetadas.<\/p>\n<p>As v\u00edtimas continuam no centro da atua\u00e7\u00e3o da CEP, que pretende reparar, proteger e prevenir a viol\u00eancia sexual na Igreja em Portugal. A institui\u00e7\u00e3o avan\u00e7ou que as Comiss\u00f5es Diocesanas de Prote\u00e7\u00e3o de Menores e Adultos Vulner\u00e1veis trabalham para consolidar procedimentos.<\/p>\n<p>A Comiss\u00e3o de Fixa\u00e7\u00e3o de Compensa\u00e7\u00e3o analisa 66 pareceres para apresentar propostas de valores o mais breve poss\u00edvel. Os pedidos de compensa\u00e7\u00e3o continuam a ser apreciados pela CEP.<\/p>\n<h2>Reformula\u00e7\u00e3o dos objetivos<\/h2>\n<p>Rute Agulhas indicou disponibilidade para continuar, desde que haja reformula\u00e7\u00e3o dos objetivos do grupo, criado em maio de 2023 para ouvir den\u00fancias e apoiar v\u00edtimas. Se houver continuidade, o grupo dever\u00e1 trabalhar mais pr\u00f3ximo das comiss\u00f5es diocesanas e das ordens religiosas.<\/p>\n<p>Desde o in\u00edcio, o Grupo Vita recebeu 850 chamadas, contatou 154 v\u00edtimas e sobreviventes e um agressor. Registaram-se 43 pedidos de ajuda n\u00e3o enquadrados na miss\u00e3o do grupo. Foram 86 v\u00edtimas ou sobreviventes ouvidas, com m\u00e9dia de 55 anos.<\/p>\n<p>As situa\u00e7\u00f5es tratadas ocorreram entre 1955 e 2023, com a primeira ocorr\u00eancia entre os 10 e os 11 anos. Os agressores eram, na maioria, sacerdotes (cerca de 92%), utilizando abuso de autoridade e rela\u00e7\u00e3o de confian\u00e7a.<\/p>\n<p>Para enfrentar o problema, o grupo prop\u00f5e reduzir as assimetrias de poder, reformular a figura sacerdotal e valorizar as v\u00edtimas. Prop\u00f5e tamb\u00e9m a uniformiza\u00e7\u00e3o de estruturas eclesiais que lidem com este tema.<\/p>\n","protected":false},"excerpt":{"rendered":"<ul>\n<li>A Confer\u00eancia Episcopal Portuguesa vai analisar, na assembleia plen\u00e1ria de abril, a continuidade do Grupo Vita, criado para ouvir den\u00fancias e apoiar v\u00edtimas de abusos.<\/li>\n<li>A coordenadora Rute Agulhas disse estar dispon\u00edvel para continuar, e a CEP elogiou o trabalho dos peritos e as recomenda\u00e7\u00f5es para a prote\u00e7\u00e3o de menores e adultos vulner\u00e1veis.<\/li>\n<li>O relat\u00f3rio destaca assimetrias de poder, perce\u00e7\u00f5es distorcidas sobre sacerdotes e a perspetiva de que os abusos n\u00e3o s\u00e3o do passado, defendendo uma escuta atenta e a\u00e7\u00e3o respons\u00e1vel.<\/li>\n<li>A CEP afirma que as v\u00edtimas est\u00e3o no centro da atua\u00e7\u00e3o, \u043f\u0440\u043e\u0434\u043e\u043b\u0436\u0430 o compromisso de repara\u00e7\u00e3o, prote\u00e7\u00e3o e preven\u00e7\u00e3o, e que h\u00e1 um esfor\u00e7o para consolidar procedimentos nas Comiss\u00f5es Diocesanas de Prote\u00e7\u00e3o de Menores e Adultos Vulner\u00e1veis.<\/li>\n<li>O Grupo Vita registou 850 chamadas, 154 v\u00edtimas\/sobreviventes e 43 pedidos fora da sua miss\u00e3o; 86 v\u00edtimas foram ouvidas, com m\u00e9dia de 55 anos, e os abusos ocorreram entre 1955 e 2023, principalmente por sacerdotes.<\/li>\n<\/ul>\n","protected":false},"author":2,"featured_media":177481,"comment_status":"closed","ping_status":"closed","sticky":false,"template":"","format":"standard","meta":{"footnotes":""},"categories":[1],"tags":[470,208,103,1014,2181,1389],"class_list":["post-177474","post","type-post","status-publish","format-standard","has-post-thumbnail","hentry","category-noticias","tag-abuso-de-autoridade","tag-abuso-de-menores-dependentes","tag-catolicismo","tag-portugal","tag-protecao-de-menores","tag-violencia-sexual-de-menor-dependente-ou-em-situacao-vulneravel"],"yoast_head":"<!-- This site is optimized with the Yoast SEO plugin v27.2 - https:\/\/yoast.com\/product\/yoast-seo-wordpress\/ -->\n<title>Igreja Cat\u00f3lica avalia, em abril, continuidade do grupo que investiga abusos - Portal Tela Portugal<\/title>\n<meta name=\"robots\" content=\"index, follow, max-snippet:-1, max-image-preview:large, max-video-preview:-1\" \/>\n<meta property=\"og:locale\" content=\"pt_PT\" \/>\n<meta property=\"og:type\" content=\"article\" \/>\n<meta property=\"og:title\" content=\"Igreja Cat\u00f3lica avalia, em abril, continuidade do grupo que investiga abusos - Portal Tela Portugal\" \/>\n<meta property=\"og:description\" content=\"A Confer\u00eancia Episcopal Portuguesa vai analisar, na assembleia plen\u00e1ria de abril, a continuidade do Grupo Vita, criado para ouvir den\u00fancias e apoiar v\u00edtimas de abusos. A coordenadora Rute Agulhas disse estar dispon\u00edvel para continuar, e a CEP elogiou o trabalho dos peritos e as recomenda\u00e7\u00f5es para a prote\u00e7\u00e3o de menores e adultos vulner\u00e1veis. O relat\u00f3rio destaca assimetrias de poder, perce\u00e7\u00f5es distorcidas sobre sacerdotes e a perspetiva de que os abusos n\u00e3o s\u00e3o do passado, defendendo uma escuta atenta e a\u00e7\u00e3o respons\u00e1vel. A CEP afirma que as v\u00edtimas est\u00e3o no centro da atua\u00e7\u00e3o, \u043f\u0440\u043e\u0434\u043e\u043b\u0436\u0430 o compromisso de repara\u00e7\u00e3o, prote\u00e7\u00e3o e preven\u00e7\u00e3o, e que h\u00e1 um esfor\u00e7o para consolidar procedimentos nas Comiss\u00f5es Diocesanas de Prote\u00e7\u00e3o de Menores e Adultos Vulner\u00e1veis. O Grupo Vita registou 850 chamadas, 154 v\u00edtimas\/sobreviventes e 43 pedidos fora da sua miss\u00e3o; 86 v\u00edtimas foram ouvidas, com m\u00e9dia de 55 anos, e os abusos ocorreram entre 1955 e 2023, principalmente por sacerdotes.\" \/>\n<meta property=\"og:url\" content=\"https:\/\/portaltela.pt\/noticias\/2026\/01\/27\/igreja-catolica-avalia-em-abril-continuidade-do-grupo-que-investiga-abusos\/\" \/>\n<meta property=\"og:site_name\" content=\"Portal Tela Portugal\" \/>\n<meta property=\"article:published_time\" content=\"2026-01-27T19:36:00+00:00\" \/>\n<meta name=\"author\" content=\"Telinha\" \/>\n<meta name=\"twitter:card\" content=\"summary_large_image\" \/>\n<meta name=\"twitter:label1\" content=\"Escrito por\" \/>\n\t<meta name=\"twitter:data1\" content=\"Telinha\" \/>\n\t<meta name=\"twitter:label2\" content=\"Tempo estimado de leitura\" \/>\n\t<meta name=\"twitter:data2\" content=\"2 minutos\" \/>\n<script type=\"application\/ld+json\" class=\"yoast-schema-graph\">{\"@context\":\"https:\/\/schema.org\",\"@graph\":[{\"@type\":\"Article\",\"@id\":\"https:\/\/portaltela.pt\/noticias\/2026\/01\/27\/igreja-catolica-avalia-em-abril-continuidade-do-grupo-que-investiga-abusos\/#article\",\"isPartOf\":{\"@id\":\"https:\/\/portaltela.pt\/noticias\/2026\/01\/27\/igreja-catolica-avalia-em-abril-continuidade-do-grupo-que-investiga-abusos\/\"},\"author\":{\"name\":\"Telinha\",\"@id\":\"https:\/\/portaltela.pt\/#\/schema\/person\/c4278d4a6028830caff9ee44b42d32ed\"},\"headline\":\"Igreja Cat\u00f3lica avalia, em abril, continuidade do grupo que investiga abusos\",\"datePublished\":\"2026-01-27T19:36:00+00:00\",\"mainEntityOfPage\":{\"@id\":\"https:\/\/portaltela.pt\/noticias\/2026\/01\/27\/igreja-catolica-avalia-em-abril-continuidade-do-grupo-que-investiga-abusos\/\"},\"wordCount\":394,\"image\":{\"@id\":\"https:\/\/portaltela.pt\/noticias\/2026\/01\/27\/igreja-catolica-avalia-em-abril-continuidade-do-grupo-que-investiga-abusos\/#primaryimage\"},\"thumbnailUrl\":\"https:\/\/portaltela.pt\/s.01k8rhncp4jt1\/2026\/01\/image-1896.jpg\",\"keywords\":[\"abuso de autoridade\",\"abuso de menores dependentes\",\"catolicismo\",\"Portugal\",\"prote\u00e7\u00e3o de menores\",\"viol\u00eancia sexual de menor dependente ou em situa\u00e7\u00e3o vulner\u00e1vel\"],\"articleSection\":[\"Not\u00edcias\"],\"inLanguage\":\"pt-PT\"},{\"@type\":\"WebPage\",\"@id\":\"https:\/\/portaltela.pt\/noticias\/2026\/01\/27\/igreja-catolica-avalia-em-abril-continuidade-do-grupo-que-investiga-abusos\/\",\"url\":\"https:\/\/portaltela.pt\/noticias\/2026\/01\/27\/igreja-catolica-avalia-em-abril-continuidade-do-grupo-que-investiga-abusos\/\",\"name\":\"Igreja Cat\u00f3lica avalia, em abril, continuidade do grupo que investiga abusos - Portal Tela Portugal\",\"isPartOf\":{\"@id\":\"https:\/\/portaltela.pt\/#website\"},\"primaryImageOfPage\":{\"@id\":\"https:\/\/portaltela.pt\/noticias\/2026\/01\/27\/igreja-catolica-avalia-em-abril-continuidade-do-grupo-que-investiga-abusos\/#primaryimage\"},\"image\":{\"@id\":\"https:\/\/portaltela.pt\/noticias\/2026\/01\/27\/igreja-catolica-avalia-em-abril-continuidade-do-grupo-que-investiga-abusos\/#primaryimage\"},\"thumbnailUrl\":\"https:\/\/portaltela.pt\/s.01k8rhncp4jt1\/2026\/01\/image-1896.jpg\",\"datePublished\":\"2026-01-27T19:36:00+00:00\",\"author\":{\"@id\":\"https:\/\/portaltela.pt\/#\/schema\/person\/c4278d4a6028830caff9ee44b42d32ed\"},\"breadcrumb\":{\"@id\":\"https:\/\/portaltela.pt\/noticias\/2026\/01\/27\/igreja-catolica-avalia-em-abril-continuidade-do-grupo-que-investiga-abusos\/#breadcrumb\"},\"inLanguage\":\"pt-PT\",\"potentialAction\":[{\"@type\":\"ReadAction\",\"target\":[\"https:\/\/portaltela.pt\/noticias\/2026\/01\/27\/igreja-catolica-avalia-em-abril-continuidade-do-grupo-que-investiga-abusos\/\"]}]},{\"@type\":\"ImageObject\",\"inLanguage\":\"pt-PT\",\"@id\":\"https:\/\/portaltela.pt\/noticias\/2026\/01\/27\/igreja-catolica-avalia-em-abril-continuidade-do-grupo-que-investiga-abusos\/#primaryimage\",\"url\":\"https:\/\/portaltela.pt\/s.01k8rhncp4jt1\/2026\/01\/image-1896.jpg\",\"contentUrl\":\"https:\/\/portaltela.pt\/s.01k8rhncp4jt1\/2026\/01\/image-1896.jpg\",\"width\":796,\"height\":448,\"caption\":\"Psic\u00f3loga Rute Agulhas e D. Jos\u00e9 Ornelas, presidente da CEP e bispo de Leiria-F\u00e1tima\"},{\"@type\":\"BreadcrumbList\",\"@id\":\"https:\/\/portaltela.pt\/noticias\/2026\/01\/27\/igreja-catolica-avalia-em-abril-continuidade-do-grupo-que-investiga-abusos\/#breadcrumb\",\"itemListElement\":[{\"@type\":\"ListItem\",\"position\":1,\"name\":\"In\u00edcio\",\"item\":\"https:\/\/portaltela.pt\/\"},{\"@type\":\"ListItem\",\"position\":2,\"name\":\"Igreja Cat\u00f3lica avalia, em abril, continuidade do grupo que investiga abusos\"}]},{\"@type\":\"WebSite\",\"@id\":\"https:\/\/portaltela.pt\/#website\",\"url\":\"https:\/\/portaltela.pt\/\",\"name\":\"Portal Tela Portugal\",\"description\":\"\",\"potentialAction\":[{\"@type\":\"SearchAction\",\"target\":{\"@type\":\"EntryPoint\",\"urlTemplate\":\"https:\/\/portaltela.pt\/?s={search_term_string}\"},\"query-input\":{\"@type\":\"PropertyValueSpecification\",\"valueRequired\":true,\"valueName\":\"search_term_string\"}}],\"inLanguage\":\"pt-PT\"},{\"@type\":\"Person\",\"@id\":\"https:\/\/portaltela.pt\/#\/schema\/person\/c4278d4a6028830caff9ee44b42d32ed\",\"name\":\"Telinha\",\"image\":{\"@type\":\"ImageObject\",\"inLanguage\":\"pt-PT\",\"@id\":\"https:\/\/portaltela.pt\/s.01k8rhncp4jt1\/2025\/11\/talking-bot-125x125.png\",\"url\":\"https:\/\/portaltela.pt\/s.01k8rhncp4jt1\/2025\/11\/talking-bot-125x125.png\",\"contentUrl\":\"https:\/\/portaltela.pt\/s.01k8rhncp4jt1\/2025\/11\/talking-bot-125x125.png\",\"caption\":\"Telinha\"},\"sameAs\":[\"https:\/\/portaltela.pt\/\"],\"url\":\"https:\/\/portaltela.pt\/por\/367410592786\/\"}]}<\/script>\n<!-- \/ Yoast SEO plugin. -->","yoast_head_json":{"title":"Igreja Cat\u00f3lica avalia, em abril, continuidade do grupo que investiga abusos - Portal Tela Portugal","robots":{"index":"index","follow":"follow","max-snippet":"max-snippet:-1","max-image-preview":"max-image-preview:large","max-video-preview":"max-video-preview:-1"},"og_locale":"pt_PT","og_type":"article","og_title":"Igreja Cat\u00f3lica avalia, em abril, continuidade do grupo que investiga abusos - Portal Tela Portugal","og_description":"A Confer\u00eancia Episcopal Portuguesa vai analisar, na assembleia plen\u00e1ria de abril, a continuidade do Grupo Vita, criado para ouvir den\u00fancias e apoiar v\u00edtimas de abusos. A coordenadora Rute Agulhas disse estar dispon\u00edvel para continuar, e a CEP elogiou o trabalho dos peritos e as recomenda\u00e7\u00f5es para a prote\u00e7\u00e3o de menores e adultos vulner\u00e1veis. O relat\u00f3rio destaca assimetrias de poder, perce\u00e7\u00f5es distorcidas sobre sacerdotes e a perspetiva de que os abusos n\u00e3o s\u00e3o do passado, defendendo uma escuta atenta e a\u00e7\u00e3o respons\u00e1vel. A CEP afirma que as v\u00edtimas est\u00e3o no centro da atua\u00e7\u00e3o, \u043f\u0440\u043e\u0434\u043e\u043b\u0436\u0430 o compromisso de repara\u00e7\u00e3o, prote\u00e7\u00e3o e preven\u00e7\u00e3o, e que h\u00e1 um esfor\u00e7o para consolidar procedimentos nas Comiss\u00f5es Diocesanas de Prote\u00e7\u00e3o de Menores e Adultos Vulner\u00e1veis. O Grupo Vita registou 850 chamadas, 154 v\u00edtimas\/sobreviventes e 43 pedidos fora da sua miss\u00e3o; 86 v\u00edtimas foram ouvidas, com m\u00e9dia de 55 anos, e os abusos ocorreram entre 1955 e 2023, principalmente por sacerdotes.","og_url":"https:\/\/portaltela.pt\/noticias\/2026\/01\/27\/igreja-catolica-avalia-em-abril-continuidade-do-grupo-que-investiga-abusos\/","og_site_name":"Portal Tela Portugal","article_published_time":"2026-01-27T19:36:00+00:00","author":"Telinha","twitter_card":"summary_large_image","twitter_misc":{"Escrito por":"Telinha","Tempo estimado de leitura":"2 minutos"},"schema":{"@context":"https:\/\/schema.org","@graph":[{"@type":"Article","@id":"https:\/\/portaltela.pt\/noticias\/2026\/01\/27\/igreja-catolica-avalia-em-abril-continuidade-do-grupo-que-investiga-abusos\/#article","isPartOf":{"@id":"https:\/\/portaltela.pt\/noticias\/2026\/01\/27\/igreja-catolica-avalia-em-abril-continuidade-do-grupo-que-investiga-abusos\/"},"author":{"name":"Telinha","@id":"https:\/\/portaltela.pt\/#\/schema\/person\/c4278d4a6028830caff9ee44b42d32ed"},"headline":"Igreja Cat\u00f3lica avalia, em abril, continuidade do grupo que investiga abusos","datePublished":"2026-01-27T19:36:00+00:00","mainEntityOfPage":{"@id":"https:\/\/portaltela.pt\/noticias\/2026\/01\/27\/igreja-catolica-avalia-em-abril-continuidade-do-grupo-que-investiga-abusos\/"},"wordCount":394,"image":{"@id":"https:\/\/portaltela.pt\/noticias\/2026\/01\/27\/igreja-catolica-avalia-em-abril-continuidade-do-grupo-que-investiga-abusos\/#primaryimage"},"thumbnailUrl":"https:\/\/portaltela.pt\/s.01k8rhncp4jt1\/2026\/01\/image-1896.jpg","keywords":["abuso de autoridade","abuso de menores dependentes","catolicismo","Portugal","prote\u00e7\u00e3o de menores","viol\u00eancia sexual de menor dependente ou em situa\u00e7\u00e3o vulner\u00e1vel"],"articleSection":["Not\u00edcias"],"inLanguage":"pt-PT"},{"@type":"WebPage","@id":"https:\/\/portaltela.pt\/noticias\/2026\/01\/27\/igreja-catolica-avalia-em-abril-continuidade-do-grupo-que-investiga-abusos\/","url":"https:\/\/portaltela.pt\/noticias\/2026\/01\/27\/igreja-catolica-avalia-em-abril-continuidade-do-grupo-que-investiga-abusos\/","name":"Igreja Cat\u00f3lica avalia, em abril, continuidade do grupo que investiga abusos - Portal Tela Portugal","isPartOf":{"@id":"https:\/\/portaltela.pt\/#website"},"primaryImageOfPage":{"@id":"https:\/\/portaltela.pt\/noticias\/2026\/01\/27\/igreja-catolica-avalia-em-abril-continuidade-do-grupo-que-investiga-abusos\/#primaryimage"},"image":{"@id":"https:\/\/portaltela.pt\/noticias\/2026\/01\/27\/igreja-catolica-avalia-em-abril-continuidade-do-grupo-que-investiga-abusos\/#primaryimage"},"thumbnailUrl":"https:\/\/portaltela.pt\/s.01k8rhncp4jt1\/2026\/01\/image-1896.jpg","datePublished":"2026-01-27T19:36:00+00:00","author":{"@id":"https:\/\/portaltela.pt\/#\/schema\/person\/c4278d4a6028830caff9ee44b42d32ed"},"breadcrumb":{"@id":"https:\/\/portaltela.pt\/noticias\/2026\/01\/27\/igreja-catolica-avalia-em-abril-continuidade-do-grupo-que-investiga-abusos\/#breadcrumb"},"inLanguage":"pt-PT","potentialAction":[{"@type":"ReadAction","target":["https:\/\/portaltela.pt\/noticias\/2026\/01\/27\/igreja-catolica-avalia-em-abril-continuidade-do-grupo-que-investiga-abusos\/"]}]},{"@type":"ImageObject","inLanguage":"pt-PT","@id":"https:\/\/portaltela.pt\/noticias\/2026\/01\/27\/igreja-catolica-avalia-em-abril-continuidade-do-grupo-que-investiga-abusos\/#primaryimage","url":"https:\/\/portaltela.pt\/s.01k8rhncp4jt1\/2026\/01\/image-1896.jpg","contentUrl":"https:\/\/portaltela.pt\/s.01k8rhncp4jt1\/2026\/01\/image-1896.jpg","width":796,"height":448,"caption":"Psic\u00f3loga Rute Agulhas e D. Jos\u00e9 Ornelas, presidente da CEP e bispo de Leiria-F\u00e1tima"},{"@type":"BreadcrumbList","@id":"https:\/\/portaltela.pt\/noticias\/2026\/01\/27\/igreja-catolica-avalia-em-abril-continuidade-do-grupo-que-investiga-abusos\/#breadcrumb","itemListElement":[{"@type":"ListItem","position":1,"name":"In\u00edcio","item":"https:\/\/portaltela.pt\/"},{"@type":"ListItem","position":2,"name":"Igreja Cat\u00f3lica avalia, em abril, continuidade do grupo que investiga abusos"}]},{"@type":"WebSite","@id":"https:\/\/portaltela.pt\/#website","url":"https:\/\/portaltela.pt\/","name":"Portal Tela Portugal","description":"","potentialAction":[{"@type":"SearchAction","target":{"@type":"EntryPoint","urlTemplate":"https:\/\/portaltela.pt\/?s={search_term_string}"},"query-input":{"@type":"PropertyValueSpecification","valueRequired":true,"valueName":"search_term_string"}}],"inLanguage":"pt-PT"},{"@type":"Person","@id":"https:\/\/portaltela.pt\/#\/schema\/person\/c4278d4a6028830caff9ee44b42d32ed","name":"Telinha","image":{"@type":"ImageObject","inLanguage":"pt-PT","@id":"https:\/\/portaltela.pt\/s.01k8rhncp4jt1\/2025\/11\/talking-bot-125x125.png","url":"https:\/\/portaltela.pt\/s.01k8rhncp4jt1\/2025\/11\/talking-bot-125x125.png","contentUrl":"https:\/\/portaltela.pt\/s.01k8rhncp4jt1\/2025\/11\/talking-bot-125x125.png","caption":"Telinha"},"sameAs":["https:\/\/portaltela.pt\/"],"url":"https:\/\/portaltela.pt\/por\/367410592786\/"}]}},"_links":{"self":[{"href":"https:\/\/portaltela.pt\/api\/wp\/v2\/posts\/177474","targetHints":{"allow":["GET"]}}],"collection":[{"href":"https:\/\/portaltela.pt\/api\/wp\/v2\/posts"}],"about":[{"href":"https:\/\/portaltela.pt\/api\/wp\/v2\/types\/post"}],"author":[{"embeddable":true,"href":"https:\/\/portaltela.pt\/api\/wp\/v2\/users\/2"}],"replies":[{"embeddable":true,"href":"https:\/\/portaltela.pt\/api\/wp\/v2\/comments?post=177474"}],"version-history":[{"count":0,"href":"https:\/\/portaltela.pt\/api\/wp\/v2\/posts\/177474\/revisions"}],"wp:featuredmedia":[{"embeddable":true,"href":"https:\/\/portaltela.pt\/api\/wp\/v2\/media\/177481"}],"wp:attachment":[{"href":"https:\/\/portaltela.pt\/api\/wp\/v2\/media?parent=177474"}],"wp:term":[{"taxonomy":"category","embeddable":true,"href":"https:\/\/portaltela.pt\/api\/wp\/v2\/categories?post=177474"},{"taxonomy":"post_tag","embeddable":true,"href":"https:\/\/portaltela.pt\/api\/wp\/v2\/tags?post=177474"}],"curies":[{"name":"wp","href":"https:\/\/api.w.org\/{rel}","templated":true}]}}