{"id":177414,"date":"2026-01-27T16:27:00","date_gmt":"2026-01-27T19:27:00","guid":{"rendered":"https:\/\/portaltela.pt\/noticias\/2026\/01\/27\/duas-estradas-nacionais-cortadas-no-distrito-de-portalegre-devido-ao-mau-tempo\/"},"modified":"2026-01-27T16:27:00","modified_gmt":"2026-01-27T19:27:00","slug":"duas-estradas-nacionais-cortadas-no-distrito-de-portalegre-devido-ao-mau-tempo","status":"publish","type":"post","link":"https:\/\/portaltela.pt\/noticias\/2026\/01\/27\/duas-estradas-nacionais-cortadas-no-distrito-de-portalegre-devido-ao-mau-tempo\/","title":{"rendered":"Duas estradas nacionais cortadas no distrito de Portalegre devido ao mau tempo"},"content":{"rendered":"<p>Duas estradas nacionais no distrito de Portalegre permanecem cortadas ao tr\u00e2nsito devido ao mau tempo, avan\u00e7a a GNR. As interrup\u00e7\u00f5es abrangem a EN245 entre Fronteira e Alter do Ch\u00e3o e a EN246-1 na zona de Marv\u00e3o, em plena regi\u00e3o alentejana.<\/p>\n<p>A EN245 est\u00e1 interditada desde segunda-feira devido a inunda\u00e7\u00f5es junto ao pont\u00e3o da Ribeira Grande, a sul de Fronteira. A situa\u00e7\u00e3o foi confirmada pela Guarda Nacional Republicana (GNR) \u00e0 Lusa.<\/p>\n<p>A EN246-1 foi cortada preventivamente na \u00e1rea de Marv\u00e3o para evitar risco de queda de \u00e1rvores. A C\u00e2mara de Marv\u00e3o informou, atrav\u00e9s das redes sociais, que o corte se mant\u00e9m na zona tur\u00edstica do t\u00fanel das \u00e1rvores, at\u00e9, pelo menos, \u00e0s 12:00 de quarta-feira, entre os quil\u00f3metros 9,3 e 10,5, em S\u00e3o Salvador da Aramenha.<\/p>\n<h3>Desvios de tr\u00e1fego e zonas afetadas<\/h3>\n<p>O desvio na EN246-1 segue no sentido norte-sul a partir do cruzamento do Prado, pela rua das Escolas e Bairro Novo, na Portagem, regressando \u00e0 EN359 para seguir para Espanha ou Portalegre. No sentido sul-norte, o desvio utiliza o Bairro Novo e Rua das Escolas, na Portagem, retomando na interse\u00e7\u00e3o do Prado, em dire\u00e7\u00e3o a Castelo de Vide.<\/p>\n<p>Em Alc\u00e1cer do Sal, a liga\u00e7\u00e3o pela EN382 entre Ar\u00eaz e Vale de Guizo j\u00e1 foi reaberta ao tr\u00e2nsito ap\u00f3s mais cedo ter estado interditada devido ao mau tempo.<\/p>\n<p>Diversas C\u00e2maras Municipais do Alentejo anunciaram encerramentos tempor\u00e1rios de vias municipais e nacionais, provocados pela depress\u00e3o Kristin, que se soma \u00e0s tempestades Ingrid e Joseph. Horas mais tardes, a C\u00e2mara de Redondo informou o encerramento tempor\u00e1rio do jardim municipal e do parque ambiental, por motivos de seguran\u00e7a.<\/p>\n<h3>Contexto clim\u00e1tico<\/h3>\n<p>O territ\u00f3rio continental de Portugal est\u00e1 a ser afetado por Kristin, com chuva, vento, neve e agita\u00e7\u00e3o mar\u00edtima, segundo o IPMA. A Regi\u00e3o prev\u00ea uma acalmia para esta ter\u00e7a-feira, seguindo de um agravamento do tempo a partir da meia-noite de quarta-feira, conforme as proje\u00e7\u00f5es oficiais.<\/p>\n<p>Prote\u00e7\u00e3o Civil manteve alertas e orienta a prepara\u00e7\u00e3o de medidas de preven\u00e7\u00e3o face \u00e0 depress\u00e3o Kristin, bem como das condi\u00e7\u00f5es associadas. As autoridades reiteram a necessidade de seguir as indica\u00e7\u00f5es locais e evitar desloca\u00e7\u00f5es desnecess\u00e1rias.<\/p>\n","protected":false},"excerpt":{"rendered":"<ul>\n<li>A Estrada Nacional 245 (EN245) est\u00e1 cortada ao tr\u00e2nsito desde segunda-feira entre Fronteira e Alter do Ch\u00e3o, por causa de inunda\u00e7\u00f5es junto ao pont\u00e3o da Ribeira Grande.<\/li>\n<li>A Estrada Nacional 246-1 (EN246-1), na zona de Marv\u00e3o, permanece cortada preventivamente para evitar o risco de queda de alguma \u00e1rvore, na \u00e1rea tur\u00edstica do t\u00fanel das \u00e1rvores.<\/li>\n<li>A C\u00e2mara de Marv\u00e3o informou que a EN246-1 est\u00e1 fechada at\u00e9 \u00e0s 12:00 de quarta-feira entre os quil\u00f3metros 9,3 e 10,5, em S\u00e3o Salvador da Aramenha.<\/li>\n<li>Os desvios propostos s\u00e3o, no sentido norte\/sul, pela rua das Escolas e Bairro Novo, na Portagem, retomando a EN359, em dire\u00e7\u00e3o a Espanha ou Portalegre; no sentido sul\/norte, pelo Bairro Novo e Rua das Escolas, retomando no cruzamento do Prado em dire\u00e7\u00e3o a Castelo de Vide.<\/li>\n<li>O mau tempo, associado \u00e0 depress\u00e3o Kristin, mant\u00e9m v\u00e1rias vias condicionadas na regi\u00e3o do Alentejo, com avisos do IPMA e medidas de precau\u00e7\u00e3o da Prote\u00e7\u00e3o Civil.<\/li>\n<\/ul>\n","protected":false},"author":2,"featured_media":177436,"comment_status":"closed","ping_status":"closed","sticky":false,"template":"","format":"standard","meta":{"footnotes":""},"categories":[1],"tags":[3812,1998,883,1083,2293,3377],"class_list":["post-177414","post","type-post","status-publish","format-standard","has-post-thumbnail","hentry","category-noticias","tag-alagamentos","tag-alcacer-do-sal","tag-alentejo","tag-estradas","tag-inundacoes","tag-marvao"],"yoast_head":"<!-- This site is optimized with the Yoast SEO plugin v27.2 - https:\/\/yoast.com\/product\/yoast-seo-wordpress\/ -->\n<title>Duas estradas nacionais cortadas no distrito de Portalegre devido ao mau tempo - Portal Tela Portugal<\/title>\n<meta name=\"robots\" content=\"index, follow, max-snippet:-1, max-image-preview:large, max-video-preview:-1\" \/>\n<meta property=\"og:locale\" content=\"pt_PT\" \/>\n<meta property=\"og:type\" content=\"article\" \/>\n<meta property=\"og:title\" content=\"Duas estradas nacionais cortadas no distrito de Portalegre devido ao mau tempo - Portal Tela Portugal\" \/>\n<meta property=\"og:description\" content=\"A Estrada Nacional 245 (EN245) est\u00e1 cortada ao tr\u00e2nsito desde segunda-feira entre Fronteira e Alter do Ch\u00e3o, por causa de inunda\u00e7\u00f5es junto ao pont\u00e3o da Ribeira Grande. A Estrada Nacional 246-1 (EN246-1), na zona de Marv\u00e3o, permanece cortada preventivamente para evitar o risco de queda de alguma \u00e1rvore, na \u00e1rea tur\u00edstica do t\u00fanel das \u00e1rvores. A C\u00e2mara de Marv\u00e3o informou que a EN246-1 est\u00e1 fechada at\u00e9 \u00e0s 12:00 de quarta-feira entre os quil\u00f3metros 9,3 e 10,5, em S\u00e3o Salvador da Aramenha. Os desvios propostos s\u00e3o, no sentido norte\/sul, pela rua das Escolas e Bairro Novo, na Portagem, retomando a EN359, em dire\u00e7\u00e3o a Espanha ou Portalegre; no sentido sul\/norte, pelo Bairro Novo e Rua das Escolas, retomando no cruzamento do Prado em dire\u00e7\u00e3o a Castelo de Vide. O mau tempo, associado \u00e0 depress\u00e3o Kristin, mant\u00e9m v\u00e1rias vias condicionadas na regi\u00e3o do Alentejo, com avisos do IPMA e medidas de precau\u00e7\u00e3o da Prote\u00e7\u00e3o Civil.\" \/>\n<meta property=\"og:url\" content=\"https:\/\/portaltela.pt\/noticias\/2026\/01\/27\/duas-estradas-nacionais-cortadas-no-distrito-de-portalegre-devido-ao-mau-tempo\/\" \/>\n<meta property=\"og:site_name\" content=\"Portal Tela Portugal\" \/>\n<meta property=\"article:published_time\" content=\"2026-01-27T19:27:00+00:00\" \/>\n<meta name=\"author\" content=\"Telinha\" \/>\n<meta name=\"twitter:card\" content=\"summary_large_image\" \/>\n<meta name=\"twitter:label1\" content=\"Escrito por\" \/>\n\t<meta name=\"twitter:data1\" content=\"Telinha\" \/>\n\t<meta name=\"twitter:label2\" content=\"Tempo estimado de leitura\" \/>\n\t<meta name=\"twitter:data2\" content=\"2 minutos\" \/>\n<script type=\"application\/ld+json\" class=\"yoast-schema-graph\">{\"@context\":\"https:\/\/schema.org\",\"@graph\":[{\"@type\":\"Article\",\"@id\":\"https:\/\/portaltela.pt\/noticias\/2026\/01\/27\/duas-estradas-nacionais-cortadas-no-distrito-de-portalegre-devido-ao-mau-tempo\/#article\",\"isPartOf\":{\"@id\":\"https:\/\/portaltela.pt\/noticias\/2026\/01\/27\/duas-estradas-nacionais-cortadas-no-distrito-de-portalegre-devido-ao-mau-tempo\/\"},\"author\":{\"name\":\"Telinha\",\"@id\":\"https:\/\/portaltela.pt\/#\/schema\/person\/c4278d4a6028830caff9ee44b42d32ed\"},\"headline\":\"Duas estradas nacionais cortadas no distrito de Portalegre devido ao mau tempo\",\"datePublished\":\"2026-01-27T19:27:00+00:00\",\"mainEntityOfPage\":{\"@id\":\"https:\/\/portaltela.pt\/noticias\/2026\/01\/27\/duas-estradas-nacionais-cortadas-no-distrito-de-portalegre-devido-ao-mau-tempo\/\"},\"wordCount\":403,\"image\":{\"@id\":\"https:\/\/portaltela.pt\/noticias\/2026\/01\/27\/duas-estradas-nacionais-cortadas-no-distrito-de-portalegre-devido-ao-mau-tempo\/#primaryimage\"},\"thumbnailUrl\":\"https:\/\/portaltela.pt\/s.01k8rhncp4jt1\/2026\/01\/img_1500x1000uu2023-04-11-17-17-34-1322269-10.jpg\",\"keywords\":[\"alagamentos\",\"Alc\u00e1cer do Sal\",\"Alentejo\",\"estradas\",\"inunda\u00e7\u00f5es\",\"Marv\u00e3o\"],\"articleSection\":[\"Not\u00edcias\"],\"inLanguage\":\"pt-PT\"},{\"@type\":\"WebPage\",\"@id\":\"https:\/\/portaltela.pt\/noticias\/2026\/01\/27\/duas-estradas-nacionais-cortadas-no-distrito-de-portalegre-devido-ao-mau-tempo\/\",\"url\":\"https:\/\/portaltela.pt\/noticias\/2026\/01\/27\/duas-estradas-nacionais-cortadas-no-distrito-de-portalegre-devido-ao-mau-tempo\/\",\"name\":\"Duas estradas nacionais cortadas no distrito de Portalegre devido ao mau tempo - Portal Tela Portugal\",\"isPartOf\":{\"@id\":\"https:\/\/portaltela.pt\/#website\"},\"primaryImageOfPage\":{\"@id\":\"https:\/\/portaltela.pt\/noticias\/2026\/01\/27\/duas-estradas-nacionais-cortadas-no-distrito-de-portalegre-devido-ao-mau-tempo\/#primaryimage\"},\"image\":{\"@id\":\"https:\/\/portaltela.pt\/noticias\/2026\/01\/27\/duas-estradas-nacionais-cortadas-no-distrito-de-portalegre-devido-ao-mau-tempo\/#primaryimage\"},\"thumbnailUrl\":\"https:\/\/portaltela.pt\/s.01k8rhncp4jt1\/2026\/01\/img_1500x1000uu2023-04-11-17-17-34-1322269-10.jpg\",\"datePublished\":\"2026-01-27T19:27:00+00:00\",\"author\":{\"@id\":\"https:\/\/portaltela.pt\/#\/schema\/person\/c4278d4a6028830caff9ee44b42d32ed\"},\"breadcrumb\":{\"@id\":\"https:\/\/portaltela.pt\/noticias\/2026\/01\/27\/duas-estradas-nacionais-cortadas-no-distrito-de-portalegre-devido-ao-mau-tempo\/#breadcrumb\"},\"inLanguage\":\"pt-PT\",\"potentialAction\":[{\"@type\":\"ReadAction\",\"target\":[\"https:\/\/portaltela.pt\/noticias\/2026\/01\/27\/duas-estradas-nacionais-cortadas-no-distrito-de-portalegre-devido-ao-mau-tempo\/\"]}]},{\"@type\":\"ImageObject\",\"inLanguage\":\"pt-PT\",\"@id\":\"https:\/\/portaltela.pt\/noticias\/2026\/01\/27\/duas-estradas-nacionais-cortadas-no-distrito-de-portalegre-devido-ao-mau-tempo\/#primaryimage\",\"url\":\"https:\/\/portaltela.pt\/s.01k8rhncp4jt1\/2026\/01\/img_1500x1000uu2023-04-11-17-17-34-1322269-10.jpg\",\"contentUrl\":\"https:\/\/portaltela.pt\/s.01k8rhncp4jt1\/2026\/01\/img_1500x1000uu2023-04-11-17-17-34-1322269-10.jpg\",\"width\":796,\"height\":448,\"caption\":\"GNR\"},{\"@type\":\"BreadcrumbList\",\"@id\":\"https:\/\/portaltela.pt\/noticias\/2026\/01\/27\/duas-estradas-nacionais-cortadas-no-distrito-de-portalegre-devido-ao-mau-tempo\/#breadcrumb\",\"itemListElement\":[{\"@type\":\"ListItem\",\"position\":1,\"name\":\"In\u00edcio\",\"item\":\"https:\/\/portaltela.pt\/\"},{\"@type\":\"ListItem\",\"position\":2,\"name\":\"Duas estradas nacionais cortadas no distrito de Portalegre devido ao mau tempo\"}]},{\"@type\":\"WebSite\",\"@id\":\"https:\/\/portaltela.pt\/#website\",\"url\":\"https:\/\/portaltela.pt\/\",\"name\":\"Portal Tela Portugal\",\"description\":\"\",\"potentialAction\":[{\"@type\":\"SearchAction\",\"target\":{\"@type\":\"EntryPoint\",\"urlTemplate\":\"https:\/\/portaltela.pt\/?s={search_term_string}\"},\"query-input\":{\"@type\":\"PropertyValueSpecification\",\"valueRequired\":true,\"valueName\":\"search_term_string\"}}],\"inLanguage\":\"pt-PT\"},{\"@type\":\"Person\",\"@id\":\"https:\/\/portaltela.pt\/#\/schema\/person\/c4278d4a6028830caff9ee44b42d32ed\",\"name\":\"Telinha\",\"image\":{\"@type\":\"ImageObject\",\"inLanguage\":\"pt-PT\",\"@id\":\"https:\/\/portaltela.pt\/s.01k8rhncp4jt1\/2025\/11\/talking-bot-125x125.png\",\"url\":\"https:\/\/portaltela.pt\/s.01k8rhncp4jt1\/2025\/11\/talking-bot-125x125.png\",\"contentUrl\":\"https:\/\/portaltela.pt\/s.01k8rhncp4jt1\/2025\/11\/talking-bot-125x125.png\",\"caption\":\"Telinha\"},\"sameAs\":[\"https:\/\/portaltela.pt\/\"],\"url\":\"https:\/\/portaltela.pt\/por\/367410592786\/\"}]}<\/script>\n<!-- \/ Yoast SEO plugin. -->","yoast_head_json":{"title":"Duas estradas nacionais cortadas no distrito de Portalegre devido ao mau tempo - Portal Tela Portugal","robots":{"index":"index","follow":"follow","max-snippet":"max-snippet:-1","max-image-preview":"max-image-preview:large","max-video-preview":"max-video-preview:-1"},"og_locale":"pt_PT","og_type":"article","og_title":"Duas estradas nacionais cortadas no distrito de Portalegre devido ao mau tempo - Portal Tela Portugal","og_description":"A Estrada Nacional 245 (EN245) est\u00e1 cortada ao tr\u00e2nsito desde segunda-feira entre Fronteira e Alter do Ch\u00e3o, por causa de inunda\u00e7\u00f5es junto ao pont\u00e3o da Ribeira Grande. A Estrada Nacional 246-1 (EN246-1), na zona de Marv\u00e3o, permanece cortada preventivamente para evitar o risco de queda de alguma \u00e1rvore, na \u00e1rea tur\u00edstica do t\u00fanel das \u00e1rvores. A C\u00e2mara de Marv\u00e3o informou que a EN246-1 est\u00e1 fechada at\u00e9 \u00e0s 12:00 de quarta-feira entre os quil\u00f3metros 9,3 e 10,5, em S\u00e3o Salvador da Aramenha. Os desvios propostos s\u00e3o, no sentido norte\/sul, pela rua das Escolas e Bairro Novo, na Portagem, retomando a EN359, em dire\u00e7\u00e3o a Espanha ou Portalegre; no sentido sul\/norte, pelo Bairro Novo e Rua das Escolas, retomando no cruzamento do Prado em dire\u00e7\u00e3o a Castelo de Vide. O mau tempo, associado \u00e0 depress\u00e3o Kristin, mant\u00e9m v\u00e1rias vias condicionadas na regi\u00e3o do Alentejo, com avisos do IPMA e medidas de precau\u00e7\u00e3o da Prote\u00e7\u00e3o Civil.","og_url":"https:\/\/portaltela.pt\/noticias\/2026\/01\/27\/duas-estradas-nacionais-cortadas-no-distrito-de-portalegre-devido-ao-mau-tempo\/","og_site_name":"Portal Tela Portugal","article_published_time":"2026-01-27T19:27:00+00:00","author":"Telinha","twitter_card":"summary_large_image","twitter_misc":{"Escrito por":"Telinha","Tempo estimado de leitura":"2 minutos"},"schema":{"@context":"https:\/\/schema.org","@graph":[{"@type":"Article","@id":"https:\/\/portaltela.pt\/noticias\/2026\/01\/27\/duas-estradas-nacionais-cortadas-no-distrito-de-portalegre-devido-ao-mau-tempo\/#article","isPartOf":{"@id":"https:\/\/portaltela.pt\/noticias\/2026\/01\/27\/duas-estradas-nacionais-cortadas-no-distrito-de-portalegre-devido-ao-mau-tempo\/"},"author":{"name":"Telinha","@id":"https:\/\/portaltela.pt\/#\/schema\/person\/c4278d4a6028830caff9ee44b42d32ed"},"headline":"Duas estradas nacionais cortadas no distrito de Portalegre devido ao mau tempo","datePublished":"2026-01-27T19:27:00+00:00","mainEntityOfPage":{"@id":"https:\/\/portaltela.pt\/noticias\/2026\/01\/27\/duas-estradas-nacionais-cortadas-no-distrito-de-portalegre-devido-ao-mau-tempo\/"},"wordCount":403,"image":{"@id":"https:\/\/portaltela.pt\/noticias\/2026\/01\/27\/duas-estradas-nacionais-cortadas-no-distrito-de-portalegre-devido-ao-mau-tempo\/#primaryimage"},"thumbnailUrl":"https:\/\/portaltela.pt\/s.01k8rhncp4jt1\/2026\/01\/img_1500x1000uu2023-04-11-17-17-34-1322269-10.jpg","keywords":["alagamentos","Alc\u00e1cer do Sal","Alentejo","estradas","inunda\u00e7\u00f5es","Marv\u00e3o"],"articleSection":["Not\u00edcias"],"inLanguage":"pt-PT"},{"@type":"WebPage","@id":"https:\/\/portaltela.pt\/noticias\/2026\/01\/27\/duas-estradas-nacionais-cortadas-no-distrito-de-portalegre-devido-ao-mau-tempo\/","url":"https:\/\/portaltela.pt\/noticias\/2026\/01\/27\/duas-estradas-nacionais-cortadas-no-distrito-de-portalegre-devido-ao-mau-tempo\/","name":"Duas estradas nacionais cortadas no distrito de Portalegre devido ao mau tempo - Portal Tela Portugal","isPartOf":{"@id":"https:\/\/portaltela.pt\/#website"},"primaryImageOfPage":{"@id":"https:\/\/portaltela.pt\/noticias\/2026\/01\/27\/duas-estradas-nacionais-cortadas-no-distrito-de-portalegre-devido-ao-mau-tempo\/#primaryimage"},"image":{"@id":"https:\/\/portaltela.pt\/noticias\/2026\/01\/27\/duas-estradas-nacionais-cortadas-no-distrito-de-portalegre-devido-ao-mau-tempo\/#primaryimage"},"thumbnailUrl":"https:\/\/portaltela.pt\/s.01k8rhncp4jt1\/2026\/01\/img_1500x1000uu2023-04-11-17-17-34-1322269-10.jpg","datePublished":"2026-01-27T19:27:00+00:00","author":{"@id":"https:\/\/portaltela.pt\/#\/schema\/person\/c4278d4a6028830caff9ee44b42d32ed"},"breadcrumb":{"@id":"https:\/\/portaltela.pt\/noticias\/2026\/01\/27\/duas-estradas-nacionais-cortadas-no-distrito-de-portalegre-devido-ao-mau-tempo\/#breadcrumb"},"inLanguage":"pt-PT","potentialAction":[{"@type":"ReadAction","target":["https:\/\/portaltela.pt\/noticias\/2026\/01\/27\/duas-estradas-nacionais-cortadas-no-distrito-de-portalegre-devido-ao-mau-tempo\/"]}]},{"@type":"ImageObject","inLanguage":"pt-PT","@id":"https:\/\/portaltela.pt\/noticias\/2026\/01\/27\/duas-estradas-nacionais-cortadas-no-distrito-de-portalegre-devido-ao-mau-tempo\/#primaryimage","url":"https:\/\/portaltela.pt\/s.01k8rhncp4jt1\/2026\/01\/img_1500x1000uu2023-04-11-17-17-34-1322269-10.jpg","contentUrl":"https:\/\/portaltela.pt\/s.01k8rhncp4jt1\/2026\/01\/img_1500x1000uu2023-04-11-17-17-34-1322269-10.jpg","width":796,"height":448,"caption":"GNR"},{"@type":"BreadcrumbList","@id":"https:\/\/portaltela.pt\/noticias\/2026\/01\/27\/duas-estradas-nacionais-cortadas-no-distrito-de-portalegre-devido-ao-mau-tempo\/#breadcrumb","itemListElement":[{"@type":"ListItem","position":1,"name":"In\u00edcio","item":"https:\/\/portaltela.pt\/"},{"@type":"ListItem","position":2,"name":"Duas estradas nacionais cortadas no distrito de Portalegre devido ao mau tempo"}]},{"@type":"WebSite","@id":"https:\/\/portaltela.pt\/#website","url":"https:\/\/portaltela.pt\/","name":"Portal Tela Portugal","description":"","potentialAction":[{"@type":"SearchAction","target":{"@type":"EntryPoint","urlTemplate":"https:\/\/portaltela.pt\/?s={search_term_string}"},"query-input":{"@type":"PropertyValueSpecification","valueRequired":true,"valueName":"search_term_string"}}],"inLanguage":"pt-PT"},{"@type":"Person","@id":"https:\/\/portaltela.pt\/#\/schema\/person\/c4278d4a6028830caff9ee44b42d32ed","name":"Telinha","image":{"@type":"ImageObject","inLanguage":"pt-PT","@id":"https:\/\/portaltela.pt\/s.01k8rhncp4jt1\/2025\/11\/talking-bot-125x125.png","url":"https:\/\/portaltela.pt\/s.01k8rhncp4jt1\/2025\/11\/talking-bot-125x125.png","contentUrl":"https:\/\/portaltela.pt\/s.01k8rhncp4jt1\/2025\/11\/talking-bot-125x125.png","caption":"Telinha"},"sameAs":["https:\/\/portaltela.pt\/"],"url":"https:\/\/portaltela.pt\/por\/367410592786\/"}]}},"_links":{"self":[{"href":"https:\/\/portaltela.pt\/api\/wp\/v2\/posts\/177414","targetHints":{"allow":["GET"]}}],"collection":[{"href":"https:\/\/portaltela.pt\/api\/wp\/v2\/posts"}],"about":[{"href":"https:\/\/portaltela.pt\/api\/wp\/v2\/types\/post"}],"author":[{"embeddable":true,"href":"https:\/\/portaltela.pt\/api\/wp\/v2\/users\/2"}],"replies":[{"embeddable":true,"href":"https:\/\/portaltela.pt\/api\/wp\/v2\/comments?post=177414"}],"version-history":[{"count":0,"href":"https:\/\/portaltela.pt\/api\/wp\/v2\/posts\/177414\/revisions"}],"wp:featuredmedia":[{"embeddable":true,"href":"https:\/\/portaltela.pt\/api\/wp\/v2\/media\/177436"}],"wp:attachment":[{"href":"https:\/\/portaltela.pt\/api\/wp\/v2\/media?parent=177414"}],"wp:term":[{"taxonomy":"category","embeddable":true,"href":"https:\/\/portaltela.pt\/api\/wp\/v2\/categories?post=177414"},{"taxonomy":"post_tag","embeddable":true,"href":"https:\/\/portaltela.pt\/api\/wp\/v2\/tags?post=177414"}],"curies":[{"name":"wp","href":"https:\/\/api.w.org\/{rel}","templated":true}]}}