{"id":177409,"date":"2026-01-27T15:53:00","date_gmt":"2026-01-27T18:53:00","guid":{"rendered":"https:\/\/portaltela.pt\/noticias\/2026\/01\/27\/professor-julgado-em-loures-por-abuso-de-menores\/"},"modified":"2026-01-27T15:53:00","modified_gmt":"2026-01-27T18:53:00","slug":"professor-julgado-em-loures-por-abuso-de-menores","status":"publish","type":"post","link":"https:\/\/portaltela.pt\/noticias\/2026\/01\/27\/professor-julgado-em-loures-por-abuso-de-menores\/","title":{"rendered":"Professor julgado em Loures por abuso de menores"},"content":{"rendered":"<p>O julgamento de um maestro e ex-professor de m\u00fasica iniciou-se esta ter\u00e7a-feira, no Tribunal de Loures, \u00e0 porta fechada. O homem, de 35 anos, est\u00e1 em pris\u00e3o preventiva desde fevereiro de 2025, acusado de m\u00faltiplos crimes contra menores.<\/p>\n<p>O arguido lecionava num coro, no col\u00e9gio E.B. 2,3 Jo\u00e3o das Regras, e surge ainda associado \u00e0 Academia de M\u00fasica de \u00d3bidos e ao Conservat\u00f3rio de M\u00fasica da F\u00edsica de Torres Vedras. O processo envolve 14 crimes de importuna\u00e7\u00e3o sexual agravada, 6 de pornografia de menores, 3 de abuso de crian\u00e7as, 3 de aliciamento para fins sexuais, 3 de prostitui\u00e7\u00e3o de menores agravada e 1 de atos sexuais com adolescente.<\/p>\n<h3>Contexto<\/h3>\n<p>O caso veio a p\u00fablico pela primeira vez em maio do ano passado atrav\u00e9s do Observador, que descreveu o uso do coro Vetera Vox para assediar jovens entre 14 e 30 anos. Testemunhas indicaram que, com o tempo, as formalidades cederam lugar a mensagens e convites para passar a noite.<\/p>\n<p>A acusa\u00e7\u00e3o detalha que o professor incentivava os alunos a partilhar experi\u00eancias via redes sociais, com pedidos de v\u00eddeos e fotografias de conte\u00fado sexual aceitadas pela v\u00edtima. Os abusos teriam ocorrido dentro do autom\u00f3vel do arguido e numa resid\u00eancia.<\/p>\n<h3>Desenvolvimento do processo<\/h3>\n<p>A investiga\u00e7\u00e3o arrancou em 2024, com o despacho de acusa\u00e7\u00e3o emitido em junho de 2025 e a pron\u00fancia em outubro do mesmo ano. O julgamento prossegue no dia 3 de fevereiro no Tribunal de Loures, com audi\u00eancia prevista para ouvir testemunhas das partes.<\/p>\n","protected":false},"excerpt":{"rendered":"<ul>\n<li>O julgamento de um maestro e antigo professor de m\u00fasica, de 35 anos, come\u00e7ou esta ter\u00e7a-feira no Tribunal de Loures, \u00e0 porta fechada, por abuso sexual e prostitui\u00e7\u00e3o de menores, entre outros crimes, incluindo aliciamento para fins sexuais.<\/li>\n<li>Exerceu fun\u00e7\u00f5es num coro da Escola B\u00e1sica Jo\u00e3o das Regras, na Academia de M\u00fasica de \u00d3bidos e no Conservat\u00f3rio de M\u00fasica da F\u00edsica de Torres Vedras; criou e dirigiu o grupo Vetera Vox, com jovens entre 14 e 30 anos.<\/li>\n<li>O arguido permanece em pris\u00e3o preventiva desde fevereiro de 2025, no Estabelecimento Prisional de Lisboa; o Minist\u00e9rio P\u00fablico acusa-o de aliciamento de menor para fins sexuais, pornografia de menores agravada, importuna\u00e7\u00e3o sexual agravada, recurso \u00e0 prostitui\u00e7\u00e3o de menores agravados, abuso de crian\u00e7as e atos sexuais com adolescente.<\/li>\n<li>Testemunhas ouvidas pelo MP relataram que o coro era usado para assediar menores, com mensagens desconfort\u00e1veis e convites para passar a noite.<\/li>\n<li>Os abusos, segundo a acusa\u00e7\u00e3o, ocorreram dentro do autom\u00f3vel do arguido e numa casa; o caso foi investigado desde 2024, com despacho de acusa\u00e7\u00e3o em junho de 2025 e pron\u00fancia em outubro de 2025; o julgamento prossegue em 3 de fevereiro no Tribunal de Loures.<\/li>\n<\/ul>\n","protected":false},"author":2,"featured_media":177437,"comment_status":"closed","ping_status":"closed","sticky":false,"template":"","format":"standard","meta":{"footnotes":""},"categories":[1],"tags":[817,4504,1092,1680,1432,4506],"class_list":["post-177409","post","type-post","status-publish","format-standard","has-post-thumbnail","hentry","category-noticias","tag-abuso-de-menor-dependente-ou-em-situacao-vulneravel","tag-aliciamento-para-fins-sexuais","tag-importunacao-sexual-agravada","tag-loures","tag-pornografia-de-menores","tag-prostituicao-de-menores-agravada"],"yoast_head":"<!-- This site is optimized with the Yoast SEO plugin v27.2 - https:\/\/yoast.com\/product\/yoast-seo-wordpress\/ -->\n<title>Professor julgado em Loures por abuso de menores - Portal Tela Portugal<\/title>\n<meta name=\"robots\" content=\"index, follow, max-snippet:-1, max-image-preview:large, max-video-preview:-1\" \/>\n<meta property=\"og:locale\" content=\"pt_PT\" \/>\n<meta property=\"og:type\" content=\"article\" \/>\n<meta property=\"og:title\" content=\"Professor julgado em Loures por abuso de menores - Portal Tela Portugal\" \/>\n<meta property=\"og:description\" content=\"O julgamento de um maestro e antigo professor de m\u00fasica, de 35 anos, come\u00e7ou esta ter\u00e7a-feira no Tribunal de Loures, \u00e0 porta fechada, por abuso sexual e prostitui\u00e7\u00e3o de menores, entre outros crimes, incluindo aliciamento para fins sexuais. Exerceu fun\u00e7\u00f5es num coro da Escola B\u00e1sica Jo\u00e3o das Regras, na Academia de M\u00fasica de \u00d3bidos e no Conservat\u00f3rio de M\u00fasica da F\u00edsica de Torres Vedras; criou e dirigiu o grupo Vetera Vox, com jovens entre 14 e 30 anos. O arguido permanece em pris\u00e3o preventiva desde fevereiro de 2025, no Estabelecimento Prisional de Lisboa; o Minist\u00e9rio P\u00fablico acusa-o de aliciamento de menor para fins sexuais, pornografia de menores agravada, importuna\u00e7\u00e3o sexual agravada, recurso \u00e0 prostitui\u00e7\u00e3o de menores agravados, abuso de crian\u00e7as e atos sexuais com adolescente. Testemunhas ouvidas pelo MP relataram que o coro era usado para assediar menores, com mensagens desconfort\u00e1veis e convites para passar a noite. Os abusos, segundo a acusa\u00e7\u00e3o, ocorreram dentro do autom\u00f3vel do arguido e numa casa; o caso foi investigado desde 2024, com despacho de acusa\u00e7\u00e3o em junho de 2025 e pron\u00fancia em outubro de 2025; o julgamento prossegue em 3 de fevereiro no Tribunal de Loures.\" \/>\n<meta property=\"og:url\" content=\"https:\/\/portaltela.pt\/noticias\/2026\/01\/27\/professor-julgado-em-loures-por-abuso-de-menores\/\" \/>\n<meta property=\"og:site_name\" content=\"Portal Tela Portugal\" \/>\n<meta property=\"article:published_time\" content=\"2026-01-27T18:53:00+00:00\" \/>\n<meta name=\"author\" content=\"Telinha\" \/>\n<meta name=\"twitter:card\" content=\"summary_large_image\" \/>\n<meta name=\"twitter:label1\" content=\"Escrito por\" \/>\n\t<meta name=\"twitter:data1\" content=\"Telinha\" \/>\n\t<meta name=\"twitter:label2\" content=\"Tempo estimado de leitura\" \/>\n\t<meta name=\"twitter:data2\" content=\"1 minuto\" \/>\n<script type=\"application\/ld+json\" class=\"yoast-schema-graph\">{\"@context\":\"https:\/\/schema.org\",\"@graph\":[{\"@type\":\"Article\",\"@id\":\"https:\/\/portaltela.pt\/noticias\/2026\/01\/27\/professor-julgado-em-loures-por-abuso-de-menores\/#article\",\"isPartOf\":{\"@id\":\"https:\/\/portaltela.pt\/noticias\/2026\/01\/27\/professor-julgado-em-loures-por-abuso-de-menores\/\"},\"author\":{\"name\":\"Telinha\",\"@id\":\"https:\/\/portaltela.pt\/#\/schema\/person\/c4278d4a6028830caff9ee44b42d32ed\"},\"headline\":\"Professor julgado em Loures por abuso de menores\",\"datePublished\":\"2026-01-27T18:53:00+00:00\",\"mainEntityOfPage\":{\"@id\":\"https:\/\/portaltela.pt\/noticias\/2026\/01\/27\/professor-julgado-em-loures-por-abuso-de-menores\/\"},\"wordCount\":263,\"image\":{\"@id\":\"https:\/\/portaltela.pt\/noticias\/2026\/01\/27\/professor-julgado-em-loures-por-abuso-de-menores\/#primaryimage\"},\"thumbnailUrl\":\"https:\/\/portaltela.pt\/s.01k8rhncp4jt1\/2026\/01\/unnamed-file-5542.jpg\",\"keywords\":[\"abuso de menor dependente ou em situa\u00e7\u00e3o vulner\u00e1vel\",\"aliciamento para fins sexuais\",\"importuna\u00e7\u00e3o sexual agravada\",\"Loures\",\"pornografia de menores\",\"prostitui\u00e7\u00e3o de menores agravada\"],\"articleSection\":[\"Not\u00edcias\"],\"inLanguage\":\"pt-PT\"},{\"@type\":\"WebPage\",\"@id\":\"https:\/\/portaltela.pt\/noticias\/2026\/01\/27\/professor-julgado-em-loures-por-abuso-de-menores\/\",\"url\":\"https:\/\/portaltela.pt\/noticias\/2026\/01\/27\/professor-julgado-em-loures-por-abuso-de-menores\/\",\"name\":\"Professor julgado em Loures por abuso de menores - Portal Tela Portugal\",\"isPartOf\":{\"@id\":\"https:\/\/portaltela.pt\/#website\"},\"primaryImageOfPage\":{\"@id\":\"https:\/\/portaltela.pt\/noticias\/2026\/01\/27\/professor-julgado-em-loures-por-abuso-de-menores\/#primaryimage\"},\"image\":{\"@id\":\"https:\/\/portaltela.pt\/noticias\/2026\/01\/27\/professor-julgado-em-loures-por-abuso-de-menores\/#primaryimage\"},\"thumbnailUrl\":\"https:\/\/portaltela.pt\/s.01k8rhncp4jt1\/2026\/01\/unnamed-file-5542.jpg\",\"datePublished\":\"2026-01-27T18:53:00+00:00\",\"author\":{\"@id\":\"https:\/\/portaltela.pt\/#\/schema\/person\/c4278d4a6028830caff9ee44b42d32ed\"},\"breadcrumb\":{\"@id\":\"https:\/\/portaltela.pt\/noticias\/2026\/01\/27\/professor-julgado-em-loures-por-abuso-de-menores\/#breadcrumb\"},\"inLanguage\":\"pt-PT\",\"potentialAction\":[{\"@type\":\"ReadAction\",\"target\":[\"https:\/\/portaltela.pt\/noticias\/2026\/01\/27\/professor-julgado-em-loures-por-abuso-de-menores\/\"]}]},{\"@type\":\"ImageObject\",\"inLanguage\":\"pt-PT\",\"@id\":\"https:\/\/portaltela.pt\/noticias\/2026\/01\/27\/professor-julgado-em-loures-por-abuso-de-menores\/#primaryimage\",\"url\":\"https:\/\/portaltela.pt\/s.01k8rhncp4jt1\/2026\/01\/unnamed-file-5542.jpg\",\"contentUrl\":\"https:\/\/portaltela.pt\/s.01k8rhncp4jt1\/2026\/01\/unnamed-file-5542.jpg\",\"width\":796,\"height\":448,\"caption\":\"Arguido tem 34 anos\"},{\"@type\":\"BreadcrumbList\",\"@id\":\"https:\/\/portaltela.pt\/noticias\/2026\/01\/27\/professor-julgado-em-loures-por-abuso-de-menores\/#breadcrumb\",\"itemListElement\":[{\"@type\":\"ListItem\",\"position\":1,\"name\":\"In\u00edcio\",\"item\":\"https:\/\/portaltela.pt\/\"},{\"@type\":\"ListItem\",\"position\":2,\"name\":\"Professor julgado em Loures por abuso de menores\"}]},{\"@type\":\"WebSite\",\"@id\":\"https:\/\/portaltela.pt\/#website\",\"url\":\"https:\/\/portaltela.pt\/\",\"name\":\"Portal Tela Portugal\",\"description\":\"\",\"potentialAction\":[{\"@type\":\"SearchAction\",\"target\":{\"@type\":\"EntryPoint\",\"urlTemplate\":\"https:\/\/portaltela.pt\/?s={search_term_string}\"},\"query-input\":{\"@type\":\"PropertyValueSpecification\",\"valueRequired\":true,\"valueName\":\"search_term_string\"}}],\"inLanguage\":\"pt-PT\"},{\"@type\":\"Person\",\"@id\":\"https:\/\/portaltela.pt\/#\/schema\/person\/c4278d4a6028830caff9ee44b42d32ed\",\"name\":\"Telinha\",\"image\":{\"@type\":\"ImageObject\",\"inLanguage\":\"pt-PT\",\"@id\":\"https:\/\/portaltela.pt\/s.01k8rhncp4jt1\/2025\/11\/talking-bot-125x125.png\",\"url\":\"https:\/\/portaltela.pt\/s.01k8rhncp4jt1\/2025\/11\/talking-bot-125x125.png\",\"contentUrl\":\"https:\/\/portaltela.pt\/s.01k8rhncp4jt1\/2025\/11\/talking-bot-125x125.png\",\"caption\":\"Telinha\"},\"sameAs\":[\"https:\/\/portaltela.pt\/\"],\"url\":\"https:\/\/portaltela.pt\/por\/367410592786\/\"}]}<\/script>\n<!-- \/ Yoast SEO plugin. -->","yoast_head_json":{"title":"Professor julgado em Loures por abuso de menores - Portal Tela Portugal","robots":{"index":"index","follow":"follow","max-snippet":"max-snippet:-1","max-image-preview":"max-image-preview:large","max-video-preview":"max-video-preview:-1"},"og_locale":"pt_PT","og_type":"article","og_title":"Professor julgado em Loures por abuso de menores - Portal Tela Portugal","og_description":"O julgamento de um maestro e antigo professor de m\u00fasica, de 35 anos, come\u00e7ou esta ter\u00e7a-feira no Tribunal de Loures, \u00e0 porta fechada, por abuso sexual e prostitui\u00e7\u00e3o de menores, entre outros crimes, incluindo aliciamento para fins sexuais. Exerceu fun\u00e7\u00f5es num coro da Escola B\u00e1sica Jo\u00e3o das Regras, na Academia de M\u00fasica de \u00d3bidos e no Conservat\u00f3rio de M\u00fasica da F\u00edsica de Torres Vedras; criou e dirigiu o grupo Vetera Vox, com jovens entre 14 e 30 anos. O arguido permanece em pris\u00e3o preventiva desde fevereiro de 2025, no Estabelecimento Prisional de Lisboa; o Minist\u00e9rio P\u00fablico acusa-o de aliciamento de menor para fins sexuais, pornografia de menores agravada, importuna\u00e7\u00e3o sexual agravada, recurso \u00e0 prostitui\u00e7\u00e3o de menores agravados, abuso de crian\u00e7as e atos sexuais com adolescente. Testemunhas ouvidas pelo MP relataram que o coro era usado para assediar menores, com mensagens desconfort\u00e1veis e convites para passar a noite. Os abusos, segundo a acusa\u00e7\u00e3o, ocorreram dentro do autom\u00f3vel do arguido e numa casa; o caso foi investigado desde 2024, com despacho de acusa\u00e7\u00e3o em junho de 2025 e pron\u00fancia em outubro de 2025; o julgamento prossegue em 3 de fevereiro no Tribunal de Loures.","og_url":"https:\/\/portaltela.pt\/noticias\/2026\/01\/27\/professor-julgado-em-loures-por-abuso-de-menores\/","og_site_name":"Portal Tela Portugal","article_published_time":"2026-01-27T18:53:00+00:00","author":"Telinha","twitter_card":"summary_large_image","twitter_misc":{"Escrito por":"Telinha","Tempo estimado de leitura":"1 minuto"},"schema":{"@context":"https:\/\/schema.org","@graph":[{"@type":"Article","@id":"https:\/\/portaltela.pt\/noticias\/2026\/01\/27\/professor-julgado-em-loures-por-abuso-de-menores\/#article","isPartOf":{"@id":"https:\/\/portaltela.pt\/noticias\/2026\/01\/27\/professor-julgado-em-loures-por-abuso-de-menores\/"},"author":{"name":"Telinha","@id":"https:\/\/portaltela.pt\/#\/schema\/person\/c4278d4a6028830caff9ee44b42d32ed"},"headline":"Professor julgado em Loures por abuso de menores","datePublished":"2026-01-27T18:53:00+00:00","mainEntityOfPage":{"@id":"https:\/\/portaltela.pt\/noticias\/2026\/01\/27\/professor-julgado-em-loures-por-abuso-de-menores\/"},"wordCount":263,"image":{"@id":"https:\/\/portaltela.pt\/noticias\/2026\/01\/27\/professor-julgado-em-loures-por-abuso-de-menores\/#primaryimage"},"thumbnailUrl":"https:\/\/portaltela.pt\/s.01k8rhncp4jt1\/2026\/01\/unnamed-file-5542.jpg","keywords":["abuso de menor dependente ou em situa\u00e7\u00e3o vulner\u00e1vel","aliciamento para fins sexuais","importuna\u00e7\u00e3o sexual agravada","Loures","pornografia de menores","prostitui\u00e7\u00e3o de menores agravada"],"articleSection":["Not\u00edcias"],"inLanguage":"pt-PT"},{"@type":"WebPage","@id":"https:\/\/portaltela.pt\/noticias\/2026\/01\/27\/professor-julgado-em-loures-por-abuso-de-menores\/","url":"https:\/\/portaltela.pt\/noticias\/2026\/01\/27\/professor-julgado-em-loures-por-abuso-de-menores\/","name":"Professor julgado em Loures por abuso de menores - Portal Tela Portugal","isPartOf":{"@id":"https:\/\/portaltela.pt\/#website"},"primaryImageOfPage":{"@id":"https:\/\/portaltela.pt\/noticias\/2026\/01\/27\/professor-julgado-em-loures-por-abuso-de-menores\/#primaryimage"},"image":{"@id":"https:\/\/portaltela.pt\/noticias\/2026\/01\/27\/professor-julgado-em-loures-por-abuso-de-menores\/#primaryimage"},"thumbnailUrl":"https:\/\/portaltela.pt\/s.01k8rhncp4jt1\/2026\/01\/unnamed-file-5542.jpg","datePublished":"2026-01-27T18:53:00+00:00","author":{"@id":"https:\/\/portaltela.pt\/#\/schema\/person\/c4278d4a6028830caff9ee44b42d32ed"},"breadcrumb":{"@id":"https:\/\/portaltela.pt\/noticias\/2026\/01\/27\/professor-julgado-em-loures-por-abuso-de-menores\/#breadcrumb"},"inLanguage":"pt-PT","potentialAction":[{"@type":"ReadAction","target":["https:\/\/portaltela.pt\/noticias\/2026\/01\/27\/professor-julgado-em-loures-por-abuso-de-menores\/"]}]},{"@type":"ImageObject","inLanguage":"pt-PT","@id":"https:\/\/portaltela.pt\/noticias\/2026\/01\/27\/professor-julgado-em-loures-por-abuso-de-menores\/#primaryimage","url":"https:\/\/portaltela.pt\/s.01k8rhncp4jt1\/2026\/01\/unnamed-file-5542.jpg","contentUrl":"https:\/\/portaltela.pt\/s.01k8rhncp4jt1\/2026\/01\/unnamed-file-5542.jpg","width":796,"height":448,"caption":"Arguido tem 34 anos"},{"@type":"BreadcrumbList","@id":"https:\/\/portaltela.pt\/noticias\/2026\/01\/27\/professor-julgado-em-loures-por-abuso-de-menores\/#breadcrumb","itemListElement":[{"@type":"ListItem","position":1,"name":"In\u00edcio","item":"https:\/\/portaltela.pt\/"},{"@type":"ListItem","position":2,"name":"Professor julgado em Loures por abuso de menores"}]},{"@type":"WebSite","@id":"https:\/\/portaltela.pt\/#website","url":"https:\/\/portaltela.pt\/","name":"Portal Tela Portugal","description":"","potentialAction":[{"@type":"SearchAction","target":{"@type":"EntryPoint","urlTemplate":"https:\/\/portaltela.pt\/?s={search_term_string}"},"query-input":{"@type":"PropertyValueSpecification","valueRequired":true,"valueName":"search_term_string"}}],"inLanguage":"pt-PT"},{"@type":"Person","@id":"https:\/\/portaltela.pt\/#\/schema\/person\/c4278d4a6028830caff9ee44b42d32ed","name":"Telinha","image":{"@type":"ImageObject","inLanguage":"pt-PT","@id":"https:\/\/portaltela.pt\/s.01k8rhncp4jt1\/2025\/11\/talking-bot-125x125.png","url":"https:\/\/portaltela.pt\/s.01k8rhncp4jt1\/2025\/11\/talking-bot-125x125.png","contentUrl":"https:\/\/portaltela.pt\/s.01k8rhncp4jt1\/2025\/11\/talking-bot-125x125.png","caption":"Telinha"},"sameAs":["https:\/\/portaltela.pt\/"],"url":"https:\/\/portaltela.pt\/por\/367410592786\/"}]}},"_links":{"self":[{"href":"https:\/\/portaltela.pt\/api\/wp\/v2\/posts\/177409","targetHints":{"allow":["GET"]}}],"collection":[{"href":"https:\/\/portaltela.pt\/api\/wp\/v2\/posts"}],"about":[{"href":"https:\/\/portaltela.pt\/api\/wp\/v2\/types\/post"}],"author":[{"embeddable":true,"href":"https:\/\/portaltela.pt\/api\/wp\/v2\/users\/2"}],"replies":[{"embeddable":true,"href":"https:\/\/portaltela.pt\/api\/wp\/v2\/comments?post=177409"}],"version-history":[{"count":0,"href":"https:\/\/portaltela.pt\/api\/wp\/v2\/posts\/177409\/revisions"}],"wp:featuredmedia":[{"embeddable":true,"href":"https:\/\/portaltela.pt\/api\/wp\/v2\/media\/177437"}],"wp:attachment":[{"href":"https:\/\/portaltela.pt\/api\/wp\/v2\/media?parent=177409"}],"wp:term":[{"taxonomy":"category","embeddable":true,"href":"https:\/\/portaltela.pt\/api\/wp\/v2\/categories?post=177409"},{"taxonomy":"post_tag","embeddable":true,"href":"https:\/\/portaltela.pt\/api\/wp\/v2\/tags?post=177409"}],"curies":[{"name":"wp","href":"https:\/\/api.w.org\/{rel}","templated":true}]}}