{"id":177350,"date":"2026-01-27T15:48:00","date_gmt":"2026-01-27T18:48:00","guid":{"rendered":"https:\/\/portaltela.pt\/noticias\/2026\/01\/27\/alvaro-carreras-diz-estar-no-melhor-clube-do-mundo-e-ja-jogou-em-portugal\/"},"modified":"2026-01-27T15:48:00","modified_gmt":"2026-01-27T18:48:00","slug":"alvaro-carreras-diz-estar-no-melhor-clube-do-mundo-e-ja-jogou-em-portugal","status":"publish","type":"post","link":"https:\/\/portaltela.pt\/desporto\/futebol\/2026\/01\/27\/alvaro-carreras-diz-estar-no-melhor-clube-do-mundo-e-ja-jogou-em-portugal\/","title":{"rendered":"\u00c1lvaro Carreras diz estar no melhor clube do mundo e j\u00e1 jogou em Portugal"},"content":{"rendered":"<p>\u00c1lvaro Carreras antecipou o duelo entre Real Madrid e Benfica, antiga equipa do jogador, marcado para o Est\u00e1dio da Luz. O lateral esquerdo falou \u00e0 imprensa sobre o momento vivido em Madrid e a liga\u00e7\u00e3o com o clube portugu\u00eas, onde passou parte da sua forma\u00e7\u00e3o. O foco recaiu tamb\u00e9m no protagonismo que atravessa na nova temporada.<\/p>\n<p>O jogador indicou que o Real Madrid encara o jogo como uma final cara a cara com o Benfica, destacando a import\u00e2ncia de manter o n\u00edvel de qualidade e de controlo do jogo para somar os tr\u00eas pontos. Refor\u00e7ou a ideia de manter a identidade coletiva e a defesa s\u00f3lida em momentos dif\u00edceis.<\/p>\n<p>Carreras referiu ter mantido contacto com amigos no Benfica antes do encontro, incluindo colegas que est\u00e3o hoje de volta \u00e0 equipa. Apontou que o clube luso continua a exigir muito e revelou uma rela\u00e7\u00e3o pr\u00f3xima com v\u00e1rios jogadores, n\u00e3o esquecendo a dimens\u00e3o competitiva entre ambas as forma\u00e7\u00f5es.<\/p>\n<h3>Protagonismo no Real Madrid e rela\u00e7\u00e3o com o Benfica<\/h3>\n<p>Sobre o seu estatuto no Real Madrid, o lateral deixou claro que a confian\u00e7a da equipa facilita o seu rendimento e que lhe permitiu ganhar espa\u00e7o para disputar minutos. Sugeriu que a sobrerrepresenta\u00e7\u00e3o de talento no plantel ajuda a evoluir diariamente e a lidar com a press\u00e3o associada ao clube.<\/p>\n<p>Quanto ao ambiente da partida, reconheceu que a atmosfera ser\u00e1 intensa, com as duas equipas necessitadas de vit\u00f3ria. Afirmou esperar uma noite competitiva e desejou ver um duelo equilibrado entre o desempenho ofensivo e a organiza\u00e7\u00e3o defensiva.<\/p>\n<p>Questionado sobre a possibilidade de treinar com Jos\u00e9 Mourinho, Carreras elogiou o hist\u00f3rico do t\u00e9cnico, sem deixar de valorizar as escolhas t\u00e9cnicas de Bruno Lage e Roger Schmidt. Referiu ainda que est\u00e1 satisfeito com Arbeloa, o treinador que dirige o grupo na atual fase da temporada.<\/p>\n","protected":false},"excerpt":{"rendered":"<ul>\n<li>\u00c1lvaro Carreras antecipou o jogo entre Real Madrid e Benfica, numa confer\u00eancia realizada no Est\u00e1dio da Luz, antiga casa da equipa.<\/li>\n<li>O lateral esquerdo revelou ter falado com v\u00e1rios amigos, destacando Prestianni, antes da partida frente ao Benfica.<\/li>\n<li>Garanta que tem vindo a ter protagonismo na equipa merengue na sua temporada de estreia, afirmando que pode jogar no melhor clube do mundo, depois de ter jogado no maior de Portugal.<\/li>\n<li>Sobre Arbeloa, disse que chega com uma ideia clara: jogar o seu futebol, ser fiel ao colectivo e manter a uni\u00e3o nos momentos mais dif\u00edceis.<\/li>\n<li>Respondendo \u00e0 possibilidade de treinar com Jos\u00e9 Mourinho, afirmou apenas que teve experi\u00eancias positivas com Bruno Lage e Roger Schmidt, e que est\u00e1 satisfeito com Arbeloa; desejou o melhor a Mourinho.<\/li>\n<\/ul>\n","protected":false},"author":2,"featured_media":177360,"comment_status":"closed","ping_status":"closed","sticky":false,"template":"","format":"standard","meta":{"footnotes":""},"categories":[21,24],"tags":[1946,4497,32,1014,2714,3379],"class_list":["post-177350","post","type-post","status-publish","format-standard","has-post-thumbnail","hentry","category-desporto","category-futebol","tag-benfica","tag-bruno-lage","tag-futebol","tag-portugal","tag-real-madrid","tag-roger-schmidt"],"yoast_head":"<!-- This site is optimized with the Yoast SEO plugin v27.2 - https:\/\/yoast.com\/product\/yoast-seo-wordpress\/ -->\n<title>\u00c1lvaro Carreras diz estar no melhor clube do mundo e j\u00e1 jogou em Portugal - Portal Tela Portugal<\/title>\n<meta name=\"robots\" content=\"index, follow, max-snippet:-1, max-image-preview:large, max-video-preview:-1\" \/>\n<meta property=\"og:locale\" content=\"pt_PT\" \/>\n<meta property=\"og:type\" content=\"article\" \/>\n<meta property=\"og:title\" content=\"\u00c1lvaro Carreras diz estar no melhor clube do mundo e j\u00e1 jogou em Portugal - Portal Tela Portugal\" \/>\n<meta property=\"og:description\" content=\"\u00c1lvaro Carreras antecipou o jogo entre Real Madrid e Benfica, numa confer\u00eancia realizada no Est\u00e1dio da Luz, antiga casa da equipa. O lateral esquerdo revelou ter falado com v\u00e1rios amigos, destacando Prestianni, antes da partida frente ao Benfica. Garanta que tem vindo a ter protagonismo na equipa merengue na sua temporada de estreia, afirmando que pode jogar no melhor clube do mundo, depois de ter jogado no maior de Portugal. Sobre Arbeloa, disse que chega com uma ideia clara: jogar o seu futebol, ser fiel ao colectivo e manter a uni\u00e3o nos momentos mais dif\u00edceis. Respondendo \u00e0 possibilidade de treinar com Jos\u00e9 Mourinho, afirmou apenas que teve experi\u00eancias positivas com Bruno Lage e Roger Schmidt, e que est\u00e1 satisfeito com Arbeloa; desejou o melhor a Mourinho.\" \/>\n<meta property=\"og:url\" content=\"https:\/\/portaltela.pt\/noticias\/2026\/01\/27\/alvaro-carreras-diz-estar-no-melhor-clube-do-mundo-e-ja-jogou-em-portugal\/\" \/>\n<meta property=\"og:site_name\" content=\"Portal Tela Portugal\" \/>\n<meta property=\"article:published_time\" content=\"2026-01-27T18:48:00+00:00\" \/>\n<meta name=\"author\" content=\"Telinha\" \/>\n<meta name=\"twitter:card\" content=\"summary_large_image\" \/>\n<meta name=\"twitter:label1\" content=\"Escrito por\" \/>\n\t<meta name=\"twitter:data1\" content=\"Telinha\" \/>\n\t<meta name=\"twitter:label2\" content=\"Tempo estimado de leitura\" \/>\n\t<meta name=\"twitter:data2\" content=\"2 minutos\" \/>\n<script type=\"application\/ld+json\" class=\"yoast-schema-graph\">{\"@context\":\"https:\/\/schema.org\",\"@graph\":[{\"@type\":\"Article\",\"@id\":\"https:\/\/portaltela.pt\/noticias\/2026\/01\/27\/alvaro-carreras-diz-estar-no-melhor-clube-do-mundo-e-ja-jogou-em-portugal\/#article\",\"isPartOf\":{\"@id\":\"https:\/\/portaltela.pt\/noticias\/2026\/01\/27\/alvaro-carreras-diz-estar-no-melhor-clube-do-mundo-e-ja-jogou-em-portugal\/\"},\"author\":{\"name\":\"Telinha\",\"@id\":\"https:\/\/portaltela.pt\/#\/schema\/person\/c4278d4a6028830caff9ee44b42d32ed\"},\"headline\":\"\u00c1lvaro Carreras diz estar no melhor clube do mundo e j\u00e1 jogou em Portugal\",\"datePublished\":\"2026-01-27T18:48:00+00:00\",\"mainEntityOfPage\":{\"@id\":\"https:\/\/portaltela.pt\/noticias\/2026\/01\/27\/alvaro-carreras-diz-estar-no-melhor-clube-do-mundo-e-ja-jogou-em-portugal\/\"},\"wordCount\":338,\"image\":{\"@id\":\"https:\/\/portaltela.pt\/noticias\/2026\/01\/27\/alvaro-carreras-diz-estar-no-melhor-clube-do-mundo-e-ja-jogou-em-portugal\/#primaryimage\"},\"thumbnailUrl\":\"https:\/\/portaltela.pt\/s.01k8rhncp4jt1\/2026\/01\/img_920x518uu2025-10-26-01-36-21-2398493-im-638970393964067270.jpg\",\"keywords\":[\"Benfica\",\"Bruno Lage\",\"futebol\",\"Portugal\",\"Real Madrid\",\"Roger Schmidt\"],\"articleSection\":[\"Desporto\",\"Futebol\"],\"inLanguage\":\"pt-PT\"},{\"@type\":\"WebPage\",\"@id\":\"https:\/\/portaltela.pt\/noticias\/2026\/01\/27\/alvaro-carreras-diz-estar-no-melhor-clube-do-mundo-e-ja-jogou-em-portugal\/\",\"url\":\"https:\/\/portaltela.pt\/noticias\/2026\/01\/27\/alvaro-carreras-diz-estar-no-melhor-clube-do-mundo-e-ja-jogou-em-portugal\/\",\"name\":\"\u00c1lvaro Carreras diz estar no melhor clube do mundo e j\u00e1 jogou em Portugal - Portal Tela Portugal\",\"isPartOf\":{\"@id\":\"https:\/\/portaltela.pt\/#website\"},\"primaryImageOfPage\":{\"@id\":\"https:\/\/portaltela.pt\/noticias\/2026\/01\/27\/alvaro-carreras-diz-estar-no-melhor-clube-do-mundo-e-ja-jogou-em-portugal\/#primaryimage\"},\"image\":{\"@id\":\"https:\/\/portaltela.pt\/noticias\/2026\/01\/27\/alvaro-carreras-diz-estar-no-melhor-clube-do-mundo-e-ja-jogou-em-portugal\/#primaryimage\"},\"thumbnailUrl\":\"https:\/\/portaltela.pt\/s.01k8rhncp4jt1\/2026\/01\/img_920x518uu2025-10-26-01-36-21-2398493-im-638970393964067270.jpg\",\"datePublished\":\"2026-01-27T18:48:00+00:00\",\"author\":{\"@id\":\"https:\/\/portaltela.pt\/#\/schema\/person\/c4278d4a6028830caff9ee44b42d32ed\"},\"breadcrumb\":{\"@id\":\"https:\/\/portaltela.pt\/noticias\/2026\/01\/27\/alvaro-carreras-diz-estar-no-melhor-clube-do-mundo-e-ja-jogou-em-portugal\/#breadcrumb\"},\"inLanguage\":\"pt-PT\",\"potentialAction\":[{\"@type\":\"ReadAction\",\"target\":[\"https:\/\/portaltela.pt\/noticias\/2026\/01\/27\/alvaro-carreras-diz-estar-no-melhor-clube-do-mundo-e-ja-jogou-em-portugal\/\"]}]},{\"@type\":\"ImageObject\",\"inLanguage\":\"pt-PT\",\"@id\":\"https:\/\/portaltela.pt\/noticias\/2026\/01\/27\/alvaro-carreras-diz-estar-no-melhor-clube-do-mundo-e-ja-jogou-em-portugal\/#primaryimage\",\"url\":\"https:\/\/portaltela.pt\/s.01k8rhncp4jt1\/2026\/01\/img_920x518uu2025-10-26-01-36-21-2398493-im-638970393964067270.jpg\",\"contentUrl\":\"https:\/\/portaltela.pt\/s.01k8rhncp4jt1\/2026\/01\/img_920x518uu2025-10-26-01-36-21-2398493-im-638970393964067270.jpg\",\"width\":796,\"height\":448,\"caption\":\"\u00c1lvaro Carreras com Mbapp\u00e9\"},{\"@type\":\"BreadcrumbList\",\"@id\":\"https:\/\/portaltela.pt\/noticias\/2026\/01\/27\/alvaro-carreras-diz-estar-no-melhor-clube-do-mundo-e-ja-jogou-em-portugal\/#breadcrumb\",\"itemListElement\":[{\"@type\":\"ListItem\",\"position\":1,\"name\":\"In\u00edcio\",\"item\":\"https:\/\/portaltela.pt\/\"},{\"@type\":\"ListItem\",\"position\":2,\"name\":\"\u00c1lvaro Carreras diz estar no melhor clube do mundo e j\u00e1 jogou em Portugal\"}]},{\"@type\":\"WebSite\",\"@id\":\"https:\/\/portaltela.pt\/#website\",\"url\":\"https:\/\/portaltela.pt\/\",\"name\":\"Portal Tela Portugal\",\"description\":\"\",\"potentialAction\":[{\"@type\":\"SearchAction\",\"target\":{\"@type\":\"EntryPoint\",\"urlTemplate\":\"https:\/\/portaltela.pt\/?s={search_term_string}\"},\"query-input\":{\"@type\":\"PropertyValueSpecification\",\"valueRequired\":true,\"valueName\":\"search_term_string\"}}],\"inLanguage\":\"pt-PT\"},{\"@type\":\"Person\",\"@id\":\"https:\/\/portaltela.pt\/#\/schema\/person\/c4278d4a6028830caff9ee44b42d32ed\",\"name\":\"Telinha\",\"image\":{\"@type\":\"ImageObject\",\"inLanguage\":\"pt-PT\",\"@id\":\"https:\/\/portaltela.pt\/s.01k8rhncp4jt1\/2025\/11\/talking-bot-125x125.png\",\"url\":\"https:\/\/portaltela.pt\/s.01k8rhncp4jt1\/2025\/11\/talking-bot-125x125.png\",\"contentUrl\":\"https:\/\/portaltela.pt\/s.01k8rhncp4jt1\/2025\/11\/talking-bot-125x125.png\",\"caption\":\"Telinha\"},\"sameAs\":[\"https:\/\/portaltela.pt\/\"],\"url\":\"https:\/\/portaltela.pt\/por\/367410592786\/\"}]}<\/script>\n<!-- \/ Yoast SEO plugin. -->","yoast_head_json":{"title":"\u00c1lvaro Carreras diz estar no melhor clube do mundo e j\u00e1 jogou em Portugal - Portal Tela Portugal","robots":{"index":"index","follow":"follow","max-snippet":"max-snippet:-1","max-image-preview":"max-image-preview:large","max-video-preview":"max-video-preview:-1"},"og_locale":"pt_PT","og_type":"article","og_title":"\u00c1lvaro Carreras diz estar no melhor clube do mundo e j\u00e1 jogou em Portugal - Portal Tela Portugal","og_description":"\u00c1lvaro Carreras antecipou o jogo entre Real Madrid e Benfica, numa confer\u00eancia realizada no Est\u00e1dio da Luz, antiga casa da equipa. O lateral esquerdo revelou ter falado com v\u00e1rios amigos, destacando Prestianni, antes da partida frente ao Benfica. Garanta que tem vindo a ter protagonismo na equipa merengue na sua temporada de estreia, afirmando que pode jogar no melhor clube do mundo, depois de ter jogado no maior de Portugal. Sobre Arbeloa, disse que chega com uma ideia clara: jogar o seu futebol, ser fiel ao colectivo e manter a uni\u00e3o nos momentos mais dif\u00edceis. Respondendo \u00e0 possibilidade de treinar com Jos\u00e9 Mourinho, afirmou apenas que teve experi\u00eancias positivas com Bruno Lage e Roger Schmidt, e que est\u00e1 satisfeito com Arbeloa; desejou o melhor a Mourinho.","og_url":"https:\/\/portaltela.pt\/noticias\/2026\/01\/27\/alvaro-carreras-diz-estar-no-melhor-clube-do-mundo-e-ja-jogou-em-portugal\/","og_site_name":"Portal Tela Portugal","article_published_time":"2026-01-27T18:48:00+00:00","author":"Telinha","twitter_card":"summary_large_image","twitter_misc":{"Escrito por":"Telinha","Tempo estimado de leitura":"2 minutos"},"schema":{"@context":"https:\/\/schema.org","@graph":[{"@type":"Article","@id":"https:\/\/portaltela.pt\/noticias\/2026\/01\/27\/alvaro-carreras-diz-estar-no-melhor-clube-do-mundo-e-ja-jogou-em-portugal\/#article","isPartOf":{"@id":"https:\/\/portaltela.pt\/noticias\/2026\/01\/27\/alvaro-carreras-diz-estar-no-melhor-clube-do-mundo-e-ja-jogou-em-portugal\/"},"author":{"name":"Telinha","@id":"https:\/\/portaltela.pt\/#\/schema\/person\/c4278d4a6028830caff9ee44b42d32ed"},"headline":"\u00c1lvaro Carreras diz estar no melhor clube do mundo e j\u00e1 jogou em Portugal","datePublished":"2026-01-27T18:48:00+00:00","mainEntityOfPage":{"@id":"https:\/\/portaltela.pt\/noticias\/2026\/01\/27\/alvaro-carreras-diz-estar-no-melhor-clube-do-mundo-e-ja-jogou-em-portugal\/"},"wordCount":338,"image":{"@id":"https:\/\/portaltela.pt\/noticias\/2026\/01\/27\/alvaro-carreras-diz-estar-no-melhor-clube-do-mundo-e-ja-jogou-em-portugal\/#primaryimage"},"thumbnailUrl":"https:\/\/portaltela.pt\/s.01k8rhncp4jt1\/2026\/01\/img_920x518uu2025-10-26-01-36-21-2398493-im-638970393964067270.jpg","keywords":["Benfica","Bruno Lage","futebol","Portugal","Real Madrid","Roger Schmidt"],"articleSection":["Desporto","Futebol"],"inLanguage":"pt-PT"},{"@type":"WebPage","@id":"https:\/\/portaltela.pt\/noticias\/2026\/01\/27\/alvaro-carreras-diz-estar-no-melhor-clube-do-mundo-e-ja-jogou-em-portugal\/","url":"https:\/\/portaltela.pt\/noticias\/2026\/01\/27\/alvaro-carreras-diz-estar-no-melhor-clube-do-mundo-e-ja-jogou-em-portugal\/","name":"\u00c1lvaro Carreras diz estar no melhor clube do mundo e j\u00e1 jogou em Portugal - Portal Tela Portugal","isPartOf":{"@id":"https:\/\/portaltela.pt\/#website"},"primaryImageOfPage":{"@id":"https:\/\/portaltela.pt\/noticias\/2026\/01\/27\/alvaro-carreras-diz-estar-no-melhor-clube-do-mundo-e-ja-jogou-em-portugal\/#primaryimage"},"image":{"@id":"https:\/\/portaltela.pt\/noticias\/2026\/01\/27\/alvaro-carreras-diz-estar-no-melhor-clube-do-mundo-e-ja-jogou-em-portugal\/#primaryimage"},"thumbnailUrl":"https:\/\/portaltela.pt\/s.01k8rhncp4jt1\/2026\/01\/img_920x518uu2025-10-26-01-36-21-2398493-im-638970393964067270.jpg","datePublished":"2026-01-27T18:48:00+00:00","author":{"@id":"https:\/\/portaltela.pt\/#\/schema\/person\/c4278d4a6028830caff9ee44b42d32ed"},"breadcrumb":{"@id":"https:\/\/portaltela.pt\/noticias\/2026\/01\/27\/alvaro-carreras-diz-estar-no-melhor-clube-do-mundo-e-ja-jogou-em-portugal\/#breadcrumb"},"inLanguage":"pt-PT","potentialAction":[{"@type":"ReadAction","target":["https:\/\/portaltela.pt\/noticias\/2026\/01\/27\/alvaro-carreras-diz-estar-no-melhor-clube-do-mundo-e-ja-jogou-em-portugal\/"]}]},{"@type":"ImageObject","inLanguage":"pt-PT","@id":"https:\/\/portaltela.pt\/noticias\/2026\/01\/27\/alvaro-carreras-diz-estar-no-melhor-clube-do-mundo-e-ja-jogou-em-portugal\/#primaryimage","url":"https:\/\/portaltela.pt\/s.01k8rhncp4jt1\/2026\/01\/img_920x518uu2025-10-26-01-36-21-2398493-im-638970393964067270.jpg","contentUrl":"https:\/\/portaltela.pt\/s.01k8rhncp4jt1\/2026\/01\/img_920x518uu2025-10-26-01-36-21-2398493-im-638970393964067270.jpg","width":796,"height":448,"caption":"\u00c1lvaro Carreras com Mbapp\u00e9"},{"@type":"BreadcrumbList","@id":"https:\/\/portaltela.pt\/noticias\/2026\/01\/27\/alvaro-carreras-diz-estar-no-melhor-clube-do-mundo-e-ja-jogou-em-portugal\/#breadcrumb","itemListElement":[{"@type":"ListItem","position":1,"name":"In\u00edcio","item":"https:\/\/portaltela.pt\/"},{"@type":"ListItem","position":2,"name":"\u00c1lvaro Carreras diz estar no melhor clube do mundo e j\u00e1 jogou em Portugal"}]},{"@type":"WebSite","@id":"https:\/\/portaltela.pt\/#website","url":"https:\/\/portaltela.pt\/","name":"Portal Tela Portugal","description":"","potentialAction":[{"@type":"SearchAction","target":{"@type":"EntryPoint","urlTemplate":"https:\/\/portaltela.pt\/?s={search_term_string}"},"query-input":{"@type":"PropertyValueSpecification","valueRequired":true,"valueName":"search_term_string"}}],"inLanguage":"pt-PT"},{"@type":"Person","@id":"https:\/\/portaltela.pt\/#\/schema\/person\/c4278d4a6028830caff9ee44b42d32ed","name":"Telinha","image":{"@type":"ImageObject","inLanguage":"pt-PT","@id":"https:\/\/portaltela.pt\/s.01k8rhncp4jt1\/2025\/11\/talking-bot-125x125.png","url":"https:\/\/portaltela.pt\/s.01k8rhncp4jt1\/2025\/11\/talking-bot-125x125.png","contentUrl":"https:\/\/portaltela.pt\/s.01k8rhncp4jt1\/2025\/11\/talking-bot-125x125.png","caption":"Telinha"},"sameAs":["https:\/\/portaltela.pt\/"],"url":"https:\/\/portaltela.pt\/por\/367410592786\/"}]}},"_links":{"self":[{"href":"https:\/\/portaltela.pt\/api\/wp\/v2\/posts\/177350","targetHints":{"allow":["GET"]}}],"collection":[{"href":"https:\/\/portaltela.pt\/api\/wp\/v2\/posts"}],"about":[{"href":"https:\/\/portaltela.pt\/api\/wp\/v2\/types\/post"}],"author":[{"embeddable":true,"href":"https:\/\/portaltela.pt\/api\/wp\/v2\/users\/2"}],"replies":[{"embeddable":true,"href":"https:\/\/portaltela.pt\/api\/wp\/v2\/comments?post=177350"}],"version-history":[{"count":0,"href":"https:\/\/portaltela.pt\/api\/wp\/v2\/posts\/177350\/revisions"}],"wp:featuredmedia":[{"embeddable":true,"href":"https:\/\/portaltela.pt\/api\/wp\/v2\/media\/177360"}],"wp:attachment":[{"href":"https:\/\/portaltela.pt\/api\/wp\/v2\/media?parent=177350"}],"wp:term":[{"taxonomy":"category","embeddable":true,"href":"https:\/\/portaltela.pt\/api\/wp\/v2\/categories?post=177350"},{"taxonomy":"post_tag","embeddable":true,"href":"https:\/\/portaltela.pt\/api\/wp\/v2\/tags?post=177350"}],"curies":[{"name":"wp","href":"https:\/\/api.w.org\/{rel}","templated":true}]}}