{"id":177346,"date":"2026-01-27T15:54:00","date_gmt":"2026-01-27T18:54:00","guid":{"rendered":"https:\/\/portaltela.pt\/noticias\/2026\/01\/27\/inteligencia-natural-ou-artificial-qual-domina-hoje\/"},"modified":"2026-01-27T15:54:00","modified_gmt":"2026-01-27T18:54:00","slug":"inteligencia-natural-ou-artificial-qual-domina-hoje","status":"publish","type":"post","link":"https:\/\/portaltela.pt\/noticias\/2026\/01\/27\/inteligencia-natural-ou-artificial-qual-domina-hoje\/","title":{"rendered":"Intelig\u00eancia natural ou artificial: qual domina hoje?"},"content":{"rendered":"<p>Ant\u00f3nio Dam\u00e1sio apresentou o seu novo livro A Intelig\u00eancia Natural &amp; a L\u00f3gica da Consci\u00eancia numa sess\u00e3o do Grupo de Reflex\u00e3o SK &#8211; Sharing Knowledge. O tema centrou-se na rela\u00e7\u00e3o entre consci\u00eancia, intelig\u00eancia natural e vida em comunidade, num momento de forte debate sobre a IA.<\/p>\n<p>O neurocientista sublinhou que a consci\u00eancia surge como uma das principais consequ\u00eancias da Intelig\u00eancia Natural, especialmente em humanos. O pensamento \u00e9 visto como alicerce de uma sociedade aberta, ligada \u00e0 identidade do passado e ao sentido do presente.<\/p>\n<p>A debate sobre a Intelig\u00eancia Artificial ficou marcado pela interven\u00e7\u00e3o de Paulo Dimas, que apelou a uma responsabilidade social alicer\u00e7ada na partilha entre pessoas. A IA \u00e9 apresentada como instrumento de inclus\u00e3o em sociedades cada vez mais desiguais.<\/p>\n<p>Dam\u00e1sio refor\u00e7ou que a forma de usar a tecnologia e torn\u00e1-la canal de intelig\u00eancia competitiva poder\u00e1 marcar o futuro. O pensador defendeu reposicionar o espa\u00e7o p\u00fablico e renovar o contrato de confian\u00e7a entre cidad\u00e3os e institui\u00e7\u00f5es.<\/p>\n<p>A nova ordem defendida incentiva uma participa\u00e7\u00e3o individual e coletiva sensata, com cria\u00e7\u00e3o de valor baseada numa partilha inteligente de recursos. O objetivo \u00e9 uma sociedade aberta, moderna e mobilizadora.<\/p>\n<p>Dam\u00e1sio reconhece d\u00favidas sobre o futuro, mas aponta para uma renova\u00e7\u00e3o participada da civiliza\u00e7\u00e3o. O apelo \u00e9 ao refor\u00e7o da confian\u00e7a e da modernidade participativa, num espa\u00e7o aberto onde valores e ideias fazem a diferen\u00e7a.<\/p>\n","protected":false},"excerpt":{"rendered":"<ul>\n<li>Ant\u00f3nio Dam\u00e1sio apresentou o livro A Intelig\u00eancia Natural &amp; a L\u00f3gica da Consci\u00eancia numa sess\u00e3o promovida pelo Grupo de Reflex\u00e3o SK &#8211; Sharing Knowledge.<\/li>\n<li>Disse que a consci\u00eancia \u00e9 uma das principais consequ\u00eancias da Intelig\u00eancia Natural, sobretudo nos humanos e no contexto de perten\u00e7a a uma comunidade.<\/li>\n<li>O debate contou com Paulo Dimas, que sublinhou a necessidade de responsabilidade social e de partilha para enfrentar a revolu\u00e7\u00e3o da Intelig\u00eancia Artificial.<\/li>\n<li>A forma de usar a IA e a capacidade de a transformar num canal de intelig\u00eancia competitiva pode fazer a diferen\u00e7a, sendo necess\u00e1ria a reinven\u00e7\u00e3o do espa\u00e7o p\u00fablico e do contrato de confian\u00e7a entre cidad\u00e3os e institui\u00e7\u00f5es.<\/li>\n<li>Dam\u00e1sio defende uma sociedade aberta, moderna e participativa, em que a cria\u00e7\u00e3o de valor resulta de uma partilha inteligente de recursos e compet\u00eancias, mesmo perante limita\u00e7\u00f5es futuras.<\/li>\n<\/ul>\n","protected":false},"author":2,"featured_media":177357,"comment_status":"closed","ping_status":"closed","sticky":false,"template":"","format":"standard","meta":{"footnotes":""},"categories":[1],"tags":[82,33,51,1249,2318,153],"class_list":["post-177346","post","type-post","status-publish","format-standard","has-post-thumbnail","hentry","category-noticias","tag-futuro","tag-inovacao","tag-inteligencia-artificial","tag-participacao","tag-sociedade","tag-tecnologia"],"yoast_head":"<!-- This site is optimized with the Yoast SEO plugin v27.2 - https:\/\/yoast.com\/product\/yoast-seo-wordpress\/ -->\n<title>Intelig\u00eancia natural ou artificial: qual domina hoje? - Portal Tela Portugal<\/title>\n<meta name=\"robots\" content=\"index, follow, max-snippet:-1, max-image-preview:large, max-video-preview:-1\" \/>\n<meta property=\"og:locale\" content=\"pt_PT\" \/>\n<meta property=\"og:type\" content=\"article\" \/>\n<meta property=\"og:title\" content=\"Intelig\u00eancia natural ou artificial: qual domina hoje? - Portal Tela Portugal\" \/>\n<meta property=\"og:description\" content=\"Ant\u00f3nio Dam\u00e1sio apresentou o livro A Intelig\u00eancia Natural &amp; a L\u00f3gica da Consci\u00eancia numa sess\u00e3o promovida pelo Grupo de Reflex\u00e3o SK - Sharing Knowledge. Disse que a consci\u00eancia \u00e9 uma das principais consequ\u00eancias da Intelig\u00eancia Natural, sobretudo nos humanos e no contexto de perten\u00e7a a uma comunidade. O debate contou com Paulo Dimas, que sublinhou a necessidade de responsabilidade social e de partilha para enfrentar a revolu\u00e7\u00e3o da Intelig\u00eancia Artificial. A forma de usar a IA e a capacidade de a transformar num canal de intelig\u00eancia competitiva pode fazer a diferen\u00e7a, sendo necess\u00e1ria a reinven\u00e7\u00e3o do espa\u00e7o p\u00fablico e do contrato de confian\u00e7a entre cidad\u00e3os e institui\u00e7\u00f5es. Dam\u00e1sio defende uma sociedade aberta, moderna e participativa, em que a cria\u00e7\u00e3o de valor resulta de uma partilha inteligente de recursos e compet\u00eancias, mesmo perante limita\u00e7\u00f5es futuras.\" \/>\n<meta property=\"og:url\" content=\"https:\/\/portaltela.pt\/noticias\/2026\/01\/27\/inteligencia-natural-ou-artificial-qual-domina-hoje\/\" \/>\n<meta property=\"og:site_name\" content=\"Portal Tela Portugal\" \/>\n<meta property=\"article:published_time\" content=\"2026-01-27T18:54:00+00:00\" \/>\n<meta name=\"author\" content=\"Telinha\" \/>\n<meta name=\"twitter:card\" content=\"summary_large_image\" \/>\n<meta name=\"twitter:label1\" content=\"Escrito por\" \/>\n\t<meta name=\"twitter:data1\" content=\"Telinha\" \/>\n\t<meta name=\"twitter:label2\" content=\"Tempo estimado de leitura\" \/>\n\t<meta name=\"twitter:data2\" content=\"1 minuto\" \/>\n<script type=\"application\/ld+json\" class=\"yoast-schema-graph\">{\"@context\":\"https:\/\/schema.org\",\"@graph\":[{\"@type\":\"Article\",\"@id\":\"https:\/\/portaltela.pt\/noticias\/2026\/01\/27\/inteligencia-natural-ou-artificial-qual-domina-hoje\/#article\",\"isPartOf\":{\"@id\":\"https:\/\/portaltela.pt\/noticias\/2026\/01\/27\/inteligencia-natural-ou-artificial-qual-domina-hoje\/\"},\"author\":{\"name\":\"Telinha\",\"@id\":\"https:\/\/portaltela.pt\/#\/schema\/person\/c4278d4a6028830caff9ee44b42d32ed\"},\"headline\":\"Intelig\u00eancia natural ou artificial: qual domina hoje?\",\"datePublished\":\"2026-01-27T18:54:00+00:00\",\"mainEntityOfPage\":{\"@id\":\"https:\/\/portaltela.pt\/noticias\/2026\/01\/27\/inteligencia-natural-ou-artificial-qual-domina-hoje\/\"},\"wordCount\":262,\"image\":{\"@id\":\"https:\/\/portaltela.pt\/noticias\/2026\/01\/27\/inteligencia-natural-ou-artificial-qual-domina-hoje\/#primaryimage\"},\"thumbnailUrl\":\"https:\/\/portaltela.pt\/s.01k8rhncp4jt1\/2026\/01\/ba8f5111-8819-4c40-8739-3f1127009db1_1200x675-1.jpg\",\"keywords\":[\"futuro\",\"inova\u00e7\u00e3o\",\"intelig\u00eancia artificial\",\"participa\u00e7\u00e3o\",\"sociedade\",\"tecnologia\"],\"articleSection\":[\"Not\u00edcias\"],\"inLanguage\":\"pt-PT\"},{\"@type\":\"WebPage\",\"@id\":\"https:\/\/portaltela.pt\/noticias\/2026\/01\/27\/inteligencia-natural-ou-artificial-qual-domina-hoje\/\",\"url\":\"https:\/\/portaltela.pt\/noticias\/2026\/01\/27\/inteligencia-natural-ou-artificial-qual-domina-hoje\/\",\"name\":\"Intelig\u00eancia natural ou artificial: qual domina hoje? - Portal Tela Portugal\",\"isPartOf\":{\"@id\":\"https:\/\/portaltela.pt\/#website\"},\"primaryImageOfPage\":{\"@id\":\"https:\/\/portaltela.pt\/noticias\/2026\/01\/27\/inteligencia-natural-ou-artificial-qual-domina-hoje\/#primaryimage\"},\"image\":{\"@id\":\"https:\/\/portaltela.pt\/noticias\/2026\/01\/27\/inteligencia-natural-ou-artificial-qual-domina-hoje\/#primaryimage\"},\"thumbnailUrl\":\"https:\/\/portaltela.pt\/s.01k8rhncp4jt1\/2026\/01\/ba8f5111-8819-4c40-8739-3f1127009db1_1200x675-1.jpg\",\"datePublished\":\"2026-01-27T18:54:00+00:00\",\"author\":{\"@id\":\"https:\/\/portaltela.pt\/#\/schema\/person\/c4278d4a6028830caff9ee44b42d32ed\"},\"breadcrumb\":{\"@id\":\"https:\/\/portaltela.pt\/noticias\/2026\/01\/27\/inteligencia-natural-ou-artificial-qual-domina-hoje\/#breadcrumb\"},\"inLanguage\":\"pt-PT\",\"potentialAction\":[{\"@type\":\"ReadAction\",\"target\":[\"https:\/\/portaltela.pt\/noticias\/2026\/01\/27\/inteligencia-natural-ou-artificial-qual-domina-hoje\/\"]}]},{\"@type\":\"ImageObject\",\"inLanguage\":\"pt-PT\",\"@id\":\"https:\/\/portaltela.pt\/noticias\/2026\/01\/27\/inteligencia-natural-ou-artificial-qual-domina-hoje\/#primaryimage\",\"url\":\"https:\/\/portaltela.pt\/s.01k8rhncp4jt1\/2026\/01\/ba8f5111-8819-4c40-8739-3f1127009db1_1200x675-1.jpg\",\"contentUrl\":\"https:\/\/portaltela.pt\/s.01k8rhncp4jt1\/2026\/01\/ba8f5111-8819-4c40-8739-3f1127009db1_1200x675-1.jpg\",\"width\":796,\"height\":448,\"caption\":\"Photo\"},{\"@type\":\"BreadcrumbList\",\"@id\":\"https:\/\/portaltela.pt\/noticias\/2026\/01\/27\/inteligencia-natural-ou-artificial-qual-domina-hoje\/#breadcrumb\",\"itemListElement\":[{\"@type\":\"ListItem\",\"position\":1,\"name\":\"In\u00edcio\",\"item\":\"https:\/\/portaltela.pt\/\"},{\"@type\":\"ListItem\",\"position\":2,\"name\":\"Intelig\u00eancia natural ou artificial: qual domina hoje?\"}]},{\"@type\":\"WebSite\",\"@id\":\"https:\/\/portaltela.pt\/#website\",\"url\":\"https:\/\/portaltela.pt\/\",\"name\":\"Portal Tela Portugal\",\"description\":\"\",\"potentialAction\":[{\"@type\":\"SearchAction\",\"target\":{\"@type\":\"EntryPoint\",\"urlTemplate\":\"https:\/\/portaltela.pt\/?s={search_term_string}\"},\"query-input\":{\"@type\":\"PropertyValueSpecification\",\"valueRequired\":true,\"valueName\":\"search_term_string\"}}],\"inLanguage\":\"pt-PT\"},{\"@type\":\"Person\",\"@id\":\"https:\/\/portaltela.pt\/#\/schema\/person\/c4278d4a6028830caff9ee44b42d32ed\",\"name\":\"Telinha\",\"image\":{\"@type\":\"ImageObject\",\"inLanguage\":\"pt-PT\",\"@id\":\"https:\/\/portaltela.pt\/s.01k8rhncp4jt1\/2025\/11\/talking-bot-125x125.png\",\"url\":\"https:\/\/portaltela.pt\/s.01k8rhncp4jt1\/2025\/11\/talking-bot-125x125.png\",\"contentUrl\":\"https:\/\/portaltela.pt\/s.01k8rhncp4jt1\/2025\/11\/talking-bot-125x125.png\",\"caption\":\"Telinha\"},\"sameAs\":[\"https:\/\/portaltela.pt\/\"],\"url\":\"https:\/\/portaltela.pt\/por\/367410592786\/\"}]}<\/script>\n<!-- \/ Yoast SEO plugin. -->","yoast_head_json":{"title":"Intelig\u00eancia natural ou artificial: qual domina hoje? - Portal Tela Portugal","robots":{"index":"index","follow":"follow","max-snippet":"max-snippet:-1","max-image-preview":"max-image-preview:large","max-video-preview":"max-video-preview:-1"},"og_locale":"pt_PT","og_type":"article","og_title":"Intelig\u00eancia natural ou artificial: qual domina hoje? - Portal Tela Portugal","og_description":"Ant\u00f3nio Dam\u00e1sio apresentou o livro A Intelig\u00eancia Natural &amp; a L\u00f3gica da Consci\u00eancia numa sess\u00e3o promovida pelo Grupo de Reflex\u00e3o SK - Sharing Knowledge. Disse que a consci\u00eancia \u00e9 uma das principais consequ\u00eancias da Intelig\u00eancia Natural, sobretudo nos humanos e no contexto de perten\u00e7a a uma comunidade. O debate contou com Paulo Dimas, que sublinhou a necessidade de responsabilidade social e de partilha para enfrentar a revolu\u00e7\u00e3o da Intelig\u00eancia Artificial. A forma de usar a IA e a capacidade de a transformar num canal de intelig\u00eancia competitiva pode fazer a diferen\u00e7a, sendo necess\u00e1ria a reinven\u00e7\u00e3o do espa\u00e7o p\u00fablico e do contrato de confian\u00e7a entre cidad\u00e3os e institui\u00e7\u00f5es. Dam\u00e1sio defende uma sociedade aberta, moderna e participativa, em que a cria\u00e7\u00e3o de valor resulta de uma partilha inteligente de recursos e compet\u00eancias, mesmo perante limita\u00e7\u00f5es futuras.","og_url":"https:\/\/portaltela.pt\/noticias\/2026\/01\/27\/inteligencia-natural-ou-artificial-qual-domina-hoje\/","og_site_name":"Portal Tela Portugal","article_published_time":"2026-01-27T18:54:00+00:00","author":"Telinha","twitter_card":"summary_large_image","twitter_misc":{"Escrito por":"Telinha","Tempo estimado de leitura":"1 minuto"},"schema":{"@context":"https:\/\/schema.org","@graph":[{"@type":"Article","@id":"https:\/\/portaltela.pt\/noticias\/2026\/01\/27\/inteligencia-natural-ou-artificial-qual-domina-hoje\/#article","isPartOf":{"@id":"https:\/\/portaltela.pt\/noticias\/2026\/01\/27\/inteligencia-natural-ou-artificial-qual-domina-hoje\/"},"author":{"name":"Telinha","@id":"https:\/\/portaltela.pt\/#\/schema\/person\/c4278d4a6028830caff9ee44b42d32ed"},"headline":"Intelig\u00eancia natural ou artificial: qual domina hoje?","datePublished":"2026-01-27T18:54:00+00:00","mainEntityOfPage":{"@id":"https:\/\/portaltela.pt\/noticias\/2026\/01\/27\/inteligencia-natural-ou-artificial-qual-domina-hoje\/"},"wordCount":262,"image":{"@id":"https:\/\/portaltela.pt\/noticias\/2026\/01\/27\/inteligencia-natural-ou-artificial-qual-domina-hoje\/#primaryimage"},"thumbnailUrl":"https:\/\/portaltela.pt\/s.01k8rhncp4jt1\/2026\/01\/ba8f5111-8819-4c40-8739-3f1127009db1_1200x675-1.jpg","keywords":["futuro","inova\u00e7\u00e3o","intelig\u00eancia artificial","participa\u00e7\u00e3o","sociedade","tecnologia"],"articleSection":["Not\u00edcias"],"inLanguage":"pt-PT"},{"@type":"WebPage","@id":"https:\/\/portaltela.pt\/noticias\/2026\/01\/27\/inteligencia-natural-ou-artificial-qual-domina-hoje\/","url":"https:\/\/portaltela.pt\/noticias\/2026\/01\/27\/inteligencia-natural-ou-artificial-qual-domina-hoje\/","name":"Intelig\u00eancia natural ou artificial: qual domina hoje? - Portal Tela Portugal","isPartOf":{"@id":"https:\/\/portaltela.pt\/#website"},"primaryImageOfPage":{"@id":"https:\/\/portaltela.pt\/noticias\/2026\/01\/27\/inteligencia-natural-ou-artificial-qual-domina-hoje\/#primaryimage"},"image":{"@id":"https:\/\/portaltela.pt\/noticias\/2026\/01\/27\/inteligencia-natural-ou-artificial-qual-domina-hoje\/#primaryimage"},"thumbnailUrl":"https:\/\/portaltela.pt\/s.01k8rhncp4jt1\/2026\/01\/ba8f5111-8819-4c40-8739-3f1127009db1_1200x675-1.jpg","datePublished":"2026-01-27T18:54:00+00:00","author":{"@id":"https:\/\/portaltela.pt\/#\/schema\/person\/c4278d4a6028830caff9ee44b42d32ed"},"breadcrumb":{"@id":"https:\/\/portaltela.pt\/noticias\/2026\/01\/27\/inteligencia-natural-ou-artificial-qual-domina-hoje\/#breadcrumb"},"inLanguage":"pt-PT","potentialAction":[{"@type":"ReadAction","target":["https:\/\/portaltela.pt\/noticias\/2026\/01\/27\/inteligencia-natural-ou-artificial-qual-domina-hoje\/"]}]},{"@type":"ImageObject","inLanguage":"pt-PT","@id":"https:\/\/portaltela.pt\/noticias\/2026\/01\/27\/inteligencia-natural-ou-artificial-qual-domina-hoje\/#primaryimage","url":"https:\/\/portaltela.pt\/s.01k8rhncp4jt1\/2026\/01\/ba8f5111-8819-4c40-8739-3f1127009db1_1200x675-1.jpg","contentUrl":"https:\/\/portaltela.pt\/s.01k8rhncp4jt1\/2026\/01\/ba8f5111-8819-4c40-8739-3f1127009db1_1200x675-1.jpg","width":796,"height":448,"caption":"Photo"},{"@type":"BreadcrumbList","@id":"https:\/\/portaltela.pt\/noticias\/2026\/01\/27\/inteligencia-natural-ou-artificial-qual-domina-hoje\/#breadcrumb","itemListElement":[{"@type":"ListItem","position":1,"name":"In\u00edcio","item":"https:\/\/portaltela.pt\/"},{"@type":"ListItem","position":2,"name":"Intelig\u00eancia natural ou artificial: qual domina hoje?"}]},{"@type":"WebSite","@id":"https:\/\/portaltela.pt\/#website","url":"https:\/\/portaltela.pt\/","name":"Portal Tela Portugal","description":"","potentialAction":[{"@type":"SearchAction","target":{"@type":"EntryPoint","urlTemplate":"https:\/\/portaltela.pt\/?s={search_term_string}"},"query-input":{"@type":"PropertyValueSpecification","valueRequired":true,"valueName":"search_term_string"}}],"inLanguage":"pt-PT"},{"@type":"Person","@id":"https:\/\/portaltela.pt\/#\/schema\/person\/c4278d4a6028830caff9ee44b42d32ed","name":"Telinha","image":{"@type":"ImageObject","inLanguage":"pt-PT","@id":"https:\/\/portaltela.pt\/s.01k8rhncp4jt1\/2025\/11\/talking-bot-125x125.png","url":"https:\/\/portaltela.pt\/s.01k8rhncp4jt1\/2025\/11\/talking-bot-125x125.png","contentUrl":"https:\/\/portaltela.pt\/s.01k8rhncp4jt1\/2025\/11\/talking-bot-125x125.png","caption":"Telinha"},"sameAs":["https:\/\/portaltela.pt\/"],"url":"https:\/\/portaltela.pt\/por\/367410592786\/"}]}},"_links":{"self":[{"href":"https:\/\/portaltela.pt\/api\/wp\/v2\/posts\/177346","targetHints":{"allow":["GET"]}}],"collection":[{"href":"https:\/\/portaltela.pt\/api\/wp\/v2\/posts"}],"about":[{"href":"https:\/\/portaltela.pt\/api\/wp\/v2\/types\/post"}],"author":[{"embeddable":true,"href":"https:\/\/portaltela.pt\/api\/wp\/v2\/users\/2"}],"replies":[{"embeddable":true,"href":"https:\/\/portaltela.pt\/api\/wp\/v2\/comments?post=177346"}],"version-history":[{"count":0,"href":"https:\/\/portaltela.pt\/api\/wp\/v2\/posts\/177346\/revisions"}],"wp:featuredmedia":[{"embeddable":true,"href":"https:\/\/portaltela.pt\/api\/wp\/v2\/media\/177357"}],"wp:attachment":[{"href":"https:\/\/portaltela.pt\/api\/wp\/v2\/media?parent=177346"}],"wp:term":[{"taxonomy":"category","embeddable":true,"href":"https:\/\/portaltela.pt\/api\/wp\/v2\/categories?post=177346"},{"taxonomy":"post_tag","embeddable":true,"href":"https:\/\/portaltela.pt\/api\/wp\/v2\/tags?post=177346"}],"curies":[{"name":"wp","href":"https:\/\/api.w.org\/{rel}","templated":true}]}}