{"id":177343,"date":"2026-01-27T12:42:00","date_gmt":"2026-01-27T15:42:00","guid":{"rendered":"https:\/\/portaltela.pt\/noticias\/2026\/01\/27\/governo-lanca-novo-apoio-a-compra-de-paineis-solares-para-familias\/"},"modified":"2026-01-27T12:42:00","modified_gmt":"2026-01-27T15:42:00","slug":"governo-lanca-novo-apoio-a-compra-de-paineis-solares-para-familias","status":"publish","type":"post","link":"https:\/\/portaltela.pt\/noticias\/2026\/01\/27\/governo-lanca-novo-apoio-a-compra-de-paineis-solares-para-familias\/","title":{"rendered":"Governo lan\u00e7a novo apoio \u00e0 compra de pain\u00e9is solares para fam\u00edlias"},"content":{"rendered":"<p>O Governo vai lan\u00e7ar, em breve, um novo programa de apoio \u00e0 aquisi\u00e7\u00e3o de equipamentos de mini-gera\u00e7\u00e3o fotovoltaica para fam\u00edlias, revelou hoje a ministra do Ambiente no parlamento. A declara\u00e7\u00e3o foi feita durante uma sess\u00e3o com plen\u00e1rio aberto, sem data ainda definida para a entrada em funcionamento.<\/p>\n<p>Segundo a ministra, o objetivo \u00e9 facilitar a instala\u00e7\u00e3o de pain\u00e9is solares pelas fam\u00edlias, contribuindo para a redu\u00e7\u00e3o de custos de energia e para o aumento da produ\u00e7\u00e3o de energia limpa no pa\u00eds. O programa enquadra-se numa estrat\u00e9gia governamental de transi\u00e7\u00e3o energ\u00e9tica e descarboniza\u00e7\u00e3o.<\/p>\n<p>N\u00e3o foram avan\u00e7adas datas espec\u00edficas nem crit\u00e9rios de elegibilidade durante o debate no parlamento. O Governo indicou apenas que o lan\u00e7amento ocorrer\u00e1 em breve, dentro de um pacote de medidas para promover a microgera\u00e7\u00e3o de energia.<\/p>\n<h3>Contexto e pr\u00f3ximos passos<\/h3>\n<p>O Minist\u00e9rio do Ambiente dever\u00e1 coordenar o programa, comfinanciamento ainda por confirmar. Entidades do setor e outros minist\u00e9rios poder\u00e3o receber pedidos de clarifica\u00e7\u00e3o sobre prazos, requisitos e mecanismos de apoio, \u00e0 medida que o projecto se aproxima da fase de implementa\u00e7\u00e3o.<\/p>\n","protected":false},"excerpt":{"rendered":"<ul>\n<li>O Governo vai lan\u00e7ar, em breve, um programa de apoio \u00e0 aquisi\u00e7\u00e3o de equipamentos de mini-gera\u00e7\u00e3o fotovoltaica para fam\u00edlias.<\/li>\n<li>A informa\u00e7\u00e3o foi anunciada pela ministra do Ambiente durante uma sess\u00e3o no parlamento.<\/li>\n<li>O objetivo \u00e9 facilitar a aquisi\u00e7\u00e3o de pain\u00e9is solares por fam\u00edlias portuguesas.<\/li>\n<li>O conte\u00fado completo est\u00e1 dispon\u00edvel apenas para subscritores.<\/li>\n<\/ul>\n","protected":false},"author":2,"featured_media":177356,"comment_status":"closed","ping_status":"closed","sticky":false,"template":"","format":"standard","meta":{"footnotes":""},"categories":[1],"tags":[167,1054,174,3603,2832],"class_list":["post-177343","post","type-post","status-publish","format-standard","has-post-thumbnail","hentry","category-noticias","tag-ambiente","tag-descarbonizacao-territorial","tag-energia","tag-energias-renovaveis","tag-politica"],"yoast_head":"<!-- This site is optimized with the Yoast SEO plugin v27.2 - https:\/\/yoast.com\/product\/yoast-seo-wordpress\/ -->\n<title>Governo lan\u00e7a novo apoio \u00e0 compra de pain\u00e9is solares para fam\u00edlias - Portal Tela Portugal<\/title>\n<meta name=\"robots\" content=\"index, follow, max-snippet:-1, max-image-preview:large, max-video-preview:-1\" \/>\n<meta property=\"og:locale\" content=\"pt_PT\" \/>\n<meta property=\"og:type\" content=\"article\" \/>\n<meta property=\"og:title\" content=\"Governo lan\u00e7a novo apoio \u00e0 compra de pain\u00e9is solares para fam\u00edlias - Portal Tela Portugal\" \/>\n<meta property=\"og:description\" content=\"O Governo vai lan\u00e7ar, em breve, um programa de apoio \u00e0 aquisi\u00e7\u00e3o de equipamentos de mini-gera\u00e7\u00e3o fotovoltaica para fam\u00edlias. A informa\u00e7\u00e3o foi anunciada pela ministra do Ambiente durante uma sess\u00e3o no parlamento. O objetivo \u00e9 facilitar a aquisi\u00e7\u00e3o de pain\u00e9is solares por fam\u00edlias portuguesas. O conte\u00fado completo est\u00e1 dispon\u00edvel apenas para subscritores.\" \/>\n<meta property=\"og:url\" content=\"https:\/\/portaltela.pt\/noticias\/2026\/01\/27\/governo-lanca-novo-apoio-a-compra-de-paineis-solares-para-familias\/\" \/>\n<meta property=\"og:site_name\" content=\"Portal Tela Portugal\" \/>\n<meta property=\"article:published_time\" content=\"2026-01-27T15:42:00+00:00\" \/>\n<meta name=\"author\" content=\"Telinha\" \/>\n<meta name=\"twitter:card\" content=\"summary_large_image\" \/>\n<meta name=\"twitter:label1\" content=\"Escrito por\" \/>\n\t<meta name=\"twitter:data1\" content=\"Telinha\" \/>\n\t<meta name=\"twitter:label2\" content=\"Tempo estimado de leitura\" \/>\n\t<meta name=\"twitter:data2\" content=\"1 minuto\" \/>\n<script type=\"application\/ld+json\" class=\"yoast-schema-graph\">{\"@context\":\"https:\/\/schema.org\",\"@graph\":[{\"@type\":\"Article\",\"@id\":\"https:\/\/portaltela.pt\/noticias\/2026\/01\/27\/governo-lanca-novo-apoio-a-compra-de-paineis-solares-para-familias\/#article\",\"isPartOf\":{\"@id\":\"https:\/\/portaltela.pt\/noticias\/2026\/01\/27\/governo-lanca-novo-apoio-a-compra-de-paineis-solares-para-familias\/\"},\"author\":{\"name\":\"Telinha\",\"@id\":\"https:\/\/portaltela.pt\/#\/schema\/person\/c4278d4a6028830caff9ee44b42d32ed\"},\"headline\":\"Governo lan\u00e7a novo apoio \u00e0 compra de pain\u00e9is solares para fam\u00edlias\",\"datePublished\":\"2026-01-27T15:42:00+00:00\",\"mainEntityOfPage\":{\"@id\":\"https:\/\/portaltela.pt\/noticias\/2026\/01\/27\/governo-lanca-novo-apoio-a-compra-de-paineis-solares-para-familias\/\"},\"wordCount\":211,\"image\":{\"@id\":\"https:\/\/portaltela.pt\/noticias\/2026\/01\/27\/governo-lanca-novo-apoio-a-compra-de-paineis-solares-para-familias\/#primaryimage\"},\"thumbnailUrl\":\"https:\/\/portaltela.pt\/s.01k8rhncp4jt1\/2026\/01\/CACHE_780X1200_ANALOG_WATERMARKED_46436492_4902399_27012026035616.jpg\",\"keywords\":[\"ambiente\",\"descarboniza\u00e7\u00e3o territorial\",\"energia\",\"energias renov\u00e1veis\",\"pol\u00edtica\"],\"articleSection\":[\"Not\u00edcias\"],\"inLanguage\":\"pt-PT\"},{\"@type\":\"WebPage\",\"@id\":\"https:\/\/portaltela.pt\/noticias\/2026\/01\/27\/governo-lanca-novo-apoio-a-compra-de-paineis-solares-para-familias\/\",\"url\":\"https:\/\/portaltela.pt\/noticias\/2026\/01\/27\/governo-lanca-novo-apoio-a-compra-de-paineis-solares-para-familias\/\",\"name\":\"Governo lan\u00e7a novo apoio \u00e0 compra de pain\u00e9is solares para fam\u00edlias - Portal Tela Portugal\",\"isPartOf\":{\"@id\":\"https:\/\/portaltela.pt\/#website\"},\"primaryImageOfPage\":{\"@id\":\"https:\/\/portaltela.pt\/noticias\/2026\/01\/27\/governo-lanca-novo-apoio-a-compra-de-paineis-solares-para-familias\/#primaryimage\"},\"image\":{\"@id\":\"https:\/\/portaltela.pt\/noticias\/2026\/01\/27\/governo-lanca-novo-apoio-a-compra-de-paineis-solares-para-familias\/#primaryimage\"},\"thumbnailUrl\":\"https:\/\/portaltela.pt\/s.01k8rhncp4jt1\/2026\/01\/CACHE_780X1200_ANALOG_WATERMARKED_46436492_4902399_27012026035616.jpg\",\"datePublished\":\"2026-01-27T15:42:00+00:00\",\"author\":{\"@id\":\"https:\/\/portaltela.pt\/#\/schema\/person\/c4278d4a6028830caff9ee44b42d32ed\"},\"breadcrumb\":{\"@id\":\"https:\/\/portaltela.pt\/noticias\/2026\/01\/27\/governo-lanca-novo-apoio-a-compra-de-paineis-solares-para-familias\/#breadcrumb\"},\"inLanguage\":\"pt-PT\",\"potentialAction\":[{\"@type\":\"ReadAction\",\"target\":[\"https:\/\/portaltela.pt\/noticias\/2026\/01\/27\/governo-lanca-novo-apoio-a-compra-de-paineis-solares-para-familias\/\"]}]},{\"@type\":\"ImageObject\",\"inLanguage\":\"pt-PT\",\"@id\":\"https:\/\/portaltela.pt\/noticias\/2026\/01\/27\/governo-lanca-novo-apoio-a-compra-de-paineis-solares-para-familias\/#primaryimage\",\"url\":\"https:\/\/portaltela.pt\/s.01k8rhncp4jt1\/2026\/01\/CACHE_780X1200_ANALOG_WATERMARKED_46436492_4902399_27012026035616.jpg\",\"contentUrl\":\"https:\/\/portaltela.pt\/s.01k8rhncp4jt1\/2026\/01\/CACHE_780X1200_ANALOG_WATERMARKED_46436492_4902399_27012026035616.jpg\",\"width\":796,\"height\":448,\"caption\":\"Governo vai lan\u00e7ar novo apoio \u00e0 aquisi\u00e7\u00e3o de pain\u00e9is solares para fam\u00edlias\"},{\"@type\":\"BreadcrumbList\",\"@id\":\"https:\/\/portaltela.pt\/noticias\/2026\/01\/27\/governo-lanca-novo-apoio-a-compra-de-paineis-solares-para-familias\/#breadcrumb\",\"itemListElement\":[{\"@type\":\"ListItem\",\"position\":1,\"name\":\"In\u00edcio\",\"item\":\"https:\/\/portaltela.pt\/\"},{\"@type\":\"ListItem\",\"position\":2,\"name\":\"Governo lan\u00e7a novo apoio \u00e0 compra de pain\u00e9is solares para fam\u00edlias\"}]},{\"@type\":\"WebSite\",\"@id\":\"https:\/\/portaltela.pt\/#website\",\"url\":\"https:\/\/portaltela.pt\/\",\"name\":\"Portal Tela Portugal\",\"description\":\"\",\"potentialAction\":[{\"@type\":\"SearchAction\",\"target\":{\"@type\":\"EntryPoint\",\"urlTemplate\":\"https:\/\/portaltela.pt\/?s={search_term_string}\"},\"query-input\":{\"@type\":\"PropertyValueSpecification\",\"valueRequired\":true,\"valueName\":\"search_term_string\"}}],\"inLanguage\":\"pt-PT\"},{\"@type\":\"Person\",\"@id\":\"https:\/\/portaltela.pt\/#\/schema\/person\/c4278d4a6028830caff9ee44b42d32ed\",\"name\":\"Telinha\",\"image\":{\"@type\":\"ImageObject\",\"inLanguage\":\"pt-PT\",\"@id\":\"https:\/\/portaltela.pt\/s.01k8rhncp4jt1\/2025\/11\/talking-bot-125x125.png\",\"url\":\"https:\/\/portaltela.pt\/s.01k8rhncp4jt1\/2025\/11\/talking-bot-125x125.png\",\"contentUrl\":\"https:\/\/portaltela.pt\/s.01k8rhncp4jt1\/2025\/11\/talking-bot-125x125.png\",\"caption\":\"Telinha\"},\"sameAs\":[\"https:\/\/portaltela.pt\/\"],\"url\":\"https:\/\/portaltela.pt\/por\/367410592786\/\"}]}<\/script>\n<!-- \/ Yoast SEO plugin. -->","yoast_head_json":{"title":"Governo lan\u00e7a novo apoio \u00e0 compra de pain\u00e9is solares para fam\u00edlias - Portal Tela Portugal","robots":{"index":"index","follow":"follow","max-snippet":"max-snippet:-1","max-image-preview":"max-image-preview:large","max-video-preview":"max-video-preview:-1"},"og_locale":"pt_PT","og_type":"article","og_title":"Governo lan\u00e7a novo apoio \u00e0 compra de pain\u00e9is solares para fam\u00edlias - Portal Tela Portugal","og_description":"O Governo vai lan\u00e7ar, em breve, um programa de apoio \u00e0 aquisi\u00e7\u00e3o de equipamentos de mini-gera\u00e7\u00e3o fotovoltaica para fam\u00edlias. A informa\u00e7\u00e3o foi anunciada pela ministra do Ambiente durante uma sess\u00e3o no parlamento. O objetivo \u00e9 facilitar a aquisi\u00e7\u00e3o de pain\u00e9is solares por fam\u00edlias portuguesas. O conte\u00fado completo est\u00e1 dispon\u00edvel apenas para subscritores.","og_url":"https:\/\/portaltela.pt\/noticias\/2026\/01\/27\/governo-lanca-novo-apoio-a-compra-de-paineis-solares-para-familias\/","og_site_name":"Portal Tela Portugal","article_published_time":"2026-01-27T15:42:00+00:00","author":"Telinha","twitter_card":"summary_large_image","twitter_misc":{"Escrito por":"Telinha","Tempo estimado de leitura":"1 minuto"},"schema":{"@context":"https:\/\/schema.org","@graph":[{"@type":"Article","@id":"https:\/\/portaltela.pt\/noticias\/2026\/01\/27\/governo-lanca-novo-apoio-a-compra-de-paineis-solares-para-familias\/#article","isPartOf":{"@id":"https:\/\/portaltela.pt\/noticias\/2026\/01\/27\/governo-lanca-novo-apoio-a-compra-de-paineis-solares-para-familias\/"},"author":{"name":"Telinha","@id":"https:\/\/portaltela.pt\/#\/schema\/person\/c4278d4a6028830caff9ee44b42d32ed"},"headline":"Governo lan\u00e7a novo apoio \u00e0 compra de pain\u00e9is solares para fam\u00edlias","datePublished":"2026-01-27T15:42:00+00:00","mainEntityOfPage":{"@id":"https:\/\/portaltela.pt\/noticias\/2026\/01\/27\/governo-lanca-novo-apoio-a-compra-de-paineis-solares-para-familias\/"},"wordCount":211,"image":{"@id":"https:\/\/portaltela.pt\/noticias\/2026\/01\/27\/governo-lanca-novo-apoio-a-compra-de-paineis-solares-para-familias\/#primaryimage"},"thumbnailUrl":"https:\/\/portaltela.pt\/s.01k8rhncp4jt1\/2026\/01\/CACHE_780X1200_ANALOG_WATERMARKED_46436492_4902399_27012026035616.jpg","keywords":["ambiente","descarboniza\u00e7\u00e3o territorial","energia","energias renov\u00e1veis","pol\u00edtica"],"articleSection":["Not\u00edcias"],"inLanguage":"pt-PT"},{"@type":"WebPage","@id":"https:\/\/portaltela.pt\/noticias\/2026\/01\/27\/governo-lanca-novo-apoio-a-compra-de-paineis-solares-para-familias\/","url":"https:\/\/portaltela.pt\/noticias\/2026\/01\/27\/governo-lanca-novo-apoio-a-compra-de-paineis-solares-para-familias\/","name":"Governo lan\u00e7a novo apoio \u00e0 compra de pain\u00e9is solares para fam\u00edlias - Portal Tela Portugal","isPartOf":{"@id":"https:\/\/portaltela.pt\/#website"},"primaryImageOfPage":{"@id":"https:\/\/portaltela.pt\/noticias\/2026\/01\/27\/governo-lanca-novo-apoio-a-compra-de-paineis-solares-para-familias\/#primaryimage"},"image":{"@id":"https:\/\/portaltela.pt\/noticias\/2026\/01\/27\/governo-lanca-novo-apoio-a-compra-de-paineis-solares-para-familias\/#primaryimage"},"thumbnailUrl":"https:\/\/portaltela.pt\/s.01k8rhncp4jt1\/2026\/01\/CACHE_780X1200_ANALOG_WATERMARKED_46436492_4902399_27012026035616.jpg","datePublished":"2026-01-27T15:42:00+00:00","author":{"@id":"https:\/\/portaltela.pt\/#\/schema\/person\/c4278d4a6028830caff9ee44b42d32ed"},"breadcrumb":{"@id":"https:\/\/portaltela.pt\/noticias\/2026\/01\/27\/governo-lanca-novo-apoio-a-compra-de-paineis-solares-para-familias\/#breadcrumb"},"inLanguage":"pt-PT","potentialAction":[{"@type":"ReadAction","target":["https:\/\/portaltela.pt\/noticias\/2026\/01\/27\/governo-lanca-novo-apoio-a-compra-de-paineis-solares-para-familias\/"]}]},{"@type":"ImageObject","inLanguage":"pt-PT","@id":"https:\/\/portaltela.pt\/noticias\/2026\/01\/27\/governo-lanca-novo-apoio-a-compra-de-paineis-solares-para-familias\/#primaryimage","url":"https:\/\/portaltela.pt\/s.01k8rhncp4jt1\/2026\/01\/CACHE_780X1200_ANALOG_WATERMARKED_46436492_4902399_27012026035616.jpg","contentUrl":"https:\/\/portaltela.pt\/s.01k8rhncp4jt1\/2026\/01\/CACHE_780X1200_ANALOG_WATERMARKED_46436492_4902399_27012026035616.jpg","width":796,"height":448,"caption":"Governo vai lan\u00e7ar novo apoio \u00e0 aquisi\u00e7\u00e3o de pain\u00e9is solares para fam\u00edlias"},{"@type":"BreadcrumbList","@id":"https:\/\/portaltela.pt\/noticias\/2026\/01\/27\/governo-lanca-novo-apoio-a-compra-de-paineis-solares-para-familias\/#breadcrumb","itemListElement":[{"@type":"ListItem","position":1,"name":"In\u00edcio","item":"https:\/\/portaltela.pt\/"},{"@type":"ListItem","position":2,"name":"Governo lan\u00e7a novo apoio \u00e0 compra de pain\u00e9is solares para fam\u00edlias"}]},{"@type":"WebSite","@id":"https:\/\/portaltela.pt\/#website","url":"https:\/\/portaltela.pt\/","name":"Portal Tela Portugal","description":"","potentialAction":[{"@type":"SearchAction","target":{"@type":"EntryPoint","urlTemplate":"https:\/\/portaltela.pt\/?s={search_term_string}"},"query-input":{"@type":"PropertyValueSpecification","valueRequired":true,"valueName":"search_term_string"}}],"inLanguage":"pt-PT"},{"@type":"Person","@id":"https:\/\/portaltela.pt\/#\/schema\/person\/c4278d4a6028830caff9ee44b42d32ed","name":"Telinha","image":{"@type":"ImageObject","inLanguage":"pt-PT","@id":"https:\/\/portaltela.pt\/s.01k8rhncp4jt1\/2025\/11\/talking-bot-125x125.png","url":"https:\/\/portaltela.pt\/s.01k8rhncp4jt1\/2025\/11\/talking-bot-125x125.png","contentUrl":"https:\/\/portaltela.pt\/s.01k8rhncp4jt1\/2025\/11\/talking-bot-125x125.png","caption":"Telinha"},"sameAs":["https:\/\/portaltela.pt\/"],"url":"https:\/\/portaltela.pt\/por\/367410592786\/"}]}},"_links":{"self":[{"href":"https:\/\/portaltela.pt\/api\/wp\/v2\/posts\/177343","targetHints":{"allow":["GET"]}}],"collection":[{"href":"https:\/\/portaltela.pt\/api\/wp\/v2\/posts"}],"about":[{"href":"https:\/\/portaltela.pt\/api\/wp\/v2\/types\/post"}],"author":[{"embeddable":true,"href":"https:\/\/portaltela.pt\/api\/wp\/v2\/users\/2"}],"replies":[{"embeddable":true,"href":"https:\/\/portaltela.pt\/api\/wp\/v2\/comments?post=177343"}],"version-history":[{"count":0,"href":"https:\/\/portaltela.pt\/api\/wp\/v2\/posts\/177343\/revisions"}],"wp:featuredmedia":[{"embeddable":true,"href":"https:\/\/portaltela.pt\/api\/wp\/v2\/media\/177356"}],"wp:attachment":[{"href":"https:\/\/portaltela.pt\/api\/wp\/v2\/media?parent=177343"}],"wp:term":[{"taxonomy":"category","embeddable":true,"href":"https:\/\/portaltela.pt\/api\/wp\/v2\/categories?post=177343"},{"taxonomy":"post_tag","embeddable":true,"href":"https:\/\/portaltela.pt\/api\/wp\/v2\/tags?post=177343"}],"curies":[{"name":"wp","href":"https:\/\/api.w.org\/{rel}","templated":true}]}}