{"id":177340,"date":"2026-01-27T15:45:22","date_gmt":"2026-01-27T18:45:22","guid":{"rendered":"https:\/\/portaltela.pt\/noticias\/2026\/01\/27\/presidente-da-republica-evoca-antonio-chainho-como-simbolo-para-instrumentistas\/"},"modified":"2026-01-27T15:45:22","modified_gmt":"2026-01-27T18:45:22","slug":"presidente-da-republica-evoca-antonio-chainho-como-simbolo-para-instrumentistas","status":"publish","type":"post","link":"https:\/\/portaltela.pt\/noticias\/2026\/01\/27\/presidente-da-republica-evoca-antonio-chainho-como-simbolo-para-instrumentistas\/","title":{"rendered":"Presidente da Rep\u00fablica evoca Ant\u00f3nio Chainho como s\u00edmbolo para instrumentistas"},"content":{"rendered":"<p>O Presidente da Rep\u00fablica, Marcelo Rebelo de Sousa, lamentou nesta ter\u00e7a-feira a morte do m\u00fasico Ant\u00f3nio Chainho, que evocou como uma personalidade cimeira na guitarra portuguesa e no fado. Chainho faleceu na sua resid\u00eancia em Alfragide, nos arredores de Lisboa, no dia em que completaria 88 anos.<\/p>\n<p>O chefe de Estado descreveu Chainho como um s\u00edmbolo inspirador para gera\u00e7\u00f5es de instrumentistas, ao longo de mais de cinco d\u00e9cadas. A nota de pesar real\u00e7a ainda a passagem do m\u00fasico pela vida art\u00edstica nacional e internacional, acompanhando in\u00fameros int\u00e9rpretes.<\/p>\n<p>O Presidente recorda que, em 2022, condecorou Ant\u00f3nio Chainho com o grau de comendador da Ordem do Infante D. Henrique, e dirige aos familiares e admiradores os p\u00easames oficiais. A nota sublinha, ainda, a relev\u00e2ncia do percurso do artista para a guitarra portuguesa.<\/p>\n<h3>Carreira e legados<\/h3>\n<p>Conhecido como mestre da guitarra portuguesa, Chainho encerrou uma carreira de 60 anos em setembro de 2024, ano em que lan\u00e7ou o \u00faltimo disco, O Abra\u00e7o da Guitarra, dedicado aos mestres transmitidos pela r\u00e1dio.<\/p>\n<p>Nascido a 27 de janeiro de 1938 em S. Francisco da Serra, Santiago do Cac\u00e9m, Chainho iniciou a sua interven\u00e7\u00e3o no meio fadista na d\u00e9cada de 1960. Ao longo da vida gravou sete \u00e1lbuns a solo e um DVD, Ao vivo no CCB, com participa\u00e7\u00f5es em grava\u00e7\u00f5es de nomes como Teresa Salgueiro, Gal Costa, Jos\u00e9 Carreras, Rui Veloso, Paulo de Carvalho e Nina Miranda, entre outros.<\/p>\n<p>A obra de Chainho foi marcada por colabora\u00e7\u00f5es com artistas de v\u00e1rios pa\u00edses, fortalecendo a proje\u00e7\u00e3o da guitarra portuguesa no panorama internacional. Em finais dos anos 70, o m\u00fasico passou a encetar projetos para formar novas gera\u00e7\u00f5es de instrumentistas.<\/p>\n<h3>Forma\u00e7\u00e3o e legado pedag\u00f3gico<\/h3>\n<p>Ao longo das \u00faltimas d\u00e9cadas, Chainho defendeu a necessidade de forma\u00e7\u00e3o para novos guitarristas. O ensino da guitarra portuguesa ganhou express\u00e3o no Museu do Fado, em Lisboa, bem como numa escola com o seu nome, em Santiago do Cac\u00e9m, inaugurada em 2005.<\/p>\n","protected":false},"excerpt":{"rendered":"<ul>\n<li>O Presidente da Rep\u00fablica, Marcelo Rebelo de Sousa, lamentou a morte de Ant\u00f3nio Chainho, chamando-o \u201cpersonalidade cimeira\u201d da guitarra portuguesa e do fado e \u201cs\u00edmbolo inspirador\u201d para gera\u00e7\u00f5es de instrumentistas.<\/li>\n<li>Chainho faleceu na sua resid\u00eancia em Alfragide, aos 87 anos, no dia em que completaria 88, encerrando uma carreira de cerca de seis d\u00e9cadas.<\/li>\n<li>O Chefe de Estado recorda que o guitarrista foi condecorado com o grau de comendador da Ordem do Infante D. Henrique, em 2022.<\/li>\n<li>O mestre da guitarra portuguesa terminou a carreira em setembro de 2024 e lan\u00e7ou, nesse ano, o \u00faltimo \u00e1lbum, \u201cO Abra\u00e7o da Guitarra\u201d.<\/li>\n<li>Ao longo da vida gravou e atuou com diversos artistas nacionais e internacionais, e esteve na base de cursos de guitarra portuguesa no Museu do Fado e numa escola em Santiago do Cac\u00e9m.<\/li>\n<\/ul>\n","protected":false},"author":2,"featured_media":177352,"comment_status":"closed","ping_status":"closed","sticky":false,"template":"","format":"standard","meta":{"footnotes":""},"categories":[1],"tags":[4263,145,981,2954,122,1014],"class_list":["post-177340","post","type-post","status-publish","format-standard","has-post-thumbnail","hentry","category-noticias","tag-condecoracoes-honorificas","tag-cultura","tag-lisboa","tag-museus-e-monumentos-de-portugal","tag-musica","tag-portugal"],"yoast_head":"<!-- This site is optimized with the Yoast SEO plugin v27.2 - https:\/\/yoast.com\/product\/yoast-seo-wordpress\/ -->\n<title>Presidente da Rep\u00fablica evoca Ant\u00f3nio Chainho como s\u00edmbolo para instrumentistas - Portal Tela Portugal<\/title>\n<meta name=\"robots\" content=\"index, follow, max-snippet:-1, max-image-preview:large, max-video-preview:-1\" \/>\n<meta property=\"og:locale\" content=\"pt_PT\" \/>\n<meta property=\"og:type\" content=\"article\" \/>\n<meta property=\"og:title\" content=\"Presidente da Rep\u00fablica evoca Ant\u00f3nio Chainho como s\u00edmbolo para instrumentistas - Portal Tela Portugal\" \/>\n<meta property=\"og:description\" content=\"O Presidente da Rep\u00fablica, Marcelo Rebelo de Sousa, lamentou a morte de Ant\u00f3nio Chainho, chamando-o \u201cpersonalidade cimeira\u201d da guitarra portuguesa e do fado e \u201cs\u00edmbolo inspirador\u201d para gera\u00e7\u00f5es de instrumentistas. Chainho faleceu na sua resid\u00eancia em Alfragide, aos 87 anos, no dia em que completaria 88, encerrando uma carreira de cerca de seis d\u00e9cadas. O Chefe de Estado recorda que o guitarrista foi condecorado com o grau de comendador da Ordem do Infante D. Henrique, em 2022. O mestre da guitarra portuguesa terminou a carreira em setembro de 2024 e lan\u00e7ou, nesse ano, o \u00faltimo \u00e1lbum, \u201cO Abra\u00e7o da Guitarra\u201d. Ao longo da vida gravou e atuou com diversos artistas nacionais e internacionais, e esteve na base de cursos de guitarra portuguesa no Museu do Fado e numa escola em Santiago do Cac\u00e9m.\" \/>\n<meta property=\"og:url\" content=\"https:\/\/portaltela.pt\/noticias\/2026\/01\/27\/presidente-da-republica-evoca-antonio-chainho-como-simbolo-para-instrumentistas\/\" \/>\n<meta property=\"og:site_name\" content=\"Portal Tela Portugal\" \/>\n<meta property=\"article:published_time\" content=\"2026-01-27T18:45:22+00:00\" \/>\n<meta name=\"author\" content=\"Telinha\" \/>\n<meta name=\"twitter:card\" content=\"summary_large_image\" \/>\n<meta name=\"twitter:label1\" content=\"Escrito por\" \/>\n\t<meta name=\"twitter:data1\" content=\"Telinha\" \/>\n\t<meta name=\"twitter:label2\" content=\"Tempo estimado de leitura\" \/>\n\t<meta name=\"twitter:data2\" content=\"2 minutos\" \/>\n<script type=\"application\/ld+json\" class=\"yoast-schema-graph\">{\"@context\":\"https:\/\/schema.org\",\"@graph\":[{\"@type\":\"Article\",\"@id\":\"https:\/\/portaltela.pt\/noticias\/2026\/01\/27\/presidente-da-republica-evoca-antonio-chainho-como-simbolo-para-instrumentistas\/#article\",\"isPartOf\":{\"@id\":\"https:\/\/portaltela.pt\/noticias\/2026\/01\/27\/presidente-da-republica-evoca-antonio-chainho-como-simbolo-para-instrumentistas\/\"},\"author\":{\"name\":\"Telinha\",\"@id\":\"https:\/\/portaltela.pt\/#\/schema\/person\/c4278d4a6028830caff9ee44b42d32ed\"},\"headline\":\"Presidente da Rep\u00fablica evoca Ant\u00f3nio Chainho como s\u00edmbolo para instrumentistas\",\"datePublished\":\"2026-01-27T18:45:22+00:00\",\"mainEntityOfPage\":{\"@id\":\"https:\/\/portaltela.pt\/noticias\/2026\/01\/27\/presidente-da-republica-evoca-antonio-chainho-como-simbolo-para-instrumentistas\/\"},\"wordCount\":358,\"image\":{\"@id\":\"https:\/\/portaltela.pt\/noticias\/2026\/01\/27\/presidente-da-republica-evoca-antonio-chainho-como-simbolo-para-instrumentistas\/#primaryimage\"},\"thumbnailUrl\":\"https:\/\/portaltela.pt\/s.01k8rhncp4jt1\/2026\/01\/img_1500x1000uu2010-06-07-02-32-00-181758.jpg\",\"keywords\":[\"condecora\u00e7\u00f5es honor\u00edficas\",\"cultura\",\"Lisboa\",\"Museus e Monumentos de Portugal\",\"m\u00fasica\",\"Portugal\"],\"articleSection\":[\"Not\u00edcias\"],\"inLanguage\":\"pt-PT\"},{\"@type\":\"WebPage\",\"@id\":\"https:\/\/portaltela.pt\/noticias\/2026\/01\/27\/presidente-da-republica-evoca-antonio-chainho-como-simbolo-para-instrumentistas\/\",\"url\":\"https:\/\/portaltela.pt\/noticias\/2026\/01\/27\/presidente-da-republica-evoca-antonio-chainho-como-simbolo-para-instrumentistas\/\",\"name\":\"Presidente da Rep\u00fablica evoca Ant\u00f3nio Chainho como s\u00edmbolo para instrumentistas - Portal Tela Portugal\",\"isPartOf\":{\"@id\":\"https:\/\/portaltela.pt\/#website\"},\"primaryImageOfPage\":{\"@id\":\"https:\/\/portaltela.pt\/noticias\/2026\/01\/27\/presidente-da-republica-evoca-antonio-chainho-como-simbolo-para-instrumentistas\/#primaryimage\"},\"image\":{\"@id\":\"https:\/\/portaltela.pt\/noticias\/2026\/01\/27\/presidente-da-republica-evoca-antonio-chainho-como-simbolo-para-instrumentistas\/#primaryimage\"},\"thumbnailUrl\":\"https:\/\/portaltela.pt\/s.01k8rhncp4jt1\/2026\/01\/img_1500x1000uu2010-06-07-02-32-00-181758.jpg\",\"datePublished\":\"2026-01-27T18:45:22+00:00\",\"author\":{\"@id\":\"https:\/\/portaltela.pt\/#\/schema\/person\/c4278d4a6028830caff9ee44b42d32ed\"},\"breadcrumb\":{\"@id\":\"https:\/\/portaltela.pt\/noticias\/2026\/01\/27\/presidente-da-republica-evoca-antonio-chainho-como-simbolo-para-instrumentistas\/#breadcrumb\"},\"inLanguage\":\"pt-PT\",\"potentialAction\":[{\"@type\":\"ReadAction\",\"target\":[\"https:\/\/portaltela.pt\/noticias\/2026\/01\/27\/presidente-da-republica-evoca-antonio-chainho-como-simbolo-para-instrumentistas\/\"]}]},{\"@type\":\"ImageObject\",\"inLanguage\":\"pt-PT\",\"@id\":\"https:\/\/portaltela.pt\/noticias\/2026\/01\/27\/presidente-da-republica-evoca-antonio-chainho-como-simbolo-para-instrumentistas\/#primaryimage\",\"url\":\"https:\/\/portaltela.pt\/s.01k8rhncp4jt1\/2026\/01\/img_1500x1000uu2010-06-07-02-32-00-181758.jpg\",\"contentUrl\":\"https:\/\/portaltela.pt\/s.01k8rhncp4jt1\/2026\/01\/img_1500x1000uu2010-06-07-02-32-00-181758.jpg\",\"width\":796,\"height\":448,\"caption\":\"Guitarrista e compositor morreu esta ter\u00e7a-feira\"},{\"@type\":\"BreadcrumbList\",\"@id\":\"https:\/\/portaltela.pt\/noticias\/2026\/01\/27\/presidente-da-republica-evoca-antonio-chainho-como-simbolo-para-instrumentistas\/#breadcrumb\",\"itemListElement\":[{\"@type\":\"ListItem\",\"position\":1,\"name\":\"In\u00edcio\",\"item\":\"https:\/\/portaltela.pt\/\"},{\"@type\":\"ListItem\",\"position\":2,\"name\":\"Presidente da Rep\u00fablica evoca Ant\u00f3nio Chainho como s\u00edmbolo para instrumentistas\"}]},{\"@type\":\"WebSite\",\"@id\":\"https:\/\/portaltela.pt\/#website\",\"url\":\"https:\/\/portaltela.pt\/\",\"name\":\"Portal Tela Portugal\",\"description\":\"\",\"potentialAction\":[{\"@type\":\"SearchAction\",\"target\":{\"@type\":\"EntryPoint\",\"urlTemplate\":\"https:\/\/portaltela.pt\/?s={search_term_string}\"},\"query-input\":{\"@type\":\"PropertyValueSpecification\",\"valueRequired\":true,\"valueName\":\"search_term_string\"}}],\"inLanguage\":\"pt-PT\"},{\"@type\":\"Person\",\"@id\":\"https:\/\/portaltela.pt\/#\/schema\/person\/c4278d4a6028830caff9ee44b42d32ed\",\"name\":\"Telinha\",\"image\":{\"@type\":\"ImageObject\",\"inLanguage\":\"pt-PT\",\"@id\":\"https:\/\/portaltela.pt\/s.01k8rhncp4jt1\/2025\/11\/talking-bot-125x125.png\",\"url\":\"https:\/\/portaltela.pt\/s.01k8rhncp4jt1\/2025\/11\/talking-bot-125x125.png\",\"contentUrl\":\"https:\/\/portaltela.pt\/s.01k8rhncp4jt1\/2025\/11\/talking-bot-125x125.png\",\"caption\":\"Telinha\"},\"sameAs\":[\"https:\/\/portaltela.pt\/\"],\"url\":\"https:\/\/portaltela.pt\/por\/367410592786\/\"}]}<\/script>\n<!-- \/ Yoast SEO plugin. -->","yoast_head_json":{"title":"Presidente da Rep\u00fablica evoca Ant\u00f3nio Chainho como s\u00edmbolo para instrumentistas - Portal Tela Portugal","robots":{"index":"index","follow":"follow","max-snippet":"max-snippet:-1","max-image-preview":"max-image-preview:large","max-video-preview":"max-video-preview:-1"},"og_locale":"pt_PT","og_type":"article","og_title":"Presidente da Rep\u00fablica evoca Ant\u00f3nio Chainho como s\u00edmbolo para instrumentistas - Portal Tela Portugal","og_description":"O Presidente da Rep\u00fablica, Marcelo Rebelo de Sousa, lamentou a morte de Ant\u00f3nio Chainho, chamando-o \u201cpersonalidade cimeira\u201d da guitarra portuguesa e do fado e \u201cs\u00edmbolo inspirador\u201d para gera\u00e7\u00f5es de instrumentistas. Chainho faleceu na sua resid\u00eancia em Alfragide, aos 87 anos, no dia em que completaria 88, encerrando uma carreira de cerca de seis d\u00e9cadas. O Chefe de Estado recorda que o guitarrista foi condecorado com o grau de comendador da Ordem do Infante D. Henrique, em 2022. O mestre da guitarra portuguesa terminou a carreira em setembro de 2024 e lan\u00e7ou, nesse ano, o \u00faltimo \u00e1lbum, \u201cO Abra\u00e7o da Guitarra\u201d. Ao longo da vida gravou e atuou com diversos artistas nacionais e internacionais, e esteve na base de cursos de guitarra portuguesa no Museu do Fado e numa escola em Santiago do Cac\u00e9m.","og_url":"https:\/\/portaltela.pt\/noticias\/2026\/01\/27\/presidente-da-republica-evoca-antonio-chainho-como-simbolo-para-instrumentistas\/","og_site_name":"Portal Tela Portugal","article_published_time":"2026-01-27T18:45:22+00:00","author":"Telinha","twitter_card":"summary_large_image","twitter_misc":{"Escrito por":"Telinha","Tempo estimado de leitura":"2 minutos"},"schema":{"@context":"https:\/\/schema.org","@graph":[{"@type":"Article","@id":"https:\/\/portaltela.pt\/noticias\/2026\/01\/27\/presidente-da-republica-evoca-antonio-chainho-como-simbolo-para-instrumentistas\/#article","isPartOf":{"@id":"https:\/\/portaltela.pt\/noticias\/2026\/01\/27\/presidente-da-republica-evoca-antonio-chainho-como-simbolo-para-instrumentistas\/"},"author":{"name":"Telinha","@id":"https:\/\/portaltela.pt\/#\/schema\/person\/c4278d4a6028830caff9ee44b42d32ed"},"headline":"Presidente da Rep\u00fablica evoca Ant\u00f3nio Chainho como s\u00edmbolo para instrumentistas","datePublished":"2026-01-27T18:45:22+00:00","mainEntityOfPage":{"@id":"https:\/\/portaltela.pt\/noticias\/2026\/01\/27\/presidente-da-republica-evoca-antonio-chainho-como-simbolo-para-instrumentistas\/"},"wordCount":358,"image":{"@id":"https:\/\/portaltela.pt\/noticias\/2026\/01\/27\/presidente-da-republica-evoca-antonio-chainho-como-simbolo-para-instrumentistas\/#primaryimage"},"thumbnailUrl":"https:\/\/portaltela.pt\/s.01k8rhncp4jt1\/2026\/01\/img_1500x1000uu2010-06-07-02-32-00-181758.jpg","keywords":["condecora\u00e7\u00f5es honor\u00edficas","cultura","Lisboa","Museus e Monumentos de Portugal","m\u00fasica","Portugal"],"articleSection":["Not\u00edcias"],"inLanguage":"pt-PT"},{"@type":"WebPage","@id":"https:\/\/portaltela.pt\/noticias\/2026\/01\/27\/presidente-da-republica-evoca-antonio-chainho-como-simbolo-para-instrumentistas\/","url":"https:\/\/portaltela.pt\/noticias\/2026\/01\/27\/presidente-da-republica-evoca-antonio-chainho-como-simbolo-para-instrumentistas\/","name":"Presidente da Rep\u00fablica evoca Ant\u00f3nio Chainho como s\u00edmbolo para instrumentistas - Portal Tela Portugal","isPartOf":{"@id":"https:\/\/portaltela.pt\/#website"},"primaryImageOfPage":{"@id":"https:\/\/portaltela.pt\/noticias\/2026\/01\/27\/presidente-da-republica-evoca-antonio-chainho-como-simbolo-para-instrumentistas\/#primaryimage"},"image":{"@id":"https:\/\/portaltela.pt\/noticias\/2026\/01\/27\/presidente-da-republica-evoca-antonio-chainho-como-simbolo-para-instrumentistas\/#primaryimage"},"thumbnailUrl":"https:\/\/portaltela.pt\/s.01k8rhncp4jt1\/2026\/01\/img_1500x1000uu2010-06-07-02-32-00-181758.jpg","datePublished":"2026-01-27T18:45:22+00:00","author":{"@id":"https:\/\/portaltela.pt\/#\/schema\/person\/c4278d4a6028830caff9ee44b42d32ed"},"breadcrumb":{"@id":"https:\/\/portaltela.pt\/noticias\/2026\/01\/27\/presidente-da-republica-evoca-antonio-chainho-como-simbolo-para-instrumentistas\/#breadcrumb"},"inLanguage":"pt-PT","potentialAction":[{"@type":"ReadAction","target":["https:\/\/portaltela.pt\/noticias\/2026\/01\/27\/presidente-da-republica-evoca-antonio-chainho-como-simbolo-para-instrumentistas\/"]}]},{"@type":"ImageObject","inLanguage":"pt-PT","@id":"https:\/\/portaltela.pt\/noticias\/2026\/01\/27\/presidente-da-republica-evoca-antonio-chainho-como-simbolo-para-instrumentistas\/#primaryimage","url":"https:\/\/portaltela.pt\/s.01k8rhncp4jt1\/2026\/01\/img_1500x1000uu2010-06-07-02-32-00-181758.jpg","contentUrl":"https:\/\/portaltela.pt\/s.01k8rhncp4jt1\/2026\/01\/img_1500x1000uu2010-06-07-02-32-00-181758.jpg","width":796,"height":448,"caption":"Guitarrista e compositor morreu esta ter\u00e7a-feira"},{"@type":"BreadcrumbList","@id":"https:\/\/portaltela.pt\/noticias\/2026\/01\/27\/presidente-da-republica-evoca-antonio-chainho-como-simbolo-para-instrumentistas\/#breadcrumb","itemListElement":[{"@type":"ListItem","position":1,"name":"In\u00edcio","item":"https:\/\/portaltela.pt\/"},{"@type":"ListItem","position":2,"name":"Presidente da Rep\u00fablica evoca Ant\u00f3nio Chainho como s\u00edmbolo para instrumentistas"}]},{"@type":"WebSite","@id":"https:\/\/portaltela.pt\/#website","url":"https:\/\/portaltela.pt\/","name":"Portal Tela Portugal","description":"","potentialAction":[{"@type":"SearchAction","target":{"@type":"EntryPoint","urlTemplate":"https:\/\/portaltela.pt\/?s={search_term_string}"},"query-input":{"@type":"PropertyValueSpecification","valueRequired":true,"valueName":"search_term_string"}}],"inLanguage":"pt-PT"},{"@type":"Person","@id":"https:\/\/portaltela.pt\/#\/schema\/person\/c4278d4a6028830caff9ee44b42d32ed","name":"Telinha","image":{"@type":"ImageObject","inLanguage":"pt-PT","@id":"https:\/\/portaltela.pt\/s.01k8rhncp4jt1\/2025\/11\/talking-bot-125x125.png","url":"https:\/\/portaltela.pt\/s.01k8rhncp4jt1\/2025\/11\/talking-bot-125x125.png","contentUrl":"https:\/\/portaltela.pt\/s.01k8rhncp4jt1\/2025\/11\/talking-bot-125x125.png","caption":"Telinha"},"sameAs":["https:\/\/portaltela.pt\/"],"url":"https:\/\/portaltela.pt\/por\/367410592786\/"}]}},"_links":{"self":[{"href":"https:\/\/portaltela.pt\/api\/wp\/v2\/posts\/177340","targetHints":{"allow":["GET"]}}],"collection":[{"href":"https:\/\/portaltela.pt\/api\/wp\/v2\/posts"}],"about":[{"href":"https:\/\/portaltela.pt\/api\/wp\/v2\/types\/post"}],"author":[{"embeddable":true,"href":"https:\/\/portaltela.pt\/api\/wp\/v2\/users\/2"}],"replies":[{"embeddable":true,"href":"https:\/\/portaltela.pt\/api\/wp\/v2\/comments?post=177340"}],"version-history":[{"count":0,"href":"https:\/\/portaltela.pt\/api\/wp\/v2\/posts\/177340\/revisions"}],"wp:featuredmedia":[{"embeddable":true,"href":"https:\/\/portaltela.pt\/api\/wp\/v2\/media\/177352"}],"wp:attachment":[{"href":"https:\/\/portaltela.pt\/api\/wp\/v2\/media?parent=177340"}],"wp:term":[{"taxonomy":"category","embeddable":true,"href":"https:\/\/portaltela.pt\/api\/wp\/v2\/categories?post=177340"},{"taxonomy":"post_tag","embeddable":true,"href":"https:\/\/portaltela.pt\/api\/wp\/v2\/tags?post=177340"}],"curies":[{"name":"wp","href":"https:\/\/api.w.org\/{rel}","templated":true}]}}