{"id":177279,"date":"2026-01-27T15:21:47","date_gmt":"2026-01-27T18:21:47","guid":{"rendered":"https:\/\/portaltela.pt\/noticias\/2026\/01\/27\/cadiz-quer-emprestimo-de-steven-baseya-com-opcao-de-compra\/"},"modified":"2026-01-27T15:21:47","modified_gmt":"2026-01-27T18:21:47","slug":"cadiz-quer-emprestimo-de-steven-baseya-com-opcao-de-compra","status":"publish","type":"post","link":"https:\/\/portaltela.pt\/desporto\/futebol\/2026\/01\/27\/cadiz-quer-emprestimo-de-steven-baseya-com-opcao-de-compra\/","title":{"rendered":"C\u00e1diz quer empr\u00e9stimo de Steven Baseya com op\u00e7\u00e3o de compra"},"content":{"rendered":"<p>O C\u00e1diz, da segunda divis\u00e3o espanhola, pediu o empr\u00e9stimo de Steven Baseya, com op\u00e7\u00e3o de compra, \u00e0 Alverca. A opera\u00e7\u00e3o est\u00e1 a ser analisada durante o mercado de transfer\u00eancias de janeiro, segundo a R\u00e1dio Record.<\/p>\n<p>Alverca n\u00e3o est\u00e1 dispon\u00edvel para perder mais jogadores nesta janela. O clube ribatejano mant\u00e9m negocia\u00e7\u00f5es em rela\u00e7\u00e3o a Alex Amorim, cujo futuro pode passar pela sa\u00edda ainda neste m\u00eas. O G\u00e9nova, da S\u00e9rie A, mostrou disponibilidade para pagar sete milh\u00f5es de euros pelo m\u00e9dio brasileiro, com contrato at\u00e9 2030.<\/p>\n<p>Steven Baseya chegou ao Alverca no \u00faltimo ver\u00e3o, vindo do Estrasburgo, por 400 mil euros. O defesa-central, de 21 anos, \u00e9 internacional pela sele\u00e7\u00e3o francesa sub-20 e, nesta temporada, j\u00e1 soma seis jogos pela equipa orientada por Cust\u00f3dio Castro. O seu contrato com o Alverca \u00e9 v\u00e1lido at\u00e9 2028.<\/p>\n","protected":false},"excerpt":{"rendered":"<ul>\n<li>O C\u00e1diz, da segunda divis\u00e3o espanhola, quer emprestar Steven Baseya com op\u00e7\u00e3o de compra.<\/li>\n<li>O Alverca n\u00e3o est\u00e1 dispon\u00edvel para perder mais nenhum jogador nesta janela de transfer\u00eancias de janeiro.<\/li>\n<li>O clube ribatejano est\u00e1 a discutir a poss\u00edvel sa\u00edda de Alex Amorim, que pode deixar o Alverca ainda nesta temporada.<\/li>\n<li>O G\u00e9nova, da S\u00e9rie A, est\u00e1 disposto a pagar sete milh\u00f5es de euros pelo m\u00e9dio brasileiro, com contrato at\u00e9 2030.<\/li>\n<li>Baseya chegou ao Alverca no ver\u00e3o, vindo do Estrasburgo, por 400 mil euros; tem 21 anos, \u00e9 internacional franc\u00eas sub-20 e j\u00e1 soma seis jogos nesta \u00e9poca, com contrato at\u00e9 2028.<\/li>\n<\/ul>\n","protected":false},"author":2,"featured_media":177293,"comment_status":"closed","ping_status":"closed","sticky":false,"template":"","format":"standard","meta":{"footnotes":""},"categories":[21,24],"tags":[1230,2457,32,2499,1633],"class_list":["post-177279","post","type-post","status-publish","format-standard","has-post-thumbnail","hentry","category-desporto","category-futebol","tag-alverca","tag-emprestimos","tag-futebol","tag-genova","tag-transferencias-internacionais"],"yoast_head":"<!-- This site is optimized with the Yoast SEO plugin v27.2 - https:\/\/yoast.com\/product\/yoast-seo-wordpress\/ -->\n<title>C\u00e1diz quer empr\u00e9stimo de Steven Baseya com op\u00e7\u00e3o de compra - Portal Tela Portugal<\/title>\n<meta name=\"robots\" content=\"index, follow, max-snippet:-1, max-image-preview:large, max-video-preview:-1\" \/>\n<meta property=\"og:locale\" content=\"pt_PT\" \/>\n<meta property=\"og:type\" content=\"article\" \/>\n<meta property=\"og:title\" content=\"C\u00e1diz quer empr\u00e9stimo de Steven Baseya com op\u00e7\u00e3o de compra - Portal Tela Portugal\" \/>\n<meta property=\"og:description\" content=\"O C\u00e1diz, da segunda divis\u00e3o espanhola, quer emprestar Steven Baseya com op\u00e7\u00e3o de compra. O Alverca n\u00e3o est\u00e1 dispon\u00edvel para perder mais nenhum jogador nesta janela de transfer\u00eancias de janeiro. O clube ribatejano est\u00e1 a discutir a poss\u00edvel sa\u00edda de Alex Amorim, que pode deixar o Alverca ainda nesta temporada. O G\u00e9nova, da S\u00e9rie A, est\u00e1 disposto a pagar sete milh\u00f5es de euros pelo m\u00e9dio brasileiro, com contrato at\u00e9 2030. Baseya chegou ao Alverca no ver\u00e3o, vindo do Estrasburgo, por 400 mil euros; tem 21 anos, \u00e9 internacional franc\u00eas sub-20 e j\u00e1 soma seis jogos nesta \u00e9poca, com contrato at\u00e9 2028.\" \/>\n<meta property=\"og:url\" content=\"https:\/\/portaltela.pt\/noticias\/2026\/01\/27\/cadiz-quer-emprestimo-de-steven-baseya-com-opcao-de-compra\/\" \/>\n<meta property=\"og:site_name\" content=\"Portal Tela Portugal\" \/>\n<meta property=\"article:published_time\" content=\"2026-01-27T18:21:47+00:00\" \/>\n<meta name=\"author\" content=\"Telinha\" \/>\n<meta name=\"twitter:card\" content=\"summary_large_image\" \/>\n<meta name=\"twitter:label1\" content=\"Escrito por\" \/>\n\t<meta name=\"twitter:data1\" content=\"Telinha\" \/>\n\t<meta name=\"twitter:label2\" content=\"Tempo estimado de leitura\" \/>\n\t<meta name=\"twitter:data2\" content=\"1 minuto\" \/>\n<script type=\"application\/ld+json\" class=\"yoast-schema-graph\">{\"@context\":\"https:\/\/schema.org\",\"@graph\":[{\"@type\":\"Article\",\"@id\":\"https:\/\/portaltela.pt\/noticias\/2026\/01\/27\/cadiz-quer-emprestimo-de-steven-baseya-com-opcao-de-compra\/#article\",\"isPartOf\":{\"@id\":\"https:\/\/portaltela.pt\/noticias\/2026\/01\/27\/cadiz-quer-emprestimo-de-steven-baseya-com-opcao-de-compra\/\"},\"author\":{\"name\":\"Telinha\",\"@id\":\"https:\/\/portaltela.pt\/#\/schema\/person\/c4278d4a6028830caff9ee44b42d32ed\"},\"headline\":\"C\u00e1diz quer empr\u00e9stimo de Steven Baseya com op\u00e7\u00e3o de compra\",\"datePublished\":\"2026-01-27T18:21:47+00:00\",\"mainEntityOfPage\":{\"@id\":\"https:\/\/portaltela.pt\/noticias\/2026\/01\/27\/cadiz-quer-emprestimo-de-steven-baseya-com-opcao-de-compra\/\"},\"wordCount\":161,\"image\":{\"@id\":\"https:\/\/portaltela.pt\/noticias\/2026\/01\/27\/cadiz-quer-emprestimo-de-steven-baseya-com-opcao-de-compra\/#primaryimage\"},\"thumbnailUrl\":\"https:\/\/portaltela.pt\/s.01k8rhncp4jt1\/2026\/01\/img_920x518uu2026-01-27-18-10-29-2417753-im-639051343472598529.jpg\",\"keywords\":[\"Alverca\",\"empr\u00e9stimos\",\"futebol\",\"G\u00eanova\",\"transfer\u00eancias internacionais\"],\"articleSection\":[\"Desporto\",\"Futebol\"],\"inLanguage\":\"pt-PT\"},{\"@type\":\"WebPage\",\"@id\":\"https:\/\/portaltela.pt\/noticias\/2026\/01\/27\/cadiz-quer-emprestimo-de-steven-baseya-com-opcao-de-compra\/\",\"url\":\"https:\/\/portaltela.pt\/noticias\/2026\/01\/27\/cadiz-quer-emprestimo-de-steven-baseya-com-opcao-de-compra\/\",\"name\":\"C\u00e1diz quer empr\u00e9stimo de Steven Baseya com op\u00e7\u00e3o de compra - Portal Tela Portugal\",\"isPartOf\":{\"@id\":\"https:\/\/portaltela.pt\/#website\"},\"primaryImageOfPage\":{\"@id\":\"https:\/\/portaltela.pt\/noticias\/2026\/01\/27\/cadiz-quer-emprestimo-de-steven-baseya-com-opcao-de-compra\/#primaryimage\"},\"image\":{\"@id\":\"https:\/\/portaltela.pt\/noticias\/2026\/01\/27\/cadiz-quer-emprestimo-de-steven-baseya-com-opcao-de-compra\/#primaryimage\"},\"thumbnailUrl\":\"https:\/\/portaltela.pt\/s.01k8rhncp4jt1\/2026\/01\/img_920x518uu2026-01-27-18-10-29-2417753-im-639051343472598529.jpg\",\"datePublished\":\"2026-01-27T18:21:47+00:00\",\"author\":{\"@id\":\"https:\/\/portaltela.pt\/#\/schema\/person\/c4278d4a6028830caff9ee44b42d32ed\"},\"breadcrumb\":{\"@id\":\"https:\/\/portaltela.pt\/noticias\/2026\/01\/27\/cadiz-quer-emprestimo-de-steven-baseya-com-opcao-de-compra\/#breadcrumb\"},\"inLanguage\":\"pt-PT\",\"potentialAction\":[{\"@type\":\"ReadAction\",\"target\":[\"https:\/\/portaltela.pt\/noticias\/2026\/01\/27\/cadiz-quer-emprestimo-de-steven-baseya-com-opcao-de-compra\/\"]}]},{\"@type\":\"ImageObject\",\"inLanguage\":\"pt-PT\",\"@id\":\"https:\/\/portaltela.pt\/noticias\/2026\/01\/27\/cadiz-quer-emprestimo-de-steven-baseya-com-opcao-de-compra\/#primaryimage\",\"url\":\"https:\/\/portaltela.pt\/s.01k8rhncp4jt1\/2026\/01\/img_920x518uu2026-01-27-18-10-29-2417753-im-639051343472598529.jpg\",\"contentUrl\":\"https:\/\/portaltela.pt\/s.01k8rhncp4jt1\/2026\/01\/img_920x518uu2026-01-27-18-10-29-2417753-im-639051343472598529.jpg\",\"width\":796,\"height\":448,\"caption\":\"Steven Baseya soma seis jogos pelo Alverca\"},{\"@type\":\"BreadcrumbList\",\"@id\":\"https:\/\/portaltela.pt\/noticias\/2026\/01\/27\/cadiz-quer-emprestimo-de-steven-baseya-com-opcao-de-compra\/#breadcrumb\",\"itemListElement\":[{\"@type\":\"ListItem\",\"position\":1,\"name\":\"In\u00edcio\",\"item\":\"https:\/\/portaltela.pt\/\"},{\"@type\":\"ListItem\",\"position\":2,\"name\":\"C\u00e1diz quer empr\u00e9stimo de Steven Baseya com op\u00e7\u00e3o de compra\"}]},{\"@type\":\"WebSite\",\"@id\":\"https:\/\/portaltela.pt\/#website\",\"url\":\"https:\/\/portaltela.pt\/\",\"name\":\"Portal Tela Portugal\",\"description\":\"\",\"potentialAction\":[{\"@type\":\"SearchAction\",\"target\":{\"@type\":\"EntryPoint\",\"urlTemplate\":\"https:\/\/portaltela.pt\/?s={search_term_string}\"},\"query-input\":{\"@type\":\"PropertyValueSpecification\",\"valueRequired\":true,\"valueName\":\"search_term_string\"}}],\"inLanguage\":\"pt-PT\"},{\"@type\":\"Person\",\"@id\":\"https:\/\/portaltela.pt\/#\/schema\/person\/c4278d4a6028830caff9ee44b42d32ed\",\"name\":\"Telinha\",\"image\":{\"@type\":\"ImageObject\",\"inLanguage\":\"pt-PT\",\"@id\":\"https:\/\/portaltela.pt\/s.01k8rhncp4jt1\/2025\/11\/talking-bot-125x125.png\",\"url\":\"https:\/\/portaltela.pt\/s.01k8rhncp4jt1\/2025\/11\/talking-bot-125x125.png\",\"contentUrl\":\"https:\/\/portaltela.pt\/s.01k8rhncp4jt1\/2025\/11\/talking-bot-125x125.png\",\"caption\":\"Telinha\"},\"sameAs\":[\"https:\/\/portaltela.pt\/\"],\"url\":\"https:\/\/portaltela.pt\/por\/367410592786\/\"}]}<\/script>\n<!-- \/ Yoast SEO plugin. -->","yoast_head_json":{"title":"C\u00e1diz quer empr\u00e9stimo de Steven Baseya com op\u00e7\u00e3o de compra - Portal Tela Portugal","robots":{"index":"index","follow":"follow","max-snippet":"max-snippet:-1","max-image-preview":"max-image-preview:large","max-video-preview":"max-video-preview:-1"},"og_locale":"pt_PT","og_type":"article","og_title":"C\u00e1diz quer empr\u00e9stimo de Steven Baseya com op\u00e7\u00e3o de compra - Portal Tela Portugal","og_description":"O C\u00e1diz, da segunda divis\u00e3o espanhola, quer emprestar Steven Baseya com op\u00e7\u00e3o de compra. O Alverca n\u00e3o est\u00e1 dispon\u00edvel para perder mais nenhum jogador nesta janela de transfer\u00eancias de janeiro. O clube ribatejano est\u00e1 a discutir a poss\u00edvel sa\u00edda de Alex Amorim, que pode deixar o Alverca ainda nesta temporada. O G\u00e9nova, da S\u00e9rie A, est\u00e1 disposto a pagar sete milh\u00f5es de euros pelo m\u00e9dio brasileiro, com contrato at\u00e9 2030. Baseya chegou ao Alverca no ver\u00e3o, vindo do Estrasburgo, por 400 mil euros; tem 21 anos, \u00e9 internacional franc\u00eas sub-20 e j\u00e1 soma seis jogos nesta \u00e9poca, com contrato at\u00e9 2028.","og_url":"https:\/\/portaltela.pt\/noticias\/2026\/01\/27\/cadiz-quer-emprestimo-de-steven-baseya-com-opcao-de-compra\/","og_site_name":"Portal Tela Portugal","article_published_time":"2026-01-27T18:21:47+00:00","author":"Telinha","twitter_card":"summary_large_image","twitter_misc":{"Escrito por":"Telinha","Tempo estimado de leitura":"1 minuto"},"schema":{"@context":"https:\/\/schema.org","@graph":[{"@type":"Article","@id":"https:\/\/portaltela.pt\/noticias\/2026\/01\/27\/cadiz-quer-emprestimo-de-steven-baseya-com-opcao-de-compra\/#article","isPartOf":{"@id":"https:\/\/portaltela.pt\/noticias\/2026\/01\/27\/cadiz-quer-emprestimo-de-steven-baseya-com-opcao-de-compra\/"},"author":{"name":"Telinha","@id":"https:\/\/portaltela.pt\/#\/schema\/person\/c4278d4a6028830caff9ee44b42d32ed"},"headline":"C\u00e1diz quer empr\u00e9stimo de Steven Baseya com op\u00e7\u00e3o de compra","datePublished":"2026-01-27T18:21:47+00:00","mainEntityOfPage":{"@id":"https:\/\/portaltela.pt\/noticias\/2026\/01\/27\/cadiz-quer-emprestimo-de-steven-baseya-com-opcao-de-compra\/"},"wordCount":161,"image":{"@id":"https:\/\/portaltela.pt\/noticias\/2026\/01\/27\/cadiz-quer-emprestimo-de-steven-baseya-com-opcao-de-compra\/#primaryimage"},"thumbnailUrl":"https:\/\/portaltela.pt\/s.01k8rhncp4jt1\/2026\/01\/img_920x518uu2026-01-27-18-10-29-2417753-im-639051343472598529.jpg","keywords":["Alverca","empr\u00e9stimos","futebol","G\u00eanova","transfer\u00eancias internacionais"],"articleSection":["Desporto","Futebol"],"inLanguage":"pt-PT"},{"@type":"WebPage","@id":"https:\/\/portaltela.pt\/noticias\/2026\/01\/27\/cadiz-quer-emprestimo-de-steven-baseya-com-opcao-de-compra\/","url":"https:\/\/portaltela.pt\/noticias\/2026\/01\/27\/cadiz-quer-emprestimo-de-steven-baseya-com-opcao-de-compra\/","name":"C\u00e1diz quer empr\u00e9stimo de Steven Baseya com op\u00e7\u00e3o de compra - Portal Tela Portugal","isPartOf":{"@id":"https:\/\/portaltela.pt\/#website"},"primaryImageOfPage":{"@id":"https:\/\/portaltela.pt\/noticias\/2026\/01\/27\/cadiz-quer-emprestimo-de-steven-baseya-com-opcao-de-compra\/#primaryimage"},"image":{"@id":"https:\/\/portaltela.pt\/noticias\/2026\/01\/27\/cadiz-quer-emprestimo-de-steven-baseya-com-opcao-de-compra\/#primaryimage"},"thumbnailUrl":"https:\/\/portaltela.pt\/s.01k8rhncp4jt1\/2026\/01\/img_920x518uu2026-01-27-18-10-29-2417753-im-639051343472598529.jpg","datePublished":"2026-01-27T18:21:47+00:00","author":{"@id":"https:\/\/portaltela.pt\/#\/schema\/person\/c4278d4a6028830caff9ee44b42d32ed"},"breadcrumb":{"@id":"https:\/\/portaltela.pt\/noticias\/2026\/01\/27\/cadiz-quer-emprestimo-de-steven-baseya-com-opcao-de-compra\/#breadcrumb"},"inLanguage":"pt-PT","potentialAction":[{"@type":"ReadAction","target":["https:\/\/portaltela.pt\/noticias\/2026\/01\/27\/cadiz-quer-emprestimo-de-steven-baseya-com-opcao-de-compra\/"]}]},{"@type":"ImageObject","inLanguage":"pt-PT","@id":"https:\/\/portaltela.pt\/noticias\/2026\/01\/27\/cadiz-quer-emprestimo-de-steven-baseya-com-opcao-de-compra\/#primaryimage","url":"https:\/\/portaltela.pt\/s.01k8rhncp4jt1\/2026\/01\/img_920x518uu2026-01-27-18-10-29-2417753-im-639051343472598529.jpg","contentUrl":"https:\/\/portaltela.pt\/s.01k8rhncp4jt1\/2026\/01\/img_920x518uu2026-01-27-18-10-29-2417753-im-639051343472598529.jpg","width":796,"height":448,"caption":"Steven Baseya soma seis jogos pelo Alverca"},{"@type":"BreadcrumbList","@id":"https:\/\/portaltela.pt\/noticias\/2026\/01\/27\/cadiz-quer-emprestimo-de-steven-baseya-com-opcao-de-compra\/#breadcrumb","itemListElement":[{"@type":"ListItem","position":1,"name":"In\u00edcio","item":"https:\/\/portaltela.pt\/"},{"@type":"ListItem","position":2,"name":"C\u00e1diz quer empr\u00e9stimo de Steven Baseya com op\u00e7\u00e3o de compra"}]},{"@type":"WebSite","@id":"https:\/\/portaltela.pt\/#website","url":"https:\/\/portaltela.pt\/","name":"Portal Tela Portugal","description":"","potentialAction":[{"@type":"SearchAction","target":{"@type":"EntryPoint","urlTemplate":"https:\/\/portaltela.pt\/?s={search_term_string}"},"query-input":{"@type":"PropertyValueSpecification","valueRequired":true,"valueName":"search_term_string"}}],"inLanguage":"pt-PT"},{"@type":"Person","@id":"https:\/\/portaltela.pt\/#\/schema\/person\/c4278d4a6028830caff9ee44b42d32ed","name":"Telinha","image":{"@type":"ImageObject","inLanguage":"pt-PT","@id":"https:\/\/portaltela.pt\/s.01k8rhncp4jt1\/2025\/11\/talking-bot-125x125.png","url":"https:\/\/portaltela.pt\/s.01k8rhncp4jt1\/2025\/11\/talking-bot-125x125.png","contentUrl":"https:\/\/portaltela.pt\/s.01k8rhncp4jt1\/2025\/11\/talking-bot-125x125.png","caption":"Telinha"},"sameAs":["https:\/\/portaltela.pt\/"],"url":"https:\/\/portaltela.pt\/por\/367410592786\/"}]}},"_links":{"self":[{"href":"https:\/\/portaltela.pt\/api\/wp\/v2\/posts\/177279","targetHints":{"allow":["GET"]}}],"collection":[{"href":"https:\/\/portaltela.pt\/api\/wp\/v2\/posts"}],"about":[{"href":"https:\/\/portaltela.pt\/api\/wp\/v2\/types\/post"}],"author":[{"embeddable":true,"href":"https:\/\/portaltela.pt\/api\/wp\/v2\/users\/2"}],"replies":[{"embeddable":true,"href":"https:\/\/portaltela.pt\/api\/wp\/v2\/comments?post=177279"}],"version-history":[{"count":0,"href":"https:\/\/portaltela.pt\/api\/wp\/v2\/posts\/177279\/revisions"}],"wp:featuredmedia":[{"embeddable":true,"href":"https:\/\/portaltela.pt\/api\/wp\/v2\/media\/177293"}],"wp:attachment":[{"href":"https:\/\/portaltela.pt\/api\/wp\/v2\/media?parent=177279"}],"wp:term":[{"taxonomy":"category","embeddable":true,"href":"https:\/\/portaltela.pt\/api\/wp\/v2\/categories?post=177279"},{"taxonomy":"post_tag","embeddable":true,"href":"https:\/\/portaltela.pt\/api\/wp\/v2\/tags?post=177279"}],"curies":[{"name":"wp","href":"https:\/\/api.w.org\/{rel}","templated":true}]}}