{"id":177265,"date":"2026-01-27T15:11:23","date_gmt":"2026-01-27T18:11:23","guid":{"rendered":"https:\/\/portaltela.pt\/noticias\/2026\/01\/27\/resende-quer-acolher-festa-do-porco-com-a-confraria-do-presunto-e-da-cebola\/"},"modified":"2026-01-27T15:11:23","modified_gmt":"2026-01-27T18:11:23","slug":"resende-quer-acolher-festa-do-porco-com-a-confraria-do-presunto-e-da-cebola","status":"publish","type":"post","link":"https:\/\/portaltela.pt\/noticias\/2026\/01\/27\/resende-quer-acolher-festa-do-porco-com-a-confraria-do-presunto-e-da-cebola\/","title":{"rendered":"Resende quer acolher Festa do Porco com a Confraria do Presunto e da Cebola"},"content":{"rendered":"<p>O munic\u00edpio de Resende est\u00e1 a negociar a realiza\u00e7\u00e3o da Festa do Porco em parceria com a Confraria do Presunto e da Cebola da regi\u00e3o. O objetivo \u00e9 trazer o evento itinerante ao concelho, beneficiando a divulga\u00e7\u00e3o da gastronomia local.<\/p>\n<p>O presidente da C\u00e2mara Municipal de Resende, Fernando Silv\u00e9rio, reuniu-se na sexta-feira passada, 26 de janeiro, com representantes da CPCTS. O encontro visou formalizar uma parceria para a realiza\u00e7\u00e3o da Festa do Porco no territ\u00f3rio.<\/p>\n<p>A CPCTS, fundada em 2013 em Penafiel, promove e defende os produtos tradicionais da regi\u00e3o do T\u00e2mega e Sousa. A Festa do Porco \u00e9 uma das suas principais iniciativas, que circula entre munic\u00edpios da CIM-T\u00e2mega e Sousa para dinamizar economia e identidade regional.<\/p>\n<h3>Parcerias e objetivos<\/h3>\n<p>A autarquia de Resende enquadra a coopera\u00e7\u00e3o numa estrat\u00e9gia de valoriza\u00e7\u00e3o dos produtos end\u00f3genos. A realiza\u00e7\u00e3o da festa no concelho pode contribuir para evidenciar recursos gastron\u00f3micos e culturais locais, segundo fontes municipais.<\/p>\n<p>A iniciativa pretende ainda refor\u00e7ar a atua\u00e7\u00e3o da CPCTS na promo\u00e7\u00e3o de produtos regionais, ao mesmo tempo que posiciona Resende como palco de eventos com relevo na CIM-TS. O pr\u00f3ximo passo envolve formalizar os termos da parceria.<\/p>\n","protected":false},"excerpt":{"rendered":"<ul>\n<li>Resende negocia trazer a Festa do Porco ao concelho em parceria com a Confraria do Presunto e da Cebola da regi\u00e3o.<\/li>\n<li>O presidente da C\u00e2mara Municipal de Resende, Fernando Silv\u00e9rio, reuniu-se na sexta-feira, 26 de janeiro, com representantes da CPCTS.<\/li>\n<li>A CPCTS (Fundada em 2013, em Penafiel) promove os produtos tradicionais da regi\u00e3o do T\u00e2mega e Sousa e organiza a Festa do Porco, evento itinerante.<\/li>\n<li>A festa desloca-se rotativamente pelos munic\u00edpios da Comunidade Intermunicipal do T\u00e2mega e Sousa para promover gastronomia, dinamizar a economia e fortalecer a identidade local.<\/li>\n<li>A autarquia pretende que a parceria esteja integrada numa estrat\u00e9gia de valoriza\u00e7\u00e3o de produtos end\u00f3genos, contribuindo para a proje\u00e7\u00e3o do territ\u00f3rio de Resende.<\/li>\n<\/ul>\n","protected":false},"author":2,"featured_media":177290,"comment_status":"closed","ping_status":"closed","sticky":false,"template":"","format":"standard","meta":{"footnotes":""},"categories":[1],"tags":[145,3731,219,1993,1372,169],"class_list":["post-177265","post","type-post","status-publish","format-standard","has-post-thumbnail","hentry","category-noticias","tag-cultura","tag-eventos","tag-gastronomia","tag-penafiel","tag-resende","tag-turismo"],"yoast_head":"<!-- This site is optimized with the Yoast SEO plugin v27.2 - https:\/\/yoast.com\/product\/yoast-seo-wordpress\/ -->\n<title>Resende quer acolher Festa do Porco com a Confraria do Presunto e da Cebola - Portal Tela Portugal<\/title>\n<meta name=\"robots\" content=\"index, follow, max-snippet:-1, max-image-preview:large, max-video-preview:-1\" \/>\n<meta property=\"og:locale\" content=\"pt_PT\" \/>\n<meta property=\"og:type\" content=\"article\" \/>\n<meta property=\"og:title\" content=\"Resende quer acolher Festa do Porco com a Confraria do Presunto e da Cebola - Portal Tela Portugal\" \/>\n<meta property=\"og:description\" content=\"Resende negocia trazer a Festa do Porco ao concelho em parceria com a Confraria do Presunto e da Cebola da regi\u00e3o. O presidente da C\u00e2mara Municipal de Resende, Fernando Silv\u00e9rio, reuniu-se na sexta-feira, 26 de janeiro, com representantes da CPCTS. A CPCTS (Fundada em 2013, em Penafiel) promove os produtos tradicionais da regi\u00e3o do T\u00e2mega e Sousa e organiza a Festa do Porco, evento itinerante. A festa desloca-se rotativamente pelos munic\u00edpios da Comunidade Intermunicipal do T\u00e2mega e Sousa para promover gastronomia, dinamizar a economia e fortalecer a identidade local. A autarquia pretende que a parceria esteja integrada numa estrat\u00e9gia de valoriza\u00e7\u00e3o de produtos end\u00f3genos, contribuindo para a proje\u00e7\u00e3o do territ\u00f3rio de Resende.\" \/>\n<meta property=\"og:url\" content=\"https:\/\/portaltela.pt\/noticias\/2026\/01\/27\/resende-quer-acolher-festa-do-porco-com-a-confraria-do-presunto-e-da-cebola\/\" \/>\n<meta property=\"og:site_name\" content=\"Portal Tela Portugal\" \/>\n<meta property=\"article:published_time\" content=\"2026-01-27T18:11:23+00:00\" \/>\n<meta name=\"author\" content=\"Telinha\" \/>\n<meta name=\"twitter:card\" content=\"summary_large_image\" \/>\n<meta name=\"twitter:label1\" content=\"Escrito por\" \/>\n\t<meta name=\"twitter:data1\" content=\"Telinha\" \/>\n\t<meta name=\"twitter:label2\" content=\"Tempo estimado de leitura\" \/>\n\t<meta name=\"twitter:data2\" content=\"1 minuto\" \/>\n<script type=\"application\/ld+json\" class=\"yoast-schema-graph\">{\"@context\":\"https:\/\/schema.org\",\"@graph\":[{\"@type\":\"Article\",\"@id\":\"https:\/\/portaltela.pt\/noticias\/2026\/01\/27\/resende-quer-acolher-festa-do-porco-com-a-confraria-do-presunto-e-da-cebola\/#article\",\"isPartOf\":{\"@id\":\"https:\/\/portaltela.pt\/noticias\/2026\/01\/27\/resende-quer-acolher-festa-do-porco-com-a-confraria-do-presunto-e-da-cebola\/\"},\"author\":{\"name\":\"Telinha\",\"@id\":\"https:\/\/portaltela.pt\/#\/schema\/person\/c4278d4a6028830caff9ee44b42d32ed\"},\"headline\":\"Resende quer acolher Festa do Porco com a Confraria do Presunto e da Cebola\",\"datePublished\":\"2026-01-27T18:11:23+00:00\",\"mainEntityOfPage\":{\"@id\":\"https:\/\/portaltela.pt\/noticias\/2026\/01\/27\/resende-quer-acolher-festa-do-porco-com-a-confraria-do-presunto-e-da-cebola\/\"},\"wordCount\":222,\"image\":{\"@id\":\"https:\/\/portaltela.pt\/noticias\/2026\/01\/27\/resende-quer-acolher-festa-do-porco-com-a-confraria-do-presunto-e-da-cebola\/#primaryimage\"},\"thumbnailUrl\":\"https:\/\/portaltela.pt\/s.01k8rhncp4jt1\/2026\/01\/Resende-pretende-acolher-Festa-do-Porco-em-parceria-com-a-Confraria-do-Presunto-e-da-Cebola.jpg\",\"keywords\":[\"cultura\",\"eventos\",\"gastronomia\",\"Penafiel\",\"Resende\",\"turismo\"],\"articleSection\":[\"Not\u00edcias\"],\"inLanguage\":\"pt-PT\"},{\"@type\":\"WebPage\",\"@id\":\"https:\/\/portaltela.pt\/noticias\/2026\/01\/27\/resende-quer-acolher-festa-do-porco-com-a-confraria-do-presunto-e-da-cebola\/\",\"url\":\"https:\/\/portaltela.pt\/noticias\/2026\/01\/27\/resende-quer-acolher-festa-do-porco-com-a-confraria-do-presunto-e-da-cebola\/\",\"name\":\"Resende quer acolher Festa do Porco com a Confraria do Presunto e da Cebola - Portal Tela Portugal\",\"isPartOf\":{\"@id\":\"https:\/\/portaltela.pt\/#website\"},\"primaryImageOfPage\":{\"@id\":\"https:\/\/portaltela.pt\/noticias\/2026\/01\/27\/resende-quer-acolher-festa-do-porco-com-a-confraria-do-presunto-e-da-cebola\/#primaryimage\"},\"image\":{\"@id\":\"https:\/\/portaltela.pt\/noticias\/2026\/01\/27\/resende-quer-acolher-festa-do-porco-com-a-confraria-do-presunto-e-da-cebola\/#primaryimage\"},\"thumbnailUrl\":\"https:\/\/portaltela.pt\/s.01k8rhncp4jt1\/2026\/01\/Resende-pretende-acolher-Festa-do-Porco-em-parceria-com-a-Confraria-do-Presunto-e-da-Cebola.jpg\",\"datePublished\":\"2026-01-27T18:11:23+00:00\",\"author\":{\"@id\":\"https:\/\/portaltela.pt\/#\/schema\/person\/c4278d4a6028830caff9ee44b42d32ed\"},\"breadcrumb\":{\"@id\":\"https:\/\/portaltela.pt\/noticias\/2026\/01\/27\/resende-quer-acolher-festa-do-porco-com-a-confraria-do-presunto-e-da-cebola\/#breadcrumb\"},\"inLanguage\":\"pt-PT\",\"potentialAction\":[{\"@type\":\"ReadAction\",\"target\":[\"https:\/\/portaltela.pt\/noticias\/2026\/01\/27\/resende-quer-acolher-festa-do-porco-com-a-confraria-do-presunto-e-da-cebola\/\"]}]},{\"@type\":\"ImageObject\",\"inLanguage\":\"pt-PT\",\"@id\":\"https:\/\/portaltela.pt\/noticias\/2026\/01\/27\/resende-quer-acolher-festa-do-porco-com-a-confraria-do-presunto-e-da-cebola\/#primaryimage\",\"url\":\"https:\/\/portaltela.pt\/s.01k8rhncp4jt1\/2026\/01\/Resende-pretende-acolher-Festa-do-Porco-em-parceria-com-a-Confraria-do-Presunto-e-da-Cebola.jpg\",\"contentUrl\":\"https:\/\/portaltela.pt\/s.01k8rhncp4jt1\/2026\/01\/Resende-pretende-acolher-Festa-do-Porco-em-parceria-com-a-Confraria-do-Presunto-e-da-Cebola.jpg\",\"width\":796,\"height\":448,\"caption\":\"Resende pretende acolher Festa do Porco em parceria com a Confraria do Presunto e da Cebola\"},{\"@type\":\"BreadcrumbList\",\"@id\":\"https:\/\/portaltela.pt\/noticias\/2026\/01\/27\/resende-quer-acolher-festa-do-porco-com-a-confraria-do-presunto-e-da-cebola\/#breadcrumb\",\"itemListElement\":[{\"@type\":\"ListItem\",\"position\":1,\"name\":\"In\u00edcio\",\"item\":\"https:\/\/portaltela.pt\/\"},{\"@type\":\"ListItem\",\"position\":2,\"name\":\"Resende quer acolher Festa do Porco com a Confraria do Presunto e da Cebola\"}]},{\"@type\":\"WebSite\",\"@id\":\"https:\/\/portaltela.pt\/#website\",\"url\":\"https:\/\/portaltela.pt\/\",\"name\":\"Portal Tela Portugal\",\"description\":\"\",\"potentialAction\":[{\"@type\":\"SearchAction\",\"target\":{\"@type\":\"EntryPoint\",\"urlTemplate\":\"https:\/\/portaltela.pt\/?s={search_term_string}\"},\"query-input\":{\"@type\":\"PropertyValueSpecification\",\"valueRequired\":true,\"valueName\":\"search_term_string\"}}],\"inLanguage\":\"pt-PT\"},{\"@type\":\"Person\",\"@id\":\"https:\/\/portaltela.pt\/#\/schema\/person\/c4278d4a6028830caff9ee44b42d32ed\",\"name\":\"Telinha\",\"image\":{\"@type\":\"ImageObject\",\"inLanguage\":\"pt-PT\",\"@id\":\"https:\/\/portaltela.pt\/s.01k8rhncp4jt1\/2025\/11\/talking-bot-125x125.png\",\"url\":\"https:\/\/portaltela.pt\/s.01k8rhncp4jt1\/2025\/11\/talking-bot-125x125.png\",\"contentUrl\":\"https:\/\/portaltela.pt\/s.01k8rhncp4jt1\/2025\/11\/talking-bot-125x125.png\",\"caption\":\"Telinha\"},\"sameAs\":[\"https:\/\/portaltela.pt\/\"],\"url\":\"https:\/\/portaltela.pt\/por\/367410592786\/\"}]}<\/script>\n<!-- \/ Yoast SEO plugin. -->","yoast_head_json":{"title":"Resende quer acolher Festa do Porco com a Confraria do Presunto e da Cebola - Portal Tela Portugal","robots":{"index":"index","follow":"follow","max-snippet":"max-snippet:-1","max-image-preview":"max-image-preview:large","max-video-preview":"max-video-preview:-1"},"og_locale":"pt_PT","og_type":"article","og_title":"Resende quer acolher Festa do Porco com a Confraria do Presunto e da Cebola - Portal Tela Portugal","og_description":"Resende negocia trazer a Festa do Porco ao concelho em parceria com a Confraria do Presunto e da Cebola da regi\u00e3o. O presidente da C\u00e2mara Municipal de Resende, Fernando Silv\u00e9rio, reuniu-se na sexta-feira, 26 de janeiro, com representantes da CPCTS. A CPCTS (Fundada em 2013, em Penafiel) promove os produtos tradicionais da regi\u00e3o do T\u00e2mega e Sousa e organiza a Festa do Porco, evento itinerante. A festa desloca-se rotativamente pelos munic\u00edpios da Comunidade Intermunicipal do T\u00e2mega e Sousa para promover gastronomia, dinamizar a economia e fortalecer a identidade local. A autarquia pretende que a parceria esteja integrada numa estrat\u00e9gia de valoriza\u00e7\u00e3o de produtos end\u00f3genos, contribuindo para a proje\u00e7\u00e3o do territ\u00f3rio de Resende.","og_url":"https:\/\/portaltela.pt\/noticias\/2026\/01\/27\/resende-quer-acolher-festa-do-porco-com-a-confraria-do-presunto-e-da-cebola\/","og_site_name":"Portal Tela Portugal","article_published_time":"2026-01-27T18:11:23+00:00","author":"Telinha","twitter_card":"summary_large_image","twitter_misc":{"Escrito por":"Telinha","Tempo estimado de leitura":"1 minuto"},"schema":{"@context":"https:\/\/schema.org","@graph":[{"@type":"Article","@id":"https:\/\/portaltela.pt\/noticias\/2026\/01\/27\/resende-quer-acolher-festa-do-porco-com-a-confraria-do-presunto-e-da-cebola\/#article","isPartOf":{"@id":"https:\/\/portaltela.pt\/noticias\/2026\/01\/27\/resende-quer-acolher-festa-do-porco-com-a-confraria-do-presunto-e-da-cebola\/"},"author":{"name":"Telinha","@id":"https:\/\/portaltela.pt\/#\/schema\/person\/c4278d4a6028830caff9ee44b42d32ed"},"headline":"Resende quer acolher Festa do Porco com a Confraria do Presunto e da Cebola","datePublished":"2026-01-27T18:11:23+00:00","mainEntityOfPage":{"@id":"https:\/\/portaltela.pt\/noticias\/2026\/01\/27\/resende-quer-acolher-festa-do-porco-com-a-confraria-do-presunto-e-da-cebola\/"},"wordCount":222,"image":{"@id":"https:\/\/portaltela.pt\/noticias\/2026\/01\/27\/resende-quer-acolher-festa-do-porco-com-a-confraria-do-presunto-e-da-cebola\/#primaryimage"},"thumbnailUrl":"https:\/\/portaltela.pt\/s.01k8rhncp4jt1\/2026\/01\/Resende-pretende-acolher-Festa-do-Porco-em-parceria-com-a-Confraria-do-Presunto-e-da-Cebola.jpg","keywords":["cultura","eventos","gastronomia","Penafiel","Resende","turismo"],"articleSection":["Not\u00edcias"],"inLanguage":"pt-PT"},{"@type":"WebPage","@id":"https:\/\/portaltela.pt\/noticias\/2026\/01\/27\/resende-quer-acolher-festa-do-porco-com-a-confraria-do-presunto-e-da-cebola\/","url":"https:\/\/portaltela.pt\/noticias\/2026\/01\/27\/resende-quer-acolher-festa-do-porco-com-a-confraria-do-presunto-e-da-cebola\/","name":"Resende quer acolher Festa do Porco com a Confraria do Presunto e da Cebola - Portal Tela Portugal","isPartOf":{"@id":"https:\/\/portaltela.pt\/#website"},"primaryImageOfPage":{"@id":"https:\/\/portaltela.pt\/noticias\/2026\/01\/27\/resende-quer-acolher-festa-do-porco-com-a-confraria-do-presunto-e-da-cebola\/#primaryimage"},"image":{"@id":"https:\/\/portaltela.pt\/noticias\/2026\/01\/27\/resende-quer-acolher-festa-do-porco-com-a-confraria-do-presunto-e-da-cebola\/#primaryimage"},"thumbnailUrl":"https:\/\/portaltela.pt\/s.01k8rhncp4jt1\/2026\/01\/Resende-pretende-acolher-Festa-do-Porco-em-parceria-com-a-Confraria-do-Presunto-e-da-Cebola.jpg","datePublished":"2026-01-27T18:11:23+00:00","author":{"@id":"https:\/\/portaltela.pt\/#\/schema\/person\/c4278d4a6028830caff9ee44b42d32ed"},"breadcrumb":{"@id":"https:\/\/portaltela.pt\/noticias\/2026\/01\/27\/resende-quer-acolher-festa-do-porco-com-a-confraria-do-presunto-e-da-cebola\/#breadcrumb"},"inLanguage":"pt-PT","potentialAction":[{"@type":"ReadAction","target":["https:\/\/portaltela.pt\/noticias\/2026\/01\/27\/resende-quer-acolher-festa-do-porco-com-a-confraria-do-presunto-e-da-cebola\/"]}]},{"@type":"ImageObject","inLanguage":"pt-PT","@id":"https:\/\/portaltela.pt\/noticias\/2026\/01\/27\/resende-quer-acolher-festa-do-porco-com-a-confraria-do-presunto-e-da-cebola\/#primaryimage","url":"https:\/\/portaltela.pt\/s.01k8rhncp4jt1\/2026\/01\/Resende-pretende-acolher-Festa-do-Porco-em-parceria-com-a-Confraria-do-Presunto-e-da-Cebola.jpg","contentUrl":"https:\/\/portaltela.pt\/s.01k8rhncp4jt1\/2026\/01\/Resende-pretende-acolher-Festa-do-Porco-em-parceria-com-a-Confraria-do-Presunto-e-da-Cebola.jpg","width":796,"height":448,"caption":"Resende pretende acolher Festa do Porco em parceria com a Confraria do Presunto e da Cebola"},{"@type":"BreadcrumbList","@id":"https:\/\/portaltela.pt\/noticias\/2026\/01\/27\/resende-quer-acolher-festa-do-porco-com-a-confraria-do-presunto-e-da-cebola\/#breadcrumb","itemListElement":[{"@type":"ListItem","position":1,"name":"In\u00edcio","item":"https:\/\/portaltela.pt\/"},{"@type":"ListItem","position":2,"name":"Resende quer acolher Festa do Porco com a Confraria do Presunto e da Cebola"}]},{"@type":"WebSite","@id":"https:\/\/portaltela.pt\/#website","url":"https:\/\/portaltela.pt\/","name":"Portal Tela Portugal","description":"","potentialAction":[{"@type":"SearchAction","target":{"@type":"EntryPoint","urlTemplate":"https:\/\/portaltela.pt\/?s={search_term_string}"},"query-input":{"@type":"PropertyValueSpecification","valueRequired":true,"valueName":"search_term_string"}}],"inLanguage":"pt-PT"},{"@type":"Person","@id":"https:\/\/portaltela.pt\/#\/schema\/person\/c4278d4a6028830caff9ee44b42d32ed","name":"Telinha","image":{"@type":"ImageObject","inLanguage":"pt-PT","@id":"https:\/\/portaltela.pt\/s.01k8rhncp4jt1\/2025\/11\/talking-bot-125x125.png","url":"https:\/\/portaltela.pt\/s.01k8rhncp4jt1\/2025\/11\/talking-bot-125x125.png","contentUrl":"https:\/\/portaltela.pt\/s.01k8rhncp4jt1\/2025\/11\/talking-bot-125x125.png","caption":"Telinha"},"sameAs":["https:\/\/portaltela.pt\/"],"url":"https:\/\/portaltela.pt\/por\/367410592786\/"}]}},"_links":{"self":[{"href":"https:\/\/portaltela.pt\/api\/wp\/v2\/posts\/177265","targetHints":{"allow":["GET"]}}],"collection":[{"href":"https:\/\/portaltela.pt\/api\/wp\/v2\/posts"}],"about":[{"href":"https:\/\/portaltela.pt\/api\/wp\/v2\/types\/post"}],"author":[{"embeddable":true,"href":"https:\/\/portaltela.pt\/api\/wp\/v2\/users\/2"}],"replies":[{"embeddable":true,"href":"https:\/\/portaltela.pt\/api\/wp\/v2\/comments?post=177265"}],"version-history":[{"count":0,"href":"https:\/\/portaltela.pt\/api\/wp\/v2\/posts\/177265\/revisions"}],"wp:featuredmedia":[{"embeddable":true,"href":"https:\/\/portaltela.pt\/api\/wp\/v2\/media\/177290"}],"wp:attachment":[{"href":"https:\/\/portaltela.pt\/api\/wp\/v2\/media?parent=177265"}],"wp:term":[{"taxonomy":"category","embeddable":true,"href":"https:\/\/portaltela.pt\/api\/wp\/v2\/categories?post=177265"},{"taxonomy":"post_tag","embeddable":true,"href":"https:\/\/portaltela.pt\/api\/wp\/v2\/tags?post=177265"}],"curies":[{"name":"wp","href":"https:\/\/api.w.org\/{rel}","templated":true}]}}