{"id":177000,"date":"2026-01-27T15:02:22","date_gmt":"2026-01-27T18:02:22","guid":{"rendered":"https:\/\/portaltela.pt\/noticias\/2026\/01\/27\/c-studio-pit-lane-revela-novidades-e-parcerias\/"},"modified":"2026-01-27T15:02:22","modified_gmt":"2026-01-27T18:02:22","slug":"c-studio-pit-lane-revela-novidades-e-parcerias","status":"publish","type":"post","link":"https:\/\/portaltela.pt\/desporto\/2026\/01\/27\/c-studio-pit-lane-revela-novidades-e-parcerias\/","title":{"rendered":"C-Studio Pit Lane revela novidades e parcerias"},"content":{"rendered":"<p>O fim de semana trouxe a conclus\u00e3o de v\u00e1rias ligas nacionais e europeias de desporto motorizado. Em diversas provas, pilotos destacaram-se pela consist\u00eancia ao longo de 2023, com t\u00edtulos decididos em v\u00e1rias frentes do Todo-o-Terreno, Ralis, Kartcross e Montanha.<\/p>\n<h3>Baja Portalegre 500 e Todo-o-Terreno<\/h3>\n<p>Jo\u00e3o Ferreira, de Leiria, sagrou-se campe\u00e3o da 39.\u00aa BP Ultimate Baja Portalegre 500, pen\u00faltima prova do Campeonato Portugal de Todo-o-Terreno AM|48, ao vencer em prova que voltou a reunir pilotos da elite nacional. O evento decorreu por etapas, com Ferreira a dominar a classe.<\/p>\n<p>Gon\u00e7alo Guerreiro \u00e9 declarado o novo campe\u00e3o de Todo-o-Terreno, consolidando o t\u00edtulo na \u00faltima ronda da temporada. O campeonato teve como palco principal a Baja TT Lagos, que encerrou a \u00e9poca com a vit\u00f3ria de Tiago Reis (MMP) na prova feminina.<\/p>\n<h3>Ralis nacionais<\/h3>\n<p>Fontes venceu a Ta\u00e7a de Portugal de Ralis, guiando um Citro\u00ebn C3 Rally2, ap\u00f3s um duelo intenso com Ricardo Teod\u00f3sio. Dani Sordo refor\u00e7ou o dom\u00ednio espanhol ao sagrar-se campe\u00e3o de Portugal de Ralis, superando Kris Meeke e Armindo Ara\u00fajo. Em Cantanhede, Armando Carvalho levou o t\u00edtulo do Centro de Ralis com a forma\u00e7\u00e3o de Vila Nova de Poiares a destacar-se na prova decisiva.<\/p>\n<h3>Fafe, Europeu e Montanha<\/h3>\n<p>Em Fafe, Latvala cortou a meta na frente, assegurando o trof\u00e9u de vencedor e o t\u00edtulo europeu na mesma jornada. A Rampa da Arr\u00e1bida encerrou o Campeonato Portugal de Montanha JC Group, com milhares de f\u00e3s a assistir ao \u00faltimo embate da temporada.<\/p>\n<h3>Outras provas e t\u00edtulos<\/h3>\n<p>Portugal manteve a toada de vit\u00f3rias em v\u00e1rias frentes: Jo\u00e3o Ribeiro tornou-se campe\u00e3o europeu de Ralicross, numa decis\u00e3o disputada em Istambul, com o piloto portugu\u00eas a sonhar agora com a disputa de uma corrida de Super Car no Europeu. No Rotax, Pedro Ribeiro, Anis Tazi, Daniel Ferreira, Vicente Capela, Gustavo Oliveira e Miguel Barbosa conquistaram os t\u00edtulos nacionais em diversas classes, numa ronda que ficou marcada pela suspens\u00e3o da classifica\u00e7\u00e3o da categoria DD2. Dani Sordo foi novamente o piloto mais r\u00e1pido no Rali da \u00c1gua, conquistando a segunda vit\u00f3ria da \u00e9poca.<\/p>\n","protected":false},"excerpt":{"rendered":"<ul>\n<li>Jo\u00e3o Ferreira venceu a 39.\u00aa BP Ultimate Baja Portalegre 500, conquistando o seu terceiro triunfo na prova, pen\u00faltima do Campeonato Portugal de Todo-o-Terreno AM|48.<\/li>\n<li>Gon\u00e7alo Guerreiro tornou-se campe\u00e3o do Campeonato Portugal de Todo-o-Terreno AMI48, com a Baja TT Lagos a encerrar a temporada.<\/li>\n<li>Jari-Matti Latvala venceu em Fafe e garantiu o t\u00edtulo de campe\u00e3o europeu de ralis.<\/li>\n<li>Dani Sordo sagrou-se campe\u00e3o de Portugal de Ralis, superando Kris Meeke e Armindo Araujo.<\/li>\n<li>Fontes ganhou a Ta\u00e7a de Portugal de Ralis ao volante de um Citro\u00ebn C3 Rally2, num duelo com Ricardo Teod\u00f3sio.<\/li>\n<\/ul>\n","protected":false},"author":2,"featured_media":0,"comment_status":"closed","ping_status":"closed","sticky":false,"template":"","format":"standard","meta":{"footnotes":""},"categories":[21],"tags":[152,1385,1014,4483,4484,2012],"class_list":["post-177000","post","type-post","status-publish","format-standard","hentry","category-desporto","tag-desporto","tag-leiria","tag-portugal","tag-ralicross","tag-rotax","tag-todo-o-terreno"],"yoast_head":"<!-- This site is optimized with the Yoast SEO plugin v27.2 - https:\/\/yoast.com\/product\/yoast-seo-wordpress\/ -->\n<title>C-Studio Pit Lane revela novidades e parcerias - Portal Tela Portugal<\/title>\n<meta name=\"robots\" content=\"index, follow, max-snippet:-1, max-image-preview:large, max-video-preview:-1\" \/>\n<meta property=\"og:locale\" content=\"pt_PT\" \/>\n<meta property=\"og:type\" content=\"article\" \/>\n<meta property=\"og:title\" content=\"C-Studio Pit Lane revela novidades e parcerias - Portal Tela Portugal\" \/>\n<meta property=\"og:description\" content=\"Jo\u00e3o Ferreira venceu a 39.\u00aa BP Ultimate Baja Portalegre 500, conquistando o seu terceiro triunfo na prova, pen\u00faltima do Campeonato Portugal de Todo-o-Terreno AM|48. Gon\u00e7alo Guerreiro tornou-se campe\u00e3o do Campeonato Portugal de Todo-o-Terreno AMI48, com a Baja TT Lagos a encerrar a temporada. Jari-Matti Latvala venceu em Fafe e garantiu o t\u00edtulo de campe\u00e3o europeu de ralis. Dani Sordo sagrou-se campe\u00e3o de Portugal de Ralis, superando Kris Meeke e Armindo Araujo. Fontes ganhou a Ta\u00e7a de Portugal de Ralis ao volante de um Citro\u00ebn C3 Rally2, num duelo com Ricardo Teod\u00f3sio.\" \/>\n<meta property=\"og:url\" content=\"https:\/\/portaltela.pt\/noticias\/2026\/01\/27\/c-studio-pit-lane-revela-novidades-e-parcerias\/\" \/>\n<meta property=\"og:site_name\" content=\"Portal Tela Portugal\" \/>\n<meta property=\"article:published_time\" content=\"2026-01-27T18:02:22+00:00\" \/>\n<meta name=\"author\" content=\"Telinha\" \/>\n<meta name=\"twitter:card\" content=\"summary_large_image\" \/>\n<meta name=\"twitter:label1\" content=\"Escrito por\" \/>\n\t<meta name=\"twitter:data1\" content=\"Telinha\" \/>\n\t<meta name=\"twitter:label2\" content=\"Tempo estimado de leitura\" \/>\n\t<meta name=\"twitter:data2\" content=\"2 minutos\" \/>\n<script type=\"application\/ld+json\" class=\"yoast-schema-graph\">{\"@context\":\"https:\/\/schema.org\",\"@graph\":[{\"@type\":\"Article\",\"@id\":\"https:\/\/portaltela.pt\/noticias\/2026\/01\/27\/c-studio-pit-lane-revela-novidades-e-parcerias\/#article\",\"isPartOf\":{\"@id\":\"https:\/\/portaltela.pt\/noticias\/2026\/01\/27\/c-studio-pit-lane-revela-novidades-e-parcerias\/\"},\"author\":{\"name\":\"Telinha\",\"@id\":\"https:\/\/portaltela.pt\/#\/schema\/person\/c4278d4a6028830caff9ee44b42d32ed\"},\"headline\":\"C-Studio Pit Lane revela novidades e parcerias\",\"datePublished\":\"2026-01-27T18:02:22+00:00\",\"mainEntityOfPage\":{\"@id\":\"https:\/\/portaltela.pt\/noticias\/2026\/01\/27\/c-studio-pit-lane-revela-novidades-e-parcerias\/\"},\"wordCount\":376,\"keywords\":[\"desporto\",\"Leiria\",\"Portugal\",\"Ralicross\",\"Rotax\",\"todo-o-terreno\"],\"articleSection\":[\"Desporto\"],\"inLanguage\":\"pt-PT\"},{\"@type\":\"WebPage\",\"@id\":\"https:\/\/portaltela.pt\/noticias\/2026\/01\/27\/c-studio-pit-lane-revela-novidades-e-parcerias\/\",\"url\":\"https:\/\/portaltela.pt\/noticias\/2026\/01\/27\/c-studio-pit-lane-revela-novidades-e-parcerias\/\",\"name\":\"C-Studio Pit Lane revela novidades e parcerias - Portal Tela Portugal\",\"isPartOf\":{\"@id\":\"https:\/\/portaltela.pt\/#website\"},\"datePublished\":\"2026-01-27T18:02:22+00:00\",\"author\":{\"@id\":\"https:\/\/portaltela.pt\/#\/schema\/person\/c4278d4a6028830caff9ee44b42d32ed\"},\"breadcrumb\":{\"@id\":\"https:\/\/portaltela.pt\/noticias\/2026\/01\/27\/c-studio-pit-lane-revela-novidades-e-parcerias\/#breadcrumb\"},\"inLanguage\":\"pt-PT\",\"potentialAction\":[{\"@type\":\"ReadAction\",\"target\":[\"https:\/\/portaltela.pt\/noticias\/2026\/01\/27\/c-studio-pit-lane-revela-novidades-e-parcerias\/\"]}]},{\"@type\":\"BreadcrumbList\",\"@id\":\"https:\/\/portaltela.pt\/noticias\/2026\/01\/27\/c-studio-pit-lane-revela-novidades-e-parcerias\/#breadcrumb\",\"itemListElement\":[{\"@type\":\"ListItem\",\"position\":1,\"name\":\"In\u00edcio\",\"item\":\"https:\/\/portaltela.pt\/\"},{\"@type\":\"ListItem\",\"position\":2,\"name\":\"C-Studio Pit Lane revela novidades e parcerias\"}]},{\"@type\":\"WebSite\",\"@id\":\"https:\/\/portaltela.pt\/#website\",\"url\":\"https:\/\/portaltela.pt\/\",\"name\":\"Portal Tela Portugal\",\"description\":\"\",\"potentialAction\":[{\"@type\":\"SearchAction\",\"target\":{\"@type\":\"EntryPoint\",\"urlTemplate\":\"https:\/\/portaltela.pt\/?s={search_term_string}\"},\"query-input\":{\"@type\":\"PropertyValueSpecification\",\"valueRequired\":true,\"valueName\":\"search_term_string\"}}],\"inLanguage\":\"pt-PT\"},{\"@type\":\"Person\",\"@id\":\"https:\/\/portaltela.pt\/#\/schema\/person\/c4278d4a6028830caff9ee44b42d32ed\",\"name\":\"Telinha\",\"image\":{\"@type\":\"ImageObject\",\"inLanguage\":\"pt-PT\",\"@id\":\"https:\/\/portaltela.pt\/s.01k8rhncp4jt1\/2025\/11\/talking-bot-125x125.png\",\"url\":\"https:\/\/portaltela.pt\/s.01k8rhncp4jt1\/2025\/11\/talking-bot-125x125.png\",\"contentUrl\":\"https:\/\/portaltela.pt\/s.01k8rhncp4jt1\/2025\/11\/talking-bot-125x125.png\",\"caption\":\"Telinha\"},\"sameAs\":[\"https:\/\/portaltela.pt\/\"],\"url\":\"https:\/\/portaltela.pt\/por\/367410592786\/\"}]}<\/script>\n<!-- \/ Yoast SEO plugin. -->","yoast_head_json":{"title":"C-Studio Pit Lane revela novidades e parcerias - Portal Tela Portugal","robots":{"index":"index","follow":"follow","max-snippet":"max-snippet:-1","max-image-preview":"max-image-preview:large","max-video-preview":"max-video-preview:-1"},"og_locale":"pt_PT","og_type":"article","og_title":"C-Studio Pit Lane revela novidades e parcerias - Portal Tela Portugal","og_description":"Jo\u00e3o Ferreira venceu a 39.\u00aa BP Ultimate Baja Portalegre 500, conquistando o seu terceiro triunfo na prova, pen\u00faltima do Campeonato Portugal de Todo-o-Terreno AM|48. Gon\u00e7alo Guerreiro tornou-se campe\u00e3o do Campeonato Portugal de Todo-o-Terreno AMI48, com a Baja TT Lagos a encerrar a temporada. Jari-Matti Latvala venceu em Fafe e garantiu o t\u00edtulo de campe\u00e3o europeu de ralis. Dani Sordo sagrou-se campe\u00e3o de Portugal de Ralis, superando Kris Meeke e Armindo Araujo. Fontes ganhou a Ta\u00e7a de Portugal de Ralis ao volante de um Citro\u00ebn C3 Rally2, num duelo com Ricardo Teod\u00f3sio.","og_url":"https:\/\/portaltela.pt\/noticias\/2026\/01\/27\/c-studio-pit-lane-revela-novidades-e-parcerias\/","og_site_name":"Portal Tela Portugal","article_published_time":"2026-01-27T18:02:22+00:00","author":"Telinha","twitter_card":"summary_large_image","twitter_misc":{"Escrito por":"Telinha","Tempo estimado de leitura":"2 minutos"},"schema":{"@context":"https:\/\/schema.org","@graph":[{"@type":"Article","@id":"https:\/\/portaltela.pt\/noticias\/2026\/01\/27\/c-studio-pit-lane-revela-novidades-e-parcerias\/#article","isPartOf":{"@id":"https:\/\/portaltela.pt\/noticias\/2026\/01\/27\/c-studio-pit-lane-revela-novidades-e-parcerias\/"},"author":{"name":"Telinha","@id":"https:\/\/portaltela.pt\/#\/schema\/person\/c4278d4a6028830caff9ee44b42d32ed"},"headline":"C-Studio Pit Lane revela novidades e parcerias","datePublished":"2026-01-27T18:02:22+00:00","mainEntityOfPage":{"@id":"https:\/\/portaltela.pt\/noticias\/2026\/01\/27\/c-studio-pit-lane-revela-novidades-e-parcerias\/"},"wordCount":376,"keywords":["desporto","Leiria","Portugal","Ralicross","Rotax","todo-o-terreno"],"articleSection":["Desporto"],"inLanguage":"pt-PT"},{"@type":"WebPage","@id":"https:\/\/portaltela.pt\/noticias\/2026\/01\/27\/c-studio-pit-lane-revela-novidades-e-parcerias\/","url":"https:\/\/portaltela.pt\/noticias\/2026\/01\/27\/c-studio-pit-lane-revela-novidades-e-parcerias\/","name":"C-Studio Pit Lane revela novidades e parcerias - Portal Tela Portugal","isPartOf":{"@id":"https:\/\/portaltela.pt\/#website"},"datePublished":"2026-01-27T18:02:22+00:00","author":{"@id":"https:\/\/portaltela.pt\/#\/schema\/person\/c4278d4a6028830caff9ee44b42d32ed"},"breadcrumb":{"@id":"https:\/\/portaltela.pt\/noticias\/2026\/01\/27\/c-studio-pit-lane-revela-novidades-e-parcerias\/#breadcrumb"},"inLanguage":"pt-PT","potentialAction":[{"@type":"ReadAction","target":["https:\/\/portaltela.pt\/noticias\/2026\/01\/27\/c-studio-pit-lane-revela-novidades-e-parcerias\/"]}]},{"@type":"BreadcrumbList","@id":"https:\/\/portaltela.pt\/noticias\/2026\/01\/27\/c-studio-pit-lane-revela-novidades-e-parcerias\/#breadcrumb","itemListElement":[{"@type":"ListItem","position":1,"name":"In\u00edcio","item":"https:\/\/portaltela.pt\/"},{"@type":"ListItem","position":2,"name":"C-Studio Pit Lane revela novidades e parcerias"}]},{"@type":"WebSite","@id":"https:\/\/portaltela.pt\/#website","url":"https:\/\/portaltela.pt\/","name":"Portal Tela Portugal","description":"","potentialAction":[{"@type":"SearchAction","target":{"@type":"EntryPoint","urlTemplate":"https:\/\/portaltela.pt\/?s={search_term_string}"},"query-input":{"@type":"PropertyValueSpecification","valueRequired":true,"valueName":"search_term_string"}}],"inLanguage":"pt-PT"},{"@type":"Person","@id":"https:\/\/portaltela.pt\/#\/schema\/person\/c4278d4a6028830caff9ee44b42d32ed","name":"Telinha","image":{"@type":"ImageObject","inLanguage":"pt-PT","@id":"https:\/\/portaltela.pt\/s.01k8rhncp4jt1\/2025\/11\/talking-bot-125x125.png","url":"https:\/\/portaltela.pt\/s.01k8rhncp4jt1\/2025\/11\/talking-bot-125x125.png","contentUrl":"https:\/\/portaltela.pt\/s.01k8rhncp4jt1\/2025\/11\/talking-bot-125x125.png","caption":"Telinha"},"sameAs":["https:\/\/portaltela.pt\/"],"url":"https:\/\/portaltela.pt\/por\/367410592786\/"}]}},"_links":{"self":[{"href":"https:\/\/portaltela.pt\/api\/wp\/v2\/posts\/177000","targetHints":{"allow":["GET"]}}],"collection":[{"href":"https:\/\/portaltela.pt\/api\/wp\/v2\/posts"}],"about":[{"href":"https:\/\/portaltela.pt\/api\/wp\/v2\/types\/post"}],"author":[{"embeddable":true,"href":"https:\/\/portaltela.pt\/api\/wp\/v2\/users\/2"}],"replies":[{"embeddable":true,"href":"https:\/\/portaltela.pt\/api\/wp\/v2\/comments?post=177000"}],"version-history":[{"count":0,"href":"https:\/\/portaltela.pt\/api\/wp\/v2\/posts\/177000\/revisions"}],"wp:attachment":[{"href":"https:\/\/portaltela.pt\/api\/wp\/v2\/media?parent=177000"}],"wp:term":[{"taxonomy":"category","embeddable":true,"href":"https:\/\/portaltela.pt\/api\/wp\/v2\/categories?post=177000"},{"taxonomy":"post_tag","embeddable":true,"href":"https:\/\/portaltela.pt\/api\/wp\/v2\/tags?post=177000"}],"curies":[{"name":"wp","href":"https:\/\/api.w.org\/{rel}","templated":true}]}}