{"id":176960,"date":"2026-01-27T14:55:00","date_gmt":"2026-01-27T17:55:00","guid":{"rendered":"https:\/\/portaltela.pt\/noticias\/2026\/01\/27\/homem-detido-na-guarda-por-suspeita-de-droga-e-violacao-de-menor-de-16-anos\/"},"modified":"2026-01-27T14:55:00","modified_gmt":"2026-01-27T17:55:00","slug":"homem-detido-na-guarda-por-suspeita-de-droga-e-violacao-de-menor-de-16-anos","status":"publish","type":"post","link":"https:\/\/portaltela.pt\/noticias\/2026\/01\/27\/homem-detido-na-guarda-por-suspeita-de-droga-e-violacao-de-menor-de-16-anos\/","title":{"rendered":"Homem detido na Guarda por suspeita de droga e viola\u00e7\u00e3o de menor de 16 anos"},"content":{"rendered":"<p>Um homem de 44 anos foi detido na Guarda por alegada viola\u00e7\u00e3o de uma menor de 16 anos, que est\u00e1 internada numa casa de acolhimento da regi\u00e3o. A v\u00edtima foi inicialmente assistida na urg\u00eancia pedi\u00e1trica da ULS da Guarda, que alertou a Pol\u00edcia Judici\u00e1ria.<\/p>\n<p>Segundo a investiga\u00e7\u00e3o, o agressor ter\u00e1 conhecido a v\u00edtima numa das aus\u00eancias n\u00e3o autorizadas da casa de acolhimento. De acordo com o que ter\u00e1 ocorrido, o homem ter\u00e1 proporcionado v\u00e1rias drogas \u00e0 jovem, aproveitando-se do estado de consci\u00eancia induzido para a for\u00e7ar a pr\u00e1tica de atos sexuais numa habita\u00e7\u00e3o devoluta.<\/p>\n<p>O caso envolve ainda suspeitas de coa\u00e7\u00e3o sexual e tr\u00e1fico de estupefaciente agravado. O suspeito foi detido na ter\u00e7a-feira e hoje deve ser presente a juiz para conhecer as medidas de coa\u00e7\u00e3o a aplicar.<\/p>\n","protected":false},"excerpt":{"rendered":"<ul>\n<li>Uma menina de 16 anos, internada numa casa de acolhimento na Guarda, foi violada por um homem de 44 anos.<\/li>\n<li>O agressor ter\u00e1 conhecido a v\u00edtima durante uma aus\u00eancia n\u00e3o autorizada e ficou detido na ter\u00e7a-feira; na quarta-feira ser\u00e1 presente a juiz para medidas de coa\u00e7\u00e3o.<\/li>\n<li>O crime ocorreu ap\u00f3s o consumo de v\u00e1rias drogas, usando o estado de consci\u00eancia induzido para for\u00e7ar a jovem em uma habita\u00e7\u00e3o devoluta e abandonada.<\/li>\n<li>A v\u00edtima foi assistida pelo servi\u00e7o de urg\u00eancia pedi\u00e1trica da Unidade Local de Sa\u00fade da Guarda, que alertou a Pol\u00edcia Judici\u00e1ria da Guarda.<\/li>\n<li>O suspeito \u00e9 investiga\u00e7\u00e3o por viola\u00e7\u00e3o, coa\u00e7\u00e3o sexual e tr\u00e1fico de estupefaciente agravado.<\/li>\n<\/ul>\n","protected":false},"author":2,"featured_media":177114,"comment_status":"closed","ping_status":"closed","sticky":false,"template":"","format":"standard","meta":{"footnotes":""},"categories":[1],"tags":[1542,4347,3682,1442,1825,1103],"class_list":["post-176960","post","type-post","status-publish","format-standard","has-post-thumbnail","hentry","category-noticias","tag-coacao","tag-drogas","tag-exploracao-de-menor-dependente-ou-em-situacao-vulneravel","tag-trafico-de-estupefacientes","tag-violacao","tag-violacao-de-menor-dependente-ou-em-situacao-vulneravel"],"yoast_head":"<!-- This site is optimized with the Yoast SEO plugin v27.2 - https:\/\/yoast.com\/product\/yoast-seo-wordpress\/ -->\n<title>Homem detido na Guarda por suspeita de droga e viola\u00e7\u00e3o de menor de 16 anos - Portal Tela Portugal<\/title>\n<meta name=\"robots\" content=\"index, follow, max-snippet:-1, max-image-preview:large, max-video-preview:-1\" \/>\n<meta property=\"og:locale\" content=\"pt_PT\" \/>\n<meta property=\"og:type\" content=\"article\" \/>\n<meta property=\"og:title\" content=\"Homem detido na Guarda por suspeita de droga e viola\u00e7\u00e3o de menor de 16 anos - Portal Tela Portugal\" \/>\n<meta property=\"og:description\" content=\"Uma menina de 16 anos, internada numa casa de acolhimento na Guarda, foi violada por um homem de 44 anos. O agressor ter\u00e1 conhecido a v\u00edtima durante uma aus\u00eancia n\u00e3o autorizada e ficou detido na ter\u00e7a-feira; na quarta-feira ser\u00e1 presente a juiz para medidas de coa\u00e7\u00e3o. O crime ocorreu ap\u00f3s o consumo de v\u00e1rias drogas, usando o estado de consci\u00eancia induzido para for\u00e7ar a jovem em uma habita\u00e7\u00e3o devoluta e abandonada. A v\u00edtima foi assistida pelo servi\u00e7o de urg\u00eancia pedi\u00e1trica da Unidade Local de Sa\u00fade da Guarda, que alertou a Pol\u00edcia Judici\u00e1ria da Guarda. O suspeito \u00e9 investiga\u00e7\u00e3o por viola\u00e7\u00e3o, coa\u00e7\u00e3o sexual e tr\u00e1fico de estupefaciente agravado.\" \/>\n<meta property=\"og:url\" content=\"https:\/\/portaltela.pt\/noticias\/2026\/01\/27\/homem-detido-na-guarda-por-suspeita-de-droga-e-violacao-de-menor-de-16-anos\/\" \/>\n<meta property=\"og:site_name\" content=\"Portal Tela Portugal\" \/>\n<meta property=\"article:published_time\" content=\"2026-01-27T17:55:00+00:00\" \/>\n<meta name=\"author\" content=\"Telinha\" \/>\n<meta name=\"twitter:card\" content=\"summary_large_image\" \/>\n<meta name=\"twitter:label1\" content=\"Escrito por\" \/>\n\t<meta name=\"twitter:data1\" content=\"Telinha\" \/>\n\t<meta name=\"twitter:label2\" content=\"Tempo estimado de leitura\" \/>\n\t<meta name=\"twitter:data2\" content=\"1 minuto\" \/>\n<script type=\"application\/ld+json\" class=\"yoast-schema-graph\">{\"@context\":\"https:\/\/schema.org\",\"@graph\":[{\"@type\":\"Article\",\"@id\":\"https:\/\/portaltela.pt\/noticias\/2026\/01\/27\/homem-detido-na-guarda-por-suspeita-de-droga-e-violacao-de-menor-de-16-anos\/#article\",\"isPartOf\":{\"@id\":\"https:\/\/portaltela.pt\/noticias\/2026\/01\/27\/homem-detido-na-guarda-por-suspeita-de-droga-e-violacao-de-menor-de-16-anos\/\"},\"author\":{\"name\":\"Telinha\",\"@id\":\"https:\/\/portaltela.pt\/#\/schema\/person\/c4278d4a6028830caff9ee44b42d32ed\"},\"headline\":\"Homem detido na Guarda por suspeita de droga e viola\u00e7\u00e3o de menor de 16 anos\",\"datePublished\":\"2026-01-27T17:55:00+00:00\",\"mainEntityOfPage\":{\"@id\":\"https:\/\/portaltela.pt\/noticias\/2026\/01\/27\/homem-detido-na-guarda-por-suspeita-de-droga-e-violacao-de-menor-de-16-anos\/\"},\"wordCount\":160,\"image\":{\"@id\":\"https:\/\/portaltela.pt\/noticias\/2026\/01\/27\/homem-detido-na-guarda-por-suspeita-de-droga-e-violacao-de-menor-de-16-anos\/#primaryimage\"},\"thumbnailUrl\":\"https:\/\/portaltela.pt\/s.01k8rhncp4jt1\/2026\/01\/img_1500x1000uu2026-01-06-14-10-35-2258365-3.jpg\",\"keywords\":[\"coa\u00e7\u00e3o\",\"drogas\",\"explora\u00e7\u00e3o de menor dependente ou em situa\u00e7\u00e3o vulner\u00e1vel\",\"tr\u00e1fico de estupefacientes\",\"viola\u00e7\u00e3o\",\"viola\u00e7\u00e3o de menor dependente ou em situa\u00e7\u00e3o vulner\u00e1vel\"],\"articleSection\":[\"Not\u00edcias\"],\"inLanguage\":\"pt-PT\"},{\"@type\":\"WebPage\",\"@id\":\"https:\/\/portaltela.pt\/noticias\/2026\/01\/27\/homem-detido-na-guarda-por-suspeita-de-droga-e-violacao-de-menor-de-16-anos\/\",\"url\":\"https:\/\/portaltela.pt\/noticias\/2026\/01\/27\/homem-detido-na-guarda-por-suspeita-de-droga-e-violacao-de-menor-de-16-anos\/\",\"name\":\"Homem detido na Guarda por suspeita de droga e viola\u00e7\u00e3o de menor de 16 anos - Portal Tela Portugal\",\"isPartOf\":{\"@id\":\"https:\/\/portaltela.pt\/#website\"},\"primaryImageOfPage\":{\"@id\":\"https:\/\/portaltela.pt\/noticias\/2026\/01\/27\/homem-detido-na-guarda-por-suspeita-de-droga-e-violacao-de-menor-de-16-anos\/#primaryimage\"},\"image\":{\"@id\":\"https:\/\/portaltela.pt\/noticias\/2026\/01\/27\/homem-detido-na-guarda-por-suspeita-de-droga-e-violacao-de-menor-de-16-anos\/#primaryimage\"},\"thumbnailUrl\":\"https:\/\/portaltela.pt\/s.01k8rhncp4jt1\/2026\/01\/img_1500x1000uu2026-01-06-14-10-35-2258365-3.jpg\",\"datePublished\":\"2026-01-27T17:55:00+00:00\",\"author\":{\"@id\":\"https:\/\/portaltela.pt\/#\/schema\/person\/c4278d4a6028830caff9ee44b42d32ed\"},\"breadcrumb\":{\"@id\":\"https:\/\/portaltela.pt\/noticias\/2026\/01\/27\/homem-detido-na-guarda-por-suspeita-de-droga-e-violacao-de-menor-de-16-anos\/#breadcrumb\"},\"inLanguage\":\"pt-PT\",\"potentialAction\":[{\"@type\":\"ReadAction\",\"target\":[\"https:\/\/portaltela.pt\/noticias\/2026\/01\/27\/homem-detido-na-guarda-por-suspeita-de-droga-e-violacao-de-menor-de-16-anos\/\"]}]},{\"@type\":\"ImageObject\",\"inLanguage\":\"pt-PT\",\"@id\":\"https:\/\/portaltela.pt\/noticias\/2026\/01\/27\/homem-detido-na-guarda-por-suspeita-de-droga-e-violacao-de-menor-de-16-anos\/#primaryimage\",\"url\":\"https:\/\/portaltela.pt\/s.01k8rhncp4jt1\/2026\/01\/img_1500x1000uu2026-01-06-14-10-35-2258365-3.jpg\",\"contentUrl\":\"https:\/\/portaltela.pt\/s.01k8rhncp4jt1\/2026\/01\/img_1500x1000uu2026-01-06-14-10-35-2258365-3.jpg\",\"width\":796,\"height\":448,\"caption\":\"PJ foi alertada pelo servi\u00e7o de Urg\u00eancia Pedi\u00e1trica da ULS da Guarda\"},{\"@type\":\"BreadcrumbList\",\"@id\":\"https:\/\/portaltela.pt\/noticias\/2026\/01\/27\/homem-detido-na-guarda-por-suspeita-de-droga-e-violacao-de-menor-de-16-anos\/#breadcrumb\",\"itemListElement\":[{\"@type\":\"ListItem\",\"position\":1,\"name\":\"In\u00edcio\",\"item\":\"https:\/\/portaltela.pt\/\"},{\"@type\":\"ListItem\",\"position\":2,\"name\":\"Homem detido na Guarda por suspeita de droga e viola\u00e7\u00e3o de menor de 16 anos\"}]},{\"@type\":\"WebSite\",\"@id\":\"https:\/\/portaltela.pt\/#website\",\"url\":\"https:\/\/portaltela.pt\/\",\"name\":\"Portal Tela Portugal\",\"description\":\"\",\"potentialAction\":[{\"@type\":\"SearchAction\",\"target\":{\"@type\":\"EntryPoint\",\"urlTemplate\":\"https:\/\/portaltela.pt\/?s={search_term_string}\"},\"query-input\":{\"@type\":\"PropertyValueSpecification\",\"valueRequired\":true,\"valueName\":\"search_term_string\"}}],\"inLanguage\":\"pt-PT\"},{\"@type\":\"Person\",\"@id\":\"https:\/\/portaltela.pt\/#\/schema\/person\/c4278d4a6028830caff9ee44b42d32ed\",\"name\":\"Telinha\",\"image\":{\"@type\":\"ImageObject\",\"inLanguage\":\"pt-PT\",\"@id\":\"https:\/\/portaltela.pt\/s.01k8rhncp4jt1\/2025\/11\/talking-bot-125x125.png\",\"url\":\"https:\/\/portaltela.pt\/s.01k8rhncp4jt1\/2025\/11\/talking-bot-125x125.png\",\"contentUrl\":\"https:\/\/portaltela.pt\/s.01k8rhncp4jt1\/2025\/11\/talking-bot-125x125.png\",\"caption\":\"Telinha\"},\"sameAs\":[\"https:\/\/portaltela.pt\/\"],\"url\":\"https:\/\/portaltela.pt\/por\/367410592786\/\"}]}<\/script>\n<!-- \/ Yoast SEO plugin. -->","yoast_head_json":{"title":"Homem detido na Guarda por suspeita de droga e viola\u00e7\u00e3o de menor de 16 anos - Portal Tela Portugal","robots":{"index":"index","follow":"follow","max-snippet":"max-snippet:-1","max-image-preview":"max-image-preview:large","max-video-preview":"max-video-preview:-1"},"og_locale":"pt_PT","og_type":"article","og_title":"Homem detido na Guarda por suspeita de droga e viola\u00e7\u00e3o de menor de 16 anos - Portal Tela Portugal","og_description":"Uma menina de 16 anos, internada numa casa de acolhimento na Guarda, foi violada por um homem de 44 anos. O agressor ter\u00e1 conhecido a v\u00edtima durante uma aus\u00eancia n\u00e3o autorizada e ficou detido na ter\u00e7a-feira; na quarta-feira ser\u00e1 presente a juiz para medidas de coa\u00e7\u00e3o. O crime ocorreu ap\u00f3s o consumo de v\u00e1rias drogas, usando o estado de consci\u00eancia induzido para for\u00e7ar a jovem em uma habita\u00e7\u00e3o devoluta e abandonada. A v\u00edtima foi assistida pelo servi\u00e7o de urg\u00eancia pedi\u00e1trica da Unidade Local de Sa\u00fade da Guarda, que alertou a Pol\u00edcia Judici\u00e1ria da Guarda. O suspeito \u00e9 investiga\u00e7\u00e3o por viola\u00e7\u00e3o, coa\u00e7\u00e3o sexual e tr\u00e1fico de estupefaciente agravado.","og_url":"https:\/\/portaltela.pt\/noticias\/2026\/01\/27\/homem-detido-na-guarda-por-suspeita-de-droga-e-violacao-de-menor-de-16-anos\/","og_site_name":"Portal Tela Portugal","article_published_time":"2026-01-27T17:55:00+00:00","author":"Telinha","twitter_card":"summary_large_image","twitter_misc":{"Escrito por":"Telinha","Tempo estimado de leitura":"1 minuto"},"schema":{"@context":"https:\/\/schema.org","@graph":[{"@type":"Article","@id":"https:\/\/portaltela.pt\/noticias\/2026\/01\/27\/homem-detido-na-guarda-por-suspeita-de-droga-e-violacao-de-menor-de-16-anos\/#article","isPartOf":{"@id":"https:\/\/portaltela.pt\/noticias\/2026\/01\/27\/homem-detido-na-guarda-por-suspeita-de-droga-e-violacao-de-menor-de-16-anos\/"},"author":{"name":"Telinha","@id":"https:\/\/portaltela.pt\/#\/schema\/person\/c4278d4a6028830caff9ee44b42d32ed"},"headline":"Homem detido na Guarda por suspeita de droga e viola\u00e7\u00e3o de menor de 16 anos","datePublished":"2026-01-27T17:55:00+00:00","mainEntityOfPage":{"@id":"https:\/\/portaltela.pt\/noticias\/2026\/01\/27\/homem-detido-na-guarda-por-suspeita-de-droga-e-violacao-de-menor-de-16-anos\/"},"wordCount":160,"image":{"@id":"https:\/\/portaltela.pt\/noticias\/2026\/01\/27\/homem-detido-na-guarda-por-suspeita-de-droga-e-violacao-de-menor-de-16-anos\/#primaryimage"},"thumbnailUrl":"https:\/\/portaltela.pt\/s.01k8rhncp4jt1\/2026\/01\/img_1500x1000uu2026-01-06-14-10-35-2258365-3.jpg","keywords":["coa\u00e7\u00e3o","drogas","explora\u00e7\u00e3o de menor dependente ou em situa\u00e7\u00e3o vulner\u00e1vel","tr\u00e1fico de estupefacientes","viola\u00e7\u00e3o","viola\u00e7\u00e3o de menor dependente ou em situa\u00e7\u00e3o vulner\u00e1vel"],"articleSection":["Not\u00edcias"],"inLanguage":"pt-PT"},{"@type":"WebPage","@id":"https:\/\/portaltela.pt\/noticias\/2026\/01\/27\/homem-detido-na-guarda-por-suspeita-de-droga-e-violacao-de-menor-de-16-anos\/","url":"https:\/\/portaltela.pt\/noticias\/2026\/01\/27\/homem-detido-na-guarda-por-suspeita-de-droga-e-violacao-de-menor-de-16-anos\/","name":"Homem detido na Guarda por suspeita de droga e viola\u00e7\u00e3o de menor de 16 anos - Portal Tela Portugal","isPartOf":{"@id":"https:\/\/portaltela.pt\/#website"},"primaryImageOfPage":{"@id":"https:\/\/portaltela.pt\/noticias\/2026\/01\/27\/homem-detido-na-guarda-por-suspeita-de-droga-e-violacao-de-menor-de-16-anos\/#primaryimage"},"image":{"@id":"https:\/\/portaltela.pt\/noticias\/2026\/01\/27\/homem-detido-na-guarda-por-suspeita-de-droga-e-violacao-de-menor-de-16-anos\/#primaryimage"},"thumbnailUrl":"https:\/\/portaltela.pt\/s.01k8rhncp4jt1\/2026\/01\/img_1500x1000uu2026-01-06-14-10-35-2258365-3.jpg","datePublished":"2026-01-27T17:55:00+00:00","author":{"@id":"https:\/\/portaltela.pt\/#\/schema\/person\/c4278d4a6028830caff9ee44b42d32ed"},"breadcrumb":{"@id":"https:\/\/portaltela.pt\/noticias\/2026\/01\/27\/homem-detido-na-guarda-por-suspeita-de-droga-e-violacao-de-menor-de-16-anos\/#breadcrumb"},"inLanguage":"pt-PT","potentialAction":[{"@type":"ReadAction","target":["https:\/\/portaltela.pt\/noticias\/2026\/01\/27\/homem-detido-na-guarda-por-suspeita-de-droga-e-violacao-de-menor-de-16-anos\/"]}]},{"@type":"ImageObject","inLanguage":"pt-PT","@id":"https:\/\/portaltela.pt\/noticias\/2026\/01\/27\/homem-detido-na-guarda-por-suspeita-de-droga-e-violacao-de-menor-de-16-anos\/#primaryimage","url":"https:\/\/portaltela.pt\/s.01k8rhncp4jt1\/2026\/01\/img_1500x1000uu2026-01-06-14-10-35-2258365-3.jpg","contentUrl":"https:\/\/portaltela.pt\/s.01k8rhncp4jt1\/2026\/01\/img_1500x1000uu2026-01-06-14-10-35-2258365-3.jpg","width":796,"height":448,"caption":"PJ foi alertada pelo servi\u00e7o de Urg\u00eancia Pedi\u00e1trica da ULS da Guarda"},{"@type":"BreadcrumbList","@id":"https:\/\/portaltela.pt\/noticias\/2026\/01\/27\/homem-detido-na-guarda-por-suspeita-de-droga-e-violacao-de-menor-de-16-anos\/#breadcrumb","itemListElement":[{"@type":"ListItem","position":1,"name":"In\u00edcio","item":"https:\/\/portaltela.pt\/"},{"@type":"ListItem","position":2,"name":"Homem detido na Guarda por suspeita de droga e viola\u00e7\u00e3o de menor de 16 anos"}]},{"@type":"WebSite","@id":"https:\/\/portaltela.pt\/#website","url":"https:\/\/portaltela.pt\/","name":"Portal Tela Portugal","description":"","potentialAction":[{"@type":"SearchAction","target":{"@type":"EntryPoint","urlTemplate":"https:\/\/portaltela.pt\/?s={search_term_string}"},"query-input":{"@type":"PropertyValueSpecification","valueRequired":true,"valueName":"search_term_string"}}],"inLanguage":"pt-PT"},{"@type":"Person","@id":"https:\/\/portaltela.pt\/#\/schema\/person\/c4278d4a6028830caff9ee44b42d32ed","name":"Telinha","image":{"@type":"ImageObject","inLanguage":"pt-PT","@id":"https:\/\/portaltela.pt\/s.01k8rhncp4jt1\/2025\/11\/talking-bot-125x125.png","url":"https:\/\/portaltela.pt\/s.01k8rhncp4jt1\/2025\/11\/talking-bot-125x125.png","contentUrl":"https:\/\/portaltela.pt\/s.01k8rhncp4jt1\/2025\/11\/talking-bot-125x125.png","caption":"Telinha"},"sameAs":["https:\/\/portaltela.pt\/"],"url":"https:\/\/portaltela.pt\/por\/367410592786\/"}]}},"_links":{"self":[{"href":"https:\/\/portaltela.pt\/api\/wp\/v2\/posts\/176960","targetHints":{"allow":["GET"]}}],"collection":[{"href":"https:\/\/portaltela.pt\/api\/wp\/v2\/posts"}],"about":[{"href":"https:\/\/portaltela.pt\/api\/wp\/v2\/types\/post"}],"author":[{"embeddable":true,"href":"https:\/\/portaltela.pt\/api\/wp\/v2\/users\/2"}],"replies":[{"embeddable":true,"href":"https:\/\/portaltela.pt\/api\/wp\/v2\/comments?post=176960"}],"version-history":[{"count":0,"href":"https:\/\/portaltela.pt\/api\/wp\/v2\/posts\/176960\/revisions"}],"wp:featuredmedia":[{"embeddable":true,"href":"https:\/\/portaltela.pt\/api\/wp\/v2\/media\/177114"}],"wp:attachment":[{"href":"https:\/\/portaltela.pt\/api\/wp\/v2\/media?parent=176960"}],"wp:term":[{"taxonomy":"category","embeddable":true,"href":"https:\/\/portaltela.pt\/api\/wp\/v2\/categories?post=176960"},{"taxonomy":"post_tag","embeddable":true,"href":"https:\/\/portaltela.pt\/api\/wp\/v2\/tags?post=176960"}],"curies":[{"name":"wp","href":"https:\/\/api.w.org\/{rel}","templated":true}]}}