{"id":176900,"date":"2026-01-27T14:39:00","date_gmt":"2026-01-27T17:39:00","guid":{"rendered":"https:\/\/portaltela.pt\/noticias\/2026\/01\/27\/europol-alerta-para-aumento-do-trafico-de-cocaina-para-a-europa\/"},"modified":"2026-01-27T14:39:00","modified_gmt":"2026-01-27T17:39:00","slug":"europol-alerta-para-aumento-do-trafico-de-cocaina-para-a-europa","status":"publish","type":"post","link":"https:\/\/portaltela.pt\/noticias\/2026\/01\/27\/europol-alerta-para-aumento-do-trafico-de-cocaina-para-a-europa\/","title":{"rendered":"Europol alerta para aumento do tr\u00e1fico de coca\u00edna para a Europa"},"content":{"rendered":"<p>A Europol alertou para uma subida recorde do tr\u00e1fico de coca\u00edna para a Europa, com redes criminosas a adaptar-se rapidamente. O relat\u00f3rio destaca a utiliza\u00e7\u00e3o de semissubmers\u00edveis e de embarca\u00e7\u00f5es n\u00e3o comerciais para transportar droga transatl\u00e2ntica.<\/p>\n<p>As autoridades referem que os antigos grandes portos de entrada, como Hamburgo, Roterd\u00e3o e Antu\u00e9rpia, est\u00e3o a perder protagonismo, com rotas fragmentadas e m\u00e9todos mais complexos a emergirem. A capacidade t\u00e9cnica das embarca\u00e7\u00f5es tem aumentado.<\/p>\n<p>Numa opera\u00e7\u00e3o recente perto dos A\u00e7ores, a Pol\u00edcia Judici\u00e1ria, a Marinha e a For\u00e7a A\u00e9rea intercetaram um semissubmers\u00edvel, com quase nove toneladas de coca\u00edna, na maior apreens\u00e3o j\u00e1 efetuada em Portugal.<\/p>\n<p>O m\u00e9todo conhecido como drop-off permite deixar fardos no mar para serem recolhidos por embarca\u00e7\u00f5es r\u00e1pidas, aumentando a dificuldade de rastrear o envio. Este tipo de t\u00e1tica j\u00e1 tem sido utilizado em opera\u00e7\u00f5es anteriores.<\/p>\n<p>A pol\u00edcia espanhola anunciou a deten\u00e7\u00e3o de 105 suspeitos numa opera\u00e7\u00e3o que desmontou uma organiza\u00e7\u00e3o respons\u00e1vel por cerca de 57 toneladas de coca\u00edna na Europa, oriunda principalmente do Brasil e da Col\u00f4mbia, com liga\u00e7\u00f5es a Portugal e uso de narcolanchas.<\/p>\n<p>Outras a\u00e7\u00f5es em 2025 envolveram coca\u00edna camuflada em lulas e mandioca congeladas, indicam autoridades portuguesas, sublinhando a diversidade de esconderijos e m\u00e9todos.<\/p>\n<p>A Europol apelou \u00e0 intensifica\u00e7\u00e3o da vigil\u00e2ncia mar\u00edtima para al\u00e9m dos portos, abrangendo portos menores, zonas costeiras e corredores em alto-mar, para enfrentar a evolu\u00e7\u00e3o das redes criminosas.<\/p>\n","protected":false},"excerpt":{"rendered":"<ul>\n<li>A Europol indica que o tr\u00e1fico de coca\u00edna para a Europa est\u00e1 em n\u00edveis recorde e que as redes criminosas se t\u00eam adaptado, fragmentando rotas e recorrendo a m\u00e9todos cada vez mais complexos.<\/li>\n<li>Os antigos grandes portos de entrada, como Hamburgo, Roterd\u00e3o e Antu\u00e9rpia, s\u00e3o usados menos, com as redes a apostar em semissubmers\u00edveis e embarca\u00e7\u00f5es n\u00e3o comerciais para o transporte transatl\u00e2ntico.<\/li>\n<li>No \u00faltimo fim de semana, quase nove toneladas de coca\u00edna foram interceptadas ao largo dos A\u00e7ores, transportadas num semissubmers\u00edvel, numa das maiores apreens\u00f5es j\u00e1 feitas em Portugal.<\/li>\n<li>Tamb\u00e9m se tem usado o envio por grandes navios, seguido de transfer\u00eancia no mar para embarca\u00e7\u00f5es menores ou por meio de \u201cdrop-off\u201d, para libertar fardos que depois s\u00e3o recolhidos por narcolanchas.<\/li>\n<li>A pol\u00edcia espanhola deteve 105 pessoas numa opera\u00e7\u00e3o que apontou uma introdu\u00e7\u00e3o na Europa, no \u00faltimo ano, de 57 toneladas de coca\u00edna oriunda do Brasil e da Col\u00f4mbia, com estruturas que passavam por Portugal; em Portugal, 2025 registou apreens\u00f5es de coca\u00edna dissimulada em lulas e mandioca congeladas, e a Europol apela \u00e0 extens\u00e3o da vigil\u00e2ncia mar\u00edtima para al\u00e9m dos portos comerciais.<\/li>\n<\/ul>\n","protected":false},"author":2,"featured_media":176901,"comment_status":"closed","ping_status":"closed","sticky":false,"template":"","format":"standard","meta":{"footnotes":""},"categories":[1],"tags":[822,3699,2608,4299,1802,96],"class_list":["post-176900","post","type-post","status-publish","format-standard","has-post-thumbnail","hentry","category-noticias","tag-acores","tag-cocaina","tag-europol","tag-forca-aerea","tag-policia-judiciaria","tag-trafico-de-droga"],"yoast_head":"<!-- This site is optimized with the Yoast SEO plugin v27.2 - https:\/\/yoast.com\/product\/yoast-seo-wordpress\/ -->\n<title>Europol alerta para aumento do tr\u00e1fico de coca\u00edna para a Europa - Portal Tela Portugal<\/title>\n<meta name=\"robots\" content=\"index, follow, max-snippet:-1, max-image-preview:large, max-video-preview:-1\" \/>\n<meta property=\"og:locale\" content=\"pt_PT\" \/>\n<meta property=\"og:type\" content=\"article\" \/>\n<meta property=\"og:title\" content=\"Europol alerta para aumento do tr\u00e1fico de coca\u00edna para a Europa - Portal Tela Portugal\" \/>\n<meta property=\"og:description\" content=\"A Europol indica que o tr\u00e1fico de coca\u00edna para a Europa est\u00e1 em n\u00edveis recorde e que as redes criminosas se t\u00eam adaptado, fragmentando rotas e recorrendo a m\u00e9todos cada vez mais complexos. Os antigos grandes portos de entrada, como Hamburgo, Roterd\u00e3o e Antu\u00e9rpia, s\u00e3o usados menos, com as redes a apostar em semissubmers\u00edveis e embarca\u00e7\u00f5es n\u00e3o comerciais para o transporte transatl\u00e2ntico. No \u00faltimo fim de semana, quase nove toneladas de coca\u00edna foram interceptadas ao largo dos A\u00e7ores, transportadas num semissubmers\u00edvel, numa das maiores apreens\u00f5es j\u00e1 feitas em Portugal. Tamb\u00e9m se tem usado o envio por grandes navios, seguido de transfer\u00eancia no mar para embarca\u00e7\u00f5es menores ou por meio de \u201cdrop-off\u201d, para libertar fardos que depois s\u00e3o recolhidos por narcolanchas. A pol\u00edcia espanhola deteve 105 pessoas numa opera\u00e7\u00e3o que apontou uma introdu\u00e7\u00e3o na Europa, no \u00faltimo ano, de 57 toneladas de coca\u00edna oriunda do Brasil e da Col\u00f4mbia, com estruturas que passavam por Portugal; em Portugal, 2025 registou apreens\u00f5es de coca\u00edna dissimulada em lulas e mandioca congeladas, e a Europol apela \u00e0 extens\u00e3o da vigil\u00e2ncia mar\u00edtima para al\u00e9m dos portos comerciais.\" \/>\n<meta property=\"og:url\" content=\"https:\/\/portaltela.pt\/noticias\/2026\/01\/27\/europol-alerta-para-aumento-do-trafico-de-cocaina-para-a-europa\/\" \/>\n<meta property=\"og:site_name\" content=\"Portal Tela Portugal\" \/>\n<meta property=\"article:published_time\" content=\"2026-01-27T17:39:00+00:00\" \/>\n<meta name=\"author\" content=\"Telinha\" \/>\n<meta name=\"twitter:card\" content=\"summary_large_image\" \/>\n<meta name=\"twitter:label1\" content=\"Escrito por\" \/>\n\t<meta name=\"twitter:data1\" content=\"Telinha\" \/>\n\t<meta name=\"twitter:label2\" content=\"Tempo estimado de leitura\" \/>\n\t<meta name=\"twitter:data2\" content=\"1 minuto\" \/>\n<script type=\"application\/ld+json\" class=\"yoast-schema-graph\">{\"@context\":\"https:\/\/schema.org\",\"@graph\":[{\"@type\":\"Article\",\"@id\":\"https:\/\/portaltela.pt\/noticias\/2026\/01\/27\/europol-alerta-para-aumento-do-trafico-de-cocaina-para-a-europa\/#article\",\"isPartOf\":{\"@id\":\"https:\/\/portaltela.pt\/noticias\/2026\/01\/27\/europol-alerta-para-aumento-do-trafico-de-cocaina-para-a-europa\/\"},\"author\":{\"name\":\"Telinha\",\"@id\":\"https:\/\/portaltela.pt\/#\/schema\/person\/c4278d4a6028830caff9ee44b42d32ed\"},\"headline\":\"Europol alerta para aumento do tr\u00e1fico de coca\u00edna para a Europa\",\"datePublished\":\"2026-01-27T17:39:00+00:00\",\"mainEntityOfPage\":{\"@id\":\"https:\/\/portaltela.pt\/noticias\/2026\/01\/27\/europol-alerta-para-aumento-do-trafico-de-cocaina-para-a-europa\/\"},\"wordCount\":279,\"image\":{\"@id\":\"https:\/\/portaltela.pt\/noticias\/2026\/01\/27\/europol-alerta-para-aumento-do-trafico-de-cocaina-para-a-europa\/#primaryimage\"},\"thumbnailUrl\":\"https:\/\/portaltela.pt\/s.01k8rhncp4jt1\/2026\/01\/seguro_outline_cor-193.jpg\",\"keywords\":[\"A\u00e7ores\",\"coca\u00edna\",\"Europol\",\"For\u00e7a A\u00e9rea\",\"Pol\u00edcia Judici\u00e1ria\",\"tr\u00e1fico de droga\"],\"articleSection\":[\"Not\u00edcias\"],\"inLanguage\":\"pt-PT\"},{\"@type\":\"WebPage\",\"@id\":\"https:\/\/portaltela.pt\/noticias\/2026\/01\/27\/europol-alerta-para-aumento-do-trafico-de-cocaina-para-a-europa\/\",\"url\":\"https:\/\/portaltela.pt\/noticias\/2026\/01\/27\/europol-alerta-para-aumento-do-trafico-de-cocaina-para-a-europa\/\",\"name\":\"Europol alerta para aumento do tr\u00e1fico de coca\u00edna para a Europa - Portal Tela Portugal\",\"isPartOf\":{\"@id\":\"https:\/\/portaltela.pt\/#website\"},\"primaryImageOfPage\":{\"@id\":\"https:\/\/portaltela.pt\/noticias\/2026\/01\/27\/europol-alerta-para-aumento-do-trafico-de-cocaina-para-a-europa\/#primaryimage\"},\"image\":{\"@id\":\"https:\/\/portaltela.pt\/noticias\/2026\/01\/27\/europol-alerta-para-aumento-do-trafico-de-cocaina-para-a-europa\/#primaryimage\"},\"thumbnailUrl\":\"https:\/\/portaltela.pt\/s.01k8rhncp4jt1\/2026\/01\/seguro_outline_cor-193.jpg\",\"datePublished\":\"2026-01-27T17:39:00+00:00\",\"author\":{\"@id\":\"https:\/\/portaltela.pt\/#\/schema\/person\/c4278d4a6028830caff9ee44b42d32ed\"},\"breadcrumb\":{\"@id\":\"https:\/\/portaltela.pt\/noticias\/2026\/01\/27\/europol-alerta-para-aumento-do-trafico-de-cocaina-para-a-europa\/#breadcrumb\"},\"inLanguage\":\"pt-PT\",\"potentialAction\":[{\"@type\":\"ReadAction\",\"target\":[\"https:\/\/portaltela.pt\/noticias\/2026\/01\/27\/europol-alerta-para-aumento-do-trafico-de-cocaina-para-a-europa\/\"]}]},{\"@type\":\"ImageObject\",\"inLanguage\":\"pt-PT\",\"@id\":\"https:\/\/portaltela.pt\/noticias\/2026\/01\/27\/europol-alerta-para-aumento-do-trafico-de-cocaina-para-a-europa\/#primaryimage\",\"url\":\"https:\/\/portaltela.pt\/s.01k8rhncp4jt1\/2026\/01\/seguro_outline_cor-193.jpg\",\"contentUrl\":\"https:\/\/portaltela.pt\/s.01k8rhncp4jt1\/2026\/01\/seguro_outline_cor-193.jpg\",\"width\":796,\"height\":448,\"caption\":\"Photo\"},{\"@type\":\"BreadcrumbList\",\"@id\":\"https:\/\/portaltela.pt\/noticias\/2026\/01\/27\/europol-alerta-para-aumento-do-trafico-de-cocaina-para-a-europa\/#breadcrumb\",\"itemListElement\":[{\"@type\":\"ListItem\",\"position\":1,\"name\":\"In\u00edcio\",\"item\":\"https:\/\/portaltela.pt\/\"},{\"@type\":\"ListItem\",\"position\":2,\"name\":\"Europol alerta para aumento do tr\u00e1fico de coca\u00edna para a Europa\"}]},{\"@type\":\"WebSite\",\"@id\":\"https:\/\/portaltela.pt\/#website\",\"url\":\"https:\/\/portaltela.pt\/\",\"name\":\"Portal Tela Portugal\",\"description\":\"\",\"potentialAction\":[{\"@type\":\"SearchAction\",\"target\":{\"@type\":\"EntryPoint\",\"urlTemplate\":\"https:\/\/portaltela.pt\/?s={search_term_string}\"},\"query-input\":{\"@type\":\"PropertyValueSpecification\",\"valueRequired\":true,\"valueName\":\"search_term_string\"}}],\"inLanguage\":\"pt-PT\"},{\"@type\":\"Person\",\"@id\":\"https:\/\/portaltela.pt\/#\/schema\/person\/c4278d4a6028830caff9ee44b42d32ed\",\"name\":\"Telinha\",\"image\":{\"@type\":\"ImageObject\",\"inLanguage\":\"pt-PT\",\"@id\":\"https:\/\/portaltela.pt\/s.01k8rhncp4jt1\/2025\/11\/talking-bot-125x125.png\",\"url\":\"https:\/\/portaltela.pt\/s.01k8rhncp4jt1\/2025\/11\/talking-bot-125x125.png\",\"contentUrl\":\"https:\/\/portaltela.pt\/s.01k8rhncp4jt1\/2025\/11\/talking-bot-125x125.png\",\"caption\":\"Telinha\"},\"sameAs\":[\"https:\/\/portaltela.pt\/\"],\"url\":\"https:\/\/portaltela.pt\/por\/367410592786\/\"}]}<\/script>\n<!-- \/ Yoast SEO plugin. -->","yoast_head_json":{"title":"Europol alerta para aumento do tr\u00e1fico de coca\u00edna para a Europa - Portal Tela Portugal","robots":{"index":"index","follow":"follow","max-snippet":"max-snippet:-1","max-image-preview":"max-image-preview:large","max-video-preview":"max-video-preview:-1"},"og_locale":"pt_PT","og_type":"article","og_title":"Europol alerta para aumento do tr\u00e1fico de coca\u00edna para a Europa - Portal Tela Portugal","og_description":"A Europol indica que o tr\u00e1fico de coca\u00edna para a Europa est\u00e1 em n\u00edveis recorde e que as redes criminosas se t\u00eam adaptado, fragmentando rotas e recorrendo a m\u00e9todos cada vez mais complexos. Os antigos grandes portos de entrada, como Hamburgo, Roterd\u00e3o e Antu\u00e9rpia, s\u00e3o usados menos, com as redes a apostar em semissubmers\u00edveis e embarca\u00e7\u00f5es n\u00e3o comerciais para o transporte transatl\u00e2ntico. No \u00faltimo fim de semana, quase nove toneladas de coca\u00edna foram interceptadas ao largo dos A\u00e7ores, transportadas num semissubmers\u00edvel, numa das maiores apreens\u00f5es j\u00e1 feitas em Portugal. Tamb\u00e9m se tem usado o envio por grandes navios, seguido de transfer\u00eancia no mar para embarca\u00e7\u00f5es menores ou por meio de \u201cdrop-off\u201d, para libertar fardos que depois s\u00e3o recolhidos por narcolanchas. A pol\u00edcia espanhola deteve 105 pessoas numa opera\u00e7\u00e3o que apontou uma introdu\u00e7\u00e3o na Europa, no \u00faltimo ano, de 57 toneladas de coca\u00edna oriunda do Brasil e da Col\u00f4mbia, com estruturas que passavam por Portugal; em Portugal, 2025 registou apreens\u00f5es de coca\u00edna dissimulada em lulas e mandioca congeladas, e a Europol apela \u00e0 extens\u00e3o da vigil\u00e2ncia mar\u00edtima para al\u00e9m dos portos comerciais.","og_url":"https:\/\/portaltela.pt\/noticias\/2026\/01\/27\/europol-alerta-para-aumento-do-trafico-de-cocaina-para-a-europa\/","og_site_name":"Portal Tela Portugal","article_published_time":"2026-01-27T17:39:00+00:00","author":"Telinha","twitter_card":"summary_large_image","twitter_misc":{"Escrito por":"Telinha","Tempo estimado de leitura":"1 minuto"},"schema":{"@context":"https:\/\/schema.org","@graph":[{"@type":"Article","@id":"https:\/\/portaltela.pt\/noticias\/2026\/01\/27\/europol-alerta-para-aumento-do-trafico-de-cocaina-para-a-europa\/#article","isPartOf":{"@id":"https:\/\/portaltela.pt\/noticias\/2026\/01\/27\/europol-alerta-para-aumento-do-trafico-de-cocaina-para-a-europa\/"},"author":{"name":"Telinha","@id":"https:\/\/portaltela.pt\/#\/schema\/person\/c4278d4a6028830caff9ee44b42d32ed"},"headline":"Europol alerta para aumento do tr\u00e1fico de coca\u00edna para a Europa","datePublished":"2026-01-27T17:39:00+00:00","mainEntityOfPage":{"@id":"https:\/\/portaltela.pt\/noticias\/2026\/01\/27\/europol-alerta-para-aumento-do-trafico-de-cocaina-para-a-europa\/"},"wordCount":279,"image":{"@id":"https:\/\/portaltela.pt\/noticias\/2026\/01\/27\/europol-alerta-para-aumento-do-trafico-de-cocaina-para-a-europa\/#primaryimage"},"thumbnailUrl":"https:\/\/portaltela.pt\/s.01k8rhncp4jt1\/2026\/01\/seguro_outline_cor-193.jpg","keywords":["A\u00e7ores","coca\u00edna","Europol","For\u00e7a A\u00e9rea","Pol\u00edcia Judici\u00e1ria","tr\u00e1fico de droga"],"articleSection":["Not\u00edcias"],"inLanguage":"pt-PT"},{"@type":"WebPage","@id":"https:\/\/portaltela.pt\/noticias\/2026\/01\/27\/europol-alerta-para-aumento-do-trafico-de-cocaina-para-a-europa\/","url":"https:\/\/portaltela.pt\/noticias\/2026\/01\/27\/europol-alerta-para-aumento-do-trafico-de-cocaina-para-a-europa\/","name":"Europol alerta para aumento do tr\u00e1fico de coca\u00edna para a Europa - Portal Tela Portugal","isPartOf":{"@id":"https:\/\/portaltela.pt\/#website"},"primaryImageOfPage":{"@id":"https:\/\/portaltela.pt\/noticias\/2026\/01\/27\/europol-alerta-para-aumento-do-trafico-de-cocaina-para-a-europa\/#primaryimage"},"image":{"@id":"https:\/\/portaltela.pt\/noticias\/2026\/01\/27\/europol-alerta-para-aumento-do-trafico-de-cocaina-para-a-europa\/#primaryimage"},"thumbnailUrl":"https:\/\/portaltela.pt\/s.01k8rhncp4jt1\/2026\/01\/seguro_outline_cor-193.jpg","datePublished":"2026-01-27T17:39:00+00:00","author":{"@id":"https:\/\/portaltela.pt\/#\/schema\/person\/c4278d4a6028830caff9ee44b42d32ed"},"breadcrumb":{"@id":"https:\/\/portaltela.pt\/noticias\/2026\/01\/27\/europol-alerta-para-aumento-do-trafico-de-cocaina-para-a-europa\/#breadcrumb"},"inLanguage":"pt-PT","potentialAction":[{"@type":"ReadAction","target":["https:\/\/portaltela.pt\/noticias\/2026\/01\/27\/europol-alerta-para-aumento-do-trafico-de-cocaina-para-a-europa\/"]}]},{"@type":"ImageObject","inLanguage":"pt-PT","@id":"https:\/\/portaltela.pt\/noticias\/2026\/01\/27\/europol-alerta-para-aumento-do-trafico-de-cocaina-para-a-europa\/#primaryimage","url":"https:\/\/portaltela.pt\/s.01k8rhncp4jt1\/2026\/01\/seguro_outline_cor-193.jpg","contentUrl":"https:\/\/portaltela.pt\/s.01k8rhncp4jt1\/2026\/01\/seguro_outline_cor-193.jpg","width":796,"height":448,"caption":"Photo"},{"@type":"BreadcrumbList","@id":"https:\/\/portaltela.pt\/noticias\/2026\/01\/27\/europol-alerta-para-aumento-do-trafico-de-cocaina-para-a-europa\/#breadcrumb","itemListElement":[{"@type":"ListItem","position":1,"name":"In\u00edcio","item":"https:\/\/portaltela.pt\/"},{"@type":"ListItem","position":2,"name":"Europol alerta para aumento do tr\u00e1fico de coca\u00edna para a Europa"}]},{"@type":"WebSite","@id":"https:\/\/portaltela.pt\/#website","url":"https:\/\/portaltela.pt\/","name":"Portal Tela Portugal","description":"","potentialAction":[{"@type":"SearchAction","target":{"@type":"EntryPoint","urlTemplate":"https:\/\/portaltela.pt\/?s={search_term_string}"},"query-input":{"@type":"PropertyValueSpecification","valueRequired":true,"valueName":"search_term_string"}}],"inLanguage":"pt-PT"},{"@type":"Person","@id":"https:\/\/portaltela.pt\/#\/schema\/person\/c4278d4a6028830caff9ee44b42d32ed","name":"Telinha","image":{"@type":"ImageObject","inLanguage":"pt-PT","@id":"https:\/\/portaltela.pt\/s.01k8rhncp4jt1\/2025\/11\/talking-bot-125x125.png","url":"https:\/\/portaltela.pt\/s.01k8rhncp4jt1\/2025\/11\/talking-bot-125x125.png","contentUrl":"https:\/\/portaltela.pt\/s.01k8rhncp4jt1\/2025\/11\/talking-bot-125x125.png","caption":"Telinha"},"sameAs":["https:\/\/portaltela.pt\/"],"url":"https:\/\/portaltela.pt\/por\/367410592786\/"}]}},"_links":{"self":[{"href":"https:\/\/portaltela.pt\/api\/wp\/v2\/posts\/176900","targetHints":{"allow":["GET"]}}],"collection":[{"href":"https:\/\/portaltela.pt\/api\/wp\/v2\/posts"}],"about":[{"href":"https:\/\/portaltela.pt\/api\/wp\/v2\/types\/post"}],"author":[{"embeddable":true,"href":"https:\/\/portaltela.pt\/api\/wp\/v2\/users\/2"}],"replies":[{"embeddable":true,"href":"https:\/\/portaltela.pt\/api\/wp\/v2\/comments?post=176900"}],"version-history":[{"count":0,"href":"https:\/\/portaltela.pt\/api\/wp\/v2\/posts\/176900\/revisions"}],"wp:featuredmedia":[{"embeddable":true,"href":"https:\/\/portaltela.pt\/api\/wp\/v2\/media\/176901"}],"wp:attachment":[{"href":"https:\/\/portaltela.pt\/api\/wp\/v2\/media?parent=176900"}],"wp:term":[{"taxonomy":"category","embeddable":true,"href":"https:\/\/portaltela.pt\/api\/wp\/v2\/categories?post=176900"},{"taxonomy":"post_tag","embeddable":true,"href":"https:\/\/portaltela.pt\/api\/wp\/v2\/tags?post=176900"}],"curies":[{"name":"wp","href":"https:\/\/api.w.org\/{rel}","templated":true}]}}